{"id":22710,"date":"2016-06-29T10:42:45","date_gmt":"2016-06-29T09:42:45","guid":{"rendered":"http:\/\/blog.cofb.cat\/?p=22710"},"modified":"2016-06-29T10:42:45","modified_gmt":"2016-06-29T09:42:45","slug":"que-es-vol-aportar-a-la-farmacia-en-els-propers-4-anys-entrevista-a-jordi-de-dalmases-president-del-cofb","status":"publish","type":"post","link":"https:\/\/www.cofb.org\/ca\/2016\/06\/29\/que-es-vol-aportar-a-la-farmacia-en-els-propers-4-anys-entrevista-a-jordi-de-dalmases-president-del-cofb\/","title":{"rendered":"Qu\u00e8 es vol aportar a la farm\u00e0cia en els propers 4 anys? Entrevista a Jordi de Dalmases, president del COFB"},"content":{"rendered":"<p><iframe src=\"https:\/\/player.vimeo.com\/video\/171778417\" height=\"360\" width=\"640\" allowfullscreen=\"\" frameborder=\"0\"><\/iframe><\/p>\n<p><strong>&#8220;Si passem de ser fabricants del medicament a gestors del coneixement perqu\u00e8, aquest medicament, tingui tamb\u00e9 uns millors efectes en la salut dels pacients, haurem trobat la missi\u00f3 de la professi\u00f3&#8221;.<\/strong> Aix\u00ed defineix <strong>Jordi de Dalmases, <\/strong>president del Col\u00b7legi de Farmac\u00e8utics de Barcelona, al <strong>v\u00eddeo de l\u2019inici<\/strong>, <strong>com est\u00e0 evolucionat la professi\u00f3 en els darrers anys.\u00a0<\/strong><\/p>\n<p>Al llarg de l&#8217;entrevista, De Dalmases, que va ser reelegit president de la instituci\u00f3 el passat 26 d&#8217;abril, fa un rep\u00e0s del que voldria<strong> aportar a la farm\u00e0cia en els propers quatre anys<\/strong>. Com es podria <strong>avan\u00e7ar m\u00e9s r\u00e0pid en la prevenci\u00f3 de la malaltia<\/strong> per millorar la salut de les persones i<strong> cap a on creixer\u00e0 la cartera de serveis professionals<\/strong> que s\u2019ofereixen al pacient s\u00f3n dues \u00a0preguntes a les quals tamb\u00e9 d\u00f3na resposta. &#8220;La prevenci\u00f3 de la malaltia, juntament amb el tractament de la cronicitat, s\u00f3n els objectius que t\u00e9 un sistema sanitari adult. I aqu\u00ed els farmac\u00e8utics, com a professionals sanitaris, tenim molts avantatges: per situaci\u00f3, formaci\u00f3, proximitat amb el ciutad\u00e0 i confian\u00e7a que t\u00e9 amb nosaltres&#8221;, concreta.<\/p>\n<p>Per dur a terme els diferents reptes que planteja en el marc del Col\u00b7legi compta amb un <strong>equip , la Junta de Govern, que, amb 7 noves incorporacions, &#8220;busca donar continu\u00eftat a una manera de veure la professi\u00f3&#8221;.<\/strong><\/p>\n<p>Les respostes a aquestes i altres q\u00fcestions les podreu trobar tamb\u00e9 a <strong><a href=\"https:\/\/vimeo.com\/171778417\" target=\"_blank\" rel=\"noopener\">aquest enlla\u00e7<\/a>.\u00a0<\/strong><\/p>\n<div class=\"box shadow\"><strong>Jordi de Dalmases<\/strong> ha estat president de la instituci\u00f3 en els darrers vuit anys. Durant aquest temps tamb\u00e9 ha estat president del <strong>Consell de Col\u00b7legis Farmac\u00e8utics de Catalunya<\/strong> (des del 2008) i vicepresident del <strong>Consejo General de Colegios Farmac\u00e9uticos<\/strong> (des del 2009), \u00f2rgan que representa a tots els col\u00b7legis de farmac\u00e8utics de l\u2019Estat. Pr\u00e8viament va ser vicepresident del <strong>COFB<\/strong> (2004-2008); president de la <strong>Federaci\u00f3n Nacional de Asociaciones de Mayoristas y Distribuidores de Especialidades Farmac\u00e9uticas (Fedifar)<\/strong> (1999-2003); i president de <strong>Federaci\u00f3 Farmac\u00e8utica<\/strong> (1996-2004)<\/div>\n<p><strong>Potser tamb\u00e9 t&#8217;interessa:<br \/>\n<\/strong><a href=\"http:\/\/blog.cofb.cat\/quins-son-els-objectius-de-la-nova-junta-de-govern-del-cof-de-barcelona\/\" target=\"_blank\" rel=\"noopener\"><br \/>\nQuins s\u00f3n els objectius de la nova Junta de Govern del COF de Barcelona?<\/a> (Blog)<\/p>\n","protected":false},"excerpt":{"rendered":"<p>&#8220;Si passem de ser fabricants del medicament a gestors del coneixement perqu\u00e8, aquest medicament, tingui tamb\u00e9 uns millors efectes en la salut dels pacients, haurem trobat la missi\u00f3 de la professi\u00f3&#8221;. Aix\u00ed defineix Jordi de Dalmases, president del Col\u00b7legi de Farmac\u00e8utics de Barcelona, al v\u00eddeo de l\u2019inici, com est\u00e0 evolucionat [&hellip;]<\/p>\n","protected":false},"author":1,"featured_media":22864,"comment_status":"open","ping_status":"open","sticky":false,"template":"","format":"standard","meta":{"_uag_custom_page_level_css":"","site-sidebar-layout":"default","site-content-layout":"","ast-site-content-layout":"default","site-content-style":"default","site-sidebar-style":"default","ast-global-header-display":"","ast-banner-title-visibility":"","ast-main-header-display":"","ast-hfb-above-header-display":"","ast-hfb-below-header-display":"","ast-hfb-mobile-header-display":"","site-post-title":"","ast-breadcrumbs-content":"","ast-featured-img":"disabled","footer-sml-layout":"","theme-transparent-header-meta":"","adv-header-id-meta":"","stick-header-meta":"","header-above-stick-meta":"","header-main-stick-meta":"","header-below-stick-meta":"","astra-migrate-meta-layouts":"default","ast-page-background-enabled":"default","ast-page-background-meta":{"desktop":{"background-color":"var(--ast-global-color-4)","background-image":"","background-repeat":"repeat","background-position":"center center","background-size":"auto","background-attachment":"scroll","background-type":"","background-media":"","overlay-type":"","overlay-color":"","overlay-opacity":"","overlay-gradient":""},"tablet":{"background-color":"","background-image":"","background-repeat":"repeat","background-position":"center center","background-size":"auto","background-attachment":"scroll","background-type":"","background-media":"","overlay-type":"","overlay-color":"","overlay-opacity":"","overlay-gradient":""},"mobile":{"background-color":"","background-image":"","background-repeat":"repeat","background-position":"center center","background-size":"auto","background-attachment":"scroll","background-type":"","background-media":"","overlay-type":"","overlay-color":"","overlay-opacity":"","overlay-gradient":""}},"ast-content-background-meta":{"desktop":{"background-color":"var(--ast-global-color-5)","background-image":"","background-repeat":"repeat","background-position":"center center","background-size":"auto","background-attachment":"scroll","background-type":"","background-media":"","overlay-type":"","overlay-color":"","overlay-opacity":"","overlay-gradient":""},"tablet":{"background-color":"var(--ast-global-color-5)","background-image":"","background-repeat":"repeat","background-position":"center center","background-size":"auto","background-attachment":"scroll","background-type":"","background-media":"","overlay-type":"","overlay-color":"","overlay-opacity":"","overlay-gradient":""},"mobile":{"background-color":"var(--ast-global-color-5)","background-image":"","background-repeat":"repeat","background-position":"center center","background-size":"auto","background-attachment":"scroll","background-type":"","background-media":"","overlay-type":"","overlay-color":"","overlay-opacity":"","overlay-gradient":""}},"footnotes":""},"categories":[23,57],"tags":[18,19,2122,2134,2123],"class_list":["post-22710","post","type-post","status-publish","format-standard","has-post-thumbnail","hentry","category-destacats","category-mon-collegial","tag-cofb","tag-collegi-de-farmaceutics-de-barcelona","tag-eleccions","tag-entrevista","tag-jordi-de-dalmases"],"yoast_head":"<!-- This site is optimized with the Yoast SEO plugin v22.4 - https:\/\/yoast.com\/wordpress\/plugins\/seo\/ -->\n<title>Qu\u00e8 es vol aportar a la farm\u00e0cia en els propers 4 anys? Entrevista a Jordi de Dalmases, president del COFB - Col\u00b7legi de Farmac\u00e8utics de Barcelona<\/title>\n<meta name=\"robots\" content=\"index, follow, max-snippet:-1, max-image-preview:large, max-video-preview:-1\" \/>\n<link rel=\"canonical\" href=\"https:\/\/novaorg.cofb.net\/2016\/06\/29\/que-es-vol-aportar-a-la-farmacia-en-els-propers-4-anys-entrevista-a-jordi-de-dalmases-president-del-cofb\/\" \/>\n<meta property=\"og:locale\" content=\"ca_ES\" \/>\n<meta property=\"og:type\" content=\"article\" \/>\n<meta property=\"og:title\" content=\"Qu\u00e8 es vol aportar a la farm\u00e0cia en els propers 4 anys? Entrevista a Jordi de Dalmases, president del COFB - Col\u00b7legi de Farmac\u00e8utics de Barcelona\" \/>\n<meta property=\"og:description\" content=\"&#8220;Si passem de ser fabricants del medicament a gestors del coneixement perqu\u00e8, aquest medicament, tingui tamb\u00e9 uns millors efectes en la salut dels pacients, haurem trobat la missi\u00f3 de la professi\u00f3&#8221;. Aix\u00ed defineix Jordi de Dalmases, president del Col\u00b7legi de Farmac\u00e8utics de Barcelona, al v\u00eddeo de l\u2019inici, com est\u00e0 evolucionat [&hellip;]\" \/>\n<meta property=\"og:url\" content=\"https:\/\/novaorg.cofb.net\/2016\/06\/29\/que-es-vol-aportar-a-la-farmacia-en-els-propers-4-anys-entrevista-a-jordi-de-dalmases-president-del-cofb\/\" \/>\n<meta property=\"og:site_name\" content=\"Col\u00b7legi de Farmac\u00e8utics de Barcelona\" \/>\n<meta property=\"article:publisher\" content=\"https:\/\/www.facebook.com\/farmaceuticsbcn\/\" \/>\n<meta property=\"article:published_time\" content=\"2016-06-29T09:42:45+00:00\" \/>\n<meta name=\"author\" content=\"wpAdminCofbOrg\" \/>\n<meta name=\"twitter:card\" content=\"summary_large_image\" \/>\n<meta name=\"twitter:creator\" content=\"@farmaceuticsbcn\" \/>\n<meta name=\"twitter:site\" content=\"@farmaceuticsbcn\" \/>\n<meta name=\"twitter:label1\" content=\"Escrit per\" \/>\n\t<meta name=\"twitter:data1\" content=\"wpAdminCofbOrg\" \/>\n\t<meta name=\"twitter:label2\" content=\"Temps estimat de lectura\" \/>\n\t<meta name=\"twitter:data2\" content=\"2 minuts\" \/>\n<script type=\"application\/ld+json\" class=\"yoast-schema-graph\">{\"@context\":\"https:\/\/schema.org\",\"@graph\":[{\"@type\":\"Article\",\"@id\":\"https:\/\/novaorg.cofb.net\/2016\/06\/29\/que-es-vol-aportar-a-la-farmacia-en-els-propers-4-anys-entrevista-a-jordi-de-dalmases-president-del-cofb\/#article\",\"isPartOf\":{\"@id\":\"https:\/\/novaorg.cofb.net\/2016\/06\/29\/que-es-vol-aportar-a-la-farmacia-en-els-propers-4-anys-entrevista-a-jordi-de-dalmases-president-del-cofb\/\"},\"author\":{\"name\":\"wpAdminCofbOrg\",\"@id\":\"https:\/\/www.cofb.org\/#\/schema\/person\/22ed7eea88da74b0fa4d3154ad87ffcb\"},\"headline\":\"Qu\u00e8 es vol aportar a la farm\u00e0cia en els propers 4 anys? Entrevista a Jordi de Dalmases, president del COFB\",\"datePublished\":\"2016-06-29T09:42:45+00:00\",\"dateModified\":\"2016-06-29T09:42:45+00:00\",\"mainEntityOfPage\":{\"@id\":\"https:\/\/novaorg.cofb.net\/2016\/06\/29\/que-es-vol-aportar-a-la-farmacia-en-els-propers-4-anys-entrevista-a-jordi-de-dalmases-president-del-cofb\/\"},\"wordCount\":380,\"commentCount\":0,\"publisher\":{\"@id\":\"https:\/\/www.cofb.org\/#organization\"},\"image\":{\"@id\":\"https:\/\/novaorg.cofb.net\/2016\/06\/29\/que-es-vol-aportar-a-la-farmacia-en-els-propers-4-anys-entrevista-a-jordi-de-dalmases-president-del-cofb\/#primaryimage\"},\"thumbnailUrl\":\"\",\"keywords\":[\"COFB\",\"Col\u00b7legi de Farmac\u00e8utics de Barcelona\",\"eleccions\",\"entrevista\",\"Jordi de Dalmases\"],\"articleSection\":[\"Destacats\",\"M\u00f3n col\u00b7legial\"],\"inLanguage\":\"ca\",\"potentialAction\":[{\"@type\":\"CommentAction\",\"name\":\"Comment\",\"target\":[\"https:\/\/novaorg.cofb.net\/2016\/06\/29\/que-es-vol-aportar-a-la-farmacia-en-els-propers-4-anys-entrevista-a-jordi-de-dalmases-president-del-cofb\/#respond\"]}]},{\"@type\":\"WebPage\",\"@id\":\"https:\/\/novaorg.cofb.net\/2016\/06\/29\/que-es-vol-aportar-a-la-farmacia-en-els-propers-4-anys-entrevista-a-jordi-de-dalmases-president-del-cofb\/\",\"url\":\"https:\/\/novaorg.cofb.net\/2016\/06\/29\/que-es-vol-aportar-a-la-farmacia-en-els-propers-4-anys-entrevista-a-jordi-de-dalmases-president-del-cofb\/\",\"name\":\"Qu\u00e8 es vol aportar a la farm\u00e0cia en els propers 4 anys? Entrevista a Jordi de Dalmases, president del COFB - Col\u00b7legi de Farmac\u00e8utics de Barcelona\",\"isPartOf\":{\"@id\":\"https:\/\/www.cofb.org\/#website\"},\"primaryImageOfPage\":{\"@id\":\"https:\/\/novaorg.cofb.net\/2016\/06\/29\/que-es-vol-aportar-a-la-farmacia-en-els-propers-4-anys-entrevista-a-jordi-de-dalmases-president-del-cofb\/#primaryimage\"},\"image\":{\"@id\":\"https:\/\/novaorg.cofb.net\/2016\/06\/29\/que-es-vol-aportar-a-la-farmacia-en-els-propers-4-anys-entrevista-a-jordi-de-dalmases-president-del-cofb\/#primaryimage\"},\"thumbnailUrl\":\"\",\"datePublished\":\"2016-06-29T09:42:45+00:00\",\"dateModified\":\"2016-06-29T09:42:45+00:00\",\"breadcrumb\":{\"@id\":\"https:\/\/novaorg.cofb.net\/2016\/06\/29\/que-es-vol-aportar-a-la-farmacia-en-els-propers-4-anys-entrevista-a-jordi-de-dalmases-president-del-cofb\/#breadcrumb\"},\"inLanguage\":\"ca\",\"potentialAction\":[{\"@type\":\"ReadAction\",\"target\":[\"https:\/\/novaorg.cofb.net\/2016\/06\/29\/que-es-vol-aportar-a-la-farmacia-en-els-propers-4-anys-entrevista-a-jordi-de-dalmases-president-del-cofb\/\"]}]},{\"@type\":\"ImageObject\",\"inLanguage\":\"ca\",\"@id\":\"https:\/\/novaorg.cofb.net\/2016\/06\/29\/que-es-vol-aportar-a-la-farmacia-en-els-propers-4-anys-entrevista-a-jordi-de-dalmases-president-del-cofb\/#primaryimage\",\"url\":\"\",\"contentUrl\":\"\"},{\"@type\":\"BreadcrumbList\",\"@id\":\"https:\/\/novaorg.cofb.net\/2016\/06\/29\/que-es-vol-aportar-a-la-farmacia-en-els-propers-4-anys-entrevista-a-jordi-de-dalmases-president-del-cofb\/#breadcrumb\",\"itemListElement\":[{\"@type\":\"ListItem\",\"position\":1,\"name\":\"Inici\",\"item\":\"https:\/\/novaorg.cofb.net\/\"},{\"@type\":\"ListItem\",\"position\":2,\"name\":\"Qu\u00e8 es vol aportar a la farm\u00e0cia en els propers 4 anys? Entrevista a Jordi de Dalmases, president del COFB\"}]},{\"@type\":\"WebSite\",\"@id\":\"https:\/\/www.cofb.org\/#website\",\"url\":\"https:\/\/www.cofb.org\/\",\"name\":\"Col\u00b7legi de Farmac\u00e8utics de Barcelona\",\"description\":\"\",\"publisher\":{\"@id\":\"https:\/\/www.cofb.org\/#organization\"},\"potentialAction\":[{\"@type\":\"SearchAction\",\"target\":{\"@type\":\"EntryPoint\",\"urlTemplate\":\"https:\/\/www.cofb.org\/?s={search_term_string}\"},\"query-input\":\"required name=search_term_string\"}],\"inLanguage\":\"ca\"},{\"@type\":\"Organization\",\"@id\":\"https:\/\/www.cofb.org\/#organization\",\"name\":\"Col\u00b7legi de Farmac\u00e8utics de Barcelona\",\"url\":\"https:\/\/www.cofb.org\/\",\"logo\":{\"@type\":\"ImageObject\",\"inLanguage\":\"ca\",\"@id\":\"https:\/\/www.cofb.org\/#\/schema\/logo\/image\/\",\"url\":\"https:\/\/www.cofb.org\/wp-content\/uploads\/2023\/11\/cropped-Logotip-COFB.png\",\"contentUrl\":\"https:\/\/www.cofb.org\/wp-content\/uploads\/2023\/11\/cropped-Logotip-COFB.png\",\"width\":500,\"height\":105,\"caption\":\"Col\u00b7legi de Farmac\u00e8utics de Barcelona\"},\"image\":{\"@id\":\"https:\/\/www.cofb.org\/#\/schema\/logo\/image\/\"},\"sameAs\":[\"https:\/\/www.facebook.com\/farmaceuticsbcn\/\",\"https:\/\/twitter.com\/farmaceuticsbcn\",\"https:\/\/www.instagram.com\/farmaceuticsbcn\/\",\"https:\/\/www.linkedin.com\/company\/farmaceuticsbcn\/\"]},{\"@type\":\"Person\",\"@id\":\"https:\/\/www.cofb.org\/#\/schema\/person\/22ed7eea88da74b0fa4d3154ad87ffcb\",\"name\":\"wpAdminCofbOrg\",\"image\":{\"@type\":\"ImageObject\",\"inLanguage\":\"ca\",\"@id\":\"https:\/\/www.cofb.org\/#\/schema\/person\/image\/\",\"url\":\"https:\/\/secure.gravatar.com\/avatar\/1721b20b3b8ca882c3b56ec6c978c594fff670e40c0718e9190eaeeb76aae7d8?s=96&d=mm&r=g\",\"contentUrl\":\"https:\/\/secure.gravatar.com\/avatar\/1721b20b3b8ca882c3b56ec6c978c594fff670e40c0718e9190eaeeb76aae7d8?s=96&d=mm&r=g\",\"caption\":\"wpAdminCofbOrg\"},\"sameAs\":[\"http:\/\/192.168.64.122\/wordpress\"],\"url\":\"https:\/\/www.cofb.org\/ca\/author\/wpadmincofborg\/\"}]}<\/script>\n<!-- \/ Yoast SEO plugin. -->","yoast_head_json":{"title":"Qu\u00e8 es vol aportar a la farm\u00e0cia en els propers 4 anys? Entrevista a Jordi de Dalmases, president del COFB - Col\u00b7legi de Farmac\u00e8utics de Barcelona","robots":{"index":"index","follow":"follow","max-snippet":"max-snippet:-1","max-image-preview":"max-image-preview:large","max-video-preview":"max-video-preview:-1"},"canonical":"https:\/\/novaorg.cofb.net\/2016\/06\/29\/que-es-vol-aportar-a-la-farmacia-en-els-propers-4-anys-entrevista-a-jordi-de-dalmases-president-del-cofb\/","og_locale":"ca_ES","og_type":"article","og_title":"Qu\u00e8 es vol aportar a la farm\u00e0cia en els propers 4 anys? Entrevista a Jordi de Dalmases, president del COFB - Col\u00b7legi de Farmac\u00e8utics de Barcelona","og_description":"&#8220;Si passem de ser fabricants del medicament a gestors del coneixement perqu\u00e8, aquest medicament, tingui tamb\u00e9 uns millors efectes en la salut dels pacients, haurem trobat la missi\u00f3 de la professi\u00f3&#8221;. Aix\u00ed defineix Jordi de Dalmases, president del Col\u00b7legi de Farmac\u00e8utics de Barcelona, al v\u00eddeo de l\u2019inici, com est\u00e0 evolucionat [&hellip;]","og_url":"https:\/\/novaorg.cofb.net\/2016\/06\/29\/que-es-vol-aportar-a-la-farmacia-en-els-propers-4-anys-entrevista-a-jordi-de-dalmases-president-del-cofb\/","og_site_name":"Col\u00b7legi de Farmac\u00e8utics de Barcelona","article_publisher":"https:\/\/www.facebook.com\/farmaceuticsbcn\/","article_published_time":"2016-06-29T09:42:45+00:00","author":"wpAdminCofbOrg","twitter_card":"summary_large_image","twitter_creator":"@farmaceuticsbcn","twitter_site":"@farmaceuticsbcn","twitter_misc":{"Escrit per":"wpAdminCofbOrg","Temps estimat de lectura":"2 minuts"},"schema":{"@context":"https:\/\/schema.org","@graph":[{"@type":"Article","@id":"https:\/\/novaorg.cofb.net\/2016\/06\/29\/que-es-vol-aportar-a-la-farmacia-en-els-propers-4-anys-entrevista-a-jordi-de-dalmases-president-del-cofb\/#article","isPartOf":{"@id":"https:\/\/novaorg.cofb.net\/2016\/06\/29\/que-es-vol-aportar-a-la-farmacia-en-els-propers-4-anys-entrevista-a-jordi-de-dalmases-president-del-cofb\/"},"author":{"name":"wpAdminCofbOrg","@id":"https:\/\/www.cofb.org\/#\/schema\/person\/22ed7eea88da74b0fa4d3154ad87ffcb"},"headline":"Qu\u00e8 es vol aportar a la farm\u00e0cia en els propers 4 anys? Entrevista a Jordi de Dalmases, president del COFB","datePublished":"2016-06-29T09:42:45+00:00","dateModified":"2016-06-29T09:42:45+00:00","mainEntityOfPage":{"@id":"https:\/\/novaorg.cofb.net\/2016\/06\/29\/que-es-vol-aportar-a-la-farmacia-en-els-propers-4-anys-entrevista-a-jordi-de-dalmases-president-del-cofb\/"},"wordCount":380,"commentCount":0,"publisher":{"@id":"https:\/\/www.cofb.org\/#organization"},"image":{"@id":"https:\/\/novaorg.cofb.net\/2016\/06\/29\/que-es-vol-aportar-a-la-farmacia-en-els-propers-4-anys-entrevista-a-jordi-de-dalmases-president-del-cofb\/#primaryimage"},"thumbnailUrl":"","keywords":["COFB","Col\u00b7legi de Farmac\u00e8utics de Barcelona","eleccions","entrevista","Jordi de Dalmases"],"articleSection":["Destacats","M\u00f3n col\u00b7legial"],"inLanguage":"ca","potentialAction":[{"@type":"CommentAction","name":"Comment","target":["https:\/\/novaorg.cofb.net\/2016\/06\/29\/que-es-vol-aportar-a-la-farmacia-en-els-propers-4-anys-entrevista-a-jordi-de-dalmases-president-del-cofb\/#respond"]}]},{"@type":"WebPage","@id":"https:\/\/novaorg.cofb.net\/2016\/06\/29\/que-es-vol-aportar-a-la-farmacia-en-els-propers-4-anys-entrevista-a-jordi-de-dalmases-president-del-cofb\/","url":"https:\/\/novaorg.cofb.net\/2016\/06\/29\/que-es-vol-aportar-a-la-farmacia-en-els-propers-4-anys-entrevista-a-jordi-de-dalmases-president-del-cofb\/","name":"Qu\u00e8 es vol aportar a la farm\u00e0cia en els propers 4 anys? Entrevista a Jordi de Dalmases, president del COFB - Col\u00b7legi de Farmac\u00e8utics de Barcelona","isPartOf":{"@id":"https:\/\/www.cofb.org\/#website"},"primaryImageOfPage":{"@id":"https:\/\/novaorg.cofb.net\/2016\/06\/29\/que-es-vol-aportar-a-la-farmacia-en-els-propers-4-anys-entrevista-a-jordi-de-dalmases-president-del-cofb\/#primaryimage"},"image":{"@id":"https:\/\/novaorg.cofb.net\/2016\/06\/29\/que-es-vol-aportar-a-la-farmacia-en-els-propers-4-anys-entrevista-a-jordi-de-dalmases-president-del-cofb\/#primaryimage"},"thumbnailUrl":"","datePublished":"2016-06-29T09:42:45+00:00","dateModified":"2016-06-29T09:42:45+00:00","breadcrumb":{"@id":"https:\/\/novaorg.cofb.net\/2016\/06\/29\/que-es-vol-aportar-a-la-farmacia-en-els-propers-4-anys-entrevista-a-jordi-de-dalmases-president-del-cofb\/#breadcrumb"},"inLanguage":"ca","potentialAction":[{"@type":"ReadAction","target":["https:\/\/novaorg.cofb.net\/2016\/06\/29\/que-es-vol-aportar-a-la-farmacia-en-els-propers-4-anys-entrevista-a-jordi-de-dalmases-president-del-cofb\/"]}]},{"@type":"ImageObject","inLanguage":"ca","@id":"https:\/\/novaorg.cofb.net\/2016\/06\/29\/que-es-vol-aportar-a-la-farmacia-en-els-propers-4-anys-entrevista-a-jordi-de-dalmases-president-del-cofb\/#primaryimage","url":"","contentUrl":""},{"@type":"BreadcrumbList","@id":"https:\/\/novaorg.cofb.net\/2016\/06\/29\/que-es-vol-aportar-a-la-farmacia-en-els-propers-4-anys-entrevista-a-jordi-de-dalmases-president-del-cofb\/#breadcrumb","itemListElement":[{"@type":"ListItem","position":1,"name":"Inici","item":"https:\/\/novaorg.cofb.net\/"},{"@type":"ListItem","position":2,"name":"Qu\u00e8 es vol aportar a la farm\u00e0cia en els propers 4 anys? Entrevista a Jordi de Dalmases, president del COFB"}]},{"@type":"WebSite","@id":"https:\/\/www.cofb.org\/#website","url":"https:\/\/www.cofb.org\/","name":"Col\u00b7legi de Farmac\u00e8utics de Barcelona","description":"","publisher":{"@id":"https:\/\/www.cofb.org\/#organization"},"potentialAction":[{"@type":"SearchAction","target":{"@type":"EntryPoint","urlTemplate":"https:\/\/www.cofb.org\/?s={search_term_string}"},"query-input":"required name=search_term_string"}],"inLanguage":"ca"},{"@type":"Organization","@id":"https:\/\/www.cofb.org\/#organization","name":"Col\u00b7legi de Farmac\u00e8utics de Barcelona","url":"https:\/\/www.cofb.org\/","logo":{"@type":"ImageObject","inLanguage":"ca","@id":"https:\/\/www.cofb.org\/#\/schema\/logo\/image\/","url":"https:\/\/www.cofb.org\/wp-content\/uploads\/2023\/11\/cropped-Logotip-COFB.png","contentUrl":"https:\/\/www.cofb.org\/wp-content\/uploads\/2023\/11\/cropped-Logotip-COFB.png","width":500,"height":105,"caption":"Col\u00b7legi de Farmac\u00e8utics de Barcelona"},"image":{"@id":"https:\/\/www.cofb.org\/#\/schema\/logo\/image\/"},"sameAs":["https:\/\/www.facebook.com\/farmaceuticsbcn\/","https:\/\/twitter.com\/farmaceuticsbcn","https:\/\/www.instagram.com\/farmaceuticsbcn\/","https:\/\/www.linkedin.com\/company\/farmaceuticsbcn\/"]},{"@type":"Person","@id":"https:\/\/www.cofb.org\/#\/schema\/person\/22ed7eea88da74b0fa4d3154ad87ffcb","name":"wpAdminCofbOrg","image":{"@type":"ImageObject","inLanguage":"ca","@id":"https:\/\/www.cofb.org\/#\/schema\/person\/image\/","url":"https:\/\/secure.gravatar.com\/avatar\/1721b20b3b8ca882c3b56ec6c978c594fff670e40c0718e9190eaeeb76aae7d8?s=96&d=mm&r=g","contentUrl":"https:\/\/secure.gravatar.com\/avatar\/1721b20b3b8ca882c3b56ec6c978c594fff670e40c0718e9190eaeeb76aae7d8?s=96&d=mm&r=g","caption":"wpAdminCofbOrg"},"sameAs":["http:\/\/192.168.64.122\/wordpress"],"url":"https:\/\/www.cofb.org\/ca\/author\/wpadmincofborg\/"}]}},"uagb_featured_image_src":{"full":false,"thumbnail":false,"medium":false,"medium_large":false,"large":false,"1536x1536":false,"2048x2048":false,"trp-custom-language-flag":false},"uagb_author_info":{"display_name":"wpAdminCofbOrg","author_link":"https:\/\/www.cofb.org\/ca\/author\/wpadmincofborg\/"},"uagb_comment_info":0,"uagb_excerpt":"&#8220;Si passem de ser fabricants del medicament a gestors del coneixement perqu\u00e8, aquest medicament, tingui tamb\u00e9 uns millors efectes en la salut dels pacients, haurem trobat la missi\u00f3 de la professi\u00f3&#8221;. Aix\u00ed defineix Jordi de Dalmases, president del Col\u00b7legi de Farmac\u00e8utics de Barcelona, al v\u00eddeo de l\u2019inici, com est\u00e0 evolucionat [&hellip;]","_links":{"self":[{"href":"https:\/\/www.cofb.org\/ca\/wp-json\/wp\/v2\/posts\/22710","targetHints":{"allow":["GET"]}}],"collection":[{"href":"https:\/\/www.cofb.org\/ca\/wp-json\/wp\/v2\/posts"}],"about":[{"href":"https:\/\/www.cofb.org\/ca\/wp-json\/wp\/v2\/types\/post"}],"author":[{"embeddable":true,"href":"https:\/\/www.cofb.org\/ca\/wp-json\/wp\/v2\/users\/1"}],"replies":[{"embeddable":true,"href":"https:\/\/www.cofb.org\/ca\/wp-json\/wp\/v2\/comments?post=22710"}],"version-history":[{"count":0,"href":"https:\/\/www.cofb.org\/ca\/wp-json\/wp\/v2\/posts\/22710\/revisions"}],"wp:featuredmedia":[{"embeddable":true,"href":"https:\/\/www.cofb.org\/ca\/wp-json\/"}],"wp:attachment":[{"href":"https:\/\/www.cofb.org\/ca\/wp-json\/wp\/v2\/media?parent=22710"}],"wp:term":[{"taxonomy":"category","embeddable":true,"href":"https:\/\/www.cofb.org\/ca\/wp-json\/wp\/v2\/categories?post=22710"},{"taxonomy":"post_tag","embeddable":true,"href":"https:\/\/www.cofb.org\/ca\/wp-json\/wp\/v2\/tags?post=22710"}],"curies":[{"name":"wp","href":"https:\/\/api.w.org\/{rel}","templated":true}]}}