{"id":2258,"date":"2013-07-09T13:01:07","date_gmt":"2013-07-09T12:01:07","guid":{"rendered":"http:\/\/blog.cofb.cat\/?p=2258"},"modified":"2013-07-09T13:01:07","modified_gmt":"2013-07-09T12:01:07","slug":"el-mareig-com-es-pot-detectar-i-prevenir","status":"publish","type":"post","link":"https:\/\/www.cofb.org\/ca\/2013\/07\/09\/el-mareig-com-es-pot-detectar-i-prevenir\/","title":{"rendered":"El mareig: com es pot detectar i prevenir?"},"content":{"rendered":"<p><img fetchpriority=\"high\" decoding=\"async\" class=\"wp-image-2264 alignleft\" alt=\"mareig-carretera\" src=\"http:\/\/blog.cofb.cat\/wp-content\/uploads\/2013\/07\/mareig-carretera1.jpg\" width=\"372\" height=\"254\" \/>L\u2019estiu \u00e9s temps de despla\u00e7aments i amb ells sovint arriben tamb\u00e9 els mareigs. El mareig o<b> cinetosi<\/b> (nom cl\u00ednic) es produeix perqu\u00e8 el cervell rep senyals contradictoris de diferents centres sensorials: la sensaci\u00f3 de la vista no es correspon amb la de l\u2019o\u00efda ni amb la sensaci\u00f3 de posici\u00f3 del cos. Cal destacar que hi interv\u00e9 un important <b>component personal<\/b>.<\/p>\n<p>Hi ha una s\u00e8rie de <b>s\u00edmptomes<\/b> que s\u00f3n la resposta fisiol\u00f2gica del mareig com la pal\u00b7lidesa, sudoraci\u00f3, salivaci\u00f3 m\u00e9s abundant, n\u00e0usees o la sensaci\u00f3 de moviment dels objectes.<\/p>\n<p><b>El tractament per evitar el mareig ha de ser b\u00e0sicament preventiu<\/b>. Per tant, \u00e9s important tenir en compte instruccions com:<\/p>\n<p>&#8211;\u00a0\u00a0\u00a0\u00a0\u00a0 No menjar ni beure en exc\u00e9s durant les hores pr\u00e8vies al viatge<br \/>\n&#8211;\u00a0\u00a0\u00a0\u00a0\u00a0 Planificar aturades<br \/>\n&#8211;\u00a0\u00a0\u00a0\u00a0\u00a0 No llegir<br \/>\n&#8211;\u00a0\u00a0\u00a0\u00a0\u00a0 Evitar la calor<br \/>\n&#8211;\u00a0\u00a0\u00a0\u00a0\u00a0 Fixar la vista en un punt allunyat de l\u2019horitz\u00f3<br \/>\n&#8211;\u00a0\u00a0\u00a0\u00a0\u00a0 Adoptar una postura correcta en el seient<br \/>\n&#8211;\u00a0\u00a0\u00a0\u00a0\u00a0 Estimular l\u2019atenci\u00f3 dels nens i mantenir-los distrets (per\u00f2 millor sense fixar la vista en objectes petits: jocs de paraules, etc.)<\/p>\n<p>&nbsp;<\/p>\n<div class=\"box shadow\"><\/p>\n<p>Per a m\u00e9s informaci\u00f3 podeu consultar aquest\u00a0<span style=\"text-decoration: underline;\"><a href=\"http:\/\/www.farmaceuticonline.com\/ca\/familia\/514-mareo\" target=\"_blank\" rel=\"noopener\">article dedicat al Mareig<\/a><\/span><\/p>\n<p>L&#8217;article est\u00e0 incl\u00f2s a l\u2019espai\u00a0<span style=\"text-decoration: underline;\"><a href=\"http:\/\/www.farmaceuticonline.com\/ca\/component\/content\/article\/19-temas-de-temporada\/682-la-verano-lo-que-conviene-saber\" target=\"_blank\" rel=\"noopener\"><span style=\"color: #ff6600;\"><b>\u201cL\u2019estiu, tot el que conv\u00e9 saber\u201d<\/b><\/span>, que trobareu al\u00a0web de salut del Col\u00b7legi de Farmac\u00e8utics de Barcelona\u00a0<strong>www.farmaceuticonline.com<\/strong><\/a><\/span><\/p>\n<p><\/div>\n<h6><span style=\"color: #c0c0c0;\">Foto: Morguefile.com<\/span><\/h6>\n","protected":false},"excerpt":{"rendered":"<p>L\u2019estiu \u00e9s temps de despla\u00e7aments i amb ells sovint arriben tamb\u00e9 els mareigs. El mareig o cinetosi (nom cl\u00ednic) es produeix perqu\u00e8 el cervell rep senyals contradictoris de diferents centres sensorials: la sensaci\u00f3 de la vista no es correspon amb la de l\u2019o\u00efda ni amb la sensaci\u00f3 de posici\u00f3 del [&hellip;]<\/p>\n","protected":false},"author":1,"featured_media":2264,"comment_status":"open","ping_status":"open","sticky":false,"template":"","format":"standard","meta":{"_uag_custom_page_level_css":"","site-sidebar-layout":"default","site-content-layout":"","ast-site-content-layout":"default","site-content-style":"default","site-sidebar-style":"default","ast-global-header-display":"","ast-banner-title-visibility":"","ast-main-header-display":"","ast-hfb-above-header-display":"","ast-hfb-below-header-display":"","ast-hfb-mobile-header-display":"","site-post-title":"","ast-breadcrumbs-content":"","ast-featured-img":"disabled","footer-sml-layout":"","theme-transparent-header-meta":"","adv-header-id-meta":"","stick-header-meta":"","header-above-stick-meta":"","header-main-stick-meta":"","header-below-stick-meta":"","astra-migrate-meta-layouts":"default","ast-page-background-enabled":"default","ast-page-background-meta":{"desktop":{"background-color":"var(--ast-global-color-4)","background-image":"","background-repeat":"repeat","background-position":"center center","background-size":"auto","background-attachment":"scroll","background-type":"","background-media":"","overlay-type":"","overlay-color":"","overlay-opacity":"","overlay-gradient":""},"tablet":{"background-color":"","background-image":"","background-repeat":"repeat","background-position":"center center","background-size":"auto","background-attachment":"scroll","background-type":"","background-media":"","overlay-type":"","overlay-color":"","overlay-opacity":"","overlay-gradient":""},"mobile":{"background-color":"","background-image":"","background-repeat":"repeat","background-position":"center center","background-size":"auto","background-attachment":"scroll","background-type":"","background-media":"","overlay-type":"","overlay-color":"","overlay-opacity":"","overlay-gradient":""}},"ast-content-background-meta":{"desktop":{"background-color":"var(--ast-global-color-5)","background-image":"","background-repeat":"repeat","background-position":"center center","background-size":"auto","background-attachment":"scroll","background-type":"","background-media":"","overlay-type":"","overlay-color":"","overlay-opacity":"","overlay-gradient":""},"tablet":{"background-color":"var(--ast-global-color-5)","background-image":"","background-repeat":"repeat","background-position":"center center","background-size":"auto","background-attachment":"scroll","background-type":"","background-media":"","overlay-type":"","overlay-color":"","overlay-opacity":"","overlay-gradient":""},"mobile":{"background-color":"var(--ast-global-color-5)","background-image":"","background-repeat":"repeat","background-position":"center center","background-size":"auto","background-attachment":"scroll","background-type":"","background-media":"","overlay-type":"","overlay-color":"","overlay-opacity":"","overlay-gradient":""}},"footnotes":""},"categories":[47],"tags":[789],"class_list":["post-2258","post","type-post","status-publish","format-standard","has-post-thumbnail","hentry","category-recomanacions-del-farmaceutic","tag-recomanacions"],"yoast_head":"<!-- This site is optimized with the Yoast SEO plugin v22.4 - https:\/\/yoast.com\/wordpress\/plugins\/seo\/ -->\n<title>El mareig: com es pot detectar i prevenir? - Col\u00b7legi de Farmac\u00e8utics de Barcelona<\/title>\n<meta name=\"robots\" content=\"index, follow, max-snippet:-1, max-image-preview:large, max-video-preview:-1\" \/>\n<link rel=\"canonical\" href=\"https:\/\/novaorg.cofb.net\/2013\/07\/09\/el-mareig-com-es-pot-detectar-i-prevenir\/\" \/>\n<meta property=\"og:locale\" content=\"ca_ES\" \/>\n<meta property=\"og:type\" content=\"article\" \/>\n<meta property=\"og:title\" content=\"El mareig: com es pot detectar i prevenir? - Col\u00b7legi de Farmac\u00e8utics de Barcelona\" \/>\n<meta property=\"og:description\" content=\"L\u2019estiu \u00e9s temps de despla\u00e7aments i amb ells sovint arriben tamb\u00e9 els mareigs. El mareig o cinetosi (nom cl\u00ednic) es produeix perqu\u00e8 el cervell rep senyals contradictoris de diferents centres sensorials: la sensaci\u00f3 de la vista no es correspon amb la de l\u2019o\u00efda ni amb la sensaci\u00f3 de posici\u00f3 del [&hellip;]\" \/>\n<meta property=\"og:url\" content=\"https:\/\/novaorg.cofb.net\/2013\/07\/09\/el-mareig-com-es-pot-detectar-i-prevenir\/\" \/>\n<meta property=\"og:site_name\" content=\"Col\u00b7legi de Farmac\u00e8utics de Barcelona\" \/>\n<meta property=\"article:publisher\" content=\"https:\/\/www.facebook.com\/farmaceuticsbcn\/\" \/>\n<meta property=\"article:published_time\" content=\"2013-07-09T12:01:07+00:00\" \/>\n<meta name=\"author\" content=\"wpAdminCofbOrg\" \/>\n<meta name=\"twitter:card\" content=\"summary_large_image\" \/>\n<meta name=\"twitter:creator\" content=\"@farmaceuticsbcn\" \/>\n<meta name=\"twitter:site\" content=\"@farmaceuticsbcn\" \/>\n<meta name=\"twitter:label1\" content=\"Escrit per\" \/>\n\t<meta name=\"twitter:data1\" content=\"wpAdminCofbOrg\" \/>\n\t<meta name=\"twitter:label2\" content=\"Temps estimat de lectura\" \/>\n\t<meta name=\"twitter:data2\" content=\"1 minut\" \/>\n<script type=\"application\/ld+json\" class=\"yoast-schema-graph\">{\"@context\":\"https:\/\/schema.org\",\"@graph\":[{\"@type\":\"Article\",\"@id\":\"https:\/\/novaorg.cofb.net\/2013\/07\/09\/el-mareig-com-es-pot-detectar-i-prevenir\/#article\",\"isPartOf\":{\"@id\":\"https:\/\/novaorg.cofb.net\/2013\/07\/09\/el-mareig-com-es-pot-detectar-i-prevenir\/\"},\"author\":{\"name\":\"wpAdminCofbOrg\",\"@id\":\"https:\/\/www.cofb.org\/#\/schema\/person\/22ed7eea88da74b0fa4d3154ad87ffcb\"},\"headline\":\"El mareig: com es pot detectar i prevenir?\",\"datePublished\":\"2013-07-09T12:01:07+00:00\",\"dateModified\":\"2013-07-09T12:01:07+00:00\",\"mainEntityOfPage\":{\"@id\":\"https:\/\/novaorg.cofb.net\/2013\/07\/09\/el-mareig-com-es-pot-detectar-i-prevenir\/\"},\"wordCount\":247,\"commentCount\":0,\"publisher\":{\"@id\":\"https:\/\/www.cofb.org\/#organization\"},\"image\":{\"@id\":\"https:\/\/novaorg.cofb.net\/2013\/07\/09\/el-mareig-com-es-pot-detectar-i-prevenir\/#primaryimage\"},\"thumbnailUrl\":\"\",\"keywords\":[\"Recomanacions\"],\"articleSection\":[\"Recomanacions del farmac\u00e8utic\"],\"inLanguage\":\"ca\",\"potentialAction\":[{\"@type\":\"CommentAction\",\"name\":\"Comment\",\"target\":[\"https:\/\/novaorg.cofb.net\/2013\/07\/09\/el-mareig-com-es-pot-detectar-i-prevenir\/#respond\"]}]},{\"@type\":\"WebPage\",\"@id\":\"https:\/\/novaorg.cofb.net\/2013\/07\/09\/el-mareig-com-es-pot-detectar-i-prevenir\/\",\"url\":\"https:\/\/novaorg.cofb.net\/2013\/07\/09\/el-mareig-com-es-pot-detectar-i-prevenir\/\",\"name\":\"El mareig: com es pot detectar i prevenir? - Col\u00b7legi de Farmac\u00e8utics de Barcelona\",\"isPartOf\":{\"@id\":\"https:\/\/www.cofb.org\/#website\"},\"primaryImageOfPage\":{\"@id\":\"https:\/\/novaorg.cofb.net\/2013\/07\/09\/el-mareig-com-es-pot-detectar-i-prevenir\/#primaryimage\"},\"image\":{\"@id\":\"https:\/\/novaorg.cofb.net\/2013\/07\/09\/el-mareig-com-es-pot-detectar-i-prevenir\/#primaryimage\"},\"thumbnailUrl\":\"\",\"datePublished\":\"2013-07-09T12:01:07+00:00\",\"dateModified\":\"2013-07-09T12:01:07+00:00\",\"breadcrumb\":{\"@id\":\"https:\/\/novaorg.cofb.net\/2013\/07\/09\/el-mareig-com-es-pot-detectar-i-prevenir\/#breadcrumb\"},\"inLanguage\":\"ca\",\"potentialAction\":[{\"@type\":\"ReadAction\",\"target\":[\"https:\/\/novaorg.cofb.net\/2013\/07\/09\/el-mareig-com-es-pot-detectar-i-prevenir\/\"]}]},{\"@type\":\"ImageObject\",\"inLanguage\":\"ca\",\"@id\":\"https:\/\/novaorg.cofb.net\/2013\/07\/09\/el-mareig-com-es-pot-detectar-i-prevenir\/#primaryimage\",\"url\":\"\",\"contentUrl\":\"\"},{\"@type\":\"BreadcrumbList\",\"@id\":\"https:\/\/novaorg.cofb.net\/2013\/07\/09\/el-mareig-com-es-pot-detectar-i-prevenir\/#breadcrumb\",\"itemListElement\":[{\"@type\":\"ListItem\",\"position\":1,\"name\":\"Inici\",\"item\":\"https:\/\/novaorg.cofb.net\/\"},{\"@type\":\"ListItem\",\"position\":2,\"name\":\"El mareig: com es pot detectar i prevenir?\"}]},{\"@type\":\"WebSite\",\"@id\":\"https:\/\/www.cofb.org\/#website\",\"url\":\"https:\/\/www.cofb.org\/\",\"name\":\"Col\u00b7legi de Farmac\u00e8utics de Barcelona\",\"description\":\"\",\"publisher\":{\"@id\":\"https:\/\/www.cofb.org\/#organization\"},\"potentialAction\":[{\"@type\":\"SearchAction\",\"target\":{\"@type\":\"EntryPoint\",\"urlTemplate\":\"https:\/\/www.cofb.org\/?s={search_term_string}\"},\"query-input\":\"required name=search_term_string\"}],\"inLanguage\":\"ca\"},{\"@type\":\"Organization\",\"@id\":\"https:\/\/www.cofb.org\/#organization\",\"name\":\"Col\u00b7legi de Farmac\u00e8utics de Barcelona\",\"url\":\"https:\/\/www.cofb.org\/\",\"logo\":{\"@type\":\"ImageObject\",\"inLanguage\":\"ca\",\"@id\":\"https:\/\/www.cofb.org\/#\/schema\/logo\/image\/\",\"url\":\"https:\/\/www.cofb.org\/wp-content\/uploads\/2023\/11\/cropped-Logotip-COFB.png\",\"contentUrl\":\"https:\/\/www.cofb.org\/wp-content\/uploads\/2023\/11\/cropped-Logotip-COFB.png\",\"width\":500,\"height\":105,\"caption\":\"Col\u00b7legi de Farmac\u00e8utics de Barcelona\"},\"image\":{\"@id\":\"https:\/\/www.cofb.org\/#\/schema\/logo\/image\/\"},\"sameAs\":[\"https:\/\/www.facebook.com\/farmaceuticsbcn\/\",\"https:\/\/twitter.com\/farmaceuticsbcn\",\"https:\/\/www.instagram.com\/farmaceuticsbcn\/\",\"https:\/\/www.linkedin.com\/company\/farmaceuticsbcn\/\"]},{\"@type\":\"Person\",\"@id\":\"https:\/\/www.cofb.org\/#\/schema\/person\/22ed7eea88da74b0fa4d3154ad87ffcb\",\"name\":\"wpAdminCofbOrg\",\"image\":{\"@type\":\"ImageObject\",\"inLanguage\":\"ca\",\"@id\":\"https:\/\/www.cofb.org\/#\/schema\/person\/image\/\",\"url\":\"https:\/\/secure.gravatar.com\/avatar\/1721b20b3b8ca882c3b56ec6c978c594fff670e40c0718e9190eaeeb76aae7d8?s=96&d=mm&r=g\",\"contentUrl\":\"https:\/\/secure.gravatar.com\/avatar\/1721b20b3b8ca882c3b56ec6c978c594fff670e40c0718e9190eaeeb76aae7d8?s=96&d=mm&r=g\",\"caption\":\"wpAdminCofbOrg\"},\"sameAs\":[\"http:\/\/192.168.64.122\/wordpress\"],\"url\":\"https:\/\/www.cofb.org\/ca\/author\/wpadmincofborg\/\"}]}<\/script>\n<!-- \/ Yoast SEO plugin. -->","yoast_head_json":{"title":"El mareig: com es pot detectar i prevenir? - Col\u00b7legi de Farmac\u00e8utics de Barcelona","robots":{"index":"index","follow":"follow","max-snippet":"max-snippet:-1","max-image-preview":"max-image-preview:large","max-video-preview":"max-video-preview:-1"},"canonical":"https:\/\/novaorg.cofb.net\/2013\/07\/09\/el-mareig-com-es-pot-detectar-i-prevenir\/","og_locale":"ca_ES","og_type":"article","og_title":"El mareig: com es pot detectar i prevenir? - Col\u00b7legi de Farmac\u00e8utics de Barcelona","og_description":"L\u2019estiu \u00e9s temps de despla\u00e7aments i amb ells sovint arriben tamb\u00e9 els mareigs. El mareig o cinetosi (nom cl\u00ednic) es produeix perqu\u00e8 el cervell rep senyals contradictoris de diferents centres sensorials: la sensaci\u00f3 de la vista no es correspon amb la de l\u2019o\u00efda ni amb la sensaci\u00f3 de posici\u00f3 del [&hellip;]","og_url":"https:\/\/novaorg.cofb.net\/2013\/07\/09\/el-mareig-com-es-pot-detectar-i-prevenir\/","og_site_name":"Col\u00b7legi de Farmac\u00e8utics de Barcelona","article_publisher":"https:\/\/www.facebook.com\/farmaceuticsbcn\/","article_published_time":"2013-07-09T12:01:07+00:00","author":"wpAdminCofbOrg","twitter_card":"summary_large_image","twitter_creator":"@farmaceuticsbcn","twitter_site":"@farmaceuticsbcn","twitter_misc":{"Escrit per":"wpAdminCofbOrg","Temps estimat de lectura":"1 minut"},"schema":{"@context":"https:\/\/schema.org","@graph":[{"@type":"Article","@id":"https:\/\/novaorg.cofb.net\/2013\/07\/09\/el-mareig-com-es-pot-detectar-i-prevenir\/#article","isPartOf":{"@id":"https:\/\/novaorg.cofb.net\/2013\/07\/09\/el-mareig-com-es-pot-detectar-i-prevenir\/"},"author":{"name":"wpAdminCofbOrg","@id":"https:\/\/www.cofb.org\/#\/schema\/person\/22ed7eea88da74b0fa4d3154ad87ffcb"},"headline":"El mareig: com es pot detectar i prevenir?","datePublished":"2013-07-09T12:01:07+00:00","dateModified":"2013-07-09T12:01:07+00:00","mainEntityOfPage":{"@id":"https:\/\/novaorg.cofb.net\/2013\/07\/09\/el-mareig-com-es-pot-detectar-i-prevenir\/"},"wordCount":247,"commentCount":0,"publisher":{"@id":"https:\/\/www.cofb.org\/#organization"},"image":{"@id":"https:\/\/novaorg.cofb.net\/2013\/07\/09\/el-mareig-com-es-pot-detectar-i-prevenir\/#primaryimage"},"thumbnailUrl":"","keywords":["Recomanacions"],"articleSection":["Recomanacions del farmac\u00e8utic"],"inLanguage":"ca","potentialAction":[{"@type":"CommentAction","name":"Comment","target":["https:\/\/novaorg.cofb.net\/2013\/07\/09\/el-mareig-com-es-pot-detectar-i-prevenir\/#respond"]}]},{"@type":"WebPage","@id":"https:\/\/novaorg.cofb.net\/2013\/07\/09\/el-mareig-com-es-pot-detectar-i-prevenir\/","url":"https:\/\/novaorg.cofb.net\/2013\/07\/09\/el-mareig-com-es-pot-detectar-i-prevenir\/","name":"El mareig: com es pot detectar i prevenir? - Col\u00b7legi de Farmac\u00e8utics de Barcelona","isPartOf":{"@id":"https:\/\/www.cofb.org\/#website"},"primaryImageOfPage":{"@id":"https:\/\/novaorg.cofb.net\/2013\/07\/09\/el-mareig-com-es-pot-detectar-i-prevenir\/#primaryimage"},"image":{"@id":"https:\/\/novaorg.cofb.net\/2013\/07\/09\/el-mareig-com-es-pot-detectar-i-prevenir\/#primaryimage"},"thumbnailUrl":"","datePublished":"2013-07-09T12:01:07+00:00","dateModified":"2013-07-09T12:01:07+00:00","breadcrumb":{"@id":"https:\/\/novaorg.cofb.net\/2013\/07\/09\/el-mareig-com-es-pot-detectar-i-prevenir\/#breadcrumb"},"inLanguage":"ca","potentialAction":[{"@type":"ReadAction","target":["https:\/\/novaorg.cofb.net\/2013\/07\/09\/el-mareig-com-es-pot-detectar-i-prevenir\/"]}]},{"@type":"ImageObject","inLanguage":"ca","@id":"https:\/\/novaorg.cofb.net\/2013\/07\/09\/el-mareig-com-es-pot-detectar-i-prevenir\/#primaryimage","url":"","contentUrl":""},{"@type":"BreadcrumbList","@id":"https:\/\/novaorg.cofb.net\/2013\/07\/09\/el-mareig-com-es-pot-detectar-i-prevenir\/#breadcrumb","itemListElement":[{"@type":"ListItem","position":1,"name":"Inici","item":"https:\/\/novaorg.cofb.net\/"},{"@type":"ListItem","position":2,"name":"El mareig: com es pot detectar i prevenir?"}]},{"@type":"WebSite","@id":"https:\/\/www.cofb.org\/#website","url":"https:\/\/www.cofb.org\/","name":"Col\u00b7legi de Farmac\u00e8utics de Barcelona","description":"","publisher":{"@id":"https:\/\/www.cofb.org\/#organization"},"potentialAction":[{"@type":"SearchAction","target":{"@type":"EntryPoint","urlTemplate":"https:\/\/www.cofb.org\/?s={search_term_string}"},"query-input":"required name=search_term_string"}],"inLanguage":"ca"},{"@type":"Organization","@id":"https:\/\/www.cofb.org\/#organization","name":"Col\u00b7legi de Farmac\u00e8utics de Barcelona","url":"https:\/\/www.cofb.org\/","logo":{"@type":"ImageObject","inLanguage":"ca","@id":"https:\/\/www.cofb.org\/#\/schema\/logo\/image\/","url":"https:\/\/www.cofb.org\/wp-content\/uploads\/2023\/11\/cropped-Logotip-COFB.png","contentUrl":"https:\/\/www.cofb.org\/wp-content\/uploads\/2023\/11\/cropped-Logotip-COFB.png","width":500,"height":105,"caption":"Col\u00b7legi de Farmac\u00e8utics de Barcelona"},"image":{"@id":"https:\/\/www.cofb.org\/#\/schema\/logo\/image\/"},"sameAs":["https:\/\/www.facebook.com\/farmaceuticsbcn\/","https:\/\/twitter.com\/farmaceuticsbcn","https:\/\/www.instagram.com\/farmaceuticsbcn\/","https:\/\/www.linkedin.com\/company\/farmaceuticsbcn\/"]},{"@type":"Person","@id":"https:\/\/www.cofb.org\/#\/schema\/person\/22ed7eea88da74b0fa4d3154ad87ffcb","name":"wpAdminCofbOrg","image":{"@type":"ImageObject","inLanguage":"ca","@id":"https:\/\/www.cofb.org\/#\/schema\/person\/image\/","url":"https:\/\/secure.gravatar.com\/avatar\/1721b20b3b8ca882c3b56ec6c978c594fff670e40c0718e9190eaeeb76aae7d8?s=96&d=mm&r=g","contentUrl":"https:\/\/secure.gravatar.com\/avatar\/1721b20b3b8ca882c3b56ec6c978c594fff670e40c0718e9190eaeeb76aae7d8?s=96&d=mm&r=g","caption":"wpAdminCofbOrg"},"sameAs":["http:\/\/192.168.64.122\/wordpress"],"url":"https:\/\/www.cofb.org\/ca\/author\/wpadmincofborg\/"}]}},"uagb_featured_image_src":{"full":false,"thumbnail":false,"medium":false,"medium_large":false,"large":false,"1536x1536":false,"2048x2048":false,"trp-custom-language-flag":false},"uagb_author_info":{"display_name":"wpAdminCofbOrg","author_link":"https:\/\/www.cofb.org\/ca\/author\/wpadmincofborg\/"},"uagb_comment_info":0,"uagb_excerpt":"L\u2019estiu \u00e9s temps de despla\u00e7aments i amb ells sovint arriben tamb\u00e9 els mareigs. El mareig o cinetosi (nom cl\u00ednic) es produeix perqu\u00e8 el cervell rep senyals contradictoris de diferents centres sensorials: la sensaci\u00f3 de la vista no es correspon amb la de l\u2019o\u00efda ni amb la sensaci\u00f3 de posici\u00f3 del [&hellip;]","_links":{"self":[{"href":"https:\/\/www.cofb.org\/ca\/wp-json\/wp\/v2\/posts\/2258","targetHints":{"allow":["GET"]}}],"collection":[{"href":"https:\/\/www.cofb.org\/ca\/wp-json\/wp\/v2\/posts"}],"about":[{"href":"https:\/\/www.cofb.org\/ca\/wp-json\/wp\/v2\/types\/post"}],"author":[{"embeddable":true,"href":"https:\/\/www.cofb.org\/ca\/wp-json\/wp\/v2\/users\/1"}],"replies":[{"embeddable":true,"href":"https:\/\/www.cofb.org\/ca\/wp-json\/wp\/v2\/comments?post=2258"}],"version-history":[{"count":0,"href":"https:\/\/www.cofb.org\/ca\/wp-json\/wp\/v2\/posts\/2258\/revisions"}],"wp:featuredmedia":[{"embeddable":true,"href":"https:\/\/www.cofb.org\/ca\/wp-json\/"}],"wp:attachment":[{"href":"https:\/\/www.cofb.org\/ca\/wp-json\/wp\/v2\/media?parent=2258"}],"wp:term":[{"taxonomy":"category","embeddable":true,"href":"https:\/\/www.cofb.org\/ca\/wp-json\/wp\/v2\/categories?post=2258"},{"taxonomy":"post_tag","embeddable":true,"href":"https:\/\/www.cofb.org\/ca\/wp-json\/wp\/v2\/tags?post=2258"}],"curies":[{"name":"wp","href":"https:\/\/api.w.org\/{rel}","templated":true}]}}