{"id":22544,"date":"2016-06-17T14:15:27","date_gmt":"2016-06-17T13:15:27","guid":{"rendered":"http:\/\/blog.cofb.cat\/?p=22544"},"modified":"2016-06-17T14:15:27","modified_gmt":"2016-06-17T13:15:27","slug":"junta-general-ordinaria-els-col%c2%b7legiats-aproven-la-liquidacio-del-pressupost-del-2015-2","status":"publish","type":"post","link":"https:\/\/www.cofb.org\/ca\/2016\/06\/17\/junta-general-ordinaria-els-col%c2%b7legiats-aproven-la-liquidacio-del-pressupost-del-2015-2\/","title":{"rendered":"Junta General Ordin\u00e0ria: els col\u00b7legiats aproven la liquidaci\u00f3 del pressupost del 2015"},"content":{"rendered":"<p>L\u2019equip econ\u00f2mic de la Junta de Govern del Col\u00b7legi va presentar a la <b>Junta General Ordin\u00e0ria<\/b> d\u2019ahir, 16 de juny, la liquidaci\u00f3 del pressupost de l\u2019exercici del 2015 -balan\u00e7 de situaci\u00f3 a 31 de desembre-, que recull l&#8217;informe de l&#8217;auditoria i aplicaci\u00f3 de resultats. La <b>liquidaci\u00f3 va ser aprovada pels col\u00b7legiats<\/b> <b>assistents<\/b> amb dos vots en blanc i cap en contra.<\/p>\n<figure id=\"attachment_22550\" aria-describedby=\"caption-attachment-22550\" style=\"width: 567px\" class=\"wp-caption aligncenter\"><a href=\"http:\/\/blog.cofb.cat\/wp-content\/uploads\/2016\/06\/junta-general-ordinaria-juny-2016.jpg\"><img fetchpriority=\"high\" decoding=\"async\" class=\" wp-image-22550  \" alt=\"junta-general-ordinaria-juny-2016\" src=\"http:\/\/blog.cofb.cat\/wp-content\/uploads\/2016\/06\/junta-general-ordinaria-juny-2016.jpg\" width=\"567\" height=\"378\" \/><\/a><figcaption id=\"caption-attachment-22550\" class=\"wp-caption-text\">D&#8217;esquerra a dreta: Jordi Casas, secretari, Francesc Pla, vicepresident, Jordi de Dalmases, president, Joan Calduch, tresorer, i N\u00faria Bosch, vicetresorera<\/figcaption><\/figure>\n<p>L\u2019<b>Informe de Tresoreria<\/b>, exposat pel <b>tresorer del Col\u00b7legi, Joan Calduch<\/b>, va destacar com aspectes rellevants del pressupost institucional de 2015: canvi d\u2019entitat banc\u00e0ria al mes de gener, que va ser sotm\u00e8s a votaci\u00f3 i amb l&#8217;objectiu de disposar d\u2019eines de finan\u00e7ament per al col\u00b7lectiu, increment de l\u2019oferta formativa , el resultat favorable d\u2019Infarma 2015 i el canvi en el proc\u00e9s de facturaci\u00f3. El pressupost es va liquidar positivament amb un super\u00e0vit de 116.318\u20ac.<\/p>\n<p>A l\u2019Informe de Tresoreria es va fer balan\u00e7 dels darrers quatre anys. Les principals conclusions van ser:<\/p>\n<ul>\n<li><b>Descens dels ingressos provinents de quotes<\/b> en 589.139\u20ac com a conseq\u00fc\u00e8ncia de les diferents reduccions practicades.<\/li>\n<li>Les <b>despeses operatives anuals s\u2019han redu\u00eft<\/b> en 1.008.783\u20ac.<\/li>\n<li>S\u2019ha seguit dedicant <b>recursos econ\u00f2mics per a la promoci\u00f3 professio<\/b><strong>nal<\/strong> i per la defensa del model de farm\u00e0cia assistencial.<\/li>\n<li>Des de la vessant patrimonial, l\u2019evoluci\u00f3 del balan\u00e7 mostra millores significatives pel que fa a la solv\u00e8ncia i la liquiditat de la instituci\u00f3.<\/li>\n<\/ul>\n<p>En resum, es va corroborar la <b>tend\u00e8ncia positiva en l\u2019\u00fas dels recursos col\u00b7legials i de les pol\u00edtiques de millora en la gesti\u00f3<\/b>. El tresorer va agrair p\u00fablicament a tots els col\u00b7laboradors i dirigents de la instituci\u00f3 la tasca realitzada els darrers anys.<\/p>\n<p>Pr\u00e8viament a l\u2019Informe de Tresoreria, el <b>secretari, Jordi Casas<\/b>, va exposar la Mem\u00f2ria de la gesti\u00f3 de la Junta de Govern. Va traslladar als col\u00b7legiats assistents les <b>xifres de 2015 relatives al Col\u00b7legi<\/b>: evoluci\u00f3 del nombre de col\u00b7legiats, expedients col\u00b7legials tramitats, col\u00b7legiats per vocalia, consultes ateses pels diversos departaments del Col\u00b7legi, visites a la intranet col\u00b7legial (BBS) i al web de salut <a href=\"http:\/\/www.farmaceuticonline.com\/\" target=\"_blank\" rel=\"noopener\">Farmaceuticonline<\/a>, l\u2019evoluci\u00f3 anual de receptes facturades, les actuacions dutes a terme pel Servei d\u2019Inspecci\u00f3, les sol\u00b7licituds d\u2019intervenci\u00f3 rebudes a la Comissi\u00f3 de Deontologia, les activitats de formaci\u00f3 impulsades pel Col\u00b7legi \u2013tant presencialment com a trav\u00e9s de la seva plataforma de formaci\u00f3 online <a href=\"http:\/\/www.agorasanitaria.com\/ca\/web\/guest\">\u00c0gora Sanit\u00e0ria<\/a>-, les ofertes gestionades a trav\u00e9s de la Borsa de Treball i els certificats digitals emesos i renovats.<\/p>\n<p>Pel que fa a la comunicaci\u00f3 institucional, va exposar xifres relatives a les aparicions en mitjans (podeu consultar les m\u00e9s destacades en el <a href=\"http:\/\/blog.cofb.cat\/abril-eleccions-impagaments-i-serveis-entre-els-temes-mes-destacats-als-mitjans-de-comunicacio\/\">recull que fem cada mes al Blog<\/a>), les peticions de periodistes ateses, les notes de premsa enviades i les not\u00edcies publicades a aquest Blog. Va finalitzar la seva intervenci\u00f3 amb les dades relatives al web institucional, <a href=\"http:\/\/www.cofb.org\/\">www.cofb.org<\/a>, al Blog i el seu compte de Twitter associat <a href=\"https:\/\/twitter.com\/farmaceuticsbcn\">@farmaceuticsbcn<\/a>.<\/p>\n<p>A l\u2019<b>Informe de Presid\u00e8ncia, Jordi de Dalmases<\/b>, <b>president del Col\u00b7legi<\/b>, va comen\u00e7ar la seva intervenci\u00f3 explicant el <a href=\"http:\/\/blog.cofb.cat\/jordi-de-dalmases-reelegit-com-a-president-del-col%25C2%25B7legi-de-farmaceutics-de-barcelona\/\">proc\u00e9s electoral d\u2019aquest any<\/a> i fent un rep\u00e0s a la configuraci\u00f3 de la nova Junta de Govern: amb la incorporaci\u00f3 de set nous membres, dos d\u2019ells farmac\u00e8utics adjunts, amb l&#8217;objectiu de facilitar el relleu generacional -la mitjana d&#8217;edat se situa per sota els 50 anys-, i garantir la continu\u00eftat d\u2019una manera de fer Col\u00b7legi i veure la professi\u00f3. De Dalmases tamb\u00e9 va exposar els objectius marcats per a la propera legislatura i, a continuaci\u00f3, va explicar les <b>novetats relacionades amb el nou govern auton\u00f2mic<\/b>: davant d\u2019un escenari de continu\u00eftat en la prestaci\u00f3 farmac\u00e8utica, el conseller de Salut, <a href=\"http:\/\/blog.cofb.cat\/jordi-de-dalmases-reelegit-com-a-president-del-col%25C2%25B7legi-de-farmaceutics-de-barcelona\/\">Antoni Com\u00edn, va destacar a la presa de possessi\u00f3 de la nova Junta<\/a> el paper imprescindible en els dos grans reptes del sistema sanitari:\u00a0 el canvi demogr\u00e0fic i l\u2019envelliment, on els farmac\u00e8utics poden ajudar a fer front a la cronicitat; i el canvi tecnol\u00f2gic, especialment en tractament i farm\u00e0cia. El President tamb\u00e9 va recordar que en aquest acte, els representants del COFB van insistir en la necessitat de comptar amb pressupostos realistes que permetin fer front a la despesa real en medicaments.<\/p>\n<p>Pel que fa a les <b>expectatives sanit\u00e0ries<\/b>, De Dalmases va traslladar als col\u00b7legiats assistents les conclusions m\u00e9s destacades de la <a href=\"http:\/\/blog.cofb.cat\/una-resolucio-del-parlament-avala-el-model-de-farmacia-que-defensem\/\">Resoluci\u00f3 del Parlament<\/a> sobre planificaci\u00f3 i desenvolupament de la farm\u00e0cia comunit\u00e0ria i va explicar que la Direcci\u00f3 General d\u2019Ordenaci\u00f3 Professional i Regulaci\u00f3 Sanit\u00e0ria est\u00e0 treballant en l\u2019elaboraci\u00f3 d\u2019un projecte de Decret, pel qual es regula la farm\u00e0cia de manera integral.<\/p>\n<p>A continuaci\u00f3, va detallar la <b>situaci\u00f3 financera dels darrers sis mesos<\/b>: quina \u00e9s la previsi\u00f3 de cobrament per als propers mesos, els canvis de Concert i entitat banc\u00e0ria, la situaci\u00f3 de les dues reclamacions d\u2019interessos que es troben en curs, i la situaci\u00f3 de farm\u00e0cies en viabilitat econ\u00f2mica compromesa (VEC). En relaci\u00f3 amb l\u2019<b>actualitat<\/b>, va repassar <b>novetats legislatives d\u2019\u00e0mbit auton\u00f2mic, estatal i europeu<\/b>. Destaquen a l\u2019\u00e0mbit estatal, les dades relacionades amb el <a href=\"http:\/\/blog.cofb.cat\/detectar-la-falta-de-medicaments-en-temps-real-mes-de-3-500-farmacies-ja-shan-adherit\/\">CISMED<\/a>, que ja compta amb 166 farm\u00e0cies adherides a la prov\u00edncia de Barcelona, i a l\u2019europeu, la Directiva de Medicaments falsificats que s&#8217;est\u00e0 implantant a trav\u00e9s d&#8217;un Sistema Europeu per a la verificaci\u00f3 de Medicaments (EMVS), gestionat per una organitzaci\u00f3 internacional sense \u00e0nim de lucre, l\u2019EMVO amb seu a Luxemburg.<\/p>\n<p>D&#8217;altra banda, el president del COFB va traslladar quina \u00e9s la <b>situaci\u00f3 dels projectes professionals <\/b>(que podeu veure a la imatge inferior), les \u00faltimes campanyes engegades (<a href=\"http:\/\/blog.cofb.cat\/amplia-participacio-a-la-campanya-per-detectar-els-riscos-de-patir-un-cancer-de-pell-engegada-des-de-les-farmacies-de-barcelona-i-lhospital-clinic\/\">prevenci\u00f3 del c\u00e0ncer de pell des de les farm\u00e0cies<\/a>, <a href=\"http:\/\/blog.cofb.cat\/setmana-sense-fum-decideix-te-a-deixar-de-fumar-el-farmaceutic-et-pot-ajudar\/\">Setmana sense fum<\/a> i <a href=\"http:\/\/blog.cofb.cat\/dia-nacional-de-la-nutricio-els-farmaceutics-recorden-la-importancia-de-la-hidratacio-en-gent-gran-i-esportistes\/\">Dia de la Nutrici\u00f3<\/a>) i les proves pilot en marxa (<a href=\"http:\/\/blog.cofb.cat\/comenca-el-pilotatge-de-la-xarxa-de-farmacies-sentinelles-a-catalunya\/\">farm\u00e0cies sentinelles<\/a> i PCAF: seguiment pacients cr\u00f2nics i polimedicats en col\u00b7laboraci\u00f3 amb Atenci\u00f3 Prim\u00e0ria).<\/p>\n<p>En darrer terme, el <strong>vicepresident del Col\u00b7legi, Francesc Pla<\/strong>, va informar sobre la plataforma de sistemes del Consell de Col\u00b7legis Farmac\u00e8utics de Catalunya, l\u2019evoluci\u00f3 de la recepta electr\u00f2nica durant els darrers 10 anys i sobre els projectes de futur vinculats a ella, en la l\u00ednia d\u2019aprofitar professionalment tot el seu potencial.<\/p>\n<p style=\"text-align: center;\"><a href=\"http:\/\/blog.cofb.cat\/wp-content\/uploads\/2016\/06\/requadre-projectes-professionals-junta-general-ordinaria.jpg\"><img decoding=\"async\" class=\" wp-image-22557 aligncenter\" alt=\"requadre-projectes-professionals-junta-general-ordinaria\" src=\"http:\/\/blog.cofb.cat\/wp-content\/uploads\/2016\/06\/requadre-projectes-professionals-junta-general-ordinaria.jpg\" width=\"460\" height=\"361\" \/><\/a><\/p>\n<div class=\"box shadow\">El Col\u00b7legi celebra anualment <strong>dues Juntes Generals relacionades amb el pressupost COFB<\/strong> en les quals es presenta als col\u00b7legiats la liquidaci\u00f3 de l\u2019any anterior (Junta del mes de juny) i la proposta de pressupost per a l\u2019any seg\u00fcent (Junta del mes de desembre). L\u2019aprovaci\u00f3 dels pressupostos se sotmet a la votaci\u00f3 dels col\u00b7legiats que hi assisteixen.<\/div>\n<p><b>Potser tamb\u00e9 t\u2019interessa:<\/b><\/p>\n<ul>\n<li><a href=\"http:\/\/blog.cofb.cat\/saprova-la-proposta-de-pressupostos-del-cofb-per-al-2016\/\" target=\"_blank\" rel=\"noopener\">S\u2019aprova la proposta de pressupostos del COFB per al 2016<\/a> (Blog)<\/li>\n<li><a href=\"http:\/\/blog.cofb.cat\/els-col%25C2%25B7legiats-aproven-la-liquidacio-del-pressupost-del-2014\/\">Els col\u00b7legiats aproven la liquidaci\u00f3 del pressupost del 2014<\/a> (Blog)<\/li>\n<\/ul>\n","protected":false},"excerpt":{"rendered":"<p>L\u2019equip econ\u00f2mic de la Junta de Govern del Col\u00b7legi va presentar a la Junta General Ordin\u00e0ria d\u2019ahir, 16 de juny, la liquidaci\u00f3 del pressupost de l\u2019exercici del 2015 -balan\u00e7 de situaci\u00f3 a 31 de desembre-, que recull l&#8217;informe de l&#8217;auditoria i aplicaci\u00f3 de resultats. La liquidaci\u00f3 va ser aprovada pels [&hellip;]<\/p>\n","protected":false},"author":1,"featured_media":22550,"comment_status":"open","ping_status":"open","sticky":false,"template":"","format":"standard","meta":{"_uag_custom_page_level_css":"","site-sidebar-layout":"default","site-content-layout":"","ast-site-content-layout":"default","site-content-style":"default","site-sidebar-style":"default","ast-global-header-display":"","ast-banner-title-visibility":"","ast-main-header-display":"","ast-hfb-above-header-display":"","ast-hfb-below-header-display":"","ast-hfb-mobile-header-display":"","site-post-title":"","ast-breadcrumbs-content":"","ast-featured-img":"disabled","footer-sml-layout":"","theme-transparent-header-meta":"","adv-header-id-meta":"","stick-header-meta":"","header-above-stick-meta":"","header-main-stick-meta":"","header-below-stick-meta":"","astra-migrate-meta-layouts":"default","ast-page-background-enabled":"default","ast-page-background-meta":{"desktop":{"background-color":"var(--ast-global-color-4)","background-image":"","background-repeat":"repeat","background-position":"center center","background-size":"auto","background-attachment":"scroll","background-type":"","background-media":"","overlay-type":"","overlay-color":"","overlay-opacity":"","overlay-gradient":""},"tablet":{"background-color":"","background-image":"","background-repeat":"repeat","background-position":"center center","background-size":"auto","background-attachment":"scroll","background-type":"","background-media":"","overlay-type":"","overlay-color":"","overlay-opacity":"","overlay-gradient":""},"mobile":{"background-color":"","background-image":"","background-repeat":"repeat","background-position":"center center","background-size":"auto","background-attachment":"scroll","background-type":"","background-media":"","overlay-type":"","overlay-color":"","overlay-opacity":"","overlay-gradient":""}},"ast-content-background-meta":{"desktop":{"background-color":"var(--ast-global-color-5)","background-image":"","background-repeat":"repeat","background-position":"center center","background-size":"auto","background-attachment":"scroll","background-type":"","background-media":"","overlay-type":"","overlay-color":"","overlay-opacity":"","overlay-gradient":""},"tablet":{"background-color":"var(--ast-global-color-5)","background-image":"","background-repeat":"repeat","background-position":"center center","background-size":"auto","background-attachment":"scroll","background-type":"","background-media":"","overlay-type":"","overlay-color":"","overlay-opacity":"","overlay-gradient":""},"mobile":{"background-color":"var(--ast-global-color-5)","background-image":"","background-repeat":"repeat","background-position":"center center","background-size":"auto","background-attachment":"scroll","background-type":"","background-media":"","overlay-type":"","overlay-color":"","overlay-opacity":"","overlay-gradient":""}},"footnotes":""},"categories":[23,57],"tags":[18,420,2421,1026],"class_list":["post-22544","post","type-post","status-publish","format-standard","has-post-thumbnail","hentry","category-destacats","category-mon-collegial","tag-cofb","tag-junta-general-ordinaria","tag-liquidacio-pressupost-2015","tag-pressupost"],"yoast_head":"<!-- This site is optimized with the Yoast SEO plugin v22.4 - https:\/\/yoast.com\/wordpress\/plugins\/seo\/ -->\n<title>Junta General Ordin\u00e0ria: els col\u00b7legiats aproven la liquidaci\u00f3 del pressupost del 2015 - Col\u00b7legi de Farmac\u00e8utics de Barcelona<\/title>\n<meta name=\"robots\" content=\"index, follow, max-snippet:-1, max-image-preview:large, max-video-preview:-1\" \/>\n<link rel=\"canonical\" href=\"https:\/\/novaorg.cofb.net\/2016\/06\/17\/junta-general-ordinaria-els-col\u00b7legiats-aproven-la-liquidacio-del-pressupost-del-2015-2\/\" \/>\n<meta property=\"og:locale\" content=\"ca_ES\" \/>\n<meta property=\"og:type\" content=\"article\" \/>\n<meta property=\"og:title\" content=\"Junta General Ordin\u00e0ria: els col\u00b7legiats aproven la liquidaci\u00f3 del pressupost del 2015 - Col\u00b7legi de Farmac\u00e8utics de Barcelona\" \/>\n<meta property=\"og:description\" content=\"L\u2019equip econ\u00f2mic de la Junta de Govern del Col\u00b7legi va presentar a la Junta General Ordin\u00e0ria d\u2019ahir, 16 de juny, la liquidaci\u00f3 del pressupost de l\u2019exercici del 2015 -balan\u00e7 de situaci\u00f3 a 31 de desembre-, que recull l&#8217;informe de l&#8217;auditoria i aplicaci\u00f3 de resultats. La liquidaci\u00f3 va ser aprovada pels [&hellip;]\" \/>\n<meta property=\"og:url\" content=\"https:\/\/novaorg.cofb.net\/2016\/06\/17\/junta-general-ordinaria-els-col\u00b7legiats-aproven-la-liquidacio-del-pressupost-del-2015-2\/\" \/>\n<meta property=\"og:site_name\" content=\"Col\u00b7legi de Farmac\u00e8utics de Barcelona\" \/>\n<meta property=\"article:publisher\" content=\"https:\/\/www.facebook.com\/farmaceuticsbcn\/\" \/>\n<meta property=\"article:published_time\" content=\"2016-06-17T13:15:27+00:00\" \/>\n<meta name=\"author\" content=\"wpAdminCofbOrg\" \/>\n<meta name=\"twitter:card\" content=\"summary_large_image\" \/>\n<meta name=\"twitter:creator\" content=\"@farmaceuticsbcn\" \/>\n<meta name=\"twitter:site\" content=\"@farmaceuticsbcn\" \/>\n<meta name=\"twitter:label1\" content=\"Escrit per\" \/>\n\t<meta name=\"twitter:data1\" content=\"wpAdminCofbOrg\" \/>\n\t<meta name=\"twitter:label2\" content=\"Temps estimat de lectura\" \/>\n\t<meta name=\"twitter:data2\" content=\"6 minuts\" \/>\n<script type=\"application\/ld+json\" class=\"yoast-schema-graph\">{\"@context\":\"https:\/\/schema.org\",\"@graph\":[{\"@type\":\"Article\",\"@id\":\"https:\/\/novaorg.cofb.net\/2016\/06\/17\/junta-general-ordinaria-els-col%c2%b7legiats-aproven-la-liquidacio-del-pressupost-del-2015-2\/#article\",\"isPartOf\":{\"@id\":\"https:\/\/novaorg.cofb.net\/2016\/06\/17\/junta-general-ordinaria-els-col%c2%b7legiats-aproven-la-liquidacio-del-pressupost-del-2015-2\/\"},\"author\":{\"name\":\"wpAdminCofbOrg\",\"@id\":\"https:\/\/www.cofb.org\/#\/schema\/person\/22ed7eea88da74b0fa4d3154ad87ffcb\"},\"headline\":\"Junta General Ordin\u00e0ria: els col\u00b7legiats aproven la liquidaci\u00f3 del pressupost del 2015\",\"datePublished\":\"2016-06-17T13:15:27+00:00\",\"dateModified\":\"2016-06-17T13:15:27+00:00\",\"mainEntityOfPage\":{\"@id\":\"https:\/\/novaorg.cofb.net\/2016\/06\/17\/junta-general-ordinaria-els-col%c2%b7legiats-aproven-la-liquidacio-del-pressupost-del-2015-2\/\"},\"wordCount\":1188,\"commentCount\":0,\"publisher\":{\"@id\":\"https:\/\/www.cofb.org\/#organization\"},\"image\":{\"@id\":\"https:\/\/novaorg.cofb.net\/2016\/06\/17\/junta-general-ordinaria-els-col%c2%b7legiats-aproven-la-liquidacio-del-pressupost-del-2015-2\/#primaryimage\"},\"thumbnailUrl\":\"\",\"keywords\":[\"COFB\",\"Junta General Ordin\u00e0ria\",\"liquidaci\u00f3 pressupost 2015\",\"pressupost\"],\"articleSection\":[\"Destacats\",\"M\u00f3n col\u00b7legial\"],\"inLanguage\":\"ca\",\"potentialAction\":[{\"@type\":\"CommentAction\",\"name\":\"Comment\",\"target\":[\"https:\/\/novaorg.cofb.net\/2016\/06\/17\/junta-general-ordinaria-els-col%c2%b7legiats-aproven-la-liquidacio-del-pressupost-del-2015-2\/#respond\"]}]},{\"@type\":\"WebPage\",\"@id\":\"https:\/\/novaorg.cofb.net\/2016\/06\/17\/junta-general-ordinaria-els-col%c2%b7legiats-aproven-la-liquidacio-del-pressupost-del-2015-2\/\",\"url\":\"https:\/\/novaorg.cofb.net\/2016\/06\/17\/junta-general-ordinaria-els-col%c2%b7legiats-aproven-la-liquidacio-del-pressupost-del-2015-2\/\",\"name\":\"Junta General Ordin\u00e0ria: els col\u00b7legiats aproven la liquidaci\u00f3 del pressupost del 2015 - Col\u00b7legi de Farmac\u00e8utics de Barcelona\",\"isPartOf\":{\"@id\":\"https:\/\/www.cofb.org\/#website\"},\"primaryImageOfPage\":{\"@id\":\"https:\/\/novaorg.cofb.net\/2016\/06\/17\/junta-general-ordinaria-els-col%c2%b7legiats-aproven-la-liquidacio-del-pressupost-del-2015-2\/#primaryimage\"},\"image\":{\"@id\":\"https:\/\/novaorg.cofb.net\/2016\/06\/17\/junta-general-ordinaria-els-col%c2%b7legiats-aproven-la-liquidacio-del-pressupost-del-2015-2\/#primaryimage\"},\"thumbnailUrl\":\"\",\"datePublished\":\"2016-06-17T13:15:27+00:00\",\"dateModified\":\"2016-06-17T13:15:27+00:00\",\"breadcrumb\":{\"@id\":\"https:\/\/novaorg.cofb.net\/2016\/06\/17\/junta-general-ordinaria-els-col%c2%b7legiats-aproven-la-liquidacio-del-pressupost-del-2015-2\/#breadcrumb\"},\"inLanguage\":\"ca\",\"potentialAction\":[{\"@type\":\"ReadAction\",\"target\":[\"https:\/\/novaorg.cofb.net\/2016\/06\/17\/junta-general-ordinaria-els-col%c2%b7legiats-aproven-la-liquidacio-del-pressupost-del-2015-2\/\"]}]},{\"@type\":\"ImageObject\",\"inLanguage\":\"ca\",\"@id\":\"https:\/\/novaorg.cofb.net\/2016\/06\/17\/junta-general-ordinaria-els-col%c2%b7legiats-aproven-la-liquidacio-del-pressupost-del-2015-2\/#primaryimage\",\"url\":\"\",\"contentUrl\":\"\"},{\"@type\":\"BreadcrumbList\",\"@id\":\"https:\/\/novaorg.cofb.net\/2016\/06\/17\/junta-general-ordinaria-els-col%c2%b7legiats-aproven-la-liquidacio-del-pressupost-del-2015-2\/#breadcrumb\",\"itemListElement\":[{\"@type\":\"ListItem\",\"position\":1,\"name\":\"Inici\",\"item\":\"https:\/\/novaorg.cofb.net\/\"},{\"@type\":\"ListItem\",\"position\":2,\"name\":\"Junta General Ordin\u00e0ria: els col\u00b7legiats aproven la liquidaci\u00f3 del pressupost del 2015\"}]},{\"@type\":\"WebSite\",\"@id\":\"https:\/\/www.cofb.org\/#website\",\"url\":\"https:\/\/www.cofb.org\/\",\"name\":\"Col\u00b7legi de Farmac\u00e8utics de Barcelona\",\"description\":\"\",\"publisher\":{\"@id\":\"https:\/\/www.cofb.org\/#organization\"},\"potentialAction\":[{\"@type\":\"SearchAction\",\"target\":{\"@type\":\"EntryPoint\",\"urlTemplate\":\"https:\/\/www.cofb.org\/?s={search_term_string}\"},\"query-input\":\"required name=search_term_string\"}],\"inLanguage\":\"ca\"},{\"@type\":\"Organization\",\"@id\":\"https:\/\/www.cofb.org\/#organization\",\"name\":\"Col\u00b7legi de Farmac\u00e8utics de Barcelona\",\"url\":\"https:\/\/www.cofb.org\/\",\"logo\":{\"@type\":\"ImageObject\",\"inLanguage\":\"ca\",\"@id\":\"https:\/\/www.cofb.org\/#\/schema\/logo\/image\/\",\"url\":\"https:\/\/www.cofb.org\/wp-content\/uploads\/2023\/11\/cropped-Logotip-COFB.png\",\"contentUrl\":\"https:\/\/www.cofb.org\/wp-content\/uploads\/2023\/11\/cropped-Logotip-COFB.png\",\"width\":500,\"height\":105,\"caption\":\"Col\u00b7legi de Farmac\u00e8utics de Barcelona\"},\"image\":{\"@id\":\"https:\/\/www.cofb.org\/#\/schema\/logo\/image\/\"},\"sameAs\":[\"https:\/\/www.facebook.com\/farmaceuticsbcn\/\",\"https:\/\/twitter.com\/farmaceuticsbcn\",\"https:\/\/www.instagram.com\/farmaceuticsbcn\/\",\"https:\/\/www.linkedin.com\/company\/farmaceuticsbcn\/\"]},{\"@type\":\"Person\",\"@id\":\"https:\/\/www.cofb.org\/#\/schema\/person\/22ed7eea88da74b0fa4d3154ad87ffcb\",\"name\":\"wpAdminCofbOrg\",\"image\":{\"@type\":\"ImageObject\",\"inLanguage\":\"ca\",\"@id\":\"https:\/\/www.cofb.org\/#\/schema\/person\/image\/\",\"url\":\"https:\/\/secure.gravatar.com\/avatar\/1721b20b3b8ca882c3b56ec6c978c594fff670e40c0718e9190eaeeb76aae7d8?s=96&d=mm&r=g\",\"contentUrl\":\"https:\/\/secure.gravatar.com\/avatar\/1721b20b3b8ca882c3b56ec6c978c594fff670e40c0718e9190eaeeb76aae7d8?s=96&d=mm&r=g\",\"caption\":\"wpAdminCofbOrg\"},\"sameAs\":[\"http:\/\/192.168.64.122\/wordpress\"],\"url\":\"https:\/\/www.cofb.org\/ca\/author\/wpadmincofborg\/\"}]}<\/script>\n<!-- \/ Yoast SEO plugin. -->","yoast_head_json":{"title":"Junta General Ordin\u00e0ria: els col\u00b7legiats aproven la liquidaci\u00f3 del pressupost del 2015 - Col\u00b7legi de Farmac\u00e8utics de Barcelona","robots":{"index":"index","follow":"follow","max-snippet":"max-snippet:-1","max-image-preview":"max-image-preview:large","max-video-preview":"max-video-preview:-1"},"canonical":"https:\/\/novaorg.cofb.net\/2016\/06\/17\/junta-general-ordinaria-els-col\u00b7legiats-aproven-la-liquidacio-del-pressupost-del-2015-2\/","og_locale":"ca_ES","og_type":"article","og_title":"Junta General Ordin\u00e0ria: els col\u00b7legiats aproven la liquidaci\u00f3 del pressupost del 2015 - Col\u00b7legi de Farmac\u00e8utics de Barcelona","og_description":"L\u2019equip econ\u00f2mic de la Junta de Govern del Col\u00b7legi va presentar a la Junta General Ordin\u00e0ria d\u2019ahir, 16 de juny, la liquidaci\u00f3 del pressupost de l\u2019exercici del 2015 -balan\u00e7 de situaci\u00f3 a 31 de desembre-, que recull l&#8217;informe de l&#8217;auditoria i aplicaci\u00f3 de resultats. La liquidaci\u00f3 va ser aprovada pels [&hellip;]","og_url":"https:\/\/novaorg.cofb.net\/2016\/06\/17\/junta-general-ordinaria-els-col\u00b7legiats-aproven-la-liquidacio-del-pressupost-del-2015-2\/","og_site_name":"Col\u00b7legi de Farmac\u00e8utics de Barcelona","article_publisher":"https:\/\/www.facebook.com\/farmaceuticsbcn\/","article_published_time":"2016-06-17T13:15:27+00:00","author":"wpAdminCofbOrg","twitter_card":"summary_large_image","twitter_creator":"@farmaceuticsbcn","twitter_site":"@farmaceuticsbcn","twitter_misc":{"Escrit per":"wpAdminCofbOrg","Temps estimat de lectura":"6 minuts"},"schema":{"@context":"https:\/\/schema.org","@graph":[{"@type":"Article","@id":"https:\/\/novaorg.cofb.net\/2016\/06\/17\/junta-general-ordinaria-els-col%c2%b7legiats-aproven-la-liquidacio-del-pressupost-del-2015-2\/#article","isPartOf":{"@id":"https:\/\/novaorg.cofb.net\/2016\/06\/17\/junta-general-ordinaria-els-col%c2%b7legiats-aproven-la-liquidacio-del-pressupost-del-2015-2\/"},"author":{"name":"wpAdminCofbOrg","@id":"https:\/\/www.cofb.org\/#\/schema\/person\/22ed7eea88da74b0fa4d3154ad87ffcb"},"headline":"Junta General Ordin\u00e0ria: els col\u00b7legiats aproven la liquidaci\u00f3 del pressupost del 2015","datePublished":"2016-06-17T13:15:27+00:00","dateModified":"2016-06-17T13:15:27+00:00","mainEntityOfPage":{"@id":"https:\/\/novaorg.cofb.net\/2016\/06\/17\/junta-general-ordinaria-els-col%c2%b7legiats-aproven-la-liquidacio-del-pressupost-del-2015-2\/"},"wordCount":1188,"commentCount":0,"publisher":{"@id":"https:\/\/www.cofb.org\/#organization"},"image":{"@id":"https:\/\/novaorg.cofb.net\/2016\/06\/17\/junta-general-ordinaria-els-col%c2%b7legiats-aproven-la-liquidacio-del-pressupost-del-2015-2\/#primaryimage"},"thumbnailUrl":"","keywords":["COFB","Junta General Ordin\u00e0ria","liquidaci\u00f3 pressupost 2015","pressupost"],"articleSection":["Destacats","M\u00f3n col\u00b7legial"],"inLanguage":"ca","potentialAction":[{"@type":"CommentAction","name":"Comment","target":["https:\/\/novaorg.cofb.net\/2016\/06\/17\/junta-general-ordinaria-els-col%c2%b7legiats-aproven-la-liquidacio-del-pressupost-del-2015-2\/#respond"]}]},{"@type":"WebPage","@id":"https:\/\/novaorg.cofb.net\/2016\/06\/17\/junta-general-ordinaria-els-col%c2%b7legiats-aproven-la-liquidacio-del-pressupost-del-2015-2\/","url":"https:\/\/novaorg.cofb.net\/2016\/06\/17\/junta-general-ordinaria-els-col%c2%b7legiats-aproven-la-liquidacio-del-pressupost-del-2015-2\/","name":"Junta General Ordin\u00e0ria: els col\u00b7legiats aproven la liquidaci\u00f3 del pressupost del 2015 - Col\u00b7legi de Farmac\u00e8utics de Barcelona","isPartOf":{"@id":"https:\/\/www.cofb.org\/#website"},"primaryImageOfPage":{"@id":"https:\/\/novaorg.cofb.net\/2016\/06\/17\/junta-general-ordinaria-els-col%c2%b7legiats-aproven-la-liquidacio-del-pressupost-del-2015-2\/#primaryimage"},"image":{"@id":"https:\/\/novaorg.cofb.net\/2016\/06\/17\/junta-general-ordinaria-els-col%c2%b7legiats-aproven-la-liquidacio-del-pressupost-del-2015-2\/#primaryimage"},"thumbnailUrl":"","datePublished":"2016-06-17T13:15:27+00:00","dateModified":"2016-06-17T13:15:27+00:00","breadcrumb":{"@id":"https:\/\/novaorg.cofb.net\/2016\/06\/17\/junta-general-ordinaria-els-col%c2%b7legiats-aproven-la-liquidacio-del-pressupost-del-2015-2\/#breadcrumb"},"inLanguage":"ca","potentialAction":[{"@type":"ReadAction","target":["https:\/\/novaorg.cofb.net\/2016\/06\/17\/junta-general-ordinaria-els-col%c2%b7legiats-aproven-la-liquidacio-del-pressupost-del-2015-2\/"]}]},{"@type":"ImageObject","inLanguage":"ca","@id":"https:\/\/novaorg.cofb.net\/2016\/06\/17\/junta-general-ordinaria-els-col%c2%b7legiats-aproven-la-liquidacio-del-pressupost-del-2015-2\/#primaryimage","url":"","contentUrl":""},{"@type":"BreadcrumbList","@id":"https:\/\/novaorg.cofb.net\/2016\/06\/17\/junta-general-ordinaria-els-col%c2%b7legiats-aproven-la-liquidacio-del-pressupost-del-2015-2\/#breadcrumb","itemListElement":[{"@type":"ListItem","position":1,"name":"Inici","item":"https:\/\/novaorg.cofb.net\/"},{"@type":"ListItem","position":2,"name":"Junta General Ordin\u00e0ria: els col\u00b7legiats aproven la liquidaci\u00f3 del pressupost del 2015"}]},{"@type":"WebSite","@id":"https:\/\/www.cofb.org\/#website","url":"https:\/\/www.cofb.org\/","name":"Col\u00b7legi de Farmac\u00e8utics de Barcelona","description":"","publisher":{"@id":"https:\/\/www.cofb.org\/#organization"},"potentialAction":[{"@type":"SearchAction","target":{"@type":"EntryPoint","urlTemplate":"https:\/\/www.cofb.org\/?s={search_term_string}"},"query-input":"required name=search_term_string"}],"inLanguage":"ca"},{"@type":"Organization","@id":"https:\/\/www.cofb.org\/#organization","name":"Col\u00b7legi de Farmac\u00e8utics de Barcelona","url":"https:\/\/www.cofb.org\/","logo":{"@type":"ImageObject","inLanguage":"ca","@id":"https:\/\/www.cofb.org\/#\/schema\/logo\/image\/","url":"https:\/\/www.cofb.org\/wp-content\/uploads\/2023\/11\/cropped-Logotip-COFB.png","contentUrl":"https:\/\/www.cofb.org\/wp-content\/uploads\/2023\/11\/cropped-Logotip-COFB.png","width":500,"height":105,"caption":"Col\u00b7legi de Farmac\u00e8utics de Barcelona"},"image":{"@id":"https:\/\/www.cofb.org\/#\/schema\/logo\/image\/"},"sameAs":["https:\/\/www.facebook.com\/farmaceuticsbcn\/","https:\/\/twitter.com\/farmaceuticsbcn","https:\/\/www.instagram.com\/farmaceuticsbcn\/","https:\/\/www.linkedin.com\/company\/farmaceuticsbcn\/"]},{"@type":"Person","@id":"https:\/\/www.cofb.org\/#\/schema\/person\/22ed7eea88da74b0fa4d3154ad87ffcb","name":"wpAdminCofbOrg","image":{"@type":"ImageObject","inLanguage":"ca","@id":"https:\/\/www.cofb.org\/#\/schema\/person\/image\/","url":"https:\/\/secure.gravatar.com\/avatar\/1721b20b3b8ca882c3b56ec6c978c594fff670e40c0718e9190eaeeb76aae7d8?s=96&d=mm&r=g","contentUrl":"https:\/\/secure.gravatar.com\/avatar\/1721b20b3b8ca882c3b56ec6c978c594fff670e40c0718e9190eaeeb76aae7d8?s=96&d=mm&r=g","caption":"wpAdminCofbOrg"},"sameAs":["http:\/\/192.168.64.122\/wordpress"],"url":"https:\/\/www.cofb.org\/ca\/author\/wpadmincofborg\/"}]}},"uagb_featured_image_src":{"full":false,"thumbnail":false,"medium":false,"medium_large":false,"large":false,"1536x1536":false,"2048x2048":false,"trp-custom-language-flag":false},"uagb_author_info":{"display_name":"wpAdminCofbOrg","author_link":"https:\/\/www.cofb.org\/ca\/author\/wpadmincofborg\/"},"uagb_comment_info":0,"uagb_excerpt":"L\u2019equip econ\u00f2mic de la Junta de Govern del Col\u00b7legi va presentar a la Junta General Ordin\u00e0ria d\u2019ahir, 16 de juny, la liquidaci\u00f3 del pressupost de l\u2019exercici del 2015 -balan\u00e7 de situaci\u00f3 a 31 de desembre-, que recull l&#8217;informe de l&#8217;auditoria i aplicaci\u00f3 de resultats. La liquidaci\u00f3 va ser aprovada pels [&hellip;]","_links":{"self":[{"href":"https:\/\/www.cofb.org\/ca\/wp-json\/wp\/v2\/posts\/22544","targetHints":{"allow":["GET"]}}],"collection":[{"href":"https:\/\/www.cofb.org\/ca\/wp-json\/wp\/v2\/posts"}],"about":[{"href":"https:\/\/www.cofb.org\/ca\/wp-json\/wp\/v2\/types\/post"}],"author":[{"embeddable":true,"href":"https:\/\/www.cofb.org\/ca\/wp-json\/wp\/v2\/users\/1"}],"replies":[{"embeddable":true,"href":"https:\/\/www.cofb.org\/ca\/wp-json\/wp\/v2\/comments?post=22544"}],"version-history":[{"count":0,"href":"https:\/\/www.cofb.org\/ca\/wp-json\/wp\/v2\/posts\/22544\/revisions"}],"wp:featuredmedia":[{"embeddable":true,"href":"https:\/\/www.cofb.org\/ca\/wp-json\/"}],"wp:attachment":[{"href":"https:\/\/www.cofb.org\/ca\/wp-json\/wp\/v2\/media?parent=22544"}],"wp:term":[{"taxonomy":"category","embeddable":true,"href":"https:\/\/www.cofb.org\/ca\/wp-json\/wp\/v2\/categories?post=22544"},{"taxonomy":"post_tag","embeddable":true,"href":"https:\/\/www.cofb.org\/ca\/wp-json\/wp\/v2\/tags?post=22544"}],"curies":[{"name":"wp","href":"https:\/\/api.w.org\/{rel}","templated":true}]}}