{"id":22007,"date":"2016-07-06T10:02:21","date_gmt":"2016-07-06T09:02:21","guid":{"rendered":"http:\/\/blog.cofb.cat\/?p=22007"},"modified":"2016-07-06T10:02:21","modified_gmt":"2016-07-06T09:02:21","slug":"tiburones-en-la-farmacia-analisi-de-la-situacio-actual-i-les-perspectives-de-futur-de-loficina-de-farmacia","status":"publish","type":"post","link":"https:\/\/www.cofb.org\/ca\/2016\/07\/06\/tiburones-en-la-farmacia-analisi-de-la-situacio-actual-i-les-perspectives-de-futur-de-loficina-de-farmacia\/","title":{"rendered":"\u201cTiburones en la farmacia\u201d: an\u00e0lisi de la situaci\u00f3 actual i les perspectives de futur de l&#8217;oficina de farm\u00e0cia"},"content":{"rendered":"<p><i>La liberalitzaci\u00f3 de la farm\u00e0cia espanyola \u00e9s una amena\u00e7a c\u00edclica o un proc\u00e9s llarg i pacient del qual estem assistint als seus \u00faltims actes? Quina lectura tindria per a la sanitat p\u00fablica la desregulaci\u00f3 del model d&#8217;ordenaci\u00f3 farmac\u00e8utic espanyol? Qu\u00e8 revelaria aix\u00f2 de l&#8217;economia global?<\/i><\/p>\n<figure id=\"attachment_22009\" aria-describedby=\"caption-attachment-22009\" style=\"width: 258px\" class=\"wp-caption alignright\"><a href=\"http:\/\/blog.cofb.cat\/wp-content\/uploads\/2016\/05\/Av\u00eds-Taurons-a-la-farm\u00e0cia.jpg\"><img fetchpriority=\"high\" decoding=\"async\" class=\" wp-image-22009    \" alt=\"Av\u00eds-Taurons-a-la-farm\u00e0cia\" src=\"http:\/\/blog.cofb.cat\/wp-content\/uploads\/2016\/05\/Av\u00eds-Taurons-a-la-farm\u00e0cia.jpg\" width=\"258\" height=\"364\" \/><\/a><figcaption id=\"caption-attachment-22009\" class=\"wp-caption-text\">Cartell promocional del llibre<\/figcaption><\/figure>\n<p>El farmac\u00e8utic i escriptor barcelon\u00ed <b>Eduardo Litr\u00e1n<\/b> ha publicat recentment el <strong>llibre \u201cTiburones en la farmacia (liberalizaci\u00f3n de la farmacia, privatizaci\u00f3n de la sanidad y desgobierno econ\u00f3mico global)\u201d<\/strong>. L&#8217;obra, fruit d&#8217;un any de documentaci\u00f3 i redacci\u00f3, toca temes de primera actualitat com ho s\u00f3n la corrupci\u00f3, els rescats bancaris, les retallades i els impagaments a les farm\u00e0cies dins el context de crisi global cronificada. Respecte als impagaments, l&#8217;obra analitza el vincle entre l&#8217;asf\u00edxia econ\u00f2mica de les farm\u00e0cies i les insistents pressions per desregular el sector. Per a l&#8217;autor, la greu situaci\u00f3 financera de la Generalitat i les noves pressions que des de Brussel\u00b7les insten a fer m\u00e9s retallades a Madrid haurien de mantenir tots els farmac\u00e8utics m\u00e9s units que mai per tal de preservar la potestat sobre el medicament.<\/p>\n<p>\u201c<strong>Qu\u00e8 ha d&#8217;aprendre el m\u00f3n financer i pol\u00edtic de les professions sanit\u00e0ries i per quin motiu el dest\u00ed de la nostra oficina de farm\u00e0cia \u00e9s un indicador de les possibilitats de regeneraci\u00f3 econ\u00f2mica global<\/strong> s\u00f3n algunes de les reflexions que sens dubte encendran l&#8217;inajornable debat sobre la necessitat de recuperar el poder delegat al representant pol\u00edtic i segrestat pel mercat, tant en l&#8217;\u00e0mbit empresarial i professional com en l&#8217;\u00e0mbit social\u201d explica Litr\u00e1n.<\/p>\n<p><b>Sobre l\u2019autor<\/b><\/p>\n<p><a href=\"http:\/\/www.tiburonesenlafarmacia.com\/sobre-el-autor\/\" target=\"_blank\" rel=\"noopener\">Eduardo Litr\u00e1n<\/a>, llicenciat en farm\u00e0cia per la UB, especialitzat en comunicaci\u00f3 estrat\u00e8gica per EADA (dircom), escriptor, empresari i membre del Col\u00b7legi de Farmac\u00e8utics de Barcelona. Durant deu anys ha exercit com a administrador i coordinador farmac\u00e8utic d&#8217;un bufet jur\u00eddic especialitzat en la transmissi\u00f3 de farm\u00e0cies, experi\u00e8ncia que li ha perm\u00e8s constatar la necessitat de regular qualsevol activitat per al seu \u00f2ptim desenvolupament (defensa la necessitat de la supervisi\u00f3 col\u00b7legial de l&#8217;activitat de trasp\u00e0s de farm\u00e0cies).<\/p>\n<p><b>M\u00e9s informaci\u00f3 i venda exclusiva del llibre<\/b>: \u00a0<a href=\"http:\/\/www.tiburonesenlafarmacia.com\/\" target=\"_blank\" rel=\"noopener\">http:\/\/www.tiburonesenlafarmacia.com\/<\/a><\/p>\n<p><a href=\"http:\/\/www.tiburonesenlafarmacia.com\/repercusion-mediatica\/\" target=\"_blank\" rel=\"noopener\">Repercussi\u00f3 medi\u00e0tica del llibre<\/a><\/p>\n<p>&nbsp;<\/p>\n<p style=\"text-align: center;\"><a href=\"http:\/\/blog.cofb.cat\/wp-content\/uploads\/2016\/05\/llibre-tiburones-en-la-farmacia.jpg\"><img decoding=\"async\" class=\" wp-image-22010 aligncenter\" alt=\"llibre-tiburones-en-la-farmacia\" src=\"http:\/\/blog.cofb.cat\/wp-content\/uploads\/2016\/05\/llibre-tiburones-en-la-farmacia.jpg\" width=\"579\" height=\"165\" \/><\/a><\/p>\n","protected":false},"excerpt":{"rendered":"<p>La liberalitzaci\u00f3 de la farm\u00e0cia espanyola \u00e9s una amena\u00e7a c\u00edclica o un proc\u00e9s llarg i pacient del qual estem assistint als seus \u00faltims actes? Quina lectura tindria per a la sanitat p\u00fablica la desregulaci\u00f3 del model d&#8217;ordenaci\u00f3 farmac\u00e8utic espanyol? Qu\u00e8 revelaria aix\u00f2 de l&#8217;economia global? El farmac\u00e8utic i escriptor barcelon\u00ed [&hellip;]<\/p>\n","protected":false},"author":1,"featured_media":22016,"comment_status":"open","ping_status":"open","sticky":false,"template":"","format":"standard","meta":{"_uag_custom_page_level_css":"","site-sidebar-layout":"default","site-content-layout":"","ast-site-content-layout":"default","site-content-style":"default","site-sidebar-style":"default","ast-global-header-display":"","ast-banner-title-visibility":"","ast-main-header-display":"","ast-hfb-above-header-display":"","ast-hfb-below-header-display":"","ast-hfb-mobile-header-display":"","site-post-title":"","ast-breadcrumbs-content":"","ast-featured-img":"disabled","footer-sml-layout":"","theme-transparent-header-meta":"","adv-header-id-meta":"","stick-header-meta":"","header-above-stick-meta":"","header-main-stick-meta":"","header-below-stick-meta":"","astra-migrate-meta-layouts":"default","ast-page-background-enabled":"default","ast-page-background-meta":{"desktop":{"background-color":"var(--ast-global-color-4)","background-image":"","background-repeat":"repeat","background-position":"center center","background-size":"auto","background-attachment":"scroll","background-type":"","background-media":"","overlay-type":"","overlay-color":"","overlay-opacity":"","overlay-gradient":""},"tablet":{"background-color":"","background-image":"","background-repeat":"repeat","background-position":"center center","background-size":"auto","background-attachment":"scroll","background-type":"","background-media":"","overlay-type":"","overlay-color":"","overlay-opacity":"","overlay-gradient":""},"mobile":{"background-color":"","background-image":"","background-repeat":"repeat","background-position":"center center","background-size":"auto","background-attachment":"scroll","background-type":"","background-media":"","overlay-type":"","overlay-color":"","overlay-opacity":"","overlay-gradient":""}},"ast-content-background-meta":{"desktop":{"background-color":"var(--ast-global-color-5)","background-image":"","background-repeat":"repeat","background-position":"center center","background-size":"auto","background-attachment":"scroll","background-type":"","background-media":"","overlay-type":"","overlay-color":"","overlay-opacity":"","overlay-gradient":""},"tablet":{"background-color":"var(--ast-global-color-5)","background-image":"","background-repeat":"repeat","background-position":"center center","background-size":"auto","background-attachment":"scroll","background-type":"","background-media":"","overlay-type":"","overlay-color":"","overlay-opacity":"","overlay-gradient":""},"mobile":{"background-color":"var(--ast-global-color-5)","background-image":"","background-repeat":"repeat","background-position":"center center","background-size":"auto","background-attachment":"scroll","background-type":"","background-media":"","overlay-type":"","overlay-color":"","overlay-opacity":"","overlay-gradient":""}},"footnotes":""},"categories":[32],"tags":[2423,53,68,2133,2424,2255,2425],"class_list":["post-22007","post","type-post","status-publish","format-standard","has-post-thumbnail","hentry","category-noticies-farmacia","tag-eduardo-litran","tag-farmaceutics","tag-farmacia","tag-impagaments","tag-llibre","tag-retards-en-els-pagaments","tag-tiburones-en-la-farmacia"],"yoast_head":"<!-- This site is optimized with the Yoast SEO plugin v22.4 - https:\/\/yoast.com\/wordpress\/plugins\/seo\/ -->\n<title>\u201cTiburones en la farmacia\u201d: an\u00e0lisi de la situaci\u00f3 actual i les perspectives de futur de l&#039;oficina de farm\u00e0cia - Col\u00b7legi de Farmac\u00e8utics de Barcelona<\/title>\n<meta name=\"robots\" content=\"index, follow, max-snippet:-1, max-image-preview:large, max-video-preview:-1\" \/>\n<link rel=\"canonical\" href=\"https:\/\/novaorg.cofb.net\/2016\/07\/06\/tiburones-en-la-farmacia-analisi-de-la-situacio-actual-i-les-perspectives-de-futur-de-loficina-de-farmacia\/\" \/>\n<meta property=\"og:locale\" content=\"ca_ES\" \/>\n<meta property=\"og:type\" content=\"article\" \/>\n<meta property=\"og:title\" content=\"\u201cTiburones en la farmacia\u201d: an\u00e0lisi de la situaci\u00f3 actual i les perspectives de futur de l&#039;oficina de farm\u00e0cia - Col\u00b7legi de Farmac\u00e8utics de Barcelona\" \/>\n<meta property=\"og:description\" content=\"La liberalitzaci\u00f3 de la farm\u00e0cia espanyola \u00e9s una amena\u00e7a c\u00edclica o un proc\u00e9s llarg i pacient del qual estem assistint als seus \u00faltims actes? Quina lectura tindria per a la sanitat p\u00fablica la desregulaci\u00f3 del model d&#8217;ordenaci\u00f3 farmac\u00e8utic espanyol? Qu\u00e8 revelaria aix\u00f2 de l&#8217;economia global? El farmac\u00e8utic i escriptor barcelon\u00ed [&hellip;]\" \/>\n<meta property=\"og:url\" content=\"https:\/\/novaorg.cofb.net\/2016\/07\/06\/tiburones-en-la-farmacia-analisi-de-la-situacio-actual-i-les-perspectives-de-futur-de-loficina-de-farmacia\/\" \/>\n<meta property=\"og:site_name\" content=\"Col\u00b7legi de Farmac\u00e8utics de Barcelona\" \/>\n<meta property=\"article:publisher\" content=\"https:\/\/www.facebook.com\/farmaceuticsbcn\/\" \/>\n<meta property=\"article:published_time\" content=\"2016-07-06T09:02:21+00:00\" \/>\n<meta name=\"author\" content=\"wpAdminCofbOrg\" \/>\n<meta name=\"twitter:card\" content=\"summary_large_image\" \/>\n<meta name=\"twitter:creator\" content=\"@farmaceuticsbcn\" \/>\n<meta name=\"twitter:site\" content=\"@farmaceuticsbcn\" \/>\n<meta name=\"twitter:label1\" content=\"Escrit per\" \/>\n\t<meta name=\"twitter:data1\" content=\"wpAdminCofbOrg\" \/>\n\t<meta name=\"twitter:label2\" content=\"Temps estimat de lectura\" \/>\n\t<meta name=\"twitter:data2\" content=\"2 minuts\" \/>\n<script type=\"application\/ld+json\" class=\"yoast-schema-graph\">{\"@context\":\"https:\/\/schema.org\",\"@graph\":[{\"@type\":\"Article\",\"@id\":\"https:\/\/novaorg.cofb.net\/2016\/07\/06\/tiburones-en-la-farmacia-analisi-de-la-situacio-actual-i-les-perspectives-de-futur-de-loficina-de-farmacia\/#article\",\"isPartOf\":{\"@id\":\"https:\/\/novaorg.cofb.net\/2016\/07\/06\/tiburones-en-la-farmacia-analisi-de-la-situacio-actual-i-les-perspectives-de-futur-de-loficina-de-farmacia\/\"},\"author\":{\"name\":\"wpAdminCofbOrg\",\"@id\":\"https:\/\/www.cofb.org\/#\/schema\/person\/22ed7eea88da74b0fa4d3154ad87ffcb\"},\"headline\":\"\u201cTiburones en la farmacia\u201d: an\u00e0lisi de la situaci\u00f3 actual i les perspectives de futur de l&#8217;oficina de farm\u00e0cia\",\"datePublished\":\"2016-07-06T09:02:21+00:00\",\"dateModified\":\"2016-07-06T09:02:21+00:00\",\"mainEntityOfPage\":{\"@id\":\"https:\/\/novaorg.cofb.net\/2016\/07\/06\/tiburones-en-la-farmacia-analisi-de-la-situacio-actual-i-les-perspectives-de-futur-de-loficina-de-farmacia\/\"},\"wordCount\":428,\"commentCount\":0,\"publisher\":{\"@id\":\"https:\/\/www.cofb.org\/#organization\"},\"image\":{\"@id\":\"https:\/\/novaorg.cofb.net\/2016\/07\/06\/tiburones-en-la-farmacia-analisi-de-la-situacio-actual-i-les-perspectives-de-futur-de-loficina-de-farmacia\/#primaryimage\"},\"thumbnailUrl\":\"\",\"keywords\":[\"Eduardo Litr\u00e1n\",\"farmac\u00e8utics\",\"Farm\u00e0cia\",\"Impagaments\",\"llibre\",\"Retards en els pagaments\",\"Tiburones en la farmacia\"],\"articleSection\":[\"Not\u00edcies farm\u00e0cia\"],\"inLanguage\":\"ca\",\"potentialAction\":[{\"@type\":\"CommentAction\",\"name\":\"Comment\",\"target\":[\"https:\/\/novaorg.cofb.net\/2016\/07\/06\/tiburones-en-la-farmacia-analisi-de-la-situacio-actual-i-les-perspectives-de-futur-de-loficina-de-farmacia\/#respond\"]}]},{\"@type\":\"WebPage\",\"@id\":\"https:\/\/novaorg.cofb.net\/2016\/07\/06\/tiburones-en-la-farmacia-analisi-de-la-situacio-actual-i-les-perspectives-de-futur-de-loficina-de-farmacia\/\",\"url\":\"https:\/\/novaorg.cofb.net\/2016\/07\/06\/tiburones-en-la-farmacia-analisi-de-la-situacio-actual-i-les-perspectives-de-futur-de-loficina-de-farmacia\/\",\"name\":\"\u201cTiburones en la farmacia\u201d: an\u00e0lisi de la situaci\u00f3 actual i les perspectives de futur de l'oficina de farm\u00e0cia - Col\u00b7legi de Farmac\u00e8utics de Barcelona\",\"isPartOf\":{\"@id\":\"https:\/\/www.cofb.org\/#website\"},\"primaryImageOfPage\":{\"@id\":\"https:\/\/novaorg.cofb.net\/2016\/07\/06\/tiburones-en-la-farmacia-analisi-de-la-situacio-actual-i-les-perspectives-de-futur-de-loficina-de-farmacia\/#primaryimage\"},\"image\":{\"@id\":\"https:\/\/novaorg.cofb.net\/2016\/07\/06\/tiburones-en-la-farmacia-analisi-de-la-situacio-actual-i-les-perspectives-de-futur-de-loficina-de-farmacia\/#primaryimage\"},\"thumbnailUrl\":\"\",\"datePublished\":\"2016-07-06T09:02:21+00:00\",\"dateModified\":\"2016-07-06T09:02:21+00:00\",\"breadcrumb\":{\"@id\":\"https:\/\/novaorg.cofb.net\/2016\/07\/06\/tiburones-en-la-farmacia-analisi-de-la-situacio-actual-i-les-perspectives-de-futur-de-loficina-de-farmacia\/#breadcrumb\"},\"inLanguage\":\"ca\",\"potentialAction\":[{\"@type\":\"ReadAction\",\"target\":[\"https:\/\/novaorg.cofb.net\/2016\/07\/06\/tiburones-en-la-farmacia-analisi-de-la-situacio-actual-i-les-perspectives-de-futur-de-loficina-de-farmacia\/\"]}]},{\"@type\":\"ImageObject\",\"inLanguage\":\"ca\",\"@id\":\"https:\/\/novaorg.cofb.net\/2016\/07\/06\/tiburones-en-la-farmacia-analisi-de-la-situacio-actual-i-les-perspectives-de-futur-de-loficina-de-farmacia\/#primaryimage\",\"url\":\"\",\"contentUrl\":\"\"},{\"@type\":\"BreadcrumbList\",\"@id\":\"https:\/\/novaorg.cofb.net\/2016\/07\/06\/tiburones-en-la-farmacia-analisi-de-la-situacio-actual-i-les-perspectives-de-futur-de-loficina-de-farmacia\/#breadcrumb\",\"itemListElement\":[{\"@type\":\"ListItem\",\"position\":1,\"name\":\"Inici\",\"item\":\"https:\/\/novaorg.cofb.net\/\"},{\"@type\":\"ListItem\",\"position\":2,\"name\":\"\u201cTiburones en la farmacia\u201d: an\u00e0lisi de la situaci\u00f3 actual i les perspectives de futur de l&#8217;oficina de farm\u00e0cia\"}]},{\"@type\":\"WebSite\",\"@id\":\"https:\/\/www.cofb.org\/#website\",\"url\":\"https:\/\/www.cofb.org\/\",\"name\":\"Col\u00b7legi de Farmac\u00e8utics de Barcelona\",\"description\":\"\",\"publisher\":{\"@id\":\"https:\/\/www.cofb.org\/#organization\"},\"potentialAction\":[{\"@type\":\"SearchAction\",\"target\":{\"@type\":\"EntryPoint\",\"urlTemplate\":\"https:\/\/www.cofb.org\/?s={search_term_string}\"},\"query-input\":\"required name=search_term_string\"}],\"inLanguage\":\"ca\"},{\"@type\":\"Organization\",\"@id\":\"https:\/\/www.cofb.org\/#organization\",\"name\":\"Col\u00b7legi de Farmac\u00e8utics de Barcelona\",\"url\":\"https:\/\/www.cofb.org\/\",\"logo\":{\"@type\":\"ImageObject\",\"inLanguage\":\"ca\",\"@id\":\"https:\/\/www.cofb.org\/#\/schema\/logo\/image\/\",\"url\":\"https:\/\/www.cofb.org\/wp-content\/uploads\/2023\/11\/cropped-Logotip-COFB.png\",\"contentUrl\":\"https:\/\/www.cofb.org\/wp-content\/uploads\/2023\/11\/cropped-Logotip-COFB.png\",\"width\":500,\"height\":105,\"caption\":\"Col\u00b7legi de Farmac\u00e8utics de Barcelona\"},\"image\":{\"@id\":\"https:\/\/www.cofb.org\/#\/schema\/logo\/image\/\"},\"sameAs\":[\"https:\/\/www.facebook.com\/farmaceuticsbcn\/\",\"https:\/\/twitter.com\/farmaceuticsbcn\",\"https:\/\/www.instagram.com\/farmaceuticsbcn\/\",\"https:\/\/www.linkedin.com\/company\/farmaceuticsbcn\/\"]},{\"@type\":\"Person\",\"@id\":\"https:\/\/www.cofb.org\/#\/schema\/person\/22ed7eea88da74b0fa4d3154ad87ffcb\",\"name\":\"wpAdminCofbOrg\",\"image\":{\"@type\":\"ImageObject\",\"inLanguage\":\"ca\",\"@id\":\"https:\/\/www.cofb.org\/#\/schema\/person\/image\/\",\"url\":\"https:\/\/secure.gravatar.com\/avatar\/1721b20b3b8ca882c3b56ec6c978c594fff670e40c0718e9190eaeeb76aae7d8?s=96&d=mm&r=g\",\"contentUrl\":\"https:\/\/secure.gravatar.com\/avatar\/1721b20b3b8ca882c3b56ec6c978c594fff670e40c0718e9190eaeeb76aae7d8?s=96&d=mm&r=g\",\"caption\":\"wpAdminCofbOrg\"},\"sameAs\":[\"http:\/\/192.168.64.122\/wordpress\"],\"url\":\"https:\/\/www.cofb.org\/ca\/author\/wpadmincofborg\/\"}]}<\/script>\n<!-- \/ Yoast SEO plugin. -->","yoast_head_json":{"title":"\u201cTiburones en la farmacia\u201d: an\u00e0lisi de la situaci\u00f3 actual i les perspectives de futur de l'oficina de farm\u00e0cia - Col\u00b7legi de Farmac\u00e8utics de Barcelona","robots":{"index":"index","follow":"follow","max-snippet":"max-snippet:-1","max-image-preview":"max-image-preview:large","max-video-preview":"max-video-preview:-1"},"canonical":"https:\/\/novaorg.cofb.net\/2016\/07\/06\/tiburones-en-la-farmacia-analisi-de-la-situacio-actual-i-les-perspectives-de-futur-de-loficina-de-farmacia\/","og_locale":"ca_ES","og_type":"article","og_title":"\u201cTiburones en la farmacia\u201d: an\u00e0lisi de la situaci\u00f3 actual i les perspectives de futur de l'oficina de farm\u00e0cia - Col\u00b7legi de Farmac\u00e8utics de Barcelona","og_description":"La liberalitzaci\u00f3 de la farm\u00e0cia espanyola \u00e9s una amena\u00e7a c\u00edclica o un proc\u00e9s llarg i pacient del qual estem assistint als seus \u00faltims actes? Quina lectura tindria per a la sanitat p\u00fablica la desregulaci\u00f3 del model d&#8217;ordenaci\u00f3 farmac\u00e8utic espanyol? Qu\u00e8 revelaria aix\u00f2 de l&#8217;economia global? El farmac\u00e8utic i escriptor barcelon\u00ed [&hellip;]","og_url":"https:\/\/novaorg.cofb.net\/2016\/07\/06\/tiburones-en-la-farmacia-analisi-de-la-situacio-actual-i-les-perspectives-de-futur-de-loficina-de-farmacia\/","og_site_name":"Col\u00b7legi de Farmac\u00e8utics de Barcelona","article_publisher":"https:\/\/www.facebook.com\/farmaceuticsbcn\/","article_published_time":"2016-07-06T09:02:21+00:00","author":"wpAdminCofbOrg","twitter_card":"summary_large_image","twitter_creator":"@farmaceuticsbcn","twitter_site":"@farmaceuticsbcn","twitter_misc":{"Escrit per":"wpAdminCofbOrg","Temps estimat de lectura":"2 minuts"},"schema":{"@context":"https:\/\/schema.org","@graph":[{"@type":"Article","@id":"https:\/\/novaorg.cofb.net\/2016\/07\/06\/tiburones-en-la-farmacia-analisi-de-la-situacio-actual-i-les-perspectives-de-futur-de-loficina-de-farmacia\/#article","isPartOf":{"@id":"https:\/\/novaorg.cofb.net\/2016\/07\/06\/tiburones-en-la-farmacia-analisi-de-la-situacio-actual-i-les-perspectives-de-futur-de-loficina-de-farmacia\/"},"author":{"name":"wpAdminCofbOrg","@id":"https:\/\/www.cofb.org\/#\/schema\/person\/22ed7eea88da74b0fa4d3154ad87ffcb"},"headline":"\u201cTiburones en la farmacia\u201d: an\u00e0lisi de la situaci\u00f3 actual i les perspectives de futur de l&#8217;oficina de farm\u00e0cia","datePublished":"2016-07-06T09:02:21+00:00","dateModified":"2016-07-06T09:02:21+00:00","mainEntityOfPage":{"@id":"https:\/\/novaorg.cofb.net\/2016\/07\/06\/tiburones-en-la-farmacia-analisi-de-la-situacio-actual-i-les-perspectives-de-futur-de-loficina-de-farmacia\/"},"wordCount":428,"commentCount":0,"publisher":{"@id":"https:\/\/www.cofb.org\/#organization"},"image":{"@id":"https:\/\/novaorg.cofb.net\/2016\/07\/06\/tiburones-en-la-farmacia-analisi-de-la-situacio-actual-i-les-perspectives-de-futur-de-loficina-de-farmacia\/#primaryimage"},"thumbnailUrl":"","keywords":["Eduardo Litr\u00e1n","farmac\u00e8utics","Farm\u00e0cia","Impagaments","llibre","Retards en els pagaments","Tiburones en la farmacia"],"articleSection":["Not\u00edcies farm\u00e0cia"],"inLanguage":"ca","potentialAction":[{"@type":"CommentAction","name":"Comment","target":["https:\/\/novaorg.cofb.net\/2016\/07\/06\/tiburones-en-la-farmacia-analisi-de-la-situacio-actual-i-les-perspectives-de-futur-de-loficina-de-farmacia\/#respond"]}]},{"@type":"WebPage","@id":"https:\/\/novaorg.cofb.net\/2016\/07\/06\/tiburones-en-la-farmacia-analisi-de-la-situacio-actual-i-les-perspectives-de-futur-de-loficina-de-farmacia\/","url":"https:\/\/novaorg.cofb.net\/2016\/07\/06\/tiburones-en-la-farmacia-analisi-de-la-situacio-actual-i-les-perspectives-de-futur-de-loficina-de-farmacia\/","name":"\u201cTiburones en la farmacia\u201d: an\u00e0lisi de la situaci\u00f3 actual i les perspectives de futur de l'oficina de farm\u00e0cia - Col\u00b7legi de Farmac\u00e8utics de Barcelona","isPartOf":{"@id":"https:\/\/www.cofb.org\/#website"},"primaryImageOfPage":{"@id":"https:\/\/novaorg.cofb.net\/2016\/07\/06\/tiburones-en-la-farmacia-analisi-de-la-situacio-actual-i-les-perspectives-de-futur-de-loficina-de-farmacia\/#primaryimage"},"image":{"@id":"https:\/\/novaorg.cofb.net\/2016\/07\/06\/tiburones-en-la-farmacia-analisi-de-la-situacio-actual-i-les-perspectives-de-futur-de-loficina-de-farmacia\/#primaryimage"},"thumbnailUrl":"","datePublished":"2016-07-06T09:02:21+00:00","dateModified":"2016-07-06T09:02:21+00:00","breadcrumb":{"@id":"https:\/\/novaorg.cofb.net\/2016\/07\/06\/tiburones-en-la-farmacia-analisi-de-la-situacio-actual-i-les-perspectives-de-futur-de-loficina-de-farmacia\/#breadcrumb"},"inLanguage":"ca","potentialAction":[{"@type":"ReadAction","target":["https:\/\/novaorg.cofb.net\/2016\/07\/06\/tiburones-en-la-farmacia-analisi-de-la-situacio-actual-i-les-perspectives-de-futur-de-loficina-de-farmacia\/"]}]},{"@type":"ImageObject","inLanguage":"ca","@id":"https:\/\/novaorg.cofb.net\/2016\/07\/06\/tiburones-en-la-farmacia-analisi-de-la-situacio-actual-i-les-perspectives-de-futur-de-loficina-de-farmacia\/#primaryimage","url":"","contentUrl":""},{"@type":"BreadcrumbList","@id":"https:\/\/novaorg.cofb.net\/2016\/07\/06\/tiburones-en-la-farmacia-analisi-de-la-situacio-actual-i-les-perspectives-de-futur-de-loficina-de-farmacia\/#breadcrumb","itemListElement":[{"@type":"ListItem","position":1,"name":"Inici","item":"https:\/\/novaorg.cofb.net\/"},{"@type":"ListItem","position":2,"name":"\u201cTiburones en la farmacia\u201d: an\u00e0lisi de la situaci\u00f3 actual i les perspectives de futur de l&#8217;oficina de farm\u00e0cia"}]},{"@type":"WebSite","@id":"https:\/\/www.cofb.org\/#website","url":"https:\/\/www.cofb.org\/","name":"Col\u00b7legi de Farmac\u00e8utics de Barcelona","description":"","publisher":{"@id":"https:\/\/www.cofb.org\/#organization"},"potentialAction":[{"@type":"SearchAction","target":{"@type":"EntryPoint","urlTemplate":"https:\/\/www.cofb.org\/?s={search_term_string}"},"query-input":"required name=search_term_string"}],"inLanguage":"ca"},{"@type":"Organization","@id":"https:\/\/www.cofb.org\/#organization","name":"Col\u00b7legi de Farmac\u00e8utics de Barcelona","url":"https:\/\/www.cofb.org\/","logo":{"@type":"ImageObject","inLanguage":"ca","@id":"https:\/\/www.cofb.org\/#\/schema\/logo\/image\/","url":"https:\/\/www.cofb.org\/wp-content\/uploads\/2023\/11\/cropped-Logotip-COFB.png","contentUrl":"https:\/\/www.cofb.org\/wp-content\/uploads\/2023\/11\/cropped-Logotip-COFB.png","width":500,"height":105,"caption":"Col\u00b7legi de Farmac\u00e8utics de Barcelona"},"image":{"@id":"https:\/\/www.cofb.org\/#\/schema\/logo\/image\/"},"sameAs":["https:\/\/www.facebook.com\/farmaceuticsbcn\/","https:\/\/twitter.com\/farmaceuticsbcn","https:\/\/www.instagram.com\/farmaceuticsbcn\/","https:\/\/www.linkedin.com\/company\/farmaceuticsbcn\/"]},{"@type":"Person","@id":"https:\/\/www.cofb.org\/#\/schema\/person\/22ed7eea88da74b0fa4d3154ad87ffcb","name":"wpAdminCofbOrg","image":{"@type":"ImageObject","inLanguage":"ca","@id":"https:\/\/www.cofb.org\/#\/schema\/person\/image\/","url":"https:\/\/secure.gravatar.com\/avatar\/1721b20b3b8ca882c3b56ec6c978c594fff670e40c0718e9190eaeeb76aae7d8?s=96&d=mm&r=g","contentUrl":"https:\/\/secure.gravatar.com\/avatar\/1721b20b3b8ca882c3b56ec6c978c594fff670e40c0718e9190eaeeb76aae7d8?s=96&d=mm&r=g","caption":"wpAdminCofbOrg"},"sameAs":["http:\/\/192.168.64.122\/wordpress"],"url":"https:\/\/www.cofb.org\/ca\/author\/wpadmincofborg\/"}]}},"uagb_featured_image_src":{"full":false,"thumbnail":false,"medium":false,"medium_large":false,"large":false,"1536x1536":false,"2048x2048":false,"trp-custom-language-flag":false},"uagb_author_info":{"display_name":"wpAdminCofbOrg","author_link":"https:\/\/www.cofb.org\/ca\/author\/wpadmincofborg\/"},"uagb_comment_info":0,"uagb_excerpt":"La liberalitzaci\u00f3 de la farm\u00e0cia espanyola \u00e9s una amena\u00e7a c\u00edclica o un proc\u00e9s llarg i pacient del qual estem assistint als seus \u00faltims actes? Quina lectura tindria per a la sanitat p\u00fablica la desregulaci\u00f3 del model d&#8217;ordenaci\u00f3 farmac\u00e8utic espanyol? Qu\u00e8 revelaria aix\u00f2 de l&#8217;economia global? El farmac\u00e8utic i escriptor barcelon\u00ed [&hellip;]","_links":{"self":[{"href":"https:\/\/www.cofb.org\/ca\/wp-json\/wp\/v2\/posts\/22007","targetHints":{"allow":["GET"]}}],"collection":[{"href":"https:\/\/www.cofb.org\/ca\/wp-json\/wp\/v2\/posts"}],"about":[{"href":"https:\/\/www.cofb.org\/ca\/wp-json\/wp\/v2\/types\/post"}],"author":[{"embeddable":true,"href":"https:\/\/www.cofb.org\/ca\/wp-json\/wp\/v2\/users\/1"}],"replies":[{"embeddable":true,"href":"https:\/\/www.cofb.org\/ca\/wp-json\/wp\/v2\/comments?post=22007"}],"version-history":[{"count":0,"href":"https:\/\/www.cofb.org\/ca\/wp-json\/wp\/v2\/posts\/22007\/revisions"}],"wp:featuredmedia":[{"embeddable":true,"href":"https:\/\/www.cofb.org\/ca\/wp-json\/"}],"wp:attachment":[{"href":"https:\/\/www.cofb.org\/ca\/wp-json\/wp\/v2\/media?parent=22007"}],"wp:term":[{"taxonomy":"category","embeddable":true,"href":"https:\/\/www.cofb.org\/ca\/wp-json\/wp\/v2\/categories?post=22007"},{"taxonomy":"post_tag","embeddable":true,"href":"https:\/\/www.cofb.org\/ca\/wp-json\/wp\/v2\/tags?post=22007"}],"curies":[{"name":"wp","href":"https:\/\/api.w.org\/{rel}","templated":true}]}}