{"id":21998,"date":"2016-06-13T17:28:54","date_gmt":"2016-06-13T16:28:54","guid":{"rendered":"http:\/\/blog.cofb.cat\/?p=21998"},"modified":"2016-06-13T17:28:54","modified_gmt":"2016-06-13T16:28:54","slug":"direccio-duna-industria-farmaceutica","status":"publish","type":"post","link":"https:\/\/www.cofb.org\/ca\/2016\/06\/13\/direccio-duna-industria-farmaceutica\/","title":{"rendered":"Direcci\u00f3 d\u2019una ind\u00fastria farmac\u00e8utica"},"content":{"rendered":"<p><a href=\"http:\/\/blog.cofb.cat\/wp-content\/uploads\/2016\/05\/curs-direccio-industria-farmaceutica-abril2016-1.jpg\"><img fetchpriority=\"high\" decoding=\"async\" class=\"alignright  wp-image-21999\" alt=\"curs-direccio-industria-farmaceutica-abril2016 (1)\" src=\"http:\/\/blog.cofb.cat\/wp-content\/uploads\/2016\/05\/curs-direccio-industria-farmaceutica-abril2016-1-1024x560.jpg\" width=\"347\" height=\"190\" \/><\/a>El departament t\u00e8cnic d\u2019un laboratori farmac\u00e8utic \u00e9s el responsable del f\u00e0rmac davant de les autoritats sanit\u00e0ries tant si l\u2019ha produ\u00eft com si nom\u00e9s l\u2019ha comercialitzat.<strong> L\u2019\u00e0mbit d\u2019actuaci\u00f3 inclou des del control del punt de vista farmaceuticosanitari del f\u00e0rmac fins a l\u2019establiment de contactes amb altres fabricants de productes<\/strong>. El coneixement d\u2019aquesta \u00e0rea permet valorar-ne la import\u00e0ncia, saber com funciona i discernir les caracter\u00edstiques a tenir en compte per desenvolupar la tasca encomanada.<\/p>\n<p>Amb l\u2019objectiu d\u2019iniciar l\u2019alumne en els <strong>conceptes de direcci\u00f3 t\u00e8cnica a partir de la visi\u00f3 i l\u2019experi\u00e8ncia de professionals de la ind\u00fastria farmac\u00e8utica per proveir-lo d\u2019uns coneixements generals de les \u00e0rees implicades, i repassar les funcions que desenvolupa un director t\u00e8cnic en la ind\u00fastria farmac\u00e8utica i el t\u00e8cnic garant de sectors afin<\/strong>s, el COFB va acollir el curs \u201cDirecci\u00f3 d\u2019una ind\u00fastria farmac\u00e8utica\u201d el passat mes d\u2019abril.<\/p>\n<p><b><a href=\"http:\/\/blog.cofb.cat\/wp-content\/uploads\/2016\/05\/curs-direccio-industria-farmaceutica-abril2016-2.jpg\"><img decoding=\"async\" class=\" wp-image-22000 alignleft\" alt=\"curs-direccio-industria-farmaceutica-abril2016 (2)\" src=\"http:\/\/blog.cofb.cat\/wp-content\/uploads\/2016\/05\/curs-direccio-industria-farmaceutica-abril2016-2-1024x683.jpg\" width=\"372\" height=\"248\" \/><\/a><div class=\"box shadow\">Ramon Bonet,<\/b>\u00a0doctor en farm\u00e0cia, especialista en farm\u00e0cia industrial i gal\u00e8nica i an\u00e0lisi i control de medicaments i drogues, director adjunt d\u2019estrat\u00e8gia comercial canal retail i atenci\u00f3 al client Iberia Sanofi, i vocal d&#8217;Ind\u00fastria del COF de Barcelona va ser el coordinador i el docent responsable de la formaci\u00f3. <\/div><\/p>\n<p>La formaci\u00f3 va incloure al seu <strong>programa diversos punts<\/strong>: direcci\u00f3 t\u00e8cnica d\u2019un laboratori farmac\u00e8utic, t\u00e8cnics garants de sectors afins, tipus de laboratoris, legislaci\u00f3 farmac\u00e8utica relacionada, llei de garanties i principals normatives, normes de fabricaci\u00f3 correcta, aspectes generals de direcci\u00f3 t\u00e8cnica, emmagatzematge, transport, distribuci\u00f3, subministrament de medicaments i tra\u00e7abilitat, administraci\u00f3 central i auton\u00f2mica, comer\u00e7 internacional, subcontractaci\u00f3 a tercers, auditories a tercers, devolucions, reclamacions, retirades, complements alimentosos i productes sanitaris.<\/p>\n","protected":false},"excerpt":{"rendered":"<p>El departament t\u00e8cnic d\u2019un laboratori farmac\u00e8utic \u00e9s el responsable del f\u00e0rmac davant de les autoritats sanit\u00e0ries tant si l\u2019ha produ\u00eft com si nom\u00e9s l\u2019ha comercialitzat. L\u2019\u00e0mbit d\u2019actuaci\u00f3 inclou des del control del punt de vista farmaceuticosanitari del f\u00e0rmac fins a l\u2019establiment de contactes amb altres fabricants de productes. El coneixement [&hellip;]<\/p>\n","protected":false},"author":1,"featured_media":21999,"comment_status":"open","ping_status":"open","sticky":false,"template":"","format":"standard","meta":{"_uag_custom_page_level_css":"","site-sidebar-layout":"default","site-content-layout":"","ast-site-content-layout":"default","site-content-style":"default","site-sidebar-style":"default","ast-global-header-display":"","ast-banner-title-visibility":"","ast-main-header-display":"","ast-hfb-above-header-display":"","ast-hfb-below-header-display":"","ast-hfb-mobile-header-display":"","site-post-title":"","ast-breadcrumbs-content":"","ast-featured-img":"disabled","footer-sml-layout":"","theme-transparent-header-meta":"","adv-header-id-meta":"","stick-header-meta":"","header-above-stick-meta":"","header-main-stick-meta":"","header-below-stick-meta":"","astra-migrate-meta-layouts":"default","ast-page-background-enabled":"default","ast-page-background-meta":{"desktop":{"background-color":"var(--ast-global-color-4)","background-image":"","background-repeat":"repeat","background-position":"center center","background-size":"auto","background-attachment":"scroll","background-type":"","background-media":"","overlay-type":"","overlay-color":"","overlay-opacity":"","overlay-gradient":""},"tablet":{"background-color":"","background-image":"","background-repeat":"repeat","background-position":"center center","background-size":"auto","background-attachment":"scroll","background-type":"","background-media":"","overlay-type":"","overlay-color":"","overlay-opacity":"","overlay-gradient":""},"mobile":{"background-color":"","background-image":"","background-repeat":"repeat","background-position":"center center","background-size":"auto","background-attachment":"scroll","background-type":"","background-media":"","overlay-type":"","overlay-color":"","overlay-opacity":"","overlay-gradient":""}},"ast-content-background-meta":{"desktop":{"background-color":"var(--ast-global-color-5)","background-image":"","background-repeat":"repeat","background-position":"center center","background-size":"auto","background-attachment":"scroll","background-type":"","background-media":"","overlay-type":"","overlay-color":"","overlay-opacity":"","overlay-gradient":""},"tablet":{"background-color":"var(--ast-global-color-5)","background-image":"","background-repeat":"repeat","background-position":"center center","background-size":"auto","background-attachment":"scroll","background-type":"","background-media":"","overlay-type":"","overlay-color":"","overlay-opacity":"","overlay-gradient":""},"mobile":{"background-color":"var(--ast-global-color-5)","background-image":"","background-repeat":"repeat","background-position":"center center","background-size":"auto","background-attachment":"scroll","background-type":"","background-media":"","overlay-type":"","overlay-color":"","overlay-opacity":"","overlay-gradient":""}},"footnotes":""},"categories":[57],"tags":[2203,70,2156,2412],"class_list":["post-21998","post","type-post","status-publish","format-standard","has-post-thumbnail","hentry","category-mon-collegial","tag-direccio-tecnica-industria-farmaceutica","tag-formacio","tag-industria","tag-industria-farmaceutica"],"yoast_head":"<!-- This site is optimized with the Yoast SEO plugin v22.4 - https:\/\/yoast.com\/wordpress\/plugins\/seo\/ -->\n<title>Direcci\u00f3 d\u2019una ind\u00fastria farmac\u00e8utica - Col\u00b7legi de Farmac\u00e8utics de Barcelona<\/title>\n<meta name=\"robots\" content=\"index, follow, max-snippet:-1, max-image-preview:large, max-video-preview:-1\" \/>\n<link rel=\"canonical\" href=\"https:\/\/novaorg.cofb.net\/2016\/06\/13\/direccio-duna-industria-farmaceutica\/\" \/>\n<meta property=\"og:locale\" content=\"ca_ES\" \/>\n<meta property=\"og:type\" content=\"article\" \/>\n<meta property=\"og:title\" content=\"Direcci\u00f3 d\u2019una ind\u00fastria farmac\u00e8utica - Col\u00b7legi de Farmac\u00e8utics de Barcelona\" \/>\n<meta property=\"og:description\" content=\"El departament t\u00e8cnic d\u2019un laboratori farmac\u00e8utic \u00e9s el responsable del f\u00e0rmac davant de les autoritats sanit\u00e0ries tant si l\u2019ha produ\u00eft com si nom\u00e9s l\u2019ha comercialitzat. L\u2019\u00e0mbit d\u2019actuaci\u00f3 inclou des del control del punt de vista farmaceuticosanitari del f\u00e0rmac fins a l\u2019establiment de contactes amb altres fabricants de productes. El coneixement [&hellip;]\" \/>\n<meta property=\"og:url\" content=\"https:\/\/novaorg.cofb.net\/2016\/06\/13\/direccio-duna-industria-farmaceutica\/\" \/>\n<meta property=\"og:site_name\" content=\"Col\u00b7legi de Farmac\u00e8utics de Barcelona\" \/>\n<meta property=\"article:publisher\" content=\"https:\/\/www.facebook.com\/farmaceuticsbcn\/\" \/>\n<meta property=\"article:published_time\" content=\"2016-06-13T16:28:54+00:00\" \/>\n<meta name=\"author\" content=\"wpAdminCofbOrg\" \/>\n<meta name=\"twitter:card\" content=\"summary_large_image\" \/>\n<meta name=\"twitter:creator\" content=\"@farmaceuticsbcn\" \/>\n<meta name=\"twitter:site\" content=\"@farmaceuticsbcn\" \/>\n<meta name=\"twitter:label1\" content=\"Escrit per\" \/>\n\t<meta name=\"twitter:data1\" content=\"wpAdminCofbOrg\" \/>\n\t<meta name=\"twitter:label2\" content=\"Temps estimat de lectura\" \/>\n\t<meta name=\"twitter:data2\" content=\"2 minuts\" \/>\n<script type=\"application\/ld+json\" class=\"yoast-schema-graph\">{\"@context\":\"https:\/\/schema.org\",\"@graph\":[{\"@type\":\"Article\",\"@id\":\"https:\/\/novaorg.cofb.net\/2016\/06\/13\/direccio-duna-industria-farmaceutica\/#article\",\"isPartOf\":{\"@id\":\"https:\/\/novaorg.cofb.net\/2016\/06\/13\/direccio-duna-industria-farmaceutica\/\"},\"author\":{\"name\":\"wpAdminCofbOrg\",\"@id\":\"https:\/\/www.cofb.org\/#\/schema\/person\/22ed7eea88da74b0fa4d3154ad87ffcb\"},\"headline\":\"Direcci\u00f3 d\u2019una ind\u00fastria farmac\u00e8utica\",\"datePublished\":\"2016-06-13T16:28:54+00:00\",\"dateModified\":\"2016-06-13T16:28:54+00:00\",\"mainEntityOfPage\":{\"@id\":\"https:\/\/novaorg.cofb.net\/2016\/06\/13\/direccio-duna-industria-farmaceutica\/\"},\"wordCount\":315,\"commentCount\":0,\"publisher\":{\"@id\":\"https:\/\/www.cofb.org\/#organization\"},\"image\":{\"@id\":\"https:\/\/novaorg.cofb.net\/2016\/06\/13\/direccio-duna-industria-farmaceutica\/#primaryimage\"},\"thumbnailUrl\":\"\",\"keywords\":[\"direcci\u00f3 t\u00e8cnica ind\u00fastria farmac\u00e8utica\",\"Formaci\u00f3\",\"Ind\u00fastria\",\"ind\u00fastria farmac\u00e8utica\"],\"articleSection\":[\"M\u00f3n col\u00b7legial\"],\"inLanguage\":\"ca\",\"potentialAction\":[{\"@type\":\"CommentAction\",\"name\":\"Comment\",\"target\":[\"https:\/\/novaorg.cofb.net\/2016\/06\/13\/direccio-duna-industria-farmaceutica\/#respond\"]}]},{\"@type\":\"WebPage\",\"@id\":\"https:\/\/novaorg.cofb.net\/2016\/06\/13\/direccio-duna-industria-farmaceutica\/\",\"url\":\"https:\/\/novaorg.cofb.net\/2016\/06\/13\/direccio-duna-industria-farmaceutica\/\",\"name\":\"Direcci\u00f3 d\u2019una ind\u00fastria farmac\u00e8utica - Col\u00b7legi de Farmac\u00e8utics de Barcelona\",\"isPartOf\":{\"@id\":\"https:\/\/www.cofb.org\/#website\"},\"primaryImageOfPage\":{\"@id\":\"https:\/\/novaorg.cofb.net\/2016\/06\/13\/direccio-duna-industria-farmaceutica\/#primaryimage\"},\"image\":{\"@id\":\"https:\/\/novaorg.cofb.net\/2016\/06\/13\/direccio-duna-industria-farmaceutica\/#primaryimage\"},\"thumbnailUrl\":\"\",\"datePublished\":\"2016-06-13T16:28:54+00:00\",\"dateModified\":\"2016-06-13T16:28:54+00:00\",\"breadcrumb\":{\"@id\":\"https:\/\/novaorg.cofb.net\/2016\/06\/13\/direccio-duna-industria-farmaceutica\/#breadcrumb\"},\"inLanguage\":\"ca\",\"potentialAction\":[{\"@type\":\"ReadAction\",\"target\":[\"https:\/\/novaorg.cofb.net\/2016\/06\/13\/direccio-duna-industria-farmaceutica\/\"]}]},{\"@type\":\"ImageObject\",\"inLanguage\":\"ca\",\"@id\":\"https:\/\/novaorg.cofb.net\/2016\/06\/13\/direccio-duna-industria-farmaceutica\/#primaryimage\",\"url\":\"\",\"contentUrl\":\"\"},{\"@type\":\"BreadcrumbList\",\"@id\":\"https:\/\/novaorg.cofb.net\/2016\/06\/13\/direccio-duna-industria-farmaceutica\/#breadcrumb\",\"itemListElement\":[{\"@type\":\"ListItem\",\"position\":1,\"name\":\"Inici\",\"item\":\"https:\/\/novaorg.cofb.net\/\"},{\"@type\":\"ListItem\",\"position\":2,\"name\":\"Direcci\u00f3 d\u2019una ind\u00fastria farmac\u00e8utica\"}]},{\"@type\":\"WebSite\",\"@id\":\"https:\/\/www.cofb.org\/#website\",\"url\":\"https:\/\/www.cofb.org\/\",\"name\":\"Col\u00b7legi de Farmac\u00e8utics de Barcelona\",\"description\":\"\",\"publisher\":{\"@id\":\"https:\/\/www.cofb.org\/#organization\"},\"potentialAction\":[{\"@type\":\"SearchAction\",\"target\":{\"@type\":\"EntryPoint\",\"urlTemplate\":\"https:\/\/www.cofb.org\/?s={search_term_string}\"},\"query-input\":\"required name=search_term_string\"}],\"inLanguage\":\"ca\"},{\"@type\":\"Organization\",\"@id\":\"https:\/\/www.cofb.org\/#organization\",\"name\":\"Col\u00b7legi de Farmac\u00e8utics de Barcelona\",\"url\":\"https:\/\/www.cofb.org\/\",\"logo\":{\"@type\":\"ImageObject\",\"inLanguage\":\"ca\",\"@id\":\"https:\/\/www.cofb.org\/#\/schema\/logo\/image\/\",\"url\":\"https:\/\/www.cofb.org\/wp-content\/uploads\/2023\/11\/cropped-Logotip-COFB.png\",\"contentUrl\":\"https:\/\/www.cofb.org\/wp-content\/uploads\/2023\/11\/cropped-Logotip-COFB.png\",\"width\":500,\"height\":105,\"caption\":\"Col\u00b7legi de Farmac\u00e8utics de Barcelona\"},\"image\":{\"@id\":\"https:\/\/www.cofb.org\/#\/schema\/logo\/image\/\"},\"sameAs\":[\"https:\/\/www.facebook.com\/farmaceuticsbcn\/\",\"https:\/\/twitter.com\/farmaceuticsbcn\",\"https:\/\/www.instagram.com\/farmaceuticsbcn\/\",\"https:\/\/www.linkedin.com\/company\/farmaceuticsbcn\/\"]},{\"@type\":\"Person\",\"@id\":\"https:\/\/www.cofb.org\/#\/schema\/person\/22ed7eea88da74b0fa4d3154ad87ffcb\",\"name\":\"wpAdminCofbOrg\",\"image\":{\"@type\":\"ImageObject\",\"inLanguage\":\"ca\",\"@id\":\"https:\/\/www.cofb.org\/#\/schema\/person\/image\/\",\"url\":\"https:\/\/secure.gravatar.com\/avatar\/1721b20b3b8ca882c3b56ec6c978c594fff670e40c0718e9190eaeeb76aae7d8?s=96&d=mm&r=g\",\"contentUrl\":\"https:\/\/secure.gravatar.com\/avatar\/1721b20b3b8ca882c3b56ec6c978c594fff670e40c0718e9190eaeeb76aae7d8?s=96&d=mm&r=g\",\"caption\":\"wpAdminCofbOrg\"},\"sameAs\":[\"http:\/\/192.168.64.122\/wordpress\"],\"url\":\"https:\/\/www.cofb.org\/ca\/author\/wpadmincofborg\/\"}]}<\/script>\n<!-- \/ Yoast SEO plugin. -->","yoast_head_json":{"title":"Direcci\u00f3 d\u2019una ind\u00fastria farmac\u00e8utica - Col\u00b7legi de Farmac\u00e8utics de Barcelona","robots":{"index":"index","follow":"follow","max-snippet":"max-snippet:-1","max-image-preview":"max-image-preview:large","max-video-preview":"max-video-preview:-1"},"canonical":"https:\/\/novaorg.cofb.net\/2016\/06\/13\/direccio-duna-industria-farmaceutica\/","og_locale":"ca_ES","og_type":"article","og_title":"Direcci\u00f3 d\u2019una ind\u00fastria farmac\u00e8utica - Col\u00b7legi de Farmac\u00e8utics de Barcelona","og_description":"El departament t\u00e8cnic d\u2019un laboratori farmac\u00e8utic \u00e9s el responsable del f\u00e0rmac davant de les autoritats sanit\u00e0ries tant si l\u2019ha produ\u00eft com si nom\u00e9s l\u2019ha comercialitzat. L\u2019\u00e0mbit d\u2019actuaci\u00f3 inclou des del control del punt de vista farmaceuticosanitari del f\u00e0rmac fins a l\u2019establiment de contactes amb altres fabricants de productes. El coneixement [&hellip;]","og_url":"https:\/\/novaorg.cofb.net\/2016\/06\/13\/direccio-duna-industria-farmaceutica\/","og_site_name":"Col\u00b7legi de Farmac\u00e8utics de Barcelona","article_publisher":"https:\/\/www.facebook.com\/farmaceuticsbcn\/","article_published_time":"2016-06-13T16:28:54+00:00","author":"wpAdminCofbOrg","twitter_card":"summary_large_image","twitter_creator":"@farmaceuticsbcn","twitter_site":"@farmaceuticsbcn","twitter_misc":{"Escrit per":"wpAdminCofbOrg","Temps estimat de lectura":"2 minuts"},"schema":{"@context":"https:\/\/schema.org","@graph":[{"@type":"Article","@id":"https:\/\/novaorg.cofb.net\/2016\/06\/13\/direccio-duna-industria-farmaceutica\/#article","isPartOf":{"@id":"https:\/\/novaorg.cofb.net\/2016\/06\/13\/direccio-duna-industria-farmaceutica\/"},"author":{"name":"wpAdminCofbOrg","@id":"https:\/\/www.cofb.org\/#\/schema\/person\/22ed7eea88da74b0fa4d3154ad87ffcb"},"headline":"Direcci\u00f3 d\u2019una ind\u00fastria farmac\u00e8utica","datePublished":"2016-06-13T16:28:54+00:00","dateModified":"2016-06-13T16:28:54+00:00","mainEntityOfPage":{"@id":"https:\/\/novaorg.cofb.net\/2016\/06\/13\/direccio-duna-industria-farmaceutica\/"},"wordCount":315,"commentCount":0,"publisher":{"@id":"https:\/\/www.cofb.org\/#organization"},"image":{"@id":"https:\/\/novaorg.cofb.net\/2016\/06\/13\/direccio-duna-industria-farmaceutica\/#primaryimage"},"thumbnailUrl":"","keywords":["direcci\u00f3 t\u00e8cnica ind\u00fastria farmac\u00e8utica","Formaci\u00f3","Ind\u00fastria","ind\u00fastria farmac\u00e8utica"],"articleSection":["M\u00f3n col\u00b7legial"],"inLanguage":"ca","potentialAction":[{"@type":"CommentAction","name":"Comment","target":["https:\/\/novaorg.cofb.net\/2016\/06\/13\/direccio-duna-industria-farmaceutica\/#respond"]}]},{"@type":"WebPage","@id":"https:\/\/novaorg.cofb.net\/2016\/06\/13\/direccio-duna-industria-farmaceutica\/","url":"https:\/\/novaorg.cofb.net\/2016\/06\/13\/direccio-duna-industria-farmaceutica\/","name":"Direcci\u00f3 d\u2019una ind\u00fastria farmac\u00e8utica - Col\u00b7legi de Farmac\u00e8utics de Barcelona","isPartOf":{"@id":"https:\/\/www.cofb.org\/#website"},"primaryImageOfPage":{"@id":"https:\/\/novaorg.cofb.net\/2016\/06\/13\/direccio-duna-industria-farmaceutica\/#primaryimage"},"image":{"@id":"https:\/\/novaorg.cofb.net\/2016\/06\/13\/direccio-duna-industria-farmaceutica\/#primaryimage"},"thumbnailUrl":"","datePublished":"2016-06-13T16:28:54+00:00","dateModified":"2016-06-13T16:28:54+00:00","breadcrumb":{"@id":"https:\/\/novaorg.cofb.net\/2016\/06\/13\/direccio-duna-industria-farmaceutica\/#breadcrumb"},"inLanguage":"ca","potentialAction":[{"@type":"ReadAction","target":["https:\/\/novaorg.cofb.net\/2016\/06\/13\/direccio-duna-industria-farmaceutica\/"]}]},{"@type":"ImageObject","inLanguage":"ca","@id":"https:\/\/novaorg.cofb.net\/2016\/06\/13\/direccio-duna-industria-farmaceutica\/#primaryimage","url":"","contentUrl":""},{"@type":"BreadcrumbList","@id":"https:\/\/novaorg.cofb.net\/2016\/06\/13\/direccio-duna-industria-farmaceutica\/#breadcrumb","itemListElement":[{"@type":"ListItem","position":1,"name":"Inici","item":"https:\/\/novaorg.cofb.net\/"},{"@type":"ListItem","position":2,"name":"Direcci\u00f3 d\u2019una ind\u00fastria farmac\u00e8utica"}]},{"@type":"WebSite","@id":"https:\/\/www.cofb.org\/#website","url":"https:\/\/www.cofb.org\/","name":"Col\u00b7legi de Farmac\u00e8utics de Barcelona","description":"","publisher":{"@id":"https:\/\/www.cofb.org\/#organization"},"potentialAction":[{"@type":"SearchAction","target":{"@type":"EntryPoint","urlTemplate":"https:\/\/www.cofb.org\/?s={search_term_string}"},"query-input":"required name=search_term_string"}],"inLanguage":"ca"},{"@type":"Organization","@id":"https:\/\/www.cofb.org\/#organization","name":"Col\u00b7legi de Farmac\u00e8utics de Barcelona","url":"https:\/\/www.cofb.org\/","logo":{"@type":"ImageObject","inLanguage":"ca","@id":"https:\/\/www.cofb.org\/#\/schema\/logo\/image\/","url":"https:\/\/www.cofb.org\/wp-content\/uploads\/2023\/11\/cropped-Logotip-COFB.png","contentUrl":"https:\/\/www.cofb.org\/wp-content\/uploads\/2023\/11\/cropped-Logotip-COFB.png","width":500,"height":105,"caption":"Col\u00b7legi de Farmac\u00e8utics de Barcelona"},"image":{"@id":"https:\/\/www.cofb.org\/#\/schema\/logo\/image\/"},"sameAs":["https:\/\/www.facebook.com\/farmaceuticsbcn\/","https:\/\/twitter.com\/farmaceuticsbcn","https:\/\/www.instagram.com\/farmaceuticsbcn\/","https:\/\/www.linkedin.com\/company\/farmaceuticsbcn\/"]},{"@type":"Person","@id":"https:\/\/www.cofb.org\/#\/schema\/person\/22ed7eea88da74b0fa4d3154ad87ffcb","name":"wpAdminCofbOrg","image":{"@type":"ImageObject","inLanguage":"ca","@id":"https:\/\/www.cofb.org\/#\/schema\/person\/image\/","url":"https:\/\/secure.gravatar.com\/avatar\/1721b20b3b8ca882c3b56ec6c978c594fff670e40c0718e9190eaeeb76aae7d8?s=96&d=mm&r=g","contentUrl":"https:\/\/secure.gravatar.com\/avatar\/1721b20b3b8ca882c3b56ec6c978c594fff670e40c0718e9190eaeeb76aae7d8?s=96&d=mm&r=g","caption":"wpAdminCofbOrg"},"sameAs":["http:\/\/192.168.64.122\/wordpress"],"url":"https:\/\/www.cofb.org\/ca\/author\/wpadmincofborg\/"}]}},"uagb_featured_image_src":{"full":false,"thumbnail":false,"medium":false,"medium_large":false,"large":false,"1536x1536":false,"2048x2048":false,"trp-custom-language-flag":false},"uagb_author_info":{"display_name":"wpAdminCofbOrg","author_link":"https:\/\/www.cofb.org\/ca\/author\/wpadmincofborg\/"},"uagb_comment_info":0,"uagb_excerpt":"El departament t\u00e8cnic d\u2019un laboratori farmac\u00e8utic \u00e9s el responsable del f\u00e0rmac davant de les autoritats sanit\u00e0ries tant si l\u2019ha produ\u00eft com si nom\u00e9s l\u2019ha comercialitzat. L\u2019\u00e0mbit d\u2019actuaci\u00f3 inclou des del control del punt de vista farmaceuticosanitari del f\u00e0rmac fins a l\u2019establiment de contactes amb altres fabricants de productes. El coneixement [&hellip;]","_links":{"self":[{"href":"https:\/\/www.cofb.org\/ca\/wp-json\/wp\/v2\/posts\/21998","targetHints":{"allow":["GET"]}}],"collection":[{"href":"https:\/\/www.cofb.org\/ca\/wp-json\/wp\/v2\/posts"}],"about":[{"href":"https:\/\/www.cofb.org\/ca\/wp-json\/wp\/v2\/types\/post"}],"author":[{"embeddable":true,"href":"https:\/\/www.cofb.org\/ca\/wp-json\/wp\/v2\/users\/1"}],"replies":[{"embeddable":true,"href":"https:\/\/www.cofb.org\/ca\/wp-json\/wp\/v2\/comments?post=21998"}],"version-history":[{"count":0,"href":"https:\/\/www.cofb.org\/ca\/wp-json\/wp\/v2\/posts\/21998\/revisions"}],"wp:featuredmedia":[{"embeddable":true,"href":"https:\/\/www.cofb.org\/ca\/wp-json\/"}],"wp:attachment":[{"href":"https:\/\/www.cofb.org\/ca\/wp-json\/wp\/v2\/media?parent=21998"}],"wp:term":[{"taxonomy":"category","embeddable":true,"href":"https:\/\/www.cofb.org\/ca\/wp-json\/wp\/v2\/categories?post=21998"},{"taxonomy":"post_tag","embeddable":true,"href":"https:\/\/www.cofb.org\/ca\/wp-json\/wp\/v2\/tags?post=21998"}],"curies":[{"name":"wp","href":"https:\/\/api.w.org\/{rel}","templated":true}]}}