{"id":2187,"date":"2013-07-04T13:28:52","date_gmt":"2013-07-04T12:28:52","guid":{"rendered":"http:\/\/blog.cofb.cat\/?p=2187"},"modified":"2013-07-04T13:28:52","modified_gmt":"2013-07-04T12:28:52","slug":"els-farmaceutics-catalans-reclamen-mes-de-12-me-en-interessos-de-demora","status":"publish","type":"post","link":"https:\/\/www.cofb.org\/ca\/2013\/07\/04\/els-farmaceutics-catalans-reclamen-mes-de-12-me-en-interessos-de-demora\/","title":{"rendered":"Els farmac\u00e8utics catalans reclamen m\u00e9s de 12 M\u20ac en interessos de demora"},"content":{"rendered":"<p>El 84% de les farm\u00e0cies catalanes s\u2019han unit per reclamar al CatSalut un total de <b>12.464.158,66\u20ac en concepte d\u2019interessos meritats<\/b> <b>pel retard<\/b> <b>en el pagament de les factures <\/b>dels darrers cinc mesos de 2011 i de gener a octubre del 2012, en aplicaci\u00f3 del tipus d\u2019inter\u00e8s previst a l\u2019article 7 de la Llei 3\/2004 de Morositat.<\/p>\n<p><b>El Consell de Col\u00b7legis de Farmac\u00e8utics de Catalunya ha lliurat al CatSalut, a data 2 de juliol, la documentaci\u00f3 necess\u00e0ria per fer aquesta reclamaci\u00f3.<\/b> El CatSalut t\u00e9 ara tres mesos per contestar-la.<\/p>\n<p>La reclamaci\u00f3 de manera conjunta dels interessos de demora \u00e9s <span style=\"text-decoration: underline;\"><a title=\"Els farmac\u00e8utics decideixen reclamar interessos de demora, manifestar-se i recollir signatures\" href=\"http:\/\/blog.cofb.cat\/els-farmaceutics-decideixen-reclamar-interessos-de-demora-manifestar-se-i-recollir-signatures\/\" target=\"_blank\" rel=\"noopener\"><b>una de les actuacions recolzada per la majoria dels farmac\u00e8utics catalans<\/b><\/a><\/span> per actuar davant dels impagaments.<\/p>\n","protected":false},"excerpt":{"rendered":"<p>El 84% de les farm\u00e0cies catalanes s\u2019han unit per reclamar al CatSalut un total de 12.464.158,66\u20ac en concepte d\u2019interessos meritats pel retard en el pagament de les factures dels darrers cinc mesos de 2011 i de gener a octubre del 2012, en aplicaci\u00f3 del tipus d\u2019inter\u00e8s previst a l\u2019article 7 [&hellip;]<\/p>\n","protected":false},"author":1,"featured_media":2190,"comment_status":"open","ping_status":"open","sticky":false,"template":"","format":"standard","meta":{"_uag_custom_page_level_css":"","site-sidebar-layout":"default","site-content-layout":"","ast-site-content-layout":"default","site-content-style":"default","site-sidebar-style":"default","ast-global-header-display":"","ast-banner-title-visibility":"","ast-main-header-display":"","ast-hfb-above-header-display":"","ast-hfb-below-header-display":"","ast-hfb-mobile-header-display":"","site-post-title":"","ast-breadcrumbs-content":"","ast-featured-img":"disabled","footer-sml-layout":"","theme-transparent-header-meta":"","adv-header-id-meta":"","stick-header-meta":"","header-above-stick-meta":"","header-main-stick-meta":"","header-below-stick-meta":"","astra-migrate-meta-layouts":"default","ast-page-background-enabled":"default","ast-page-background-meta":{"desktop":{"background-color":"var(--ast-global-color-4)","background-image":"","background-repeat":"repeat","background-position":"center center","background-size":"auto","background-attachment":"scroll","background-type":"","background-media":"","overlay-type":"","overlay-color":"","overlay-opacity":"","overlay-gradient":""},"tablet":{"background-color":"","background-image":"","background-repeat":"repeat","background-position":"center center","background-size":"auto","background-attachment":"scroll","background-type":"","background-media":"","overlay-type":"","overlay-color":"","overlay-opacity":"","overlay-gradient":""},"mobile":{"background-color":"","background-image":"","background-repeat":"repeat","background-position":"center center","background-size":"auto","background-attachment":"scroll","background-type":"","background-media":"","overlay-type":"","overlay-color":"","overlay-opacity":"","overlay-gradient":""}},"ast-content-background-meta":{"desktop":{"background-color":"var(--ast-global-color-5)","background-image":"","background-repeat":"repeat","background-position":"center center","background-size":"auto","background-attachment":"scroll","background-type":"","background-media":"","overlay-type":"","overlay-color":"","overlay-opacity":"","overlay-gradient":""},"tablet":{"background-color":"var(--ast-global-color-5)","background-image":"","background-repeat":"repeat","background-position":"center center","background-size":"auto","background-attachment":"scroll","background-type":"","background-media":"","overlay-type":"","overlay-color":"","overlay-opacity":"","overlay-gradient":""},"mobile":{"background-color":"var(--ast-global-color-5)","background-image":"","background-repeat":"repeat","background-position":"center center","background-size":"auto","background-attachment":"scroll","background-type":"","background-media":"","overlay-type":"","overlay-color":"","overlay-opacity":"","overlay-gradient":""}},"footnotes":""},"categories":[32],"tags":[2133,76],"class_list":["post-2187","post","type-post","status-publish","format-standard","has-post-thumbnail","hentry","category-noticies-farmacia","tag-impagaments","tag-oficina-de-farmacia"],"yoast_head":"<!-- This site is optimized with the Yoast SEO plugin v22.4 - https:\/\/yoast.com\/wordpress\/plugins\/seo\/ -->\n<title>Els farmac\u00e8utics catalans reclamen m\u00e9s de 12 M\u20ac en interessos de demora - Col\u00b7legi de Farmac\u00e8utics de Barcelona<\/title>\n<meta name=\"robots\" content=\"index, follow, max-snippet:-1, max-image-preview:large, max-video-preview:-1\" \/>\n<link rel=\"canonical\" href=\"https:\/\/novaorg.cofb.net\/2013\/07\/04\/els-farmaceutics-catalans-reclamen-mes-de-12-me-en-interessos-de-demora\/\" \/>\n<meta property=\"og:locale\" content=\"ca_ES\" \/>\n<meta property=\"og:type\" content=\"article\" \/>\n<meta property=\"og:title\" content=\"Els farmac\u00e8utics catalans reclamen m\u00e9s de 12 M\u20ac en interessos de demora - Col\u00b7legi de Farmac\u00e8utics de Barcelona\" \/>\n<meta property=\"og:description\" content=\"El 84% de les farm\u00e0cies catalanes s\u2019han unit per reclamar al CatSalut un total de 12.464.158,66\u20ac en concepte d\u2019interessos meritats pel retard en el pagament de les factures dels darrers cinc mesos de 2011 i de gener a octubre del 2012, en aplicaci\u00f3 del tipus d\u2019inter\u00e8s previst a l\u2019article 7 [&hellip;]\" \/>\n<meta property=\"og:url\" content=\"https:\/\/novaorg.cofb.net\/2013\/07\/04\/els-farmaceutics-catalans-reclamen-mes-de-12-me-en-interessos-de-demora\/\" \/>\n<meta property=\"og:site_name\" content=\"Col\u00b7legi de Farmac\u00e8utics de Barcelona\" \/>\n<meta property=\"article:publisher\" content=\"https:\/\/www.facebook.com\/farmaceuticsbcn\/\" \/>\n<meta property=\"article:published_time\" content=\"2013-07-04T12:28:52+00:00\" \/>\n<meta name=\"author\" content=\"wpAdminCofbOrg\" \/>\n<meta name=\"twitter:card\" content=\"summary_large_image\" \/>\n<meta name=\"twitter:creator\" content=\"@farmaceuticsbcn\" \/>\n<meta name=\"twitter:site\" content=\"@farmaceuticsbcn\" \/>\n<meta name=\"twitter:label1\" content=\"Escrit per\" \/>\n\t<meta name=\"twitter:data1\" content=\"wpAdminCofbOrg\" \/>\n\t<meta name=\"twitter:label2\" content=\"Temps estimat de lectura\" \/>\n\t<meta name=\"twitter:data2\" content=\"1 minut\" \/>\n<script type=\"application\/ld+json\" class=\"yoast-schema-graph\">{\"@context\":\"https:\/\/schema.org\",\"@graph\":[{\"@type\":\"Article\",\"@id\":\"https:\/\/novaorg.cofb.net\/2013\/07\/04\/els-farmaceutics-catalans-reclamen-mes-de-12-me-en-interessos-de-demora\/#article\",\"isPartOf\":{\"@id\":\"https:\/\/novaorg.cofb.net\/2013\/07\/04\/els-farmaceutics-catalans-reclamen-mes-de-12-me-en-interessos-de-demora\/\"},\"author\":{\"name\":\"wpAdminCofbOrg\",\"@id\":\"https:\/\/www.cofb.org\/#\/schema\/person\/22ed7eea88da74b0fa4d3154ad87ffcb\"},\"headline\":\"Els farmac\u00e8utics catalans reclamen m\u00e9s de 12 M\u20ac en interessos de demora\",\"datePublished\":\"2013-07-04T12:28:52+00:00\",\"dateModified\":\"2013-07-04T12:28:52+00:00\",\"mainEntityOfPage\":{\"@id\":\"https:\/\/novaorg.cofb.net\/2013\/07\/04\/els-farmaceutics-catalans-reclamen-mes-de-12-me-en-interessos-de-demora\/\"},\"wordCount\":130,\"commentCount\":0,\"publisher\":{\"@id\":\"https:\/\/www.cofb.org\/#organization\"},\"image\":{\"@id\":\"https:\/\/novaorg.cofb.net\/2013\/07\/04\/els-farmaceutics-catalans-reclamen-mes-de-12-me-en-interessos-de-demora\/#primaryimage\"},\"thumbnailUrl\":\"\",\"keywords\":[\"Impagaments\",\"Oficina de farm\u00e0cia\"],\"articleSection\":[\"Not\u00edcies farm\u00e0cia\"],\"inLanguage\":\"ca\",\"potentialAction\":[{\"@type\":\"CommentAction\",\"name\":\"Comment\",\"target\":[\"https:\/\/novaorg.cofb.net\/2013\/07\/04\/els-farmaceutics-catalans-reclamen-mes-de-12-me-en-interessos-de-demora\/#respond\"]}]},{\"@type\":\"WebPage\",\"@id\":\"https:\/\/novaorg.cofb.net\/2013\/07\/04\/els-farmaceutics-catalans-reclamen-mes-de-12-me-en-interessos-de-demora\/\",\"url\":\"https:\/\/novaorg.cofb.net\/2013\/07\/04\/els-farmaceutics-catalans-reclamen-mes-de-12-me-en-interessos-de-demora\/\",\"name\":\"Els farmac\u00e8utics catalans reclamen m\u00e9s de 12 M\u20ac en interessos de demora - Col\u00b7legi de Farmac\u00e8utics de Barcelona\",\"isPartOf\":{\"@id\":\"https:\/\/www.cofb.org\/#website\"},\"primaryImageOfPage\":{\"@id\":\"https:\/\/novaorg.cofb.net\/2013\/07\/04\/els-farmaceutics-catalans-reclamen-mes-de-12-me-en-interessos-de-demora\/#primaryimage\"},\"image\":{\"@id\":\"https:\/\/novaorg.cofb.net\/2013\/07\/04\/els-farmaceutics-catalans-reclamen-mes-de-12-me-en-interessos-de-demora\/#primaryimage\"},\"thumbnailUrl\":\"\",\"datePublished\":\"2013-07-04T12:28:52+00:00\",\"dateModified\":\"2013-07-04T12:28:52+00:00\",\"breadcrumb\":{\"@id\":\"https:\/\/novaorg.cofb.net\/2013\/07\/04\/els-farmaceutics-catalans-reclamen-mes-de-12-me-en-interessos-de-demora\/#breadcrumb\"},\"inLanguage\":\"ca\",\"potentialAction\":[{\"@type\":\"ReadAction\",\"target\":[\"https:\/\/novaorg.cofb.net\/2013\/07\/04\/els-farmaceutics-catalans-reclamen-mes-de-12-me-en-interessos-de-demora\/\"]}]},{\"@type\":\"ImageObject\",\"inLanguage\":\"ca\",\"@id\":\"https:\/\/novaorg.cofb.net\/2013\/07\/04\/els-farmaceutics-catalans-reclamen-mes-de-12-me-en-interessos-de-demora\/#primaryimage\",\"url\":\"\",\"contentUrl\":\"\"},{\"@type\":\"BreadcrumbList\",\"@id\":\"https:\/\/novaorg.cofb.net\/2013\/07\/04\/els-farmaceutics-catalans-reclamen-mes-de-12-me-en-interessos-de-demora\/#breadcrumb\",\"itemListElement\":[{\"@type\":\"ListItem\",\"position\":1,\"name\":\"Inici\",\"item\":\"https:\/\/novaorg.cofb.net\/\"},{\"@type\":\"ListItem\",\"position\":2,\"name\":\"Els farmac\u00e8utics catalans reclamen m\u00e9s de 12 M\u20ac en interessos de demora\"}]},{\"@type\":\"WebSite\",\"@id\":\"https:\/\/www.cofb.org\/#website\",\"url\":\"https:\/\/www.cofb.org\/\",\"name\":\"Col\u00b7legi de Farmac\u00e8utics de Barcelona\",\"description\":\"\",\"publisher\":{\"@id\":\"https:\/\/www.cofb.org\/#organization\"},\"potentialAction\":[{\"@type\":\"SearchAction\",\"target\":{\"@type\":\"EntryPoint\",\"urlTemplate\":\"https:\/\/www.cofb.org\/?s={search_term_string}\"},\"query-input\":\"required name=search_term_string\"}],\"inLanguage\":\"ca\"},{\"@type\":\"Organization\",\"@id\":\"https:\/\/www.cofb.org\/#organization\",\"name\":\"Col\u00b7legi de Farmac\u00e8utics de Barcelona\",\"url\":\"https:\/\/www.cofb.org\/\",\"logo\":{\"@type\":\"ImageObject\",\"inLanguage\":\"ca\",\"@id\":\"https:\/\/www.cofb.org\/#\/schema\/logo\/image\/\",\"url\":\"https:\/\/www.cofb.org\/wp-content\/uploads\/2023\/11\/cropped-Logotip-COFB.png\",\"contentUrl\":\"https:\/\/www.cofb.org\/wp-content\/uploads\/2023\/11\/cropped-Logotip-COFB.png\",\"width\":500,\"height\":105,\"caption\":\"Col\u00b7legi de Farmac\u00e8utics de Barcelona\"},\"image\":{\"@id\":\"https:\/\/www.cofb.org\/#\/schema\/logo\/image\/\"},\"sameAs\":[\"https:\/\/www.facebook.com\/farmaceuticsbcn\/\",\"https:\/\/twitter.com\/farmaceuticsbcn\",\"https:\/\/www.instagram.com\/farmaceuticsbcn\/\",\"https:\/\/www.linkedin.com\/company\/farmaceuticsbcn\/\"]},{\"@type\":\"Person\",\"@id\":\"https:\/\/www.cofb.org\/#\/schema\/person\/22ed7eea88da74b0fa4d3154ad87ffcb\",\"name\":\"wpAdminCofbOrg\",\"image\":{\"@type\":\"ImageObject\",\"inLanguage\":\"ca\",\"@id\":\"https:\/\/www.cofb.org\/#\/schema\/person\/image\/\",\"url\":\"https:\/\/secure.gravatar.com\/avatar\/1721b20b3b8ca882c3b56ec6c978c594fff670e40c0718e9190eaeeb76aae7d8?s=96&d=mm&r=g\",\"contentUrl\":\"https:\/\/secure.gravatar.com\/avatar\/1721b20b3b8ca882c3b56ec6c978c594fff670e40c0718e9190eaeeb76aae7d8?s=96&d=mm&r=g\",\"caption\":\"wpAdminCofbOrg\"},\"sameAs\":[\"http:\/\/192.168.64.122\/wordpress\"],\"url\":\"https:\/\/www.cofb.org\/ca\/author\/wpadmincofborg\/\"}]}<\/script>\n<!-- \/ Yoast SEO plugin. -->","yoast_head_json":{"title":"Els farmac\u00e8utics catalans reclamen m\u00e9s de 12 M\u20ac en interessos de demora - Col\u00b7legi de Farmac\u00e8utics de Barcelona","robots":{"index":"index","follow":"follow","max-snippet":"max-snippet:-1","max-image-preview":"max-image-preview:large","max-video-preview":"max-video-preview:-1"},"canonical":"https:\/\/novaorg.cofb.net\/2013\/07\/04\/els-farmaceutics-catalans-reclamen-mes-de-12-me-en-interessos-de-demora\/","og_locale":"ca_ES","og_type":"article","og_title":"Els farmac\u00e8utics catalans reclamen m\u00e9s de 12 M\u20ac en interessos de demora - Col\u00b7legi de Farmac\u00e8utics de Barcelona","og_description":"El 84% de les farm\u00e0cies catalanes s\u2019han unit per reclamar al CatSalut un total de 12.464.158,66\u20ac en concepte d\u2019interessos meritats pel retard en el pagament de les factures dels darrers cinc mesos de 2011 i de gener a octubre del 2012, en aplicaci\u00f3 del tipus d\u2019inter\u00e8s previst a l\u2019article 7 [&hellip;]","og_url":"https:\/\/novaorg.cofb.net\/2013\/07\/04\/els-farmaceutics-catalans-reclamen-mes-de-12-me-en-interessos-de-demora\/","og_site_name":"Col\u00b7legi de Farmac\u00e8utics de Barcelona","article_publisher":"https:\/\/www.facebook.com\/farmaceuticsbcn\/","article_published_time":"2013-07-04T12:28:52+00:00","author":"wpAdminCofbOrg","twitter_card":"summary_large_image","twitter_creator":"@farmaceuticsbcn","twitter_site":"@farmaceuticsbcn","twitter_misc":{"Escrit per":"wpAdminCofbOrg","Temps estimat de lectura":"1 minut"},"schema":{"@context":"https:\/\/schema.org","@graph":[{"@type":"Article","@id":"https:\/\/novaorg.cofb.net\/2013\/07\/04\/els-farmaceutics-catalans-reclamen-mes-de-12-me-en-interessos-de-demora\/#article","isPartOf":{"@id":"https:\/\/novaorg.cofb.net\/2013\/07\/04\/els-farmaceutics-catalans-reclamen-mes-de-12-me-en-interessos-de-demora\/"},"author":{"name":"wpAdminCofbOrg","@id":"https:\/\/www.cofb.org\/#\/schema\/person\/22ed7eea88da74b0fa4d3154ad87ffcb"},"headline":"Els farmac\u00e8utics catalans reclamen m\u00e9s de 12 M\u20ac en interessos de demora","datePublished":"2013-07-04T12:28:52+00:00","dateModified":"2013-07-04T12:28:52+00:00","mainEntityOfPage":{"@id":"https:\/\/novaorg.cofb.net\/2013\/07\/04\/els-farmaceutics-catalans-reclamen-mes-de-12-me-en-interessos-de-demora\/"},"wordCount":130,"commentCount":0,"publisher":{"@id":"https:\/\/www.cofb.org\/#organization"},"image":{"@id":"https:\/\/novaorg.cofb.net\/2013\/07\/04\/els-farmaceutics-catalans-reclamen-mes-de-12-me-en-interessos-de-demora\/#primaryimage"},"thumbnailUrl":"","keywords":["Impagaments","Oficina de farm\u00e0cia"],"articleSection":["Not\u00edcies farm\u00e0cia"],"inLanguage":"ca","potentialAction":[{"@type":"CommentAction","name":"Comment","target":["https:\/\/novaorg.cofb.net\/2013\/07\/04\/els-farmaceutics-catalans-reclamen-mes-de-12-me-en-interessos-de-demora\/#respond"]}]},{"@type":"WebPage","@id":"https:\/\/novaorg.cofb.net\/2013\/07\/04\/els-farmaceutics-catalans-reclamen-mes-de-12-me-en-interessos-de-demora\/","url":"https:\/\/novaorg.cofb.net\/2013\/07\/04\/els-farmaceutics-catalans-reclamen-mes-de-12-me-en-interessos-de-demora\/","name":"Els farmac\u00e8utics catalans reclamen m\u00e9s de 12 M\u20ac en interessos de demora - Col\u00b7legi de Farmac\u00e8utics de Barcelona","isPartOf":{"@id":"https:\/\/www.cofb.org\/#website"},"primaryImageOfPage":{"@id":"https:\/\/novaorg.cofb.net\/2013\/07\/04\/els-farmaceutics-catalans-reclamen-mes-de-12-me-en-interessos-de-demora\/#primaryimage"},"image":{"@id":"https:\/\/novaorg.cofb.net\/2013\/07\/04\/els-farmaceutics-catalans-reclamen-mes-de-12-me-en-interessos-de-demora\/#primaryimage"},"thumbnailUrl":"","datePublished":"2013-07-04T12:28:52+00:00","dateModified":"2013-07-04T12:28:52+00:00","breadcrumb":{"@id":"https:\/\/novaorg.cofb.net\/2013\/07\/04\/els-farmaceutics-catalans-reclamen-mes-de-12-me-en-interessos-de-demora\/#breadcrumb"},"inLanguage":"ca","potentialAction":[{"@type":"ReadAction","target":["https:\/\/novaorg.cofb.net\/2013\/07\/04\/els-farmaceutics-catalans-reclamen-mes-de-12-me-en-interessos-de-demora\/"]}]},{"@type":"ImageObject","inLanguage":"ca","@id":"https:\/\/novaorg.cofb.net\/2013\/07\/04\/els-farmaceutics-catalans-reclamen-mes-de-12-me-en-interessos-de-demora\/#primaryimage","url":"","contentUrl":""},{"@type":"BreadcrumbList","@id":"https:\/\/novaorg.cofb.net\/2013\/07\/04\/els-farmaceutics-catalans-reclamen-mes-de-12-me-en-interessos-de-demora\/#breadcrumb","itemListElement":[{"@type":"ListItem","position":1,"name":"Inici","item":"https:\/\/novaorg.cofb.net\/"},{"@type":"ListItem","position":2,"name":"Els farmac\u00e8utics catalans reclamen m\u00e9s de 12 M\u20ac en interessos de demora"}]},{"@type":"WebSite","@id":"https:\/\/www.cofb.org\/#website","url":"https:\/\/www.cofb.org\/","name":"Col\u00b7legi de Farmac\u00e8utics de Barcelona","description":"","publisher":{"@id":"https:\/\/www.cofb.org\/#organization"},"potentialAction":[{"@type":"SearchAction","target":{"@type":"EntryPoint","urlTemplate":"https:\/\/www.cofb.org\/?s={search_term_string}"},"query-input":"required name=search_term_string"}],"inLanguage":"ca"},{"@type":"Organization","@id":"https:\/\/www.cofb.org\/#organization","name":"Col\u00b7legi de Farmac\u00e8utics de Barcelona","url":"https:\/\/www.cofb.org\/","logo":{"@type":"ImageObject","inLanguage":"ca","@id":"https:\/\/www.cofb.org\/#\/schema\/logo\/image\/","url":"https:\/\/www.cofb.org\/wp-content\/uploads\/2023\/11\/cropped-Logotip-COFB.png","contentUrl":"https:\/\/www.cofb.org\/wp-content\/uploads\/2023\/11\/cropped-Logotip-COFB.png","width":500,"height":105,"caption":"Col\u00b7legi de Farmac\u00e8utics de Barcelona"},"image":{"@id":"https:\/\/www.cofb.org\/#\/schema\/logo\/image\/"},"sameAs":["https:\/\/www.facebook.com\/farmaceuticsbcn\/","https:\/\/twitter.com\/farmaceuticsbcn","https:\/\/www.instagram.com\/farmaceuticsbcn\/","https:\/\/www.linkedin.com\/company\/farmaceuticsbcn\/"]},{"@type":"Person","@id":"https:\/\/www.cofb.org\/#\/schema\/person\/22ed7eea88da74b0fa4d3154ad87ffcb","name":"wpAdminCofbOrg","image":{"@type":"ImageObject","inLanguage":"ca","@id":"https:\/\/www.cofb.org\/#\/schema\/person\/image\/","url":"https:\/\/secure.gravatar.com\/avatar\/1721b20b3b8ca882c3b56ec6c978c594fff670e40c0718e9190eaeeb76aae7d8?s=96&d=mm&r=g","contentUrl":"https:\/\/secure.gravatar.com\/avatar\/1721b20b3b8ca882c3b56ec6c978c594fff670e40c0718e9190eaeeb76aae7d8?s=96&d=mm&r=g","caption":"wpAdminCofbOrg"},"sameAs":["http:\/\/192.168.64.122\/wordpress"],"url":"https:\/\/www.cofb.org\/ca\/author\/wpadmincofborg\/"}]}},"uagb_featured_image_src":{"full":false,"thumbnail":false,"medium":false,"medium_large":false,"large":false,"1536x1536":false,"2048x2048":false,"trp-custom-language-flag":false},"uagb_author_info":{"display_name":"wpAdminCofbOrg","author_link":"https:\/\/www.cofb.org\/ca\/author\/wpadmincofborg\/"},"uagb_comment_info":0,"uagb_excerpt":"El 84% de les farm\u00e0cies catalanes s\u2019han unit per reclamar al CatSalut un total de 12.464.158,66\u20ac en concepte d\u2019interessos meritats pel retard en el pagament de les factures dels darrers cinc mesos de 2011 i de gener a octubre del 2012, en aplicaci\u00f3 del tipus d\u2019inter\u00e8s previst a l\u2019article 7 [&hellip;]","_links":{"self":[{"href":"https:\/\/www.cofb.org\/ca\/wp-json\/wp\/v2\/posts\/2187","targetHints":{"allow":["GET"]}}],"collection":[{"href":"https:\/\/www.cofb.org\/ca\/wp-json\/wp\/v2\/posts"}],"about":[{"href":"https:\/\/www.cofb.org\/ca\/wp-json\/wp\/v2\/types\/post"}],"author":[{"embeddable":true,"href":"https:\/\/www.cofb.org\/ca\/wp-json\/wp\/v2\/users\/1"}],"replies":[{"embeddable":true,"href":"https:\/\/www.cofb.org\/ca\/wp-json\/wp\/v2\/comments?post=2187"}],"version-history":[{"count":0,"href":"https:\/\/www.cofb.org\/ca\/wp-json\/wp\/v2\/posts\/2187\/revisions"}],"wp:featuredmedia":[{"embeddable":true,"href":"https:\/\/www.cofb.org\/ca\/wp-json\/"}],"wp:attachment":[{"href":"https:\/\/www.cofb.org\/ca\/wp-json\/wp\/v2\/media?parent=2187"}],"wp:term":[{"taxonomy":"category","embeddable":true,"href":"https:\/\/www.cofb.org\/ca\/wp-json\/wp\/v2\/categories?post=2187"},{"taxonomy":"post_tag","embeddable":true,"href":"https:\/\/www.cofb.org\/ca\/wp-json\/wp\/v2\/tags?post=2187"}],"curies":[{"name":"wp","href":"https:\/\/api.w.org\/{rel}","templated":true}]}}