{"id":21654,"date":"2016-05-25T16:24:01","date_gmt":"2016-05-25T15:24:01","guid":{"rendered":"http:\/\/blog.cofb.cat\/?p=21654"},"modified":"2016-05-25T16:24:01","modified_gmt":"2016-05-25T15:24:01","slug":"atencio-primaria-comunicacio-eficac-i-xarxes-socials","status":"publish","type":"post","link":"https:\/\/www.cofb.org\/ca\/2016\/05\/25\/atencio-primaria-comunicacio-eficac-i-xarxes-socials\/","title":{"rendered":"Atenci\u00f3 prim\u00e0ria: comunicaci\u00f3 efica\u00e7 i xarxes socials"},"content":{"rendered":"<figure id=\"attachment_21658\" aria-describedby=\"caption-attachment-21658\" style=\"width: 187px\" class=\"wp-caption alignleft\"><a href=\"http:\/\/blog.cofb.cat\/wp-content\/uploads\/2016\/05\/taller-xarxes-socials-atencio-primaria-1.jpg\"><img fetchpriority=\"high\" decoding=\"async\" class=\" wp-image-21658   \" alt=\"taller-xarxes-socials-atencio-primaria (1)\" src=\"http:\/\/blog.cofb.cat\/wp-content\/uploads\/2016\/05\/taller-xarxes-socials-atencio-primaria-1-683x1024.jpg\" width=\"187\" height=\"281\" \/><\/a><figcaption id=\"caption-attachment-21658\" class=\"wp-caption-text\">Carlos F. Oropesa<\/figcaption><\/figure>\n<p>Actualment tenim a la nostra disposici\u00f3 de manera constant una gran quantitat d\u2019informaci\u00f3 a trav\u00e9s d\u2019internet i xarxes socials. Aix\u00ed el gran repte que t\u00e9 actualment el farmac\u00e8utic d\u2019Atenci\u00f3 Prim\u00e0ria \u00e9s saber gestionar adequadament tota aquesta informaci\u00f3. I qu\u00e8 vol dir gestionar adequadament la informaci\u00f3? I com ho podem fer? <b>Carlos Fern\u00e1ndez Oropesa<\/b>, un dels farmac\u00e8utics <i>bloguers <\/i>d\u2019Atenci\u00f3 Prim\u00e0ria m\u00e9s influents de tota Espanya (\u00e9s membre del comit\u00e8 editorial del blog oficial <a href=\"https:\/\/farmaciadeatencionprimaria.com\/\" target=\"_blank\" rel=\"noopener\">Farmacia de Atenci\u00f3n Primaria<\/a> de la Sociedad Espa\u00f1ola de Farmac\u00e9uticos de Atenci\u00f3n Primaria i farmac\u00e8utic d\u2019atenci\u00f3 prim\u00e0ria de l\u2019\u00e0rea de gesti\u00f3 sanit\u00e0ria nord-est de Granada) va donar resposta a aquestes preguntes <b>al taller sobre xarxes socials i gesti\u00f3 de la informaci\u00f3<\/b>, que va tenir lloc al COFB el 31 de mar\u00e7.<\/p>\n<p>F. Oropesa va explicar com \u00e9s d\u2019important el <b>lideratge dels farmac\u00e8utics d\u2019atenci\u00f3 prim\u00e0ria en la gesti\u00f3 del coneixement sobre medicaments entre els professionals de la salut<\/b>. Per mantenir aquest lideratge, cal que els <b>farmac\u00e8utics estiguin constantment actualitzats<\/b> amb la informaci\u00f3 que realment sigui rellevant, saber de tot aquest exc\u00e9s de dades <b>quina font \u00e9s fiable i important per difondre-la<\/b>. En definitiva, han de saber gestionar la informaci\u00f3 per poder gestionar el coneixement de manera fiable.<\/p>\n<figure id=\"attachment_21660\" aria-describedby=\"caption-attachment-21660\" style=\"width: 304px\" class=\"wp-caption alignright\"><a href=\"http:\/\/blog.cofb.cat\/wp-content\/uploads\/2016\/05\/taller-xarxes-socials-atencio-primaria-3.jpg\"><img decoding=\"async\" class=\" wp-image-21660  \" alt=\"taller-xarxes-socials-atencio-primaria (3)\" src=\"http:\/\/blog.cofb.cat\/wp-content\/uploads\/2016\/05\/taller-xarxes-socials-atencio-primaria-3-1024x708.jpg\" width=\"304\" height=\"210\" \/><\/a><figcaption id=\"caption-attachment-21660\" class=\"wp-caption-text\">Roser Vall\u00e8s, vocal d&#8217;Atenci\u00f3 Pim\u00e0ria del COFB, i el docent del curs<\/figcaption><\/figure>\n<p>\u201cCom que tenim altres tasques i no podem estar tota la nostra jornada pendents de totes les fonts d\u2019informaci\u00f3, s\u00f3n b\u00e0sics i de gran ajuda els gestors de les fonts d\u2019informaci\u00f3. Un exemple molt \u00fatil que \u00e9s va explicar \u00e9s <strong><a href=\"https:\/\/feedly.com\/i\/welcome\">Feedly<\/a>,<\/strong> aplicaci\u00f3 disponible de manera lliure a Internet i que permet endre\u00e7ar i consultar d\u2019una manera \u00e0gil totes aquelles fonts d\u2019informaci\u00f3 que nosaltres hem prioritzat pr\u00e8viament per ser unes fonts de confian\u00e7a i importants dins la comunitat cient\u00edfica\u201d assenyala Roser Vall\u00e8s, vocal d\u2019Atenci\u00f3 prim\u00e0ria del COFB. \u201cTamb\u00e9 ens va explicar altres aplicacions com l\u2019<strong><a href=\"https:\/\/www.onenote.com\/hrd\">One Note<\/a><\/strong> o la import\u00e0ncia de la utilitzaci\u00f3 de les xarxes socials per a la nostra tasca professional\u201d.<\/p>\n<p>\u201cCom ha passat en altres tallers que ens ha donat el F. Oropesa, la informaci\u00f3 que ens ofereix sempre ens ajuda a millorar el nostre dia a dia i ser m\u00e9s eficients en el nostre temps dedicat a la gesti\u00f3 de la informaci\u00f3. I tota aix\u00f2 d\u2019una manera pr\u00e0ctica, senzilla i amena, sempre \u00e9s un plaer escoltar-lo\u201d conclou Vall\u00e8s.<\/p>\n<p><b><div class=\"custom-divider\"><\/div><br \/>\n<\/b><\/p>\n<p>El dia a dia del farmac\u00e8utic d\u2019atenci\u00f3 prim\u00e0ria ofereix m\u00faltiples oportunitats per fer presentacions o exposar davant dels professionals sanitaris que formen part de l\u2019equip assistencial. Si aprenem a comunicar-nos efectivament podem construir una comunicaci\u00f3 m\u00e9s satisfact\u00f2ria entre els professionals sanitaris de manera que aconseguim expressar de forma clara i directa all\u00f2 que volem transmetre.<\/p>\n<figure id=\"attachment_21669\" aria-describedby=\"caption-attachment-21669\" style=\"width: 268px\" class=\"wp-caption alignright\"><a href=\"http:\/\/blog.cofb.cat\/wp-content\/uploads\/2016\/05\/taller-comunicaci\u00f3-efica\u00e7-atencio-primaria-1.jpg\"><img decoding=\"async\" class=\" wp-image-21669  \" alt=\"taller-comunicaci\u00f3-efica\u00e7-atencio-primaria (1)\" src=\"http:\/\/blog.cofb.cat\/wp-content\/uploads\/2016\/05\/taller-comunicaci\u00f3-efica\u00e7-atencio-primaria-1-1024x683.jpg\" width=\"268\" height=\"178\" \/><\/a><figcaption id=\"caption-attachment-21669\" class=\"wp-caption-text\">La periodista i docent de la formaci\u00f3, Carme Chaparro<\/figcaption><\/figure>\n<p>El taller \u201c<b>Comunicaci\u00f3 efica\u00e7 en atenci\u00f3 prim\u00e0ria<\/b>\u201d, que va tenir lloc el 19 d\u2019abril, el va conduir la periodista <b>Carme Chaparro<\/b>, presentadora i coeditora de Informativos Telecinco, col\u00b7laboradora habitual en diferents publicacions de premsa escrita i tertuliana de Punto Radio. L\u2019objectiu era oferir diferents eines, als farmac\u00e8utics i farmacol\u00e8gs que treballen a atenci\u00f3 prim\u00e0ria, que poden ajudar a millorar la t\u00e8cnica de comunicaci\u00f3 sobretot en les presentacions en p\u00fablic. Mitjan\u00e7ant exemples reals i molt divertits de presentacions p\u00fabliques de personatges famosos (sobretot pol\u00edtics), Chaparro va donar algunes directrius b\u00e0siques a tenir en compte, per exemple:<\/p>\n<ul>\n<li>\u00c9s imprescindible una <b>bona preparaci\u00f3 pr\u00e8via<\/b> davant de qualsevol acte de comunicaci\u00f3.<\/li>\n<li>Ser <b>molt clars i concisos en els missatges <\/b>(millor pocs missatges i clars que no intentar transmetre moltes idees en poc temps).<\/li>\n<li><b>Repetir aquests missatges<\/b> i sobretot <b>posar passi\u00f3 i honestedat<\/b> en la nostra comunicaci\u00f3.<\/li>\n<\/ul>\n<p>La segona part del taller va consistir en filmar a tots els alumnes durant les seves presentacions orals d\u2019un minut aproximadament sobre un tema lliure que escollien ells mateixos. Despr\u00e9s, entre tots, es va analitzar cadascuna de les gravacions des del punt de vista de la t\u00e8cnica de comunicaci\u00f3 (llenguatge verbal i no verbal).<\/p>\n<figure id=\"attachment_21670\" aria-describedby=\"caption-attachment-21670\" style=\"width: 509px\" class=\"wp-caption aligncenter\"><a href=\"http:\/\/blog.cofb.cat\/wp-content\/uploads\/2016\/05\/taller-comunicaci\u00f3-efica\u00e7-atencio-primaria-2.jpg\"><img loading=\"lazy\" decoding=\"async\" class=\" wp-image-21670 \" alt=\"taller-comunicaci\u00f3-efica\u00e7-atencio-primaria (2)\" src=\"http:\/\/blog.cofb.cat\/wp-content\/uploads\/2016\/05\/taller-comunicaci\u00f3-efica\u00e7-atencio-primaria-2.jpg\" width=\"509\" height=\"262\" \/><\/a><figcaption id=\"caption-attachment-21670\" class=\"wp-caption-text\">La vocal del COFB, Roser Vall\u00e8s, va presentar el taller als farmac\u00e8utics assistents<\/figcaption><\/figure>\n<p style=\"text-align: left;\">\u201cVa ser un taller molt \u00fatil ja que per als farmac\u00e8utics d\u2019atenci\u00f3 prim\u00e0ria \u00e9s fonamental dominar les t\u00e8cniques de comunicaci\u00f3. <strong>Una de les nostres tasques principals \u00e9s la gesti\u00f3 del coneixement i forma part d\u2019aquesta gesti\u00f3 el saber transmetre aquest coneixement<\/strong>, \u00e9s a dir, comunicar i actuar com assessors per la resta de professionals d\u2019atenci\u00f3 prim\u00e0ria\u201d explica Roser Vall\u00e8s, vocal d\u2019Atenci\u00f3 Prim\u00e0ria del COF Barcelona.<\/p>\n<p><span style=\"color: #888888;\"><b>Ambdues formacions estaven adre\u00e7ades a farmac\u00e8utics d\u2019atenci\u00f3 prim\u00e0ria i van estar coordinades per Roser Vall\u00e8s Fern\u00e0ndez, vocal d\u2019Atenci\u00f3 Prim\u00e0ria del COF de Barcelona, i Esther Amado, vocal a Catalunya, Sociedad Espa\u00f1ola de Farmac\u00e9uticos de Atenci\u00f3n Primaria (SEFAP).<\/b><\/span><\/p>\n<p align=\"right\"><b>Amb la col\u00b7laboraci\u00f3 de:<\/b><\/p>\n<p align=\"right\"><b>Comunicaci\u00f3 efica\u00e7 en atenci\u00f3 prim\u00e0ria<\/b><\/p>\n<p align=\"right\"><a href=\"http:\/\/www.mundipharma.com\/\" target=\"_blank\" rel=\"noopener\"><img loading=\"lazy\" decoding=\"async\" class=\" wp-image-21657 alignright\" alt=\"logo-mundipharma\" src=\"http:\/\/blog.cofb.cat\/wp-content\/uploads\/2016\/05\/logo-mundipharma-150x81.jpg\" width=\"120\" height=\"65\" \/><\/a><\/p>\n<p align=\"right\">\n<p align=\"right\">\n<p align=\"right\">\n<p align=\"right\"><b>Taller de xarxes socials<\/b><\/p>\n<p align=\"right\"><a href=\"https:\/\/www.boehringer-ingelheim.es\/\" target=\"_blank\" rel=\"noopener\"><img loading=\"lazy\" decoding=\"async\" class=\"size-thumbnail wp-image-21656 alignright\" alt=\"logo-boehringeringelheim\" src=\"http:\/\/blog.cofb.cat\/wp-content\/uploads\/2016\/05\/logo-boehringeringelheim-150x45.jpg\" width=\"150\" height=\"45\" \/><\/a><\/p>\n","protected":false},"excerpt":{"rendered":"<p>Actualment tenim a la nostra disposici\u00f3 de manera constant una gran quantitat d\u2019informaci\u00f3 a trav\u00e9s d\u2019internet i xarxes socials. Aix\u00ed el gran repte que t\u00e9 actualment el farmac\u00e8utic d\u2019Atenci\u00f3 Prim\u00e0ria \u00e9s saber gestionar adequadament tota aquesta informaci\u00f3. I qu\u00e8 vol dir gestionar adequadament la informaci\u00f3? I com ho podem fer? [&hellip;]<\/p>\n","protected":false},"author":1,"featured_media":21659,"comment_status":"open","ping_status":"open","sticky":false,"template":"","format":"standard","meta":{"_uag_custom_page_level_css":"","site-sidebar-layout":"default","site-content-layout":"","ast-site-content-layout":"default","site-content-style":"default","site-sidebar-style":"default","ast-global-header-display":"","ast-banner-title-visibility":"","ast-main-header-display":"","ast-hfb-above-header-display":"","ast-hfb-below-header-display":"","ast-hfb-mobile-header-display":"","site-post-title":"","ast-breadcrumbs-content":"","ast-featured-img":"disabled","footer-sml-layout":"","theme-transparent-header-meta":"","adv-header-id-meta":"","stick-header-meta":"","header-above-stick-meta":"","header-main-stick-meta":"","header-below-stick-meta":"","astra-migrate-meta-layouts":"default","ast-page-background-enabled":"default","ast-page-background-meta":{"desktop":{"background-color":"var(--ast-global-color-4)","background-image":"","background-repeat":"repeat","background-position":"center center","background-size":"auto","background-attachment":"scroll","background-type":"","background-media":"","overlay-type":"","overlay-color":"","overlay-opacity":"","overlay-gradient":""},"tablet":{"background-color":"","background-image":"","background-repeat":"repeat","background-position":"center center","background-size":"auto","background-attachment":"scroll","background-type":"","background-media":"","overlay-type":"","overlay-color":"","overlay-opacity":"","overlay-gradient":""},"mobile":{"background-color":"","background-image":"","background-repeat":"repeat","background-position":"center center","background-size":"auto","background-attachment":"scroll","background-type":"","background-media":"","overlay-type":"","overlay-color":"","overlay-opacity":"","overlay-gradient":""}},"ast-content-background-meta":{"desktop":{"background-color":"var(--ast-global-color-5)","background-image":"","background-repeat":"repeat","background-position":"center center","background-size":"auto","background-attachment":"scroll","background-type":"","background-media":"","overlay-type":"","overlay-color":"","overlay-opacity":"","overlay-gradient":""},"tablet":{"background-color":"var(--ast-global-color-5)","background-image":"","background-repeat":"repeat","background-position":"center center","background-size":"auto","background-attachment":"scroll","background-type":"","background-media":"","overlay-type":"","overlay-color":"","overlay-opacity":"","overlay-gradient":""},"mobile":{"background-color":"var(--ast-global-color-5)","background-image":"","background-repeat":"repeat","background-position":"center center","background-size":"auto","background-attachment":"scroll","background-type":"","background-media":"","overlay-type":"","overlay-color":"","overlay-opacity":"","overlay-gradient":""}},"footnotes":""},"categories":[57],"tags":[938,553,2409,881],"class_list":["post-21654","post","type-post","status-publish","format-standard","has-post-thumbnail","hentry","category-mon-collegial","tag-atencio-primaria","tag-comunicacio","tag-comunicacio-eficac","tag-xarxes-socials"],"yoast_head":"<!-- This site is optimized with the Yoast SEO plugin v22.4 - https:\/\/yoast.com\/wordpress\/plugins\/seo\/ -->\n<title>Atenci\u00f3 prim\u00e0ria: comunicaci\u00f3 efica\u00e7 i xarxes socials - Col\u00b7legi de Farmac\u00e8utics de Barcelona<\/title>\n<meta name=\"robots\" content=\"index, follow, max-snippet:-1, max-image-preview:large, max-video-preview:-1\" \/>\n<link rel=\"canonical\" href=\"https:\/\/novaorg.cofb.net\/2016\/05\/25\/atencio-primaria-comunicacio-eficac-i-xarxes-socials\/\" \/>\n<meta property=\"og:locale\" content=\"ca_ES\" \/>\n<meta property=\"og:type\" content=\"article\" \/>\n<meta property=\"og:title\" content=\"Atenci\u00f3 prim\u00e0ria: comunicaci\u00f3 efica\u00e7 i xarxes socials - Col\u00b7legi de Farmac\u00e8utics de Barcelona\" \/>\n<meta property=\"og:description\" content=\"Actualment tenim a la nostra disposici\u00f3 de manera constant una gran quantitat d\u2019informaci\u00f3 a trav\u00e9s d\u2019internet i xarxes socials. Aix\u00ed el gran repte que t\u00e9 actualment el farmac\u00e8utic d\u2019Atenci\u00f3 Prim\u00e0ria \u00e9s saber gestionar adequadament tota aquesta informaci\u00f3. I qu\u00e8 vol dir gestionar adequadament la informaci\u00f3? I com ho podem fer? [&hellip;]\" \/>\n<meta property=\"og:url\" content=\"https:\/\/novaorg.cofb.net\/2016\/05\/25\/atencio-primaria-comunicacio-eficac-i-xarxes-socials\/\" \/>\n<meta property=\"og:site_name\" content=\"Col\u00b7legi de Farmac\u00e8utics de Barcelona\" \/>\n<meta property=\"article:publisher\" content=\"https:\/\/www.facebook.com\/farmaceuticsbcn\/\" \/>\n<meta property=\"article:published_time\" content=\"2016-05-25T15:24:01+00:00\" \/>\n<meta name=\"author\" content=\"wpAdminCofbOrg\" \/>\n<meta name=\"twitter:card\" content=\"summary_large_image\" \/>\n<meta name=\"twitter:creator\" content=\"@farmaceuticsbcn\" \/>\n<meta name=\"twitter:site\" content=\"@farmaceuticsbcn\" \/>\n<meta name=\"twitter:label1\" content=\"Escrit per\" \/>\n\t<meta name=\"twitter:data1\" content=\"wpAdminCofbOrg\" \/>\n\t<meta name=\"twitter:label2\" content=\"Temps estimat de lectura\" \/>\n\t<meta name=\"twitter:data2\" content=\"4 minuts\" \/>\n<script type=\"application\/ld+json\" class=\"yoast-schema-graph\">{\"@context\":\"https:\/\/schema.org\",\"@graph\":[{\"@type\":\"Article\",\"@id\":\"https:\/\/novaorg.cofb.net\/2016\/05\/25\/atencio-primaria-comunicacio-eficac-i-xarxes-socials\/#article\",\"isPartOf\":{\"@id\":\"https:\/\/novaorg.cofb.net\/2016\/05\/25\/atencio-primaria-comunicacio-eficac-i-xarxes-socials\/\"},\"author\":{\"name\":\"wpAdminCofbOrg\",\"@id\":\"https:\/\/www.cofb.org\/#\/schema\/person\/22ed7eea88da74b0fa4d3154ad87ffcb\"},\"headline\":\"Atenci\u00f3 prim\u00e0ria: comunicaci\u00f3 efica\u00e7 i xarxes socials\",\"datePublished\":\"2016-05-25T15:24:01+00:00\",\"dateModified\":\"2016-05-25T15:24:01+00:00\",\"mainEntityOfPage\":{\"@id\":\"https:\/\/novaorg.cofb.net\/2016\/05\/25\/atencio-primaria-comunicacio-eficac-i-xarxes-socials\/\"},\"wordCount\":903,\"commentCount\":0,\"publisher\":{\"@id\":\"https:\/\/www.cofb.org\/#organization\"},\"image\":{\"@id\":\"https:\/\/novaorg.cofb.net\/2016\/05\/25\/atencio-primaria-comunicacio-eficac-i-xarxes-socials\/#primaryimage\"},\"thumbnailUrl\":\"\",\"keywords\":[\"Atenci\u00f3 prim\u00e0ria\",\"comunicaci\u00f3\",\"comunicaci\u00f3 efica\u00e7\",\"xarxes socials\"],\"articleSection\":[\"M\u00f3n col\u00b7legial\"],\"inLanguage\":\"ca\",\"potentialAction\":[{\"@type\":\"CommentAction\",\"name\":\"Comment\",\"target\":[\"https:\/\/novaorg.cofb.net\/2016\/05\/25\/atencio-primaria-comunicacio-eficac-i-xarxes-socials\/#respond\"]}]},{\"@type\":\"WebPage\",\"@id\":\"https:\/\/novaorg.cofb.net\/2016\/05\/25\/atencio-primaria-comunicacio-eficac-i-xarxes-socials\/\",\"url\":\"https:\/\/novaorg.cofb.net\/2016\/05\/25\/atencio-primaria-comunicacio-eficac-i-xarxes-socials\/\",\"name\":\"Atenci\u00f3 prim\u00e0ria: comunicaci\u00f3 efica\u00e7 i xarxes socials - Col\u00b7legi de Farmac\u00e8utics de Barcelona\",\"isPartOf\":{\"@id\":\"https:\/\/www.cofb.org\/#website\"},\"primaryImageOfPage\":{\"@id\":\"https:\/\/novaorg.cofb.net\/2016\/05\/25\/atencio-primaria-comunicacio-eficac-i-xarxes-socials\/#primaryimage\"},\"image\":{\"@id\":\"https:\/\/novaorg.cofb.net\/2016\/05\/25\/atencio-primaria-comunicacio-eficac-i-xarxes-socials\/#primaryimage\"},\"thumbnailUrl\":\"\",\"datePublished\":\"2016-05-25T15:24:01+00:00\",\"dateModified\":\"2016-05-25T15:24:01+00:00\",\"breadcrumb\":{\"@id\":\"https:\/\/novaorg.cofb.net\/2016\/05\/25\/atencio-primaria-comunicacio-eficac-i-xarxes-socials\/#breadcrumb\"},\"inLanguage\":\"ca\",\"potentialAction\":[{\"@type\":\"ReadAction\",\"target\":[\"https:\/\/novaorg.cofb.net\/2016\/05\/25\/atencio-primaria-comunicacio-eficac-i-xarxes-socials\/\"]}]},{\"@type\":\"ImageObject\",\"inLanguage\":\"ca\",\"@id\":\"https:\/\/novaorg.cofb.net\/2016\/05\/25\/atencio-primaria-comunicacio-eficac-i-xarxes-socials\/#primaryimage\",\"url\":\"\",\"contentUrl\":\"\"},{\"@type\":\"BreadcrumbList\",\"@id\":\"https:\/\/novaorg.cofb.net\/2016\/05\/25\/atencio-primaria-comunicacio-eficac-i-xarxes-socials\/#breadcrumb\",\"itemListElement\":[{\"@type\":\"ListItem\",\"position\":1,\"name\":\"Inici\",\"item\":\"https:\/\/novaorg.cofb.net\/\"},{\"@type\":\"ListItem\",\"position\":2,\"name\":\"Atenci\u00f3 prim\u00e0ria: comunicaci\u00f3 efica\u00e7 i xarxes socials\"}]},{\"@type\":\"WebSite\",\"@id\":\"https:\/\/www.cofb.org\/#website\",\"url\":\"https:\/\/www.cofb.org\/\",\"name\":\"Col\u00b7legi de Farmac\u00e8utics de Barcelona\",\"description\":\"\",\"publisher\":{\"@id\":\"https:\/\/www.cofb.org\/#organization\"},\"potentialAction\":[{\"@type\":\"SearchAction\",\"target\":{\"@type\":\"EntryPoint\",\"urlTemplate\":\"https:\/\/www.cofb.org\/?s={search_term_string}\"},\"query-input\":\"required name=search_term_string\"}],\"inLanguage\":\"ca\"},{\"@type\":\"Organization\",\"@id\":\"https:\/\/www.cofb.org\/#organization\",\"name\":\"Col\u00b7legi de Farmac\u00e8utics de Barcelona\",\"url\":\"https:\/\/www.cofb.org\/\",\"logo\":{\"@type\":\"ImageObject\",\"inLanguage\":\"ca\",\"@id\":\"https:\/\/www.cofb.org\/#\/schema\/logo\/image\/\",\"url\":\"https:\/\/www.cofb.org\/wp-content\/uploads\/2023\/11\/cropped-Logotip-COFB.png\",\"contentUrl\":\"https:\/\/www.cofb.org\/wp-content\/uploads\/2023\/11\/cropped-Logotip-COFB.png\",\"width\":500,\"height\":105,\"caption\":\"Col\u00b7legi de Farmac\u00e8utics de Barcelona\"},\"image\":{\"@id\":\"https:\/\/www.cofb.org\/#\/schema\/logo\/image\/\"},\"sameAs\":[\"https:\/\/www.facebook.com\/farmaceuticsbcn\/\",\"https:\/\/twitter.com\/farmaceuticsbcn\",\"https:\/\/www.instagram.com\/farmaceuticsbcn\/\",\"https:\/\/www.linkedin.com\/company\/farmaceuticsbcn\/\"]},{\"@type\":\"Person\",\"@id\":\"https:\/\/www.cofb.org\/#\/schema\/person\/22ed7eea88da74b0fa4d3154ad87ffcb\",\"name\":\"wpAdminCofbOrg\",\"image\":{\"@type\":\"ImageObject\",\"inLanguage\":\"ca\",\"@id\":\"https:\/\/www.cofb.org\/#\/schema\/person\/image\/\",\"url\":\"https:\/\/secure.gravatar.com\/avatar\/1721b20b3b8ca882c3b56ec6c978c594fff670e40c0718e9190eaeeb76aae7d8?s=96&d=mm&r=g\",\"contentUrl\":\"https:\/\/secure.gravatar.com\/avatar\/1721b20b3b8ca882c3b56ec6c978c594fff670e40c0718e9190eaeeb76aae7d8?s=96&d=mm&r=g\",\"caption\":\"wpAdminCofbOrg\"},\"sameAs\":[\"http:\/\/192.168.64.122\/wordpress\"],\"url\":\"https:\/\/www.cofb.org\/ca\/author\/wpadmincofborg\/\"}]}<\/script>\n<!-- \/ Yoast SEO plugin. -->","yoast_head_json":{"title":"Atenci\u00f3 prim\u00e0ria: comunicaci\u00f3 efica\u00e7 i xarxes socials - Col\u00b7legi de Farmac\u00e8utics de Barcelona","robots":{"index":"index","follow":"follow","max-snippet":"max-snippet:-1","max-image-preview":"max-image-preview:large","max-video-preview":"max-video-preview:-1"},"canonical":"https:\/\/novaorg.cofb.net\/2016\/05\/25\/atencio-primaria-comunicacio-eficac-i-xarxes-socials\/","og_locale":"ca_ES","og_type":"article","og_title":"Atenci\u00f3 prim\u00e0ria: comunicaci\u00f3 efica\u00e7 i xarxes socials - Col\u00b7legi de Farmac\u00e8utics de Barcelona","og_description":"Actualment tenim a la nostra disposici\u00f3 de manera constant una gran quantitat d\u2019informaci\u00f3 a trav\u00e9s d\u2019internet i xarxes socials. Aix\u00ed el gran repte que t\u00e9 actualment el farmac\u00e8utic d\u2019Atenci\u00f3 Prim\u00e0ria \u00e9s saber gestionar adequadament tota aquesta informaci\u00f3. I qu\u00e8 vol dir gestionar adequadament la informaci\u00f3? I com ho podem fer? [&hellip;]","og_url":"https:\/\/novaorg.cofb.net\/2016\/05\/25\/atencio-primaria-comunicacio-eficac-i-xarxes-socials\/","og_site_name":"Col\u00b7legi de Farmac\u00e8utics de Barcelona","article_publisher":"https:\/\/www.facebook.com\/farmaceuticsbcn\/","article_published_time":"2016-05-25T15:24:01+00:00","author":"wpAdminCofbOrg","twitter_card":"summary_large_image","twitter_creator":"@farmaceuticsbcn","twitter_site":"@farmaceuticsbcn","twitter_misc":{"Escrit per":"wpAdminCofbOrg","Temps estimat de lectura":"4 minuts"},"schema":{"@context":"https:\/\/schema.org","@graph":[{"@type":"Article","@id":"https:\/\/novaorg.cofb.net\/2016\/05\/25\/atencio-primaria-comunicacio-eficac-i-xarxes-socials\/#article","isPartOf":{"@id":"https:\/\/novaorg.cofb.net\/2016\/05\/25\/atencio-primaria-comunicacio-eficac-i-xarxes-socials\/"},"author":{"name":"wpAdminCofbOrg","@id":"https:\/\/www.cofb.org\/#\/schema\/person\/22ed7eea88da74b0fa4d3154ad87ffcb"},"headline":"Atenci\u00f3 prim\u00e0ria: comunicaci\u00f3 efica\u00e7 i xarxes socials","datePublished":"2016-05-25T15:24:01+00:00","dateModified":"2016-05-25T15:24:01+00:00","mainEntityOfPage":{"@id":"https:\/\/novaorg.cofb.net\/2016\/05\/25\/atencio-primaria-comunicacio-eficac-i-xarxes-socials\/"},"wordCount":903,"commentCount":0,"publisher":{"@id":"https:\/\/www.cofb.org\/#organization"},"image":{"@id":"https:\/\/novaorg.cofb.net\/2016\/05\/25\/atencio-primaria-comunicacio-eficac-i-xarxes-socials\/#primaryimage"},"thumbnailUrl":"","keywords":["Atenci\u00f3 prim\u00e0ria","comunicaci\u00f3","comunicaci\u00f3 efica\u00e7","xarxes socials"],"articleSection":["M\u00f3n col\u00b7legial"],"inLanguage":"ca","potentialAction":[{"@type":"CommentAction","name":"Comment","target":["https:\/\/novaorg.cofb.net\/2016\/05\/25\/atencio-primaria-comunicacio-eficac-i-xarxes-socials\/#respond"]}]},{"@type":"WebPage","@id":"https:\/\/novaorg.cofb.net\/2016\/05\/25\/atencio-primaria-comunicacio-eficac-i-xarxes-socials\/","url":"https:\/\/novaorg.cofb.net\/2016\/05\/25\/atencio-primaria-comunicacio-eficac-i-xarxes-socials\/","name":"Atenci\u00f3 prim\u00e0ria: comunicaci\u00f3 efica\u00e7 i xarxes socials - Col\u00b7legi de Farmac\u00e8utics de Barcelona","isPartOf":{"@id":"https:\/\/www.cofb.org\/#website"},"primaryImageOfPage":{"@id":"https:\/\/novaorg.cofb.net\/2016\/05\/25\/atencio-primaria-comunicacio-eficac-i-xarxes-socials\/#primaryimage"},"image":{"@id":"https:\/\/novaorg.cofb.net\/2016\/05\/25\/atencio-primaria-comunicacio-eficac-i-xarxes-socials\/#primaryimage"},"thumbnailUrl":"","datePublished":"2016-05-25T15:24:01+00:00","dateModified":"2016-05-25T15:24:01+00:00","breadcrumb":{"@id":"https:\/\/novaorg.cofb.net\/2016\/05\/25\/atencio-primaria-comunicacio-eficac-i-xarxes-socials\/#breadcrumb"},"inLanguage":"ca","potentialAction":[{"@type":"ReadAction","target":["https:\/\/novaorg.cofb.net\/2016\/05\/25\/atencio-primaria-comunicacio-eficac-i-xarxes-socials\/"]}]},{"@type":"ImageObject","inLanguage":"ca","@id":"https:\/\/novaorg.cofb.net\/2016\/05\/25\/atencio-primaria-comunicacio-eficac-i-xarxes-socials\/#primaryimage","url":"","contentUrl":""},{"@type":"BreadcrumbList","@id":"https:\/\/novaorg.cofb.net\/2016\/05\/25\/atencio-primaria-comunicacio-eficac-i-xarxes-socials\/#breadcrumb","itemListElement":[{"@type":"ListItem","position":1,"name":"Inici","item":"https:\/\/novaorg.cofb.net\/"},{"@type":"ListItem","position":2,"name":"Atenci\u00f3 prim\u00e0ria: comunicaci\u00f3 efica\u00e7 i xarxes socials"}]},{"@type":"WebSite","@id":"https:\/\/www.cofb.org\/#website","url":"https:\/\/www.cofb.org\/","name":"Col\u00b7legi de Farmac\u00e8utics de Barcelona","description":"","publisher":{"@id":"https:\/\/www.cofb.org\/#organization"},"potentialAction":[{"@type":"SearchAction","target":{"@type":"EntryPoint","urlTemplate":"https:\/\/www.cofb.org\/?s={search_term_string}"},"query-input":"required name=search_term_string"}],"inLanguage":"ca"},{"@type":"Organization","@id":"https:\/\/www.cofb.org\/#organization","name":"Col\u00b7legi de Farmac\u00e8utics de Barcelona","url":"https:\/\/www.cofb.org\/","logo":{"@type":"ImageObject","inLanguage":"ca","@id":"https:\/\/www.cofb.org\/#\/schema\/logo\/image\/","url":"https:\/\/www.cofb.org\/wp-content\/uploads\/2023\/11\/cropped-Logotip-COFB.png","contentUrl":"https:\/\/www.cofb.org\/wp-content\/uploads\/2023\/11\/cropped-Logotip-COFB.png","width":500,"height":105,"caption":"Col\u00b7legi de Farmac\u00e8utics de Barcelona"},"image":{"@id":"https:\/\/www.cofb.org\/#\/schema\/logo\/image\/"},"sameAs":["https:\/\/www.facebook.com\/farmaceuticsbcn\/","https:\/\/twitter.com\/farmaceuticsbcn","https:\/\/www.instagram.com\/farmaceuticsbcn\/","https:\/\/www.linkedin.com\/company\/farmaceuticsbcn\/"]},{"@type":"Person","@id":"https:\/\/www.cofb.org\/#\/schema\/person\/22ed7eea88da74b0fa4d3154ad87ffcb","name":"wpAdminCofbOrg","image":{"@type":"ImageObject","inLanguage":"ca","@id":"https:\/\/www.cofb.org\/#\/schema\/person\/image\/","url":"https:\/\/secure.gravatar.com\/avatar\/1721b20b3b8ca882c3b56ec6c978c594fff670e40c0718e9190eaeeb76aae7d8?s=96&d=mm&r=g","contentUrl":"https:\/\/secure.gravatar.com\/avatar\/1721b20b3b8ca882c3b56ec6c978c594fff670e40c0718e9190eaeeb76aae7d8?s=96&d=mm&r=g","caption":"wpAdminCofbOrg"},"sameAs":["http:\/\/192.168.64.122\/wordpress"],"url":"https:\/\/www.cofb.org\/ca\/author\/wpadmincofborg\/"}]}},"uagb_featured_image_src":{"full":false,"thumbnail":false,"medium":false,"medium_large":false,"large":false,"1536x1536":false,"2048x2048":false,"trp-custom-language-flag":false},"uagb_author_info":{"display_name":"wpAdminCofbOrg","author_link":"https:\/\/www.cofb.org\/ca\/author\/wpadmincofborg\/"},"uagb_comment_info":0,"uagb_excerpt":"Actualment tenim a la nostra disposici\u00f3 de manera constant una gran quantitat d\u2019informaci\u00f3 a trav\u00e9s d\u2019internet i xarxes socials. Aix\u00ed el gran repte que t\u00e9 actualment el farmac\u00e8utic d\u2019Atenci\u00f3 Prim\u00e0ria \u00e9s saber gestionar adequadament tota aquesta informaci\u00f3. I qu\u00e8 vol dir gestionar adequadament la informaci\u00f3? I com ho podem fer? [&hellip;]","_links":{"self":[{"href":"https:\/\/www.cofb.org\/ca\/wp-json\/wp\/v2\/posts\/21654","targetHints":{"allow":["GET"]}}],"collection":[{"href":"https:\/\/www.cofb.org\/ca\/wp-json\/wp\/v2\/posts"}],"about":[{"href":"https:\/\/www.cofb.org\/ca\/wp-json\/wp\/v2\/types\/post"}],"author":[{"embeddable":true,"href":"https:\/\/www.cofb.org\/ca\/wp-json\/wp\/v2\/users\/1"}],"replies":[{"embeddable":true,"href":"https:\/\/www.cofb.org\/ca\/wp-json\/wp\/v2\/comments?post=21654"}],"version-history":[{"count":0,"href":"https:\/\/www.cofb.org\/ca\/wp-json\/wp\/v2\/posts\/21654\/revisions"}],"wp:featuredmedia":[{"embeddable":true,"href":"https:\/\/www.cofb.org\/ca\/wp-json\/"}],"wp:attachment":[{"href":"https:\/\/www.cofb.org\/ca\/wp-json\/wp\/v2\/media?parent=21654"}],"wp:term":[{"taxonomy":"category","embeddable":true,"href":"https:\/\/www.cofb.org\/ca\/wp-json\/wp\/v2\/categories?post=21654"},{"taxonomy":"post_tag","embeddable":true,"href":"https:\/\/www.cofb.org\/ca\/wp-json\/wp\/v2\/tags?post=21654"}],"curies":[{"name":"wp","href":"https:\/\/api.w.org\/{rel}","templated":true}]}}