{"id":20871,"date":"2016-05-10T10:18:30","date_gmt":"2016-05-10T09:18:30","guid":{"rendered":"http:\/\/blog.cofb.cat\/?p=20871"},"modified":"2016-05-10T10:18:30","modified_gmt":"2016-05-10T09:18:30","slug":"atopia-farmacologia-formulacio-i-cosmetica","status":"publish","type":"post","link":"https:\/\/www.cofb.org\/ca\/2016\/05\/10\/atopia-farmacologia-formulacio-i-cosmetica\/","title":{"rendered":"At\u00f2pia: farmacologia, formulaci\u00f3 i cosm\u00e8tica"},"content":{"rendered":"<p><a href=\"http:\/\/blog.cofb.cat\/wp-content\/uploads\/2016\/04\/curs-atopia-COFB-aprofarm1.jpg\"><img fetchpriority=\"high\" decoding=\"async\" class=\" wp-image-20958 alignright\" alt=\"curs-atopia-COFB-aprofarm1\" src=\"http:\/\/blog.cofb.cat\/wp-content\/uploads\/2016\/04\/curs-atopia-COFB-aprofarm1-1024x629.jpg\" width=\"372\" height=\"228\" \/><\/a>La intervenci\u00f3 del farmac\u00e8utic permet detectar persones amb at\u00f2pia i aconsellar un tractament o derivar al metge. <strong>Con\u00e8ixer la farmacologia i les possibilitats de tractament amb medicaments individualitzats permet proporcionar un bon consell farmac\u00e8utic<\/strong>. Aix\u00ed mateix, els coneixements en dermocosm\u00e8tica complementen l\u2019atenci\u00f3 farmac\u00e8utica i permeten oferir productes complementaris per tractar els s\u00edmptomes.<\/p>\n<p>Per obtenir els coneixements i adquirir les eines per fer una intervenci\u00f3 farmac\u00e8utica \u00f2ptima per atendre pacients amb at\u00f2pia -repassant la farmacologia, la formulaci\u00f3 magistral i la cosm\u00e8tica-, el COFB va organitzar el 3 de mar\u00e7 el curs \u201c<b>At\u00f2pia: farmacologia, formulaci\u00f3 i cosm\u00e8tica<\/b>\u201d amb la col\u00b7laboraci\u00f3 d\u2019<a href=\"http:\/\/www.aprofarm.org\/\" target=\"_blank\" rel=\"noopener\">Aprofarm<\/a>.<\/p>\n<p>Mitjan\u00e7ant una sessi\u00f3 multidisciplin\u00e0ria amb tres xerrades impartides per un metge especialista, un farmac\u00e8utic expert en atenci\u00f3 farmac\u00e8utica i dermocosm\u00e8tica, i un farmac\u00e8utic expert en f\u00f3rmules magistrals, els alumnes van poder con\u00e8ixer la farmacologia dels tractaments de l\u2019at\u00f2pia, els tractaments personalitzats amb formulaci\u00f3 magistral i els cosm\u00e8tics complementaris.<\/p>\n<p>L\u2019equip docent va estar format per <b>Maribel Iglesias,<\/b> dermat\u00f2loga de l\u2019Hospital Universitari Sagrat Cor; <b>Gemma Vila<\/b>, farmac\u00e8utica substituta, diplomada en salut p\u00fablica, vocal de SEFAC Catalunya, implicada en el desenvolupament de l&#8217;atenci\u00f3 farmac\u00e8utica;\u00a0<strong>Montserrat Torrell<\/strong>, farmac\u00e8utica, secret\u00e0ria t\u00e8cnica d&#8217;Aprofarm; i <b>Francesc Llamb\u00ed<\/b>, professor associat de la Unitat de Tecnologia Farmac\u00e8utica de la Facultat de Farm\u00e0cia de la UB, president d\u2019Aprofarm i vocal de la Junta de Govern del COF de Barcelona. Llamb\u00ed va dirigir l\u2019acte, i tamb\u00e9 el va coordinar juntament amb <b>N\u00faria Bosch<\/b>, vocal de Dermofarm\u00e0cia i Productes Sanitaris del COFB.<\/p>\n<figure id=\"attachment_20959\" aria-describedby=\"caption-attachment-20959\" style=\"width: 286px\" class=\"wp-caption alignleft\"><a href=\"http:\/\/blog.cofb.cat\/wp-content\/uploads\/2016\/04\/curs-atopia-COFB-aprofarm2.jpg\"><img decoding=\"async\" class=\" wp-image-20959  \" alt=\"curs-atopia-COFB-aprofarm2\" src=\"http:\/\/blog.cofb.cat\/wp-content\/uploads\/2016\/04\/curs-atopia-COFB-aprofarm2-1024x683.jpg\" width=\"286\" height=\"190\" \/><\/a><figcaption id=\"caption-attachment-20959\" class=\"wp-caption-text\">La doctora Maribel Iglesias, dermat\u00f2loga de l\u2019Hospital Universitari Sagrat Cor<\/figcaption><\/figure>\n<div class=\"box shadow\"><strong>Iglesias<\/strong> va oferir una xerrada de revisi\u00f3 de l&#8217;at\u00f2pia estructurada en preguntes freq\u00fcents que rep el dermat\u00f2leg en la seva consulta: \u201cPot debutar la dermatitis at\u00f2pica despr\u00e9s de la inf\u00e0ncia? \u00c9s la histamina el mediador principal del prurit en la pell at\u00f2pica? S&#8217;ha de contraindicar la higiene di\u00e0ria en pacients amb dermatitis at\u00f2pica? Estan indicats els probi\u00f2tics i prebi\u00f2tics?\u201d. A continuaci\u00f3,<strong> Llamb\u00ed<\/strong> va fer un rep\u00e0s al tractament farmacol\u00f2gic i les estrat\u00e8gies terap\u00e8utiques, centrant-se especialment en les formulacions magistrals que poden aportar un tractament m\u00e9s individualitzat a aquests pacients. Des de les solucions astringents per a les fases m\u00e9s agudes, diferents tipus d&#8217;emulsions -per a pells sensibles, amb corticoides, combinats amb antibi\u00f2tics, antipruriginosos-, fins a les mesures d&#8217;higiene i hidrataci\u00f3 per al manteniment del pacient at\u00f2pic.<\/p>\n<p>[caption id=\"attachment_20960\" align=\"alignright\" width=\"298\"]<a href=\"http:\/\/blog.cofb.cat\/wp-content\/uploads\/2016\/04\/curs-atopia-COFB-aprofarm3.jpg\"><img decoding=\"async\" class=\" wp-image-20960   \" alt=\"curs-atopia-COFB-aprofarm3\" src=\"http:\/\/blog.cofb.cat\/wp-content\/uploads\/2016\/04\/curs-atopia-COFB-aprofarm3-1024x683.jpg\" width=\"298\" height=\"198\" \/><\/a> Francesc Llamb\u00ed, president d\u2019Aprofarm i vocal de la Junta de Govern del COF de Barcelona[\/caption]<\/p>\n<p><strong>Torrell<\/strong> va aportar algunes mostres de les diferents formulacions proposades, es va poder provar les diferents textures que es poden elaborar per formulaci\u00f3 magistral i es va donar una breu pinzellada dels m\u00e8todes d&#8217;elaboraci\u00f3. Finalment, <strong>Vila<\/strong> va presentar els protocols d&#8217;intervenci\u00f3 farmac\u00e8utica en dermatitis at\u00f2pica i el q\u00fcestionari elaborat per SEFAC. Quant al consell dermocosm\u00e8tic, es va presentar un estudi comparatiu dels diferents actius inclosos en productes cosm\u00e8tics del canal farmac\u00e8utic i els seus avantatges respecte als d&#8217;altres canals.<\/div>\n<p>El format del curs va resultar molt enriquidor per a tots els assistents, aconseguint un enfocament transversal de la patologia, la seva farmacologia i consells al pacient.<\/p>\n<p><strong>Potser tamb\u00e9 t&#8217;interessa:<\/strong><\/p>\n<ul>\n<li><a href=\"http:\/\/blog.cofb.cat\/el-cof-de-barcelona-edita-un-formulari-per-personalitzar-els-tractaments-pal%C2%B7liatius-dels-pacients\/\" target=\"_blank\" rel=\"noopener\">El COF de Barcelona edita un formulari per personalitzar els tractaments pal\u00b7liatius dels pacients <\/a>(Blog)<\/li>\n<li><a href=\"http:\/\/blog.cofb.cat\/la-farmacia-experta-en-cosmetica\/\" target=\"_blank\" rel=\"noopener\">La farm\u00e0cia, experta en cosm\u00e8tica<\/a> (Blog)<\/li>\n<li><a href=\"http:\/\/blog.cofb.cat\/viii-forum-aprofarm-una-nova-versio-daproformula-facilita-la-coordinacio-entre-el-metge-prescriptor-i-el-farmaceutic-formulador\/\" target=\"_blank\" rel=\"noopener\">VIII F\u00f2rum Aprofarm: una nova versi\u00f3 d\u2019Aproformula facilita la coordinaci\u00f3 entre el metge prescriptor i el farmac\u00e8utic formulador <\/a>(Blog)<\/li>\n<li><a href=\"http:\/\/blog.cofb.cat\/la-formulacio-magistral-te-molt-per-aportar-en-dermatologia\/\" target=\"_blank\" rel=\"noopener\">La Formulaci\u00f3 Magistral t\u00e9 molt per aportar en Dermatologia<\/a> (Blog)<\/li>\n<\/ul>\n<p align=\"right\"><b>Amb la col\u00b7laboraci\u00f3 de:<\/b><\/p>\n<p align=\"right\"><b><a href=\"http:\/\/www.aprofarm.org\/\" target=\"_blank\" rel=\"noopener\"><img loading=\"lazy\" decoding=\"async\" class=\"wp-image-20952 alignright\" alt=\"APROFARM\" src=\"http:\/\/blog.cofb.cat\/wp-content\/uploads\/2016\/04\/APROFARM.jpg\" width=\"135\" height=\"61\" \/><\/a> <a href=\"http:\/\/dermatologia.leti.com\/es\/piel-atopica_1118\" target=\"_blank\" rel=\"noopener\"><img loading=\"lazy\" decoding=\"async\" class=\"wp-image-20953 alignright\" alt=\"AT4\" src=\"http:\/\/blog.cofb.cat\/wp-content\/uploads\/2016\/04\/AT4.jpg\" width=\"105\" height=\"37\" \/><\/a> <a href=\"http:\/\/www.leti.com\/es\/\" target=\"_blank\" rel=\"noopener\"><img loading=\"lazy\" decoding=\"async\" class=\"wp-image-20954 alignright\" alt=\"LETI\" src=\"http:\/\/blog.cofb.cat\/wp-content\/uploads\/2016\/04\/LETI.jpg\" width=\"120\" height=\"52\" \/><\/a><\/b><\/p>\n","protected":false},"excerpt":{"rendered":"<p>La intervenci\u00f3 del farmac\u00e8utic permet detectar persones amb at\u00f2pia i aconsellar un tractament o derivar al metge. Con\u00e8ixer la farmacologia i les possibilitats de tractament amb medicaments individualitzats permet proporcionar un bon consell farmac\u00e8utic. Aix\u00ed mateix, els coneixements en dermocosm\u00e8tica complementen l\u2019atenci\u00f3 farmac\u00e8utica i permeten oferir productes complementaris per tractar [&hellip;]<\/p>\n","protected":false},"author":1,"featured_media":20957,"comment_status":"open","ping_status":"open","sticky":false,"template":"","format":"standard","meta":{"_uag_custom_page_level_css":"","site-sidebar-layout":"default","site-content-layout":"","ast-site-content-layout":"default","site-content-style":"default","site-sidebar-style":"default","ast-global-header-display":"","ast-banner-title-visibility":"","ast-main-header-display":"","ast-hfb-above-header-display":"","ast-hfb-below-header-display":"","ast-hfb-mobile-header-display":"","site-post-title":"","ast-breadcrumbs-content":"","ast-featured-img":"disabled","footer-sml-layout":"","theme-transparent-header-meta":"","adv-header-id-meta":"","stick-header-meta":"","header-above-stick-meta":"","header-main-stick-meta":"","header-below-stick-meta":"","astra-migrate-meta-layouts":"default","ast-page-background-enabled":"default","ast-page-background-meta":{"desktop":{"background-color":"var(--ast-global-color-4)","background-image":"","background-repeat":"repeat","background-position":"center center","background-size":"auto","background-attachment":"scroll","background-type":"","background-media":"","overlay-type":"","overlay-color":"","overlay-opacity":"","overlay-gradient":""},"tablet":{"background-color":"","background-image":"","background-repeat":"repeat","background-position":"center center","background-size":"auto","background-attachment":"scroll","background-type":"","background-media":"","overlay-type":"","overlay-color":"","overlay-opacity":"","overlay-gradient":""},"mobile":{"background-color":"","background-image":"","background-repeat":"repeat","background-position":"center center","background-size":"auto","background-attachment":"scroll","background-type":"","background-media":"","overlay-type":"","overlay-color":"","overlay-opacity":"","overlay-gradient":""}},"ast-content-background-meta":{"desktop":{"background-color":"var(--ast-global-color-5)","background-image":"","background-repeat":"repeat","background-position":"center center","background-size":"auto","background-attachment":"scroll","background-type":"","background-media":"","overlay-type":"","overlay-color":"","overlay-opacity":"","overlay-gradient":""},"tablet":{"background-color":"var(--ast-global-color-5)","background-image":"","background-repeat":"repeat","background-position":"center center","background-size":"auto","background-attachment":"scroll","background-type":"","background-media":"","overlay-type":"","overlay-color":"","overlay-opacity":"","overlay-gradient":""},"mobile":{"background-color":"var(--ast-global-color-5)","background-image":"","background-repeat":"repeat","background-position":"center center","background-size":"auto","background-attachment":"scroll","background-type":"","background-media":"","overlay-type":"","overlay-color":"","overlay-opacity":"","overlay-gradient":""}},"footnotes":""},"categories":[57],"tags":[2231,2382,443,650],"class_list":["post-20871","post","type-post","status-publish","format-standard","has-post-thumbnail","hentry","category-mon-collegial","tag-aprofarm","tag-atopia","tag-dermocosmetica","tag-formulacio-magistral"],"yoast_head":"<!-- This site is optimized with the Yoast SEO plugin v22.4 - https:\/\/yoast.com\/wordpress\/plugins\/seo\/ -->\n<title>At\u00f2pia: farmacologia, formulaci\u00f3 i cosm\u00e8tica - Col\u00b7legi de Farmac\u00e8utics de Barcelona<\/title>\n<meta name=\"robots\" content=\"index, follow, max-snippet:-1, max-image-preview:large, max-video-preview:-1\" \/>\n<link rel=\"canonical\" href=\"https:\/\/novaorg.cofb.net\/2016\/05\/10\/atopia-farmacologia-formulacio-i-cosmetica\/\" \/>\n<meta property=\"og:locale\" content=\"ca_ES\" \/>\n<meta property=\"og:type\" content=\"article\" \/>\n<meta property=\"og:title\" content=\"At\u00f2pia: farmacologia, formulaci\u00f3 i cosm\u00e8tica - Col\u00b7legi de Farmac\u00e8utics de Barcelona\" \/>\n<meta property=\"og:description\" content=\"La intervenci\u00f3 del farmac\u00e8utic permet detectar persones amb at\u00f2pia i aconsellar un tractament o derivar al metge. Con\u00e8ixer la farmacologia i les possibilitats de tractament amb medicaments individualitzats permet proporcionar un bon consell farmac\u00e8utic. Aix\u00ed mateix, els coneixements en dermocosm\u00e8tica complementen l\u2019atenci\u00f3 farmac\u00e8utica i permeten oferir productes complementaris per tractar [&hellip;]\" \/>\n<meta property=\"og:url\" content=\"https:\/\/novaorg.cofb.net\/2016\/05\/10\/atopia-farmacologia-formulacio-i-cosmetica\/\" \/>\n<meta property=\"og:site_name\" content=\"Col\u00b7legi de Farmac\u00e8utics de Barcelona\" \/>\n<meta property=\"article:publisher\" content=\"https:\/\/www.facebook.com\/farmaceuticsbcn\/\" \/>\n<meta property=\"article:published_time\" content=\"2016-05-10T09:18:30+00:00\" \/>\n<meta name=\"author\" content=\"wpAdminCofbOrg\" \/>\n<meta name=\"twitter:card\" content=\"summary_large_image\" \/>\n<meta name=\"twitter:creator\" content=\"@farmaceuticsbcn\" \/>\n<meta name=\"twitter:site\" content=\"@farmaceuticsbcn\" \/>\n<meta name=\"twitter:label1\" content=\"Escrit per\" \/>\n\t<meta name=\"twitter:data1\" content=\"wpAdminCofbOrg\" \/>\n\t<meta name=\"twitter:label2\" content=\"Temps estimat de lectura\" \/>\n\t<meta name=\"twitter:data2\" content=\"3 minuts\" \/>\n<script type=\"application\/ld+json\" class=\"yoast-schema-graph\">{\"@context\":\"https:\/\/schema.org\",\"@graph\":[{\"@type\":\"Article\",\"@id\":\"https:\/\/novaorg.cofb.net\/2016\/05\/10\/atopia-farmacologia-formulacio-i-cosmetica\/#article\",\"isPartOf\":{\"@id\":\"https:\/\/novaorg.cofb.net\/2016\/05\/10\/atopia-farmacologia-formulacio-i-cosmetica\/\"},\"author\":{\"name\":\"wpAdminCofbOrg\",\"@id\":\"https:\/\/www.cofb.org\/#\/schema\/person\/22ed7eea88da74b0fa4d3154ad87ffcb\"},\"headline\":\"At\u00f2pia: farmacologia, formulaci\u00f3 i cosm\u00e8tica\",\"datePublished\":\"2016-05-10T09:18:30+00:00\",\"dateModified\":\"2016-05-10T09:18:30+00:00\",\"mainEntityOfPage\":{\"@id\":\"https:\/\/novaorg.cofb.net\/2016\/05\/10\/atopia-farmacologia-formulacio-i-cosmetica\/\"},\"wordCount\":664,\"commentCount\":0,\"publisher\":{\"@id\":\"https:\/\/www.cofb.org\/#organization\"},\"image\":{\"@id\":\"https:\/\/novaorg.cofb.net\/2016\/05\/10\/atopia-farmacologia-formulacio-i-cosmetica\/#primaryimage\"},\"thumbnailUrl\":\"\",\"keywords\":[\"Aprofarm\",\"at\u00f2pia\",\"dermocosm\u00e8tica\",\"Formulaci\u00f3 magistral\"],\"articleSection\":[\"M\u00f3n col\u00b7legial\"],\"inLanguage\":\"ca\",\"potentialAction\":[{\"@type\":\"CommentAction\",\"name\":\"Comment\",\"target\":[\"https:\/\/novaorg.cofb.net\/2016\/05\/10\/atopia-farmacologia-formulacio-i-cosmetica\/#respond\"]}]},{\"@type\":\"WebPage\",\"@id\":\"https:\/\/novaorg.cofb.net\/2016\/05\/10\/atopia-farmacologia-formulacio-i-cosmetica\/\",\"url\":\"https:\/\/novaorg.cofb.net\/2016\/05\/10\/atopia-farmacologia-formulacio-i-cosmetica\/\",\"name\":\"At\u00f2pia: farmacologia, formulaci\u00f3 i cosm\u00e8tica - Col\u00b7legi de Farmac\u00e8utics de Barcelona\",\"isPartOf\":{\"@id\":\"https:\/\/www.cofb.org\/#website\"},\"primaryImageOfPage\":{\"@id\":\"https:\/\/novaorg.cofb.net\/2016\/05\/10\/atopia-farmacologia-formulacio-i-cosmetica\/#primaryimage\"},\"image\":{\"@id\":\"https:\/\/novaorg.cofb.net\/2016\/05\/10\/atopia-farmacologia-formulacio-i-cosmetica\/#primaryimage\"},\"thumbnailUrl\":\"\",\"datePublished\":\"2016-05-10T09:18:30+00:00\",\"dateModified\":\"2016-05-10T09:18:30+00:00\",\"breadcrumb\":{\"@id\":\"https:\/\/novaorg.cofb.net\/2016\/05\/10\/atopia-farmacologia-formulacio-i-cosmetica\/#breadcrumb\"},\"inLanguage\":\"ca\",\"potentialAction\":[{\"@type\":\"ReadAction\",\"target\":[\"https:\/\/novaorg.cofb.net\/2016\/05\/10\/atopia-farmacologia-formulacio-i-cosmetica\/\"]}]},{\"@type\":\"ImageObject\",\"inLanguage\":\"ca\",\"@id\":\"https:\/\/novaorg.cofb.net\/2016\/05\/10\/atopia-farmacologia-formulacio-i-cosmetica\/#primaryimage\",\"url\":\"\",\"contentUrl\":\"\"},{\"@type\":\"BreadcrumbList\",\"@id\":\"https:\/\/novaorg.cofb.net\/2016\/05\/10\/atopia-farmacologia-formulacio-i-cosmetica\/#breadcrumb\",\"itemListElement\":[{\"@type\":\"ListItem\",\"position\":1,\"name\":\"Inici\",\"item\":\"https:\/\/novaorg.cofb.net\/\"},{\"@type\":\"ListItem\",\"position\":2,\"name\":\"At\u00f2pia: farmacologia, formulaci\u00f3 i cosm\u00e8tica\"}]},{\"@type\":\"WebSite\",\"@id\":\"https:\/\/www.cofb.org\/#website\",\"url\":\"https:\/\/www.cofb.org\/\",\"name\":\"Col\u00b7legi de Farmac\u00e8utics de Barcelona\",\"description\":\"\",\"publisher\":{\"@id\":\"https:\/\/www.cofb.org\/#organization\"},\"potentialAction\":[{\"@type\":\"SearchAction\",\"target\":{\"@type\":\"EntryPoint\",\"urlTemplate\":\"https:\/\/www.cofb.org\/?s={search_term_string}\"},\"query-input\":\"required name=search_term_string\"}],\"inLanguage\":\"ca\"},{\"@type\":\"Organization\",\"@id\":\"https:\/\/www.cofb.org\/#organization\",\"name\":\"Col\u00b7legi de Farmac\u00e8utics de Barcelona\",\"url\":\"https:\/\/www.cofb.org\/\",\"logo\":{\"@type\":\"ImageObject\",\"inLanguage\":\"ca\",\"@id\":\"https:\/\/www.cofb.org\/#\/schema\/logo\/image\/\",\"url\":\"https:\/\/www.cofb.org\/wp-content\/uploads\/2023\/11\/cropped-Logotip-COFB.png\",\"contentUrl\":\"https:\/\/www.cofb.org\/wp-content\/uploads\/2023\/11\/cropped-Logotip-COFB.png\",\"width\":500,\"height\":105,\"caption\":\"Col\u00b7legi de Farmac\u00e8utics de Barcelona\"},\"image\":{\"@id\":\"https:\/\/www.cofb.org\/#\/schema\/logo\/image\/\"},\"sameAs\":[\"https:\/\/www.facebook.com\/farmaceuticsbcn\/\",\"https:\/\/twitter.com\/farmaceuticsbcn\",\"https:\/\/www.instagram.com\/farmaceuticsbcn\/\",\"https:\/\/www.linkedin.com\/company\/farmaceuticsbcn\/\"]},{\"@type\":\"Person\",\"@id\":\"https:\/\/www.cofb.org\/#\/schema\/person\/22ed7eea88da74b0fa4d3154ad87ffcb\",\"name\":\"wpAdminCofbOrg\",\"image\":{\"@type\":\"ImageObject\",\"inLanguage\":\"ca\",\"@id\":\"https:\/\/www.cofb.org\/#\/schema\/person\/image\/\",\"url\":\"https:\/\/secure.gravatar.com\/avatar\/1721b20b3b8ca882c3b56ec6c978c594fff670e40c0718e9190eaeeb76aae7d8?s=96&d=mm&r=g\",\"contentUrl\":\"https:\/\/secure.gravatar.com\/avatar\/1721b20b3b8ca882c3b56ec6c978c594fff670e40c0718e9190eaeeb76aae7d8?s=96&d=mm&r=g\",\"caption\":\"wpAdminCofbOrg\"},\"sameAs\":[\"http:\/\/192.168.64.122\/wordpress\"],\"url\":\"https:\/\/www.cofb.org\/ca\/author\/wpadmincofborg\/\"}]}<\/script>\n<!-- \/ Yoast SEO plugin. -->","yoast_head_json":{"title":"At\u00f2pia: farmacologia, formulaci\u00f3 i cosm\u00e8tica - Col\u00b7legi de Farmac\u00e8utics de Barcelona","robots":{"index":"index","follow":"follow","max-snippet":"max-snippet:-1","max-image-preview":"max-image-preview:large","max-video-preview":"max-video-preview:-1"},"canonical":"https:\/\/novaorg.cofb.net\/2016\/05\/10\/atopia-farmacologia-formulacio-i-cosmetica\/","og_locale":"ca_ES","og_type":"article","og_title":"At\u00f2pia: farmacologia, formulaci\u00f3 i cosm\u00e8tica - Col\u00b7legi de Farmac\u00e8utics de Barcelona","og_description":"La intervenci\u00f3 del farmac\u00e8utic permet detectar persones amb at\u00f2pia i aconsellar un tractament o derivar al metge. Con\u00e8ixer la farmacologia i les possibilitats de tractament amb medicaments individualitzats permet proporcionar un bon consell farmac\u00e8utic. Aix\u00ed mateix, els coneixements en dermocosm\u00e8tica complementen l\u2019atenci\u00f3 farmac\u00e8utica i permeten oferir productes complementaris per tractar [&hellip;]","og_url":"https:\/\/novaorg.cofb.net\/2016\/05\/10\/atopia-farmacologia-formulacio-i-cosmetica\/","og_site_name":"Col\u00b7legi de Farmac\u00e8utics de Barcelona","article_publisher":"https:\/\/www.facebook.com\/farmaceuticsbcn\/","article_published_time":"2016-05-10T09:18:30+00:00","author":"wpAdminCofbOrg","twitter_card":"summary_large_image","twitter_creator":"@farmaceuticsbcn","twitter_site":"@farmaceuticsbcn","twitter_misc":{"Escrit per":"wpAdminCofbOrg","Temps estimat de lectura":"3 minuts"},"schema":{"@context":"https:\/\/schema.org","@graph":[{"@type":"Article","@id":"https:\/\/novaorg.cofb.net\/2016\/05\/10\/atopia-farmacologia-formulacio-i-cosmetica\/#article","isPartOf":{"@id":"https:\/\/novaorg.cofb.net\/2016\/05\/10\/atopia-farmacologia-formulacio-i-cosmetica\/"},"author":{"name":"wpAdminCofbOrg","@id":"https:\/\/www.cofb.org\/#\/schema\/person\/22ed7eea88da74b0fa4d3154ad87ffcb"},"headline":"At\u00f2pia: farmacologia, formulaci\u00f3 i cosm\u00e8tica","datePublished":"2016-05-10T09:18:30+00:00","dateModified":"2016-05-10T09:18:30+00:00","mainEntityOfPage":{"@id":"https:\/\/novaorg.cofb.net\/2016\/05\/10\/atopia-farmacologia-formulacio-i-cosmetica\/"},"wordCount":664,"commentCount":0,"publisher":{"@id":"https:\/\/www.cofb.org\/#organization"},"image":{"@id":"https:\/\/novaorg.cofb.net\/2016\/05\/10\/atopia-farmacologia-formulacio-i-cosmetica\/#primaryimage"},"thumbnailUrl":"","keywords":["Aprofarm","at\u00f2pia","dermocosm\u00e8tica","Formulaci\u00f3 magistral"],"articleSection":["M\u00f3n col\u00b7legial"],"inLanguage":"ca","potentialAction":[{"@type":"CommentAction","name":"Comment","target":["https:\/\/novaorg.cofb.net\/2016\/05\/10\/atopia-farmacologia-formulacio-i-cosmetica\/#respond"]}]},{"@type":"WebPage","@id":"https:\/\/novaorg.cofb.net\/2016\/05\/10\/atopia-farmacologia-formulacio-i-cosmetica\/","url":"https:\/\/novaorg.cofb.net\/2016\/05\/10\/atopia-farmacologia-formulacio-i-cosmetica\/","name":"At\u00f2pia: farmacologia, formulaci\u00f3 i cosm\u00e8tica - Col\u00b7legi de Farmac\u00e8utics de Barcelona","isPartOf":{"@id":"https:\/\/www.cofb.org\/#website"},"primaryImageOfPage":{"@id":"https:\/\/novaorg.cofb.net\/2016\/05\/10\/atopia-farmacologia-formulacio-i-cosmetica\/#primaryimage"},"image":{"@id":"https:\/\/novaorg.cofb.net\/2016\/05\/10\/atopia-farmacologia-formulacio-i-cosmetica\/#primaryimage"},"thumbnailUrl":"","datePublished":"2016-05-10T09:18:30+00:00","dateModified":"2016-05-10T09:18:30+00:00","breadcrumb":{"@id":"https:\/\/novaorg.cofb.net\/2016\/05\/10\/atopia-farmacologia-formulacio-i-cosmetica\/#breadcrumb"},"inLanguage":"ca","potentialAction":[{"@type":"ReadAction","target":["https:\/\/novaorg.cofb.net\/2016\/05\/10\/atopia-farmacologia-formulacio-i-cosmetica\/"]}]},{"@type":"ImageObject","inLanguage":"ca","@id":"https:\/\/novaorg.cofb.net\/2016\/05\/10\/atopia-farmacologia-formulacio-i-cosmetica\/#primaryimage","url":"","contentUrl":""},{"@type":"BreadcrumbList","@id":"https:\/\/novaorg.cofb.net\/2016\/05\/10\/atopia-farmacologia-formulacio-i-cosmetica\/#breadcrumb","itemListElement":[{"@type":"ListItem","position":1,"name":"Inici","item":"https:\/\/novaorg.cofb.net\/"},{"@type":"ListItem","position":2,"name":"At\u00f2pia: farmacologia, formulaci\u00f3 i cosm\u00e8tica"}]},{"@type":"WebSite","@id":"https:\/\/www.cofb.org\/#website","url":"https:\/\/www.cofb.org\/","name":"Col\u00b7legi de Farmac\u00e8utics de Barcelona","description":"","publisher":{"@id":"https:\/\/www.cofb.org\/#organization"},"potentialAction":[{"@type":"SearchAction","target":{"@type":"EntryPoint","urlTemplate":"https:\/\/www.cofb.org\/?s={search_term_string}"},"query-input":"required name=search_term_string"}],"inLanguage":"ca"},{"@type":"Organization","@id":"https:\/\/www.cofb.org\/#organization","name":"Col\u00b7legi de Farmac\u00e8utics de Barcelona","url":"https:\/\/www.cofb.org\/","logo":{"@type":"ImageObject","inLanguage":"ca","@id":"https:\/\/www.cofb.org\/#\/schema\/logo\/image\/","url":"https:\/\/www.cofb.org\/wp-content\/uploads\/2023\/11\/cropped-Logotip-COFB.png","contentUrl":"https:\/\/www.cofb.org\/wp-content\/uploads\/2023\/11\/cropped-Logotip-COFB.png","width":500,"height":105,"caption":"Col\u00b7legi de Farmac\u00e8utics de Barcelona"},"image":{"@id":"https:\/\/www.cofb.org\/#\/schema\/logo\/image\/"},"sameAs":["https:\/\/www.facebook.com\/farmaceuticsbcn\/","https:\/\/twitter.com\/farmaceuticsbcn","https:\/\/www.instagram.com\/farmaceuticsbcn\/","https:\/\/www.linkedin.com\/company\/farmaceuticsbcn\/"]},{"@type":"Person","@id":"https:\/\/www.cofb.org\/#\/schema\/person\/22ed7eea88da74b0fa4d3154ad87ffcb","name":"wpAdminCofbOrg","image":{"@type":"ImageObject","inLanguage":"ca","@id":"https:\/\/www.cofb.org\/#\/schema\/person\/image\/","url":"https:\/\/secure.gravatar.com\/avatar\/1721b20b3b8ca882c3b56ec6c978c594fff670e40c0718e9190eaeeb76aae7d8?s=96&d=mm&r=g","contentUrl":"https:\/\/secure.gravatar.com\/avatar\/1721b20b3b8ca882c3b56ec6c978c594fff670e40c0718e9190eaeeb76aae7d8?s=96&d=mm&r=g","caption":"wpAdminCofbOrg"},"sameAs":["http:\/\/192.168.64.122\/wordpress"],"url":"https:\/\/www.cofb.org\/ca\/author\/wpadmincofborg\/"}]}},"uagb_featured_image_src":{"full":false,"thumbnail":false,"medium":false,"medium_large":false,"large":false,"1536x1536":false,"2048x2048":false,"trp-custom-language-flag":false},"uagb_author_info":{"display_name":"wpAdminCofbOrg","author_link":"https:\/\/www.cofb.org\/ca\/author\/wpadmincofborg\/"},"uagb_comment_info":0,"uagb_excerpt":"La intervenci\u00f3 del farmac\u00e8utic permet detectar persones amb at\u00f2pia i aconsellar un tractament o derivar al metge. Con\u00e8ixer la farmacologia i les possibilitats de tractament amb medicaments individualitzats permet proporcionar un bon consell farmac\u00e8utic. Aix\u00ed mateix, els coneixements en dermocosm\u00e8tica complementen l\u2019atenci\u00f3 farmac\u00e8utica i permeten oferir productes complementaris per tractar [&hellip;]","_links":{"self":[{"href":"https:\/\/www.cofb.org\/ca\/wp-json\/wp\/v2\/posts\/20871","targetHints":{"allow":["GET"]}}],"collection":[{"href":"https:\/\/www.cofb.org\/ca\/wp-json\/wp\/v2\/posts"}],"about":[{"href":"https:\/\/www.cofb.org\/ca\/wp-json\/wp\/v2\/types\/post"}],"author":[{"embeddable":true,"href":"https:\/\/www.cofb.org\/ca\/wp-json\/wp\/v2\/users\/1"}],"replies":[{"embeddable":true,"href":"https:\/\/www.cofb.org\/ca\/wp-json\/wp\/v2\/comments?post=20871"}],"version-history":[{"count":0,"href":"https:\/\/www.cofb.org\/ca\/wp-json\/wp\/v2\/posts\/20871\/revisions"}],"wp:featuredmedia":[{"embeddable":true,"href":"https:\/\/www.cofb.org\/ca\/wp-json\/"}],"wp:attachment":[{"href":"https:\/\/www.cofb.org\/ca\/wp-json\/wp\/v2\/media?parent=20871"}],"wp:term":[{"taxonomy":"category","embeddable":true,"href":"https:\/\/www.cofb.org\/ca\/wp-json\/wp\/v2\/categories?post=20871"},{"taxonomy":"post_tag","embeddable":true,"href":"https:\/\/www.cofb.org\/ca\/wp-json\/wp\/v2\/tags?post=20871"}],"curies":[{"name":"wp","href":"https:\/\/api.w.org\/{rel}","templated":true}]}}