{"id":20285,"date":"2016-03-31T12:57:45","date_gmt":"2016-03-31T11:57:45","guid":{"rendered":"http:\/\/blog.cofb.cat\/?p=20285"},"modified":"2016-03-31T12:57:45","modified_gmt":"2016-03-31T11:57:45","slug":"31-de-marc-dia-mundial-contra-el-cancer-de-colon","status":"publish","type":"post","link":"https:\/\/www.cofb.org\/ca\/2016\/03\/31\/31-de-marc-dia-mundial-contra-el-cancer-de-colon\/","title":{"rendered":"31 de mar\u00e7: Dia Mundial contra el c\u00e0ncer de c\u00f2lon"},"content":{"rendered":"<figure id=\"attachment_20288\" aria-describedby=\"caption-attachment-20288\" style=\"width: 286px\" class=\"wp-caption alignright\"><a href=\"http:\/\/blog.cofb.cat\/wp-content\/uploads\/2016\/03\/material-PDPCCR.jpg\"><img fetchpriority=\"high\" decoding=\"async\" class=\" wp-image-20288   \" alt=\"material-PDPCCR\" src=\"http:\/\/blog.cofb.cat\/wp-content\/uploads\/2016\/03\/material-PDPCCR.jpg\" width=\"286\" height=\"190\" \/><\/a><figcaption id=\"caption-attachment-20288\" class=\"wp-caption-text\">Materials del Programa de detecci\u00f3 preco\u00e7 de c\u00e0ncer de c\u00f2lon i recte<\/figcaption><\/figure>\n<p><b>Prevenir per v\u00e8ncer al c\u00e0ncer<\/b>. Avui, 31 de mar\u00e7, se celebra el Dia Mundial contra el c\u00e0ncer de c\u00f2lon una malaltia que registra m\u00e9s de 6.000 nous casos cada any a Catalunya. \u00c9s el segon c\u00e0ncer m\u00e9s freq\u00fcent entre les dones, i el tercer entre els homes, i el que t\u00e9 m\u00e9s incid\u00e8ncia si es sumen\u00a0 homes i dones. \u00c9s la segona causa de mort \u00a0mper c\u00e0ncer i moren aproximadament 2.100 persones per c\u00e0ncer cada any, i la majoria es produeixen en persones de m\u00e9s de 54 anys. <b>Una detecci\u00f3 preco\u00e7 augmenta de manera significativa la superviv\u00e8ncia<\/b>.<\/p>\n<p>El Programa de detecci\u00f3 preco\u00e7 de c\u00e0ncer de c\u00f2lon i recte (PDPCCR), en qu\u00e8 participen activament les farm\u00e0cies, persegueix diagnosticar i tractar els casos de c\u00e0ncer de c\u00f2lon i recte el m\u00e9s aviat possible. El diagn\u00f2stic preco\u00e7 ha demostrat que disminueix la incid\u00e8ncia del c\u00e0ncer i augmenta significativament la superviv\u00e8ncia.<\/p>\n<p>El Programa es va iniciar l\u2019any 2000 a l\u2019Hospitalet de Llobregat, i despr\u00e9s, el 2004, a l\u2019Alt Pened\u00e8s. A finals de 2009 es van incorporar les farm\u00e0cies: s\u2019establia un model organitzatiu entre l\u2019Hospital Cl\u00ednic, l\u2019Hospital del Mar i el Col\u00b7legi de Farmac\u00e8utics de Barcelona amb l\u2019objectiu de millorar l\u2019accessibilitat de la prova i el nivell de participaci\u00f3 a trav\u00e9s de la implicaci\u00f3 dels farmac\u00e8utics.<\/p>\n<p><strong>La implicaci\u00f3 de les farm\u00e0cies en el Programa ha contribu\u00eft a facilitar l\u2019accessibilitat de la prova i a augmentar la taxa de participaci\u00f3 dels usuaris<\/strong>, una xifra que augmenta any rere any. Aix\u00ed ho demostren xifres de la prov\u00edncia de Barcelona:<\/p>\n<p><b><div class=\"box shadow\"><\/b><strong>Primera ronda (2010-2011):<\/strong><\/p>\n<ul>\n<li>taxa de participaci\u00f3 del 43,5%<\/li>\n<li>79.884 persones es van fer la prova d\u2019una poblaci\u00f3 diana de 197.000 persones<\/li>\n<\/ul>\n<p><strong>Segona ronda (2012-2013)<\/strong><\/p>\n<ul>\n<li>taxa de participaci\u00f3 del 48%<\/li>\n<li>81.777 persones van accedir a la prova d\u2019una poblaci\u00f3 diana de 170.000 persones.<b><b><\/div><\/b><\/b><\/li>\n<\/ul>\n<p><b>Desplegament del programa<\/b><\/p>\n<p>Al gener de l&#8217;any passat el programa es va engegar a les comarques d&#8217;Osona, la Garrotxa i el Ripoll\u00e8s, en el seu desplegament progressiu a tota Catalunya. Des del setembre del 2015 el Programa <strong>ha iniciat de forma gradual la seva extensi\u00f3<\/strong> a la resta de Barcelona ciutat, l&#8217;\u00e0rea Metropolitana Sud, \u00c0mbit del Barcelon\u00e8s Nord, Maresme i Vall\u00e9s Occidental i fins al final d&#8217;any s&#8217;ha anat desplegant a la resta del territori de la regi\u00f3, que inclou els municipis de les comarques del Garraf, el Vall\u00e9s Oriental, Anoia i el Bages-Bergued\u00e0. <strong>Est\u00e0 previst que el Programa estigui present a tots el territoris a principis del 2018<\/strong>.\u201d<\/p>\n<p>Concretament, pel que fa a <strong>Barcelona ciutat,<\/strong> al districte de Nou Barris estan actives les \u00c0rees B\u00e0siques de Salut (ABS) de Ciutat Meridiana, Xafarines, Roquetes, Guineueta, Prosperitat, Rio de Janeiro i Verdun, i properament ho estaran les de Tur\u00f3 de la Peira, Vilapicina i Cotxeres; a Sarri\u00e0\u2013Sant Gervasi, les ABS de Vallvidrera- Les Planes i Marc Aureli; a Les Corts, les ABS de Pedralbes, Montegre i Les Corts; a Ciutat Vella, les ABS del Raval i la Barceloneta; a Sant Mart\u00ed, l\u2019ABS de Camp de l\u2019Arpa i properament les de Ramon Turr\u00f3, Poblenou i Vila Ol\u00edmpica; a l\u2019Eixample, les ABS de Dreta de l\u2019Eixample i Passeig Sant Joan, i properament les de Comte Borrell-Rossell\u00f3, Casanova, Sagrada Fam\u00edlia, Gaud\u00ed i Via Roma; i a Sant Andreu estaran properament actives les ABS de Casernes i Sagrera.<\/p>\n<p><strong>Com funciona el programa?\u00a0<\/strong><\/p>\n<p>Est\u00e0 adre\u00e7at a una <b>poblaci\u00f3 diana d\u2019homes i dones de 50 a 69 anys<\/b>, per\u00edode d\u2019edat de m\u00e9s risc i en qu\u00e8 la detecci\u00f3 preco\u00e7 s\u2019ha demostrat beneficiosa. A partir del passat mes, i al llarg de dos anys, aquestes persones aniran rebent una <b>carta acompanyada del tr\u00edptic informatiu del Programa i un llistat de farm\u00e0cies adherides al programa<\/b>, on la persona interessada haur\u00e0 de lliurar la carta rebuda, que cont\u00e9 impr\u00e8s un codi d\u2019identificaci\u00f3 personal. A la farm\u00e0cia li faran unes preguntes sobre els seus antecedents personals i familiars, i li donaran un kit per dipositar una mostra de femta i les instruccions de com conservar-la fins que la porti de nou a la farm\u00e0cia, que no cal que sigui la mateixa on va anar a recollir el tub col\u00b7lector de la mostra. El m\u00e8tode de cribratge es fa a partir d\u2019una an\u00e0lisi per detectar si hi ha restes de sang oculta en femta. Les farm\u00e0cies informaran a la Unitat de Cribratge corresponent de qualsevol inconvenient sorgit en l\u2019obtenci\u00f3 de la mostra.<\/p>\n<p><span style=\"color: #888888;\"><b>La tasca dels farmac\u00e8utics consisteix en tenir un paper proactiu a l\u2019hora de conv\u00e8ncer i conscienciar de la import\u00e0ncia de la realitzaci\u00f3 de la prova i en facilitar el kit necessari per fer-la, aix\u00ed com retornar la mostra recollida.<\/b><\/span><\/p>\n<p><b><a href=\"http:\/\/www.farmaceuticonline.com\/scripts\/addicionals.php?nt=ccolon&amp;lang=ca\" target=\"_blank\" rel=\"noopener\">Veure llistat de farm\u00e0cies de la prov\u00edncia de Barcelona que participen al programa.<\/a><\/b><\/p>\n<p>Si els resultats de les an\u00e0lisis s\u00f3n negatius, els participants rebran una carta on se\u2019ls informar\u00e0 d\u2019aquest resultat i se\u2019ls tornar\u00e0 a convidar al cap de dos anys. Si s\u00f3n positius, seran citats per a una visita a la unitat d\u2019endosc\u00f2pies del centre respectiu, on se\u2019ls informar\u00e0 del resultat i del proc\u00e9s a seguir a partir d\u2019aleshores, que parteix de la realitzaci\u00f3 d\u2019una colonosc\u00f2pia diagn\u00f2stica, una exploraci\u00f3 de l\u2019interior del budell. Aquestes <b>colonosc\u00f2pies es realitzen a l\u2019Hospital Cl\u00ednic, l\u2019Hospital del Mar, Hospital de la Vall d\u2019Hebron i Hospital de Sant Pau<\/b>, i permeten detectar i prevenir tant c\u00e0ncers com adenomes d\u2019alt i baix risc.<\/p>\n<p>La darrera fase \u00e9s indicar al pacient qu\u00e8 cal fer segons els resultats: participar de nou en el Programa en dos anys si el risc \u00e9s baix, fer una segona exploraci\u00f3 al cap d\u2019un temps (1 \u00f3 3 anys) o ser derivat a un centre de diagn\u00f2stic i fer el tractament en el cas que es confirmi la pres\u00e8ncia de c\u00e0ncer.<\/p>\n<p><iframe src=\"https:\/\/www.youtube.com\/embed\/ZUx1gdzyfU4\" height=\"315\" width=\"560\" allowfullscreen=\"\" frameborder=\"0\"><\/iframe><\/p>\n<p><b><div class=\"box shadow\"><\/b> <b>Consells per prevenir el c\u00e0ncer de c\u00f2lon<\/b><\/p>\n<p><b>Dieta saludable i variada<br \/>\n<\/b>Procura prendre amb freq\u00fc\u00e8ncia aliments rics en fibra (cereals, llegums\u2026) i menjar fruites i verdures di\u00e0riament (si \u00e9s possible, 5 peces).<br \/>\nConserva els aliments de manera adequada (congelador, frigor\u00edfic\u2026) i consumeixi&#8217;ls abans que s&#8217;espatllin.<br \/>\nModera el consum de greixos, especialment carns vermelles, aix\u00ed com dolces i sucres.<\/p>\n<p><b>Control del sobrep\u00e8s<br \/>\n<\/b>L&#8217;obesitat \u00e9s un dels majors agents de risc. Mant\u00e9n-te sempre, en la mesura del possible, en pes adequat a la teva altura i constituci\u00f3 f\u00edsica.<\/p>\n<p><b><a href=\"http:\/\/blog.cofb.cat\/wp-content\/uploads\/2016\/03\/exercici-fisic.jpg\"><img decoding=\"async\" class=\"alignright  wp-image-20297\" alt=\"Legs of a young man running\" src=\"http:\/\/blog.cofb.cat\/wp-content\/uploads\/2016\/03\/exercici-fisic.jpg\" width=\"323\" height=\"216\" \/><\/a>Exercici f\u00edsic amb regularitat<br \/>\n<\/b>Realitza algun esport o, almenys, algun tipus d&#8217;activitat f\u00edsica di\u00e0riament. Caminar una bona estona, per exemple.<\/p>\n<p><b>Evitar tabac i alcohol<\/b><\/p>\n<p><b>Proves peri\u00f2diques<br \/>\n<\/b>Si pertanys a algun dels grups de risc (majors de 50 anys, antecedents familiars o malalties de l&#8217;intest\u00ed), parla amb el teu metge perqu\u00e8 valori si ha de realitzar-te alguna prova, a fi de comprovar l&#8217;exist\u00e8ncia o no de p\u00f2lips i prevenir que es converteixin en tumors.<\/p>\n<p>Font: <b><a href=\"http:\/\/www.alianzaprevencioncolon.es\/\" target=\"_blank\" rel=\"noopener\">Alianza para la prevenci\u00f3n del c\u00e1ncer de col\u00f3n<\/a> <\/div><\/b><\/p>\n<p><b><img decoding=\"async\" class=\"alignleft  wp-image-19080\" alt=\"twitter-LOGO\" src=\"http:\/\/blog.cofb.cat\/wp-content\/uploads\/2016\/02\/twitter-LOGO.jpg\" width=\"77\" height=\"77\" \/>Segueix el tema a Twitter! <\/b><\/p>\n<p>Hashtags: #diamundialcancercolon #DarleVozSalvaVidas<br \/>\nAlianza Contra el C\u00e1ncer de Colon: <a href=\"https:\/\/twitter.com\/AlianzaColon\">@AlianzaColon<br \/>\n<\/a>Asociaci\u00f3n Espa\u00f1ola Contra el C\u00e1ncer: <a href=\"https:\/\/twitter.com\/aecc_es\">@aecc_es<\/a><\/p>\n<p><b>Per a m\u00e9s informaci\u00f3:<\/b><\/p>\n<ul>\n<li><a href=\"http:\/\/premsa.gencat.cat\/pres_fsvp\/AppJava\/notapremsavw\/291774\/ca\/dia-mundial-cancer-colon-ciutat-barcelona-activitats-remarquen-rellevancia-daquest-prevencio.do\" target=\"_blank\" rel=\"noopener\">Dia Mundial contra el c\u00e0ncer de c\u00f2lon a la ciutat de Barcelona: diferents activitats remarquen la rellev\u00e0ncia d\u2019aquest c\u00e0ncer i la seva prevenci\u00f3<\/a> (Nota de premsa del Departament de Salut)<\/li>\n<li><a href=\"http:\/\/ico.gencat.cat\/ca\/detall\/noticia\/160330-Es-confirma-laefectivitat-del-Programa-de-DetecciA-PrecoA-de-CAncer-de-CAlon-i-Recte-?platform=hootsuite\" target=\"_blank\" rel=\"noopener\">Es confirma l\u2019efectivitat del Programa de Detecci\u00f3 Preco\u00e7 de C\u00e0ncer de C\u00f2lon i Recte<\/a> (Nota de premsa de l&#8217;Institut Catal\u00e0 d&#8217;Oncologia, inclou activitats que tindran lloc a L&#8217;Hospitalet de Llobregat)<\/li>\n<li><a href=\"http:\/\/www.farmaceuticonline.com\/ca\/component\/content\/article\/20-varios\/659-cancer-colon\">Informaci\u00f3 del programa de detecci\u00f3 Preco\u00e7 de C\u00e0ncer de C\u00f2lon i Recte<\/a> (via Farmaceuticonline, el nostre web de salut)<\/li>\n<li><a href=\"http:\/\/www.farmaceuticonline.com\/ca\/familia\/278-cancer-y-alimentacion?showall=1\">C\u00e0ncer i alimentaci\u00f3<\/a> (via Farmaceuticonline, el nostre web de salut)<\/li>\n<li><a href=\"http:\/\/www.prevenciocolonbcn.org\/\">http:\/\/www.prevenciocolonbcn.org\/<\/a><\/li>\n<\/ul>\n<p><b>Potser tamb\u00e9 t\u2019interessa:<\/b><\/p>\n<ul>\n<li><a href=\"http:\/\/blog.cofb.cat\/el-programa-de-deteccio-precoc-del-cancer-de-colon-sesten-a-tota-la-provincia-de-barcelona-amb-la-implicacio-de-les-farmacies\/\">El Programa de detecci\u00f3 preco\u00e7 del c\u00e0ncer de c\u00f2lon s\u2019est\u00e9n a tota la prov\u00edncia de Barcelona amb la implicaci\u00f3 de les farm\u00e0cies<\/a> (Blog)<\/li>\n<li><a href=\"http:\/\/blog.cofb.cat\/1-any-despres-seguim-fent-creixer-la-farmacia\/\">1 any despr\u00e9s: seguim fent cr\u00e9ixer la farm\u00e0cia<\/a> (Blog)<\/li>\n<li><a href=\"http:\/\/blog.cofb.cat\/segona-ronda-del-programa-de-deteccio-precoc-de-cancer-de-colon-i-recte-mes-de-81-000-persones-accedeixen-a-la-prova\/\">Segona ronda del Programa de Detecci\u00f3 Preco\u00e7 de C\u00e0ncer de C\u00f2lon i Recte: m\u00e9s de 81.000 persones accedeixen a la prova<\/a> (Blog)<\/li>\n<li><a href=\"http:\/\/blog.cofb.cat\/el-programa-de-deteccio-precoc-de-cancer-de-colon-i-recte-sesten-a-les-comarques-dosona-la-garrotxa-i-el-ripolles\/\">El Programa de Detecci\u00f3 Preco\u00e7 de C\u00e0ncer de C\u00f2lon i Recte s\u2019est\u00e9n a les comarques d\u2019Osona, la Garrotxa i el Ripoll\u00e8s<\/a> (Blog)<\/li>\n<li><a href=\"http:\/\/blog.cofb.cat\/les-farmacies-tornen-a-participar-al-programa-de-deteccio-precoc-de-cancer-de-colon\/\">Les farm\u00e0cies tornen a participar al programa de detecci\u00f3 preco\u00e7 de c\u00e0ncer de c\u00f2lon<\/a> (Blog)<\/li>\n<\/ul>\n","protected":false},"excerpt":{"rendered":"<p>Prevenir per v\u00e8ncer al c\u00e0ncer. Avui, 31 de mar\u00e7, se celebra el Dia Mundial contra el c\u00e0ncer de c\u00f2lon una malaltia que registra m\u00e9s de 6.000 nous casos cada any a Catalunya. \u00c9s el segon c\u00e0ncer m\u00e9s freq\u00fcent entre les dones, i el tercer entre els homes, i el que [&hellip;]<\/p>\n","protected":false},"author":1,"featured_media":20288,"comment_status":"open","ping_status":"open","sticky":false,"template":"","format":"standard","meta":{"_uag_custom_page_level_css":"","site-sidebar-layout":"default","site-content-layout":"","ast-site-content-layout":"default","site-content-style":"default","site-sidebar-style":"default","ast-global-header-display":"","ast-banner-title-visibility":"","ast-main-header-display":"","ast-hfb-above-header-display":"","ast-hfb-below-header-display":"","ast-hfb-mobile-header-display":"","site-post-title":"","ast-breadcrumbs-content":"","ast-featured-img":"disabled","footer-sml-layout":"","theme-transparent-header-meta":"","adv-header-id-meta":"","stick-header-meta":"","header-above-stick-meta":"","header-main-stick-meta":"","header-below-stick-meta":"","astra-migrate-meta-layouts":"default","ast-page-background-enabled":"default","ast-page-background-meta":{"desktop":{"background-color":"var(--ast-global-color-4)","background-image":"","background-repeat":"repeat","background-position":"center center","background-size":"auto","background-attachment":"scroll","background-type":"","background-media":"","overlay-type":"","overlay-color":"","overlay-opacity":"","overlay-gradient":""},"tablet":{"background-color":"","background-image":"","background-repeat":"repeat","background-position":"center center","background-size":"auto","background-attachment":"scroll","background-type":"","background-media":"","overlay-type":"","overlay-color":"","overlay-opacity":"","overlay-gradient":""},"mobile":{"background-color":"","background-image":"","background-repeat":"repeat","background-position":"center center","background-size":"auto","background-attachment":"scroll","background-type":"","background-media":"","overlay-type":"","overlay-color":"","overlay-opacity":"","overlay-gradient":""}},"ast-content-background-meta":{"desktop":{"background-color":"var(--ast-global-color-5)","background-image":"","background-repeat":"repeat","background-position":"center center","background-size":"auto","background-attachment":"scroll","background-type":"","background-media":"","overlay-type":"","overlay-color":"","overlay-opacity":"","overlay-gradient":""},"tablet":{"background-color":"var(--ast-global-color-5)","background-image":"","background-repeat":"repeat","background-position":"center center","background-size":"auto","background-attachment":"scroll","background-type":"","background-media":"","overlay-type":"","overlay-color":"","overlay-opacity":"","overlay-gradient":""},"mobile":{"background-color":"var(--ast-global-color-5)","background-image":"","background-repeat":"repeat","background-position":"center center","background-size":"auto","background-attachment":"scroll","background-type":"","background-media":"","overlay-type":"","overlay-color":"","overlay-opacity":"","overlay-gradient":""}},"footnotes":""},"categories":[23,32],"tags":[64,957,728],"class_list":["post-20285","post","type-post","status-publish","format-standard","has-post-thumbnail","hentry","category-destacats","category-noticies-farmacia","tag-atencio-farmaceutica","tag-cancer-de-colon","tag-cribratge"],"yoast_head":"<!-- This site is optimized with the Yoast SEO plugin v22.4 - https:\/\/yoast.com\/wordpress\/plugins\/seo\/ -->\n<title>31 de mar\u00e7: Dia Mundial contra el c\u00e0ncer de c\u00f2lon - Col\u00b7legi de Farmac\u00e8utics de Barcelona<\/title>\n<meta name=\"robots\" content=\"index, follow, max-snippet:-1, max-image-preview:large, max-video-preview:-1\" \/>\n<link rel=\"canonical\" href=\"https:\/\/novaorg.cofb.net\/2016\/03\/31\/31-de-marc-dia-mundial-contra-el-cancer-de-colon\/\" \/>\n<meta property=\"og:locale\" content=\"ca_ES\" \/>\n<meta property=\"og:type\" content=\"article\" \/>\n<meta property=\"og:title\" content=\"31 de mar\u00e7: Dia Mundial contra el c\u00e0ncer de c\u00f2lon - Col\u00b7legi de Farmac\u00e8utics de Barcelona\" \/>\n<meta property=\"og:description\" content=\"Prevenir per v\u00e8ncer al c\u00e0ncer. Avui, 31 de mar\u00e7, se celebra el Dia Mundial contra el c\u00e0ncer de c\u00f2lon una malaltia que registra m\u00e9s de 6.000 nous casos cada any a Catalunya. \u00c9s el segon c\u00e0ncer m\u00e9s freq\u00fcent entre les dones, i el tercer entre els homes, i el que [&hellip;]\" \/>\n<meta property=\"og:url\" content=\"https:\/\/novaorg.cofb.net\/2016\/03\/31\/31-de-marc-dia-mundial-contra-el-cancer-de-colon\/\" \/>\n<meta property=\"og:site_name\" content=\"Col\u00b7legi de Farmac\u00e8utics de Barcelona\" \/>\n<meta property=\"article:publisher\" content=\"https:\/\/www.facebook.com\/farmaceuticsbcn\/\" \/>\n<meta property=\"article:published_time\" content=\"2016-03-31T11:57:45+00:00\" \/>\n<meta name=\"author\" content=\"wpAdminCofbOrg\" \/>\n<meta name=\"twitter:card\" content=\"summary_large_image\" \/>\n<meta name=\"twitter:creator\" content=\"@farmaceuticsbcn\" \/>\n<meta name=\"twitter:site\" content=\"@farmaceuticsbcn\" \/>\n<meta name=\"twitter:label1\" content=\"Escrit per\" \/>\n\t<meta name=\"twitter:data1\" content=\"wpAdminCofbOrg\" \/>\n\t<meta name=\"twitter:label2\" content=\"Temps estimat de lectura\" \/>\n\t<meta name=\"twitter:data2\" content=\"7 minuts\" \/>\n<script type=\"application\/ld+json\" class=\"yoast-schema-graph\">{\"@context\":\"https:\/\/schema.org\",\"@graph\":[{\"@type\":\"Article\",\"@id\":\"https:\/\/novaorg.cofb.net\/2016\/03\/31\/31-de-marc-dia-mundial-contra-el-cancer-de-colon\/#article\",\"isPartOf\":{\"@id\":\"https:\/\/novaorg.cofb.net\/2016\/03\/31\/31-de-marc-dia-mundial-contra-el-cancer-de-colon\/\"},\"author\":{\"name\":\"wpAdminCofbOrg\",\"@id\":\"https:\/\/www.cofb.org\/#\/schema\/person\/22ed7eea88da74b0fa4d3154ad87ffcb\"},\"headline\":\"31 de mar\u00e7: Dia Mundial contra el c\u00e0ncer de c\u00f2lon\",\"datePublished\":\"2016-03-31T11:57:45+00:00\",\"dateModified\":\"2016-03-31T11:57:45+00:00\",\"mainEntityOfPage\":{\"@id\":\"https:\/\/novaorg.cofb.net\/2016\/03\/31\/31-de-marc-dia-mundial-contra-el-cancer-de-colon\/\"},\"wordCount\":1505,\"commentCount\":0,\"publisher\":{\"@id\":\"https:\/\/www.cofb.org\/#organization\"},\"image\":{\"@id\":\"https:\/\/novaorg.cofb.net\/2016\/03\/31\/31-de-marc-dia-mundial-contra-el-cancer-de-colon\/#primaryimage\"},\"thumbnailUrl\":\"\",\"keywords\":[\"Atenci\u00f3 farmac\u00e8utica\",\"c\u00e0ncer de c\u00f2lon\",\"cribratge\"],\"articleSection\":[\"Destacats\",\"Not\u00edcies farm\u00e0cia\"],\"inLanguage\":\"ca\",\"potentialAction\":[{\"@type\":\"CommentAction\",\"name\":\"Comment\",\"target\":[\"https:\/\/novaorg.cofb.net\/2016\/03\/31\/31-de-marc-dia-mundial-contra-el-cancer-de-colon\/#respond\"]}]},{\"@type\":\"WebPage\",\"@id\":\"https:\/\/novaorg.cofb.net\/2016\/03\/31\/31-de-marc-dia-mundial-contra-el-cancer-de-colon\/\",\"url\":\"https:\/\/novaorg.cofb.net\/2016\/03\/31\/31-de-marc-dia-mundial-contra-el-cancer-de-colon\/\",\"name\":\"31 de mar\u00e7: Dia Mundial contra el c\u00e0ncer de c\u00f2lon - Col\u00b7legi de Farmac\u00e8utics de Barcelona\",\"isPartOf\":{\"@id\":\"https:\/\/www.cofb.org\/#website\"},\"primaryImageOfPage\":{\"@id\":\"https:\/\/novaorg.cofb.net\/2016\/03\/31\/31-de-marc-dia-mundial-contra-el-cancer-de-colon\/#primaryimage\"},\"image\":{\"@id\":\"https:\/\/novaorg.cofb.net\/2016\/03\/31\/31-de-marc-dia-mundial-contra-el-cancer-de-colon\/#primaryimage\"},\"thumbnailUrl\":\"\",\"datePublished\":\"2016-03-31T11:57:45+00:00\",\"dateModified\":\"2016-03-31T11:57:45+00:00\",\"breadcrumb\":{\"@id\":\"https:\/\/novaorg.cofb.net\/2016\/03\/31\/31-de-marc-dia-mundial-contra-el-cancer-de-colon\/#breadcrumb\"},\"inLanguage\":\"ca\",\"potentialAction\":[{\"@type\":\"ReadAction\",\"target\":[\"https:\/\/novaorg.cofb.net\/2016\/03\/31\/31-de-marc-dia-mundial-contra-el-cancer-de-colon\/\"]}]},{\"@type\":\"ImageObject\",\"inLanguage\":\"ca\",\"@id\":\"https:\/\/novaorg.cofb.net\/2016\/03\/31\/31-de-marc-dia-mundial-contra-el-cancer-de-colon\/#primaryimage\",\"url\":\"\",\"contentUrl\":\"\"},{\"@type\":\"BreadcrumbList\",\"@id\":\"https:\/\/novaorg.cofb.net\/2016\/03\/31\/31-de-marc-dia-mundial-contra-el-cancer-de-colon\/#breadcrumb\",\"itemListElement\":[{\"@type\":\"ListItem\",\"position\":1,\"name\":\"Inici\",\"item\":\"https:\/\/novaorg.cofb.net\/\"},{\"@type\":\"ListItem\",\"position\":2,\"name\":\"31 de mar\u00e7: Dia Mundial contra el c\u00e0ncer de c\u00f2lon\"}]},{\"@type\":\"WebSite\",\"@id\":\"https:\/\/www.cofb.org\/#website\",\"url\":\"https:\/\/www.cofb.org\/\",\"name\":\"Col\u00b7legi de Farmac\u00e8utics de Barcelona\",\"description\":\"\",\"publisher\":{\"@id\":\"https:\/\/www.cofb.org\/#organization\"},\"potentialAction\":[{\"@type\":\"SearchAction\",\"target\":{\"@type\":\"EntryPoint\",\"urlTemplate\":\"https:\/\/www.cofb.org\/?s={search_term_string}\"},\"query-input\":\"required name=search_term_string\"}],\"inLanguage\":\"ca\"},{\"@type\":\"Organization\",\"@id\":\"https:\/\/www.cofb.org\/#organization\",\"name\":\"Col\u00b7legi de Farmac\u00e8utics de Barcelona\",\"url\":\"https:\/\/www.cofb.org\/\",\"logo\":{\"@type\":\"ImageObject\",\"inLanguage\":\"ca\",\"@id\":\"https:\/\/www.cofb.org\/#\/schema\/logo\/image\/\",\"url\":\"https:\/\/www.cofb.org\/wp-content\/uploads\/2023\/11\/cropped-Logotip-COFB.png\",\"contentUrl\":\"https:\/\/www.cofb.org\/wp-content\/uploads\/2023\/11\/cropped-Logotip-COFB.png\",\"width\":500,\"height\":105,\"caption\":\"Col\u00b7legi de Farmac\u00e8utics de Barcelona\"},\"image\":{\"@id\":\"https:\/\/www.cofb.org\/#\/schema\/logo\/image\/\"},\"sameAs\":[\"https:\/\/www.facebook.com\/farmaceuticsbcn\/\",\"https:\/\/twitter.com\/farmaceuticsbcn\",\"https:\/\/www.instagram.com\/farmaceuticsbcn\/\",\"https:\/\/www.linkedin.com\/company\/farmaceuticsbcn\/\"]},{\"@type\":\"Person\",\"@id\":\"https:\/\/www.cofb.org\/#\/schema\/person\/22ed7eea88da74b0fa4d3154ad87ffcb\",\"name\":\"wpAdminCofbOrg\",\"image\":{\"@type\":\"ImageObject\",\"inLanguage\":\"ca\",\"@id\":\"https:\/\/www.cofb.org\/#\/schema\/person\/image\/\",\"url\":\"https:\/\/secure.gravatar.com\/avatar\/1721b20b3b8ca882c3b56ec6c978c594fff670e40c0718e9190eaeeb76aae7d8?s=96&d=mm&r=g\",\"contentUrl\":\"https:\/\/secure.gravatar.com\/avatar\/1721b20b3b8ca882c3b56ec6c978c594fff670e40c0718e9190eaeeb76aae7d8?s=96&d=mm&r=g\",\"caption\":\"wpAdminCofbOrg\"},\"sameAs\":[\"http:\/\/192.168.64.122\/wordpress\"],\"url\":\"https:\/\/www.cofb.org\/ca\/author\/wpadmincofborg\/\"}]}<\/script>\n<!-- \/ Yoast SEO plugin. -->","yoast_head_json":{"title":"31 de mar\u00e7: Dia Mundial contra el c\u00e0ncer de c\u00f2lon - Col\u00b7legi de Farmac\u00e8utics de Barcelona","robots":{"index":"index","follow":"follow","max-snippet":"max-snippet:-1","max-image-preview":"max-image-preview:large","max-video-preview":"max-video-preview:-1"},"canonical":"https:\/\/novaorg.cofb.net\/2016\/03\/31\/31-de-marc-dia-mundial-contra-el-cancer-de-colon\/","og_locale":"ca_ES","og_type":"article","og_title":"31 de mar\u00e7: Dia Mundial contra el c\u00e0ncer de c\u00f2lon - Col\u00b7legi de Farmac\u00e8utics de Barcelona","og_description":"Prevenir per v\u00e8ncer al c\u00e0ncer. Avui, 31 de mar\u00e7, se celebra el Dia Mundial contra el c\u00e0ncer de c\u00f2lon una malaltia que registra m\u00e9s de 6.000 nous casos cada any a Catalunya. \u00c9s el segon c\u00e0ncer m\u00e9s freq\u00fcent entre les dones, i el tercer entre els homes, i el que [&hellip;]","og_url":"https:\/\/novaorg.cofb.net\/2016\/03\/31\/31-de-marc-dia-mundial-contra-el-cancer-de-colon\/","og_site_name":"Col\u00b7legi de Farmac\u00e8utics de Barcelona","article_publisher":"https:\/\/www.facebook.com\/farmaceuticsbcn\/","article_published_time":"2016-03-31T11:57:45+00:00","author":"wpAdminCofbOrg","twitter_card":"summary_large_image","twitter_creator":"@farmaceuticsbcn","twitter_site":"@farmaceuticsbcn","twitter_misc":{"Escrit per":"wpAdminCofbOrg","Temps estimat de lectura":"7 minuts"},"schema":{"@context":"https:\/\/schema.org","@graph":[{"@type":"Article","@id":"https:\/\/novaorg.cofb.net\/2016\/03\/31\/31-de-marc-dia-mundial-contra-el-cancer-de-colon\/#article","isPartOf":{"@id":"https:\/\/novaorg.cofb.net\/2016\/03\/31\/31-de-marc-dia-mundial-contra-el-cancer-de-colon\/"},"author":{"name":"wpAdminCofbOrg","@id":"https:\/\/www.cofb.org\/#\/schema\/person\/22ed7eea88da74b0fa4d3154ad87ffcb"},"headline":"31 de mar\u00e7: Dia Mundial contra el c\u00e0ncer de c\u00f2lon","datePublished":"2016-03-31T11:57:45+00:00","dateModified":"2016-03-31T11:57:45+00:00","mainEntityOfPage":{"@id":"https:\/\/novaorg.cofb.net\/2016\/03\/31\/31-de-marc-dia-mundial-contra-el-cancer-de-colon\/"},"wordCount":1505,"commentCount":0,"publisher":{"@id":"https:\/\/www.cofb.org\/#organization"},"image":{"@id":"https:\/\/novaorg.cofb.net\/2016\/03\/31\/31-de-marc-dia-mundial-contra-el-cancer-de-colon\/#primaryimage"},"thumbnailUrl":"","keywords":["Atenci\u00f3 farmac\u00e8utica","c\u00e0ncer de c\u00f2lon","cribratge"],"articleSection":["Destacats","Not\u00edcies farm\u00e0cia"],"inLanguage":"ca","potentialAction":[{"@type":"CommentAction","name":"Comment","target":["https:\/\/novaorg.cofb.net\/2016\/03\/31\/31-de-marc-dia-mundial-contra-el-cancer-de-colon\/#respond"]}]},{"@type":"WebPage","@id":"https:\/\/novaorg.cofb.net\/2016\/03\/31\/31-de-marc-dia-mundial-contra-el-cancer-de-colon\/","url":"https:\/\/novaorg.cofb.net\/2016\/03\/31\/31-de-marc-dia-mundial-contra-el-cancer-de-colon\/","name":"31 de mar\u00e7: Dia Mundial contra el c\u00e0ncer de c\u00f2lon - Col\u00b7legi de Farmac\u00e8utics de Barcelona","isPartOf":{"@id":"https:\/\/www.cofb.org\/#website"},"primaryImageOfPage":{"@id":"https:\/\/novaorg.cofb.net\/2016\/03\/31\/31-de-marc-dia-mundial-contra-el-cancer-de-colon\/#primaryimage"},"image":{"@id":"https:\/\/novaorg.cofb.net\/2016\/03\/31\/31-de-marc-dia-mundial-contra-el-cancer-de-colon\/#primaryimage"},"thumbnailUrl":"","datePublished":"2016-03-31T11:57:45+00:00","dateModified":"2016-03-31T11:57:45+00:00","breadcrumb":{"@id":"https:\/\/novaorg.cofb.net\/2016\/03\/31\/31-de-marc-dia-mundial-contra-el-cancer-de-colon\/#breadcrumb"},"inLanguage":"ca","potentialAction":[{"@type":"ReadAction","target":["https:\/\/novaorg.cofb.net\/2016\/03\/31\/31-de-marc-dia-mundial-contra-el-cancer-de-colon\/"]}]},{"@type":"ImageObject","inLanguage":"ca","@id":"https:\/\/novaorg.cofb.net\/2016\/03\/31\/31-de-marc-dia-mundial-contra-el-cancer-de-colon\/#primaryimage","url":"","contentUrl":""},{"@type":"BreadcrumbList","@id":"https:\/\/novaorg.cofb.net\/2016\/03\/31\/31-de-marc-dia-mundial-contra-el-cancer-de-colon\/#breadcrumb","itemListElement":[{"@type":"ListItem","position":1,"name":"Inici","item":"https:\/\/novaorg.cofb.net\/"},{"@type":"ListItem","position":2,"name":"31 de mar\u00e7: Dia Mundial contra el c\u00e0ncer de c\u00f2lon"}]},{"@type":"WebSite","@id":"https:\/\/www.cofb.org\/#website","url":"https:\/\/www.cofb.org\/","name":"Col\u00b7legi de Farmac\u00e8utics de Barcelona","description":"","publisher":{"@id":"https:\/\/www.cofb.org\/#organization"},"potentialAction":[{"@type":"SearchAction","target":{"@type":"EntryPoint","urlTemplate":"https:\/\/www.cofb.org\/?s={search_term_string}"},"query-input":"required name=search_term_string"}],"inLanguage":"ca"},{"@type":"Organization","@id":"https:\/\/www.cofb.org\/#organization","name":"Col\u00b7legi de Farmac\u00e8utics de Barcelona","url":"https:\/\/www.cofb.org\/","logo":{"@type":"ImageObject","inLanguage":"ca","@id":"https:\/\/www.cofb.org\/#\/schema\/logo\/image\/","url":"https:\/\/www.cofb.org\/wp-content\/uploads\/2023\/11\/cropped-Logotip-COFB.png","contentUrl":"https:\/\/www.cofb.org\/wp-content\/uploads\/2023\/11\/cropped-Logotip-COFB.png","width":500,"height":105,"caption":"Col\u00b7legi de Farmac\u00e8utics de Barcelona"},"image":{"@id":"https:\/\/www.cofb.org\/#\/schema\/logo\/image\/"},"sameAs":["https:\/\/www.facebook.com\/farmaceuticsbcn\/","https:\/\/twitter.com\/farmaceuticsbcn","https:\/\/www.instagram.com\/farmaceuticsbcn\/","https:\/\/www.linkedin.com\/company\/farmaceuticsbcn\/"]},{"@type":"Person","@id":"https:\/\/www.cofb.org\/#\/schema\/person\/22ed7eea88da74b0fa4d3154ad87ffcb","name":"wpAdminCofbOrg","image":{"@type":"ImageObject","inLanguage":"ca","@id":"https:\/\/www.cofb.org\/#\/schema\/person\/image\/","url":"https:\/\/secure.gravatar.com\/avatar\/1721b20b3b8ca882c3b56ec6c978c594fff670e40c0718e9190eaeeb76aae7d8?s=96&d=mm&r=g","contentUrl":"https:\/\/secure.gravatar.com\/avatar\/1721b20b3b8ca882c3b56ec6c978c594fff670e40c0718e9190eaeeb76aae7d8?s=96&d=mm&r=g","caption":"wpAdminCofbOrg"},"sameAs":["http:\/\/192.168.64.122\/wordpress"],"url":"https:\/\/www.cofb.org\/ca\/author\/wpadmincofborg\/"}]}},"uagb_featured_image_src":{"full":false,"thumbnail":false,"medium":false,"medium_large":false,"large":false,"1536x1536":false,"2048x2048":false,"trp-custom-language-flag":false},"uagb_author_info":{"display_name":"wpAdminCofbOrg","author_link":"https:\/\/www.cofb.org\/ca\/author\/wpadmincofborg\/"},"uagb_comment_info":0,"uagb_excerpt":"Prevenir per v\u00e8ncer al c\u00e0ncer. Avui, 31 de mar\u00e7, se celebra el Dia Mundial contra el c\u00e0ncer de c\u00f2lon una malaltia que registra m\u00e9s de 6.000 nous casos cada any a Catalunya. \u00c9s el segon c\u00e0ncer m\u00e9s freq\u00fcent entre les dones, i el tercer entre els homes, i el que [&hellip;]","_links":{"self":[{"href":"https:\/\/www.cofb.org\/ca\/wp-json\/wp\/v2\/posts\/20285","targetHints":{"allow":["GET"]}}],"collection":[{"href":"https:\/\/www.cofb.org\/ca\/wp-json\/wp\/v2\/posts"}],"about":[{"href":"https:\/\/www.cofb.org\/ca\/wp-json\/wp\/v2\/types\/post"}],"author":[{"embeddable":true,"href":"https:\/\/www.cofb.org\/ca\/wp-json\/wp\/v2\/users\/1"}],"replies":[{"embeddable":true,"href":"https:\/\/www.cofb.org\/ca\/wp-json\/wp\/v2\/comments?post=20285"}],"version-history":[{"count":0,"href":"https:\/\/www.cofb.org\/ca\/wp-json\/wp\/v2\/posts\/20285\/revisions"}],"wp:featuredmedia":[{"embeddable":true,"href":"https:\/\/www.cofb.org\/ca\/wp-json\/"}],"wp:attachment":[{"href":"https:\/\/www.cofb.org\/ca\/wp-json\/wp\/v2\/media?parent=20285"}],"wp:term":[{"taxonomy":"category","embeddable":true,"href":"https:\/\/www.cofb.org\/ca\/wp-json\/wp\/v2\/categories?post=20285"},{"taxonomy":"post_tag","embeddable":true,"href":"https:\/\/www.cofb.org\/ca\/wp-json\/wp\/v2\/tags?post=20285"}],"curies":[{"name":"wp","href":"https:\/\/api.w.org\/{rel}","templated":true}]}}