{"id":1952,"date":"2013-06-19T10:24:25","date_gmt":"2013-06-19T09:24:25","guid":{"rendered":"http:\/\/blog.cofb.cat\/?p=1952"},"modified":"2013-06-19T10:24:25","modified_gmt":"2013-06-19T09:24:25","slug":"teresa-pampols-nou-membre-de-la-reial-academia-de-farmacia","status":"publish","type":"post","link":"https:\/\/www.cofb.org\/ca\/2013\/06\/19\/teresa-pampols-nou-membre-de-la-reial-academia-de-farmacia\/","title":{"rendered":"Teresa P\u00e0mpols, nou membre de la Reial Acad\u00e8mia de Farm\u00e0cia"},"content":{"rendered":"<p><img fetchpriority=\"high\" decoding=\"async\" class=\"alignleft  wp-image-1989\" alt=\"\" src=\"http:\/\/blog.cofb.cat\/wp-content\/uploads\/2013\/06\/tpampols2_1.jpg\" width=\"320\" height=\"247\" \/>Amb la lectura del <b>discurs \u201cEpidemiologia de les malalties metab\u00f2liques heredit\u00e0ries\u201d<\/b>, la Dra. Teresa P\u00e0mpols Ros ha ingressat aquest any com a acad\u00e8mica numer\u00e0ria de la\u00a0Reial Acad\u00e8mia de Farm\u00e0cia de Catalunya\u00a0(RAFC). L\u2019acte va tenir lloc el 6 de maig al Sal\u00f3 d\u2019Actes de la RAFC i va contestar en nom de l\u2019Acad\u00e8mia el Dr. Joan Sabater Tobella.<\/p>\n<p><span style=\"color: #888888;\" data-mce-mark=\"1\"><strong>&#8220;Aquest nomenament com a acad\u00e8mica numer\u00e0ria suposa per a mi un honor i al mateix temps un comprom\u00eds per a seguir treballant mentre pugui per al progr\u00e9s de les ci\u00e8ncies farmac\u00e8utiques\u201d.<\/strong><\/span><\/p>\n<p>El tema escollit per al seu discurs ve arrel de la seva participaci\u00f3 al llibre <i>Rare Disease Epidemiology, <\/i>que va motivar-la a aprofundir en les malalties metab\u00f2liques heredit\u00e0ries des d\u2019aquesta perspectiva. A m\u00e9s, la Dra. P\u00e0mpols forma part de la Secci\u00f3 IV Salud P\u00fablica de la Reial Acad\u00e8mia i li va semblar \u201cun tema adient i d\u2019actualitat\u201d. <strong>\u201cTot el que sigui difondre coneixements sobre aquestes malalties repercuteix a m\u00e9s en benefici dels pacients i les fam\u00edlies\u201d.<\/strong><\/p>\n","protected":false},"excerpt":{"rendered":"<p>Amb la lectura del discurs \u201cEpidemiologia de les malalties metab\u00f2liques heredit\u00e0ries\u201d, la Dra. Teresa P\u00e0mpols Ros ha ingressat aquest any com a acad\u00e8mica numer\u00e0ria de la\u00a0Reial Acad\u00e8mia de Farm\u00e0cia de Catalunya\u00a0(RAFC). L\u2019acte va tenir lloc el 6 de maig al Sal\u00f3 d\u2019Actes de la RAFC i va contestar en nom [&hellip;]<\/p>\n","protected":false},"author":1,"featured_media":1978,"comment_status":"open","ping_status":"open","sticky":false,"template":"","format":"standard","meta":{"_uag_custom_page_level_css":"","site-sidebar-layout":"default","site-content-layout":"","ast-site-content-layout":"default","site-content-style":"default","site-sidebar-style":"default","ast-global-header-display":"","ast-banner-title-visibility":"","ast-main-header-display":"","ast-hfb-above-header-display":"","ast-hfb-below-header-display":"","ast-hfb-mobile-header-display":"","site-post-title":"","ast-breadcrumbs-content":"","ast-featured-img":"disabled","footer-sml-layout":"","theme-transparent-header-meta":"","adv-header-id-meta":"","stick-header-meta":"","header-above-stick-meta":"","header-main-stick-meta":"","header-below-stick-meta":"","astra-migrate-meta-layouts":"default","ast-page-background-enabled":"default","ast-page-background-meta":{"desktop":{"background-color":"var(--ast-global-color-4)","background-image":"","background-repeat":"repeat","background-position":"center center","background-size":"auto","background-attachment":"scroll","background-type":"","background-media":"","overlay-type":"","overlay-color":"","overlay-opacity":"","overlay-gradient":""},"tablet":{"background-color":"","background-image":"","background-repeat":"repeat","background-position":"center center","background-size":"auto","background-attachment":"scroll","background-type":"","background-media":"","overlay-type":"","overlay-color":"","overlay-opacity":"","overlay-gradient":""},"mobile":{"background-color":"","background-image":"","background-repeat":"repeat","background-position":"center center","background-size":"auto","background-attachment":"scroll","background-type":"","background-media":"","overlay-type":"","overlay-color":"","overlay-opacity":"","overlay-gradient":""}},"ast-content-background-meta":{"desktop":{"background-color":"var(--ast-global-color-5)","background-image":"","background-repeat":"repeat","background-position":"center center","background-size":"auto","background-attachment":"scroll","background-type":"","background-media":"","overlay-type":"","overlay-color":"","overlay-opacity":"","overlay-gradient":""},"tablet":{"background-color":"var(--ast-global-color-5)","background-image":"","background-repeat":"repeat","background-position":"center center","background-size":"auto","background-attachment":"scroll","background-type":"","background-media":"","overlay-type":"","overlay-color":"","overlay-opacity":"","overlay-gradient":""},"mobile":{"background-color":"var(--ast-global-color-5)","background-image":"","background-repeat":"repeat","background-position":"center center","background-size":"auto","background-attachment":"scroll","background-type":"","background-media":"","overlay-type":"","overlay-color":"","overlay-opacity":"","overlay-gradient":""}},"footnotes":""},"categories":[32],"tags":[2155],"class_list":["post-1952","post","type-post","status-publish","format-standard","has-post-thumbnail","hentry","category-noticies-farmacia","tag-reial-academia-de-farmacia"],"yoast_head":"<!-- This site is optimized with the Yoast SEO plugin v22.4 - https:\/\/yoast.com\/wordpress\/plugins\/seo\/ -->\n<title>Teresa P\u00e0mpols, nou membre de la Reial Acad\u00e8mia de Farm\u00e0cia - Col\u00b7legi de Farmac\u00e8utics de Barcelona<\/title>\n<meta name=\"robots\" content=\"index, follow, max-snippet:-1, max-image-preview:large, max-video-preview:-1\" \/>\n<link rel=\"canonical\" href=\"https:\/\/novaorg.cofb.net\/2013\/06\/19\/teresa-pampols-nou-membre-de-la-reial-academia-de-farmacia\/\" \/>\n<meta property=\"og:locale\" content=\"ca_ES\" \/>\n<meta property=\"og:type\" content=\"article\" \/>\n<meta property=\"og:title\" content=\"Teresa P\u00e0mpols, nou membre de la Reial Acad\u00e8mia de Farm\u00e0cia - Col\u00b7legi de Farmac\u00e8utics de Barcelona\" \/>\n<meta property=\"og:description\" content=\"Amb la lectura del discurs \u201cEpidemiologia de les malalties metab\u00f2liques heredit\u00e0ries\u201d, la Dra. Teresa P\u00e0mpols Ros ha ingressat aquest any com a acad\u00e8mica numer\u00e0ria de la\u00a0Reial Acad\u00e8mia de Farm\u00e0cia de Catalunya\u00a0(RAFC). L\u2019acte va tenir lloc el 6 de maig al Sal\u00f3 d\u2019Actes de la RAFC i va contestar en nom [&hellip;]\" \/>\n<meta property=\"og:url\" content=\"https:\/\/novaorg.cofb.net\/2013\/06\/19\/teresa-pampols-nou-membre-de-la-reial-academia-de-farmacia\/\" \/>\n<meta property=\"og:site_name\" content=\"Col\u00b7legi de Farmac\u00e8utics de Barcelona\" \/>\n<meta property=\"article:publisher\" content=\"https:\/\/www.facebook.com\/farmaceuticsbcn\/\" \/>\n<meta property=\"article:published_time\" content=\"2013-06-19T09:24:25+00:00\" \/>\n<meta name=\"author\" content=\"wpAdminCofbOrg\" \/>\n<meta name=\"twitter:card\" content=\"summary_large_image\" \/>\n<meta name=\"twitter:creator\" content=\"@farmaceuticsbcn\" \/>\n<meta name=\"twitter:site\" content=\"@farmaceuticsbcn\" \/>\n<meta name=\"twitter:label1\" content=\"Escrit per\" \/>\n\t<meta name=\"twitter:data1\" content=\"wpAdminCofbOrg\" \/>\n\t<meta name=\"twitter:label2\" content=\"Temps estimat de lectura\" \/>\n\t<meta name=\"twitter:data2\" content=\"1 minut\" \/>\n<script type=\"application\/ld+json\" class=\"yoast-schema-graph\">{\"@context\":\"https:\/\/schema.org\",\"@graph\":[{\"@type\":\"Article\",\"@id\":\"https:\/\/novaorg.cofb.net\/2013\/06\/19\/teresa-pampols-nou-membre-de-la-reial-academia-de-farmacia\/#article\",\"isPartOf\":{\"@id\":\"https:\/\/novaorg.cofb.net\/2013\/06\/19\/teresa-pampols-nou-membre-de-la-reial-academia-de-farmacia\/\"},\"author\":{\"name\":\"wpAdminCofbOrg\",\"@id\":\"https:\/\/www.cofb.org\/#\/schema\/person\/22ed7eea88da74b0fa4d3154ad87ffcb\"},\"headline\":\"Teresa P\u00e0mpols, nou membre de la Reial Acad\u00e8mia de Farm\u00e0cia\",\"datePublished\":\"2013-06-19T09:24:25+00:00\",\"dateModified\":\"2013-06-19T09:24:25+00:00\",\"mainEntityOfPage\":{\"@id\":\"https:\/\/novaorg.cofb.net\/2013\/06\/19\/teresa-pampols-nou-membre-de-la-reial-academia-de-farmacia\/\"},\"wordCount\":205,\"commentCount\":0,\"publisher\":{\"@id\":\"https:\/\/www.cofb.org\/#organization\"},\"image\":{\"@id\":\"https:\/\/novaorg.cofb.net\/2013\/06\/19\/teresa-pampols-nou-membre-de-la-reial-academia-de-farmacia\/#primaryimage\"},\"thumbnailUrl\":\"\",\"keywords\":[\"Reial Acad\u00e8mia de Farm\u00e0cia\"],\"articleSection\":[\"Not\u00edcies farm\u00e0cia\"],\"inLanguage\":\"ca\",\"potentialAction\":[{\"@type\":\"CommentAction\",\"name\":\"Comment\",\"target\":[\"https:\/\/novaorg.cofb.net\/2013\/06\/19\/teresa-pampols-nou-membre-de-la-reial-academia-de-farmacia\/#respond\"]}]},{\"@type\":\"WebPage\",\"@id\":\"https:\/\/novaorg.cofb.net\/2013\/06\/19\/teresa-pampols-nou-membre-de-la-reial-academia-de-farmacia\/\",\"url\":\"https:\/\/novaorg.cofb.net\/2013\/06\/19\/teresa-pampols-nou-membre-de-la-reial-academia-de-farmacia\/\",\"name\":\"Teresa P\u00e0mpols, nou membre de la Reial Acad\u00e8mia de Farm\u00e0cia - Col\u00b7legi de Farmac\u00e8utics de Barcelona\",\"isPartOf\":{\"@id\":\"https:\/\/www.cofb.org\/#website\"},\"primaryImageOfPage\":{\"@id\":\"https:\/\/novaorg.cofb.net\/2013\/06\/19\/teresa-pampols-nou-membre-de-la-reial-academia-de-farmacia\/#primaryimage\"},\"image\":{\"@id\":\"https:\/\/novaorg.cofb.net\/2013\/06\/19\/teresa-pampols-nou-membre-de-la-reial-academia-de-farmacia\/#primaryimage\"},\"thumbnailUrl\":\"\",\"datePublished\":\"2013-06-19T09:24:25+00:00\",\"dateModified\":\"2013-06-19T09:24:25+00:00\",\"breadcrumb\":{\"@id\":\"https:\/\/novaorg.cofb.net\/2013\/06\/19\/teresa-pampols-nou-membre-de-la-reial-academia-de-farmacia\/#breadcrumb\"},\"inLanguage\":\"ca\",\"potentialAction\":[{\"@type\":\"ReadAction\",\"target\":[\"https:\/\/novaorg.cofb.net\/2013\/06\/19\/teresa-pampols-nou-membre-de-la-reial-academia-de-farmacia\/\"]}]},{\"@type\":\"ImageObject\",\"inLanguage\":\"ca\",\"@id\":\"https:\/\/novaorg.cofb.net\/2013\/06\/19\/teresa-pampols-nou-membre-de-la-reial-academia-de-farmacia\/#primaryimage\",\"url\":\"\",\"contentUrl\":\"\"},{\"@type\":\"BreadcrumbList\",\"@id\":\"https:\/\/novaorg.cofb.net\/2013\/06\/19\/teresa-pampols-nou-membre-de-la-reial-academia-de-farmacia\/#breadcrumb\",\"itemListElement\":[{\"@type\":\"ListItem\",\"position\":1,\"name\":\"Inici\",\"item\":\"https:\/\/novaorg.cofb.net\/\"},{\"@type\":\"ListItem\",\"position\":2,\"name\":\"Teresa P\u00e0mpols, nou membre de la Reial Acad\u00e8mia de Farm\u00e0cia\"}]},{\"@type\":\"WebSite\",\"@id\":\"https:\/\/www.cofb.org\/#website\",\"url\":\"https:\/\/www.cofb.org\/\",\"name\":\"Col\u00b7legi de Farmac\u00e8utics de Barcelona\",\"description\":\"\",\"publisher\":{\"@id\":\"https:\/\/www.cofb.org\/#organization\"},\"potentialAction\":[{\"@type\":\"SearchAction\",\"target\":{\"@type\":\"EntryPoint\",\"urlTemplate\":\"https:\/\/www.cofb.org\/?s={search_term_string}\"},\"query-input\":\"required name=search_term_string\"}],\"inLanguage\":\"ca\"},{\"@type\":\"Organization\",\"@id\":\"https:\/\/www.cofb.org\/#organization\",\"name\":\"Col\u00b7legi de Farmac\u00e8utics de Barcelona\",\"url\":\"https:\/\/www.cofb.org\/\",\"logo\":{\"@type\":\"ImageObject\",\"inLanguage\":\"ca\",\"@id\":\"https:\/\/www.cofb.org\/#\/schema\/logo\/image\/\",\"url\":\"https:\/\/www.cofb.org\/wp-content\/uploads\/2023\/11\/cropped-Logotip-COFB.png\",\"contentUrl\":\"https:\/\/www.cofb.org\/wp-content\/uploads\/2023\/11\/cropped-Logotip-COFB.png\",\"width\":500,\"height\":105,\"caption\":\"Col\u00b7legi de Farmac\u00e8utics de Barcelona\"},\"image\":{\"@id\":\"https:\/\/www.cofb.org\/#\/schema\/logo\/image\/\"},\"sameAs\":[\"https:\/\/www.facebook.com\/farmaceuticsbcn\/\",\"https:\/\/twitter.com\/farmaceuticsbcn\",\"https:\/\/www.instagram.com\/farmaceuticsbcn\/\",\"https:\/\/www.linkedin.com\/company\/farmaceuticsbcn\/\"]},{\"@type\":\"Person\",\"@id\":\"https:\/\/www.cofb.org\/#\/schema\/person\/22ed7eea88da74b0fa4d3154ad87ffcb\",\"name\":\"wpAdminCofbOrg\",\"image\":{\"@type\":\"ImageObject\",\"inLanguage\":\"ca\",\"@id\":\"https:\/\/www.cofb.org\/#\/schema\/person\/image\/\",\"url\":\"https:\/\/secure.gravatar.com\/avatar\/1721b20b3b8ca882c3b56ec6c978c594fff670e40c0718e9190eaeeb76aae7d8?s=96&d=mm&r=g\",\"contentUrl\":\"https:\/\/secure.gravatar.com\/avatar\/1721b20b3b8ca882c3b56ec6c978c594fff670e40c0718e9190eaeeb76aae7d8?s=96&d=mm&r=g\",\"caption\":\"wpAdminCofbOrg\"},\"sameAs\":[\"http:\/\/192.168.64.122\/wordpress\"],\"url\":\"https:\/\/www.cofb.org\/ca\/author\/wpadmincofborg\/\"}]}<\/script>\n<!-- \/ Yoast SEO plugin. -->","yoast_head_json":{"title":"Teresa P\u00e0mpols, nou membre de la Reial Acad\u00e8mia de Farm\u00e0cia - Col\u00b7legi de Farmac\u00e8utics de Barcelona","robots":{"index":"index","follow":"follow","max-snippet":"max-snippet:-1","max-image-preview":"max-image-preview:large","max-video-preview":"max-video-preview:-1"},"canonical":"https:\/\/novaorg.cofb.net\/2013\/06\/19\/teresa-pampols-nou-membre-de-la-reial-academia-de-farmacia\/","og_locale":"ca_ES","og_type":"article","og_title":"Teresa P\u00e0mpols, nou membre de la Reial Acad\u00e8mia de Farm\u00e0cia - Col\u00b7legi de Farmac\u00e8utics de Barcelona","og_description":"Amb la lectura del discurs \u201cEpidemiologia de les malalties metab\u00f2liques heredit\u00e0ries\u201d, la Dra. Teresa P\u00e0mpols Ros ha ingressat aquest any com a acad\u00e8mica numer\u00e0ria de la\u00a0Reial Acad\u00e8mia de Farm\u00e0cia de Catalunya\u00a0(RAFC). L\u2019acte va tenir lloc el 6 de maig al Sal\u00f3 d\u2019Actes de la RAFC i va contestar en nom [&hellip;]","og_url":"https:\/\/novaorg.cofb.net\/2013\/06\/19\/teresa-pampols-nou-membre-de-la-reial-academia-de-farmacia\/","og_site_name":"Col\u00b7legi de Farmac\u00e8utics de Barcelona","article_publisher":"https:\/\/www.facebook.com\/farmaceuticsbcn\/","article_published_time":"2013-06-19T09:24:25+00:00","author":"wpAdminCofbOrg","twitter_card":"summary_large_image","twitter_creator":"@farmaceuticsbcn","twitter_site":"@farmaceuticsbcn","twitter_misc":{"Escrit per":"wpAdminCofbOrg","Temps estimat de lectura":"1 minut"},"schema":{"@context":"https:\/\/schema.org","@graph":[{"@type":"Article","@id":"https:\/\/novaorg.cofb.net\/2013\/06\/19\/teresa-pampols-nou-membre-de-la-reial-academia-de-farmacia\/#article","isPartOf":{"@id":"https:\/\/novaorg.cofb.net\/2013\/06\/19\/teresa-pampols-nou-membre-de-la-reial-academia-de-farmacia\/"},"author":{"name":"wpAdminCofbOrg","@id":"https:\/\/www.cofb.org\/#\/schema\/person\/22ed7eea88da74b0fa4d3154ad87ffcb"},"headline":"Teresa P\u00e0mpols, nou membre de la Reial Acad\u00e8mia de Farm\u00e0cia","datePublished":"2013-06-19T09:24:25+00:00","dateModified":"2013-06-19T09:24:25+00:00","mainEntityOfPage":{"@id":"https:\/\/novaorg.cofb.net\/2013\/06\/19\/teresa-pampols-nou-membre-de-la-reial-academia-de-farmacia\/"},"wordCount":205,"commentCount":0,"publisher":{"@id":"https:\/\/www.cofb.org\/#organization"},"image":{"@id":"https:\/\/novaorg.cofb.net\/2013\/06\/19\/teresa-pampols-nou-membre-de-la-reial-academia-de-farmacia\/#primaryimage"},"thumbnailUrl":"","keywords":["Reial Acad\u00e8mia de Farm\u00e0cia"],"articleSection":["Not\u00edcies farm\u00e0cia"],"inLanguage":"ca","potentialAction":[{"@type":"CommentAction","name":"Comment","target":["https:\/\/novaorg.cofb.net\/2013\/06\/19\/teresa-pampols-nou-membre-de-la-reial-academia-de-farmacia\/#respond"]}]},{"@type":"WebPage","@id":"https:\/\/novaorg.cofb.net\/2013\/06\/19\/teresa-pampols-nou-membre-de-la-reial-academia-de-farmacia\/","url":"https:\/\/novaorg.cofb.net\/2013\/06\/19\/teresa-pampols-nou-membre-de-la-reial-academia-de-farmacia\/","name":"Teresa P\u00e0mpols, nou membre de la Reial Acad\u00e8mia de Farm\u00e0cia - Col\u00b7legi de Farmac\u00e8utics de Barcelona","isPartOf":{"@id":"https:\/\/www.cofb.org\/#website"},"primaryImageOfPage":{"@id":"https:\/\/novaorg.cofb.net\/2013\/06\/19\/teresa-pampols-nou-membre-de-la-reial-academia-de-farmacia\/#primaryimage"},"image":{"@id":"https:\/\/novaorg.cofb.net\/2013\/06\/19\/teresa-pampols-nou-membre-de-la-reial-academia-de-farmacia\/#primaryimage"},"thumbnailUrl":"","datePublished":"2013-06-19T09:24:25+00:00","dateModified":"2013-06-19T09:24:25+00:00","breadcrumb":{"@id":"https:\/\/novaorg.cofb.net\/2013\/06\/19\/teresa-pampols-nou-membre-de-la-reial-academia-de-farmacia\/#breadcrumb"},"inLanguage":"ca","potentialAction":[{"@type":"ReadAction","target":["https:\/\/novaorg.cofb.net\/2013\/06\/19\/teresa-pampols-nou-membre-de-la-reial-academia-de-farmacia\/"]}]},{"@type":"ImageObject","inLanguage":"ca","@id":"https:\/\/novaorg.cofb.net\/2013\/06\/19\/teresa-pampols-nou-membre-de-la-reial-academia-de-farmacia\/#primaryimage","url":"","contentUrl":""},{"@type":"BreadcrumbList","@id":"https:\/\/novaorg.cofb.net\/2013\/06\/19\/teresa-pampols-nou-membre-de-la-reial-academia-de-farmacia\/#breadcrumb","itemListElement":[{"@type":"ListItem","position":1,"name":"Inici","item":"https:\/\/novaorg.cofb.net\/"},{"@type":"ListItem","position":2,"name":"Teresa P\u00e0mpols, nou membre de la Reial Acad\u00e8mia de Farm\u00e0cia"}]},{"@type":"WebSite","@id":"https:\/\/www.cofb.org\/#website","url":"https:\/\/www.cofb.org\/","name":"Col\u00b7legi de Farmac\u00e8utics de Barcelona","description":"","publisher":{"@id":"https:\/\/www.cofb.org\/#organization"},"potentialAction":[{"@type":"SearchAction","target":{"@type":"EntryPoint","urlTemplate":"https:\/\/www.cofb.org\/?s={search_term_string}"},"query-input":"required name=search_term_string"}],"inLanguage":"ca"},{"@type":"Organization","@id":"https:\/\/www.cofb.org\/#organization","name":"Col\u00b7legi de Farmac\u00e8utics de Barcelona","url":"https:\/\/www.cofb.org\/","logo":{"@type":"ImageObject","inLanguage":"ca","@id":"https:\/\/www.cofb.org\/#\/schema\/logo\/image\/","url":"https:\/\/www.cofb.org\/wp-content\/uploads\/2023\/11\/cropped-Logotip-COFB.png","contentUrl":"https:\/\/www.cofb.org\/wp-content\/uploads\/2023\/11\/cropped-Logotip-COFB.png","width":500,"height":105,"caption":"Col\u00b7legi de Farmac\u00e8utics de Barcelona"},"image":{"@id":"https:\/\/www.cofb.org\/#\/schema\/logo\/image\/"},"sameAs":["https:\/\/www.facebook.com\/farmaceuticsbcn\/","https:\/\/twitter.com\/farmaceuticsbcn","https:\/\/www.instagram.com\/farmaceuticsbcn\/","https:\/\/www.linkedin.com\/company\/farmaceuticsbcn\/"]},{"@type":"Person","@id":"https:\/\/www.cofb.org\/#\/schema\/person\/22ed7eea88da74b0fa4d3154ad87ffcb","name":"wpAdminCofbOrg","image":{"@type":"ImageObject","inLanguage":"ca","@id":"https:\/\/www.cofb.org\/#\/schema\/person\/image\/","url":"https:\/\/secure.gravatar.com\/avatar\/1721b20b3b8ca882c3b56ec6c978c594fff670e40c0718e9190eaeeb76aae7d8?s=96&d=mm&r=g","contentUrl":"https:\/\/secure.gravatar.com\/avatar\/1721b20b3b8ca882c3b56ec6c978c594fff670e40c0718e9190eaeeb76aae7d8?s=96&d=mm&r=g","caption":"wpAdminCofbOrg"},"sameAs":["http:\/\/192.168.64.122\/wordpress"],"url":"https:\/\/www.cofb.org\/ca\/author\/wpadmincofborg\/"}]}},"uagb_featured_image_src":{"full":false,"thumbnail":false,"medium":false,"medium_large":false,"large":false,"1536x1536":false,"2048x2048":false,"trp-custom-language-flag":false},"uagb_author_info":{"display_name":"wpAdminCofbOrg","author_link":"https:\/\/www.cofb.org\/ca\/author\/wpadmincofborg\/"},"uagb_comment_info":0,"uagb_excerpt":"Amb la lectura del discurs \u201cEpidemiologia de les malalties metab\u00f2liques heredit\u00e0ries\u201d, la Dra. Teresa P\u00e0mpols Ros ha ingressat aquest any com a acad\u00e8mica numer\u00e0ria de la\u00a0Reial Acad\u00e8mia de Farm\u00e0cia de Catalunya\u00a0(RAFC). L\u2019acte va tenir lloc el 6 de maig al Sal\u00f3 d\u2019Actes de la RAFC i va contestar en nom [&hellip;]","_links":{"self":[{"href":"https:\/\/www.cofb.org\/ca\/wp-json\/wp\/v2\/posts\/1952","targetHints":{"allow":["GET"]}}],"collection":[{"href":"https:\/\/www.cofb.org\/ca\/wp-json\/wp\/v2\/posts"}],"about":[{"href":"https:\/\/www.cofb.org\/ca\/wp-json\/wp\/v2\/types\/post"}],"author":[{"embeddable":true,"href":"https:\/\/www.cofb.org\/ca\/wp-json\/wp\/v2\/users\/1"}],"replies":[{"embeddable":true,"href":"https:\/\/www.cofb.org\/ca\/wp-json\/wp\/v2\/comments?post=1952"}],"version-history":[{"count":0,"href":"https:\/\/www.cofb.org\/ca\/wp-json\/wp\/v2\/posts\/1952\/revisions"}],"wp:featuredmedia":[{"embeddable":true,"href":"https:\/\/www.cofb.org\/ca\/wp-json\/"}],"wp:attachment":[{"href":"https:\/\/www.cofb.org\/ca\/wp-json\/wp\/v2\/media?parent=1952"}],"wp:term":[{"taxonomy":"category","embeddable":true,"href":"https:\/\/www.cofb.org\/ca\/wp-json\/wp\/v2\/categories?post=1952"},{"taxonomy":"post_tag","embeddable":true,"href":"https:\/\/www.cofb.org\/ca\/wp-json\/wp\/v2\/tags?post=1952"}],"curies":[{"name":"wp","href":"https:\/\/api.w.org\/{rel}","templated":true}]}}