{"id":1938,"date":"2013-06-14T13:53:57","date_gmt":"2013-06-14T12:53:57","guid":{"rendered":"http:\/\/blog.cofb.cat\/?p=1938"},"modified":"2013-06-14T13:53:57","modified_gmt":"2013-06-14T12:53:57","slug":"farmacs-antineoplasics-orals","status":"publish","type":"post","link":"https:\/\/www.cofb.org\/ca\/2013\/06\/14\/farmacs-antineoplasics-orals\/","title":{"rendered":"F\u00e0rmacs antineopl\u00e0sics orals"},"content":{"rendered":"\n<p>Aquesta activitat, organitzada per la Societat Catalana de Farm\u00e0cia Cl\u00ednica (SCFC) i el Col\u00b7legi, va tenir lloc el 28 de maig a la seu col\u00b7legial amb el patrocini de Novartis. La formaci\u00f3 anava dirigida a <strong>farmac\u00e8utics d\u2019hospitals i de centres d\u2019atenci\u00f3 prim\u00e0ria <\/strong>per posar-los al dia de la<strong> farmacoter\u00e0pia dels antineopl\u00e0sics orals, les interaccions i la necess\u00e0ria adher\u00e8ncia al tractament i les intervencions en atenci\u00f3 farmac\u00e8utica i educaci\u00f3 sanit\u00e0ria<\/strong> requerides per a aquests pacients i medicaments.<\/p>\n<p>Cada cop s\u00f3n m\u00e9s els f\u00e0rmacs antineopl\u00e0sics d\u2019administraci\u00f3 oral i les expectatives m\u00e9s conservadores pronostiquen que durant la d\u00e8cada que ve representaran el 25% de tots els agents antitumorals. Els pacients prefereixen la quimioter\u00e0pia oral perqu\u00e8 els proporciona m\u00e9s autonomia, evita puncions i riscs associats a la utilitzaci\u00f3 de cat\u00e8ters endovenosos o reservoris en vies centrals. No obstant aix\u00f2, els antineopl\u00e0sics orals s\u00f3n un repte per als professionals per situacions noves no previstes fins ara com la confirmaci\u00f3 de l\u2019adher\u00e8ncia al tractament, l\u2019aparici\u00f3 d\u2019efectes adversos generals, nous de cada mol\u00e8cula i com tractar-los, recomanacions d\u2019\u00fas.<\/p>\n<p>En l\u2019equip docent van participar-hi <b>Natalia Creus<\/b>, farmac\u00e8utica adjunta, Hospital Cl\u00ednic de Barcelona; <b>Eduard Fort<\/b>, farmac\u00e8utic adjunt, Institut Catal\u00e0 Oncologia &#8211; Hospital Duran i Reynals; <b>Clara Lezcano<\/b>, farmac\u00e8utica adjunta, Institut Catal\u00e0 Oncologia -Hospital Universitari Germans Trias i Pujol de Badalona; <b>Estela Moreno<\/b> farmac\u00e8utica adjunta, Hospital de la Santa Creu i Sant Pau de Barcelona; <b>Maria Perayre<\/b>, farmac\u00e8utica adjunta, Institut Catal\u00e0 Oncologia &#8211; Hospital Duran i Reynals; <b>N\u00faria Quer<\/b>, farmac\u00e8utica adjunta, Institut Catal\u00e0 Oncologia, Hospital Josep Trueta, i <b>Carolina Valdivia<\/b>, farmac\u00e8utica especialista, Hospital Universitari Vall d\u2019Hebron de Barcelona.<\/p>\n<p>La coordinaci\u00f3 va anar a c\u00e0rrec de <b>Tom\u00e0s Casas\u00edn<\/b>, vocal d\u2019Hospitals del COF de Barcelona; <b>Eduard Fort,<\/b> farmac\u00e8utic adjunt, Institut Catal\u00e0 Oncologia \u2013 Hospital Duran i Reynals, i <b>Julio Mart\u00ednez<\/b>, president de la Societat Catalana de Farm\u00e0cia Cl\u00ednica (SCFC).<\/p>\n","protected":false},"excerpt":{"rendered":"<p>Aquesta activitat, organitzada per la Societat Catalana de Farm\u00e0cia Cl\u00ednica (SCFC) i el Col\u00b7legi, va tenir lloc el 28 de maig a la seu col\u00b7legial amb el patrocini de Novartis. La formaci\u00f3 anava dirigida a farmac\u00e8utics d\u2019hospitals i de centres d\u2019atenci\u00f3 prim\u00e0ria per posar-los al dia de la farmacoter\u00e0pia dels [&hellip;]<\/p>\n","protected":false},"author":1,"featured_media":1945,"comment_status":"open","ping_status":"open","sticky":false,"template":"","format":"standard","meta":{"_uag_custom_page_level_css":"","site-sidebar-layout":"default","site-content-layout":"","ast-site-content-layout":"default","site-content-style":"default","site-sidebar-style":"default","ast-global-header-display":"","ast-banner-title-visibility":"","ast-main-header-display":"","ast-hfb-above-header-display":"","ast-hfb-below-header-display":"","ast-hfb-mobile-header-display":"","site-post-title":"","ast-breadcrumbs-content":"","ast-featured-img":"disabled","footer-sml-layout":"","theme-transparent-header-meta":"","adv-header-id-meta":"","stick-header-meta":"","header-above-stick-meta":"","header-main-stick-meta":"","header-below-stick-meta":"","astra-migrate-meta-layouts":"default","ast-page-background-enabled":"default","ast-page-background-meta":{"desktop":{"background-color":"var(--ast-global-color-4)","background-image":"","background-repeat":"repeat","background-position":"center center","background-size":"auto","background-attachment":"scroll","background-type":"","background-media":"","overlay-type":"","overlay-color":"","overlay-opacity":"","overlay-gradient":""},"tablet":{"background-color":"","background-image":"","background-repeat":"repeat","background-position":"center center","background-size":"auto","background-attachment":"scroll","background-type":"","background-media":"","overlay-type":"","overlay-color":"","overlay-opacity":"","overlay-gradient":""},"mobile":{"background-color":"","background-image":"","background-repeat":"repeat","background-position":"center center","background-size":"auto","background-attachment":"scroll","background-type":"","background-media":"","overlay-type":"","overlay-color":"","overlay-opacity":"","overlay-gradient":""}},"ast-content-background-meta":{"desktop":{"background-color":"var(--ast-global-color-5)","background-image":"","background-repeat":"repeat","background-position":"center center","background-size":"auto","background-attachment":"scroll","background-type":"","background-media":"","overlay-type":"","overlay-color":"","overlay-opacity":"","overlay-gradient":""},"tablet":{"background-color":"var(--ast-global-color-5)","background-image":"","background-repeat":"repeat","background-position":"center center","background-size":"auto","background-attachment":"scroll","background-type":"","background-media":"","overlay-type":"","overlay-color":"","overlay-opacity":"","overlay-gradient":""},"mobile":{"background-color":"var(--ast-global-color-5)","background-image":"","background-repeat":"repeat","background-position":"center center","background-size":"auto","background-attachment":"scroll","background-type":"","background-media":"","overlay-type":"","overlay-color":"","overlay-opacity":"","overlay-gradient":""}},"footnotes":""},"categories":[57],"tags":[70,481],"class_list":["post-1938","post","type-post","status-publish","format-standard","has-post-thumbnail","hentry","category-mon-collegial","tag-formacio","tag-hospitals"],"yoast_head":"<!-- This site is optimized with the Yoast SEO plugin v22.4 - https:\/\/yoast.com\/wordpress\/plugins\/seo\/ -->\n<title>F\u00e0rmacs antineopl\u00e0sics orals - Col\u00b7legi de Farmac\u00e8utics de Barcelona<\/title>\n<meta name=\"robots\" content=\"index, follow, max-snippet:-1, max-image-preview:large, max-video-preview:-1\" \/>\n<link rel=\"canonical\" href=\"https:\/\/novaorg.cofb.net\/2013\/06\/14\/farmacs-antineoplasics-orals\/\" \/>\n<meta property=\"og:locale\" content=\"ca_ES\" \/>\n<meta property=\"og:type\" content=\"article\" \/>\n<meta property=\"og:title\" content=\"F\u00e0rmacs antineopl\u00e0sics orals - Col\u00b7legi de Farmac\u00e8utics de Barcelona\" \/>\n<meta property=\"og:description\" content=\"Aquesta activitat, organitzada per la Societat Catalana de Farm\u00e0cia Cl\u00ednica (SCFC) i el Col\u00b7legi, va tenir lloc el 28 de maig a la seu col\u00b7legial amb el patrocini de Novartis. La formaci\u00f3 anava dirigida a farmac\u00e8utics d\u2019hospitals i de centres d\u2019atenci\u00f3 prim\u00e0ria per posar-los al dia de la farmacoter\u00e0pia dels [&hellip;]\" \/>\n<meta property=\"og:url\" content=\"https:\/\/novaorg.cofb.net\/2013\/06\/14\/farmacs-antineoplasics-orals\/\" \/>\n<meta property=\"og:site_name\" content=\"Col\u00b7legi de Farmac\u00e8utics de Barcelona\" \/>\n<meta property=\"article:publisher\" content=\"https:\/\/www.facebook.com\/farmaceuticsbcn\/\" \/>\n<meta property=\"article:published_time\" content=\"2013-06-14T12:53:57+00:00\" \/>\n<meta name=\"author\" content=\"wpAdminCofbOrg\" \/>\n<meta name=\"twitter:card\" content=\"summary_large_image\" \/>\n<meta name=\"twitter:creator\" content=\"@farmaceuticsbcn\" \/>\n<meta name=\"twitter:site\" content=\"@farmaceuticsbcn\" \/>\n<meta name=\"twitter:label1\" content=\"Escrit per\" \/>\n\t<meta name=\"twitter:data1\" content=\"wpAdminCofbOrg\" \/>\n\t<meta name=\"twitter:label2\" content=\"Temps estimat de lectura\" \/>\n\t<meta name=\"twitter:data2\" content=\"2 minuts\" \/>\n<script type=\"application\/ld+json\" class=\"yoast-schema-graph\">{\"@context\":\"https:\/\/schema.org\",\"@graph\":[{\"@type\":\"Article\",\"@id\":\"https:\/\/novaorg.cofb.net\/2013\/06\/14\/farmacs-antineoplasics-orals\/#article\",\"isPartOf\":{\"@id\":\"https:\/\/novaorg.cofb.net\/2013\/06\/14\/farmacs-antineoplasics-orals\/\"},\"author\":{\"name\":\"wpAdminCofbOrg\",\"@id\":\"https:\/\/www.cofb.org\/#\/schema\/person\/22ed7eea88da74b0fa4d3154ad87ffcb\"},\"headline\":\"F\u00e0rmacs antineopl\u00e0sics orals\",\"datePublished\":\"2013-06-14T12:53:57+00:00\",\"dateModified\":\"2013-06-14T12:53:57+00:00\",\"mainEntityOfPage\":{\"@id\":\"https:\/\/novaorg.cofb.net\/2013\/06\/14\/farmacs-antineoplasics-orals\/\"},\"wordCount\":352,\"commentCount\":0,\"publisher\":{\"@id\":\"https:\/\/www.cofb.org\/#organization\"},\"image\":{\"@id\":\"https:\/\/novaorg.cofb.net\/2013\/06\/14\/farmacs-antineoplasics-orals\/#primaryimage\"},\"thumbnailUrl\":\"\",\"keywords\":[\"Formaci\u00f3\",\"Hospitals\"],\"articleSection\":[\"M\u00f3n col\u00b7legial\"],\"inLanguage\":\"ca\",\"potentialAction\":[{\"@type\":\"CommentAction\",\"name\":\"Comment\",\"target\":[\"https:\/\/novaorg.cofb.net\/2013\/06\/14\/farmacs-antineoplasics-orals\/#respond\"]}]},{\"@type\":\"WebPage\",\"@id\":\"https:\/\/novaorg.cofb.net\/2013\/06\/14\/farmacs-antineoplasics-orals\/\",\"url\":\"https:\/\/novaorg.cofb.net\/2013\/06\/14\/farmacs-antineoplasics-orals\/\",\"name\":\"F\u00e0rmacs antineopl\u00e0sics orals - Col\u00b7legi de Farmac\u00e8utics de Barcelona\",\"isPartOf\":{\"@id\":\"https:\/\/www.cofb.org\/#website\"},\"primaryImageOfPage\":{\"@id\":\"https:\/\/novaorg.cofb.net\/2013\/06\/14\/farmacs-antineoplasics-orals\/#primaryimage\"},\"image\":{\"@id\":\"https:\/\/novaorg.cofb.net\/2013\/06\/14\/farmacs-antineoplasics-orals\/#primaryimage\"},\"thumbnailUrl\":\"\",\"datePublished\":\"2013-06-14T12:53:57+00:00\",\"dateModified\":\"2013-06-14T12:53:57+00:00\",\"breadcrumb\":{\"@id\":\"https:\/\/novaorg.cofb.net\/2013\/06\/14\/farmacs-antineoplasics-orals\/#breadcrumb\"},\"inLanguage\":\"ca\",\"potentialAction\":[{\"@type\":\"ReadAction\",\"target\":[\"https:\/\/novaorg.cofb.net\/2013\/06\/14\/farmacs-antineoplasics-orals\/\"]}]},{\"@type\":\"ImageObject\",\"inLanguage\":\"ca\",\"@id\":\"https:\/\/novaorg.cofb.net\/2013\/06\/14\/farmacs-antineoplasics-orals\/#primaryimage\",\"url\":\"\",\"contentUrl\":\"\"},{\"@type\":\"BreadcrumbList\",\"@id\":\"https:\/\/novaorg.cofb.net\/2013\/06\/14\/farmacs-antineoplasics-orals\/#breadcrumb\",\"itemListElement\":[{\"@type\":\"ListItem\",\"position\":1,\"name\":\"Inici\",\"item\":\"https:\/\/novaorg.cofb.net\/\"},{\"@type\":\"ListItem\",\"position\":2,\"name\":\"F\u00e0rmacs antineopl\u00e0sics orals\"}]},{\"@type\":\"WebSite\",\"@id\":\"https:\/\/www.cofb.org\/#website\",\"url\":\"https:\/\/www.cofb.org\/\",\"name\":\"Col\u00b7legi de Farmac\u00e8utics de Barcelona\",\"description\":\"\",\"publisher\":{\"@id\":\"https:\/\/www.cofb.org\/#organization\"},\"potentialAction\":[{\"@type\":\"SearchAction\",\"target\":{\"@type\":\"EntryPoint\",\"urlTemplate\":\"https:\/\/www.cofb.org\/?s={search_term_string}\"},\"query-input\":\"required name=search_term_string\"}],\"inLanguage\":\"ca\"},{\"@type\":\"Organization\",\"@id\":\"https:\/\/www.cofb.org\/#organization\",\"name\":\"Col\u00b7legi de Farmac\u00e8utics de Barcelona\",\"url\":\"https:\/\/www.cofb.org\/\",\"logo\":{\"@type\":\"ImageObject\",\"inLanguage\":\"ca\",\"@id\":\"https:\/\/www.cofb.org\/#\/schema\/logo\/image\/\",\"url\":\"https:\/\/www.cofb.org\/wp-content\/uploads\/2023\/11\/cropped-Logotip-COFB.png\",\"contentUrl\":\"https:\/\/www.cofb.org\/wp-content\/uploads\/2023\/11\/cropped-Logotip-COFB.png\",\"width\":500,\"height\":105,\"caption\":\"Col\u00b7legi de Farmac\u00e8utics de Barcelona\"},\"image\":{\"@id\":\"https:\/\/www.cofb.org\/#\/schema\/logo\/image\/\"},\"sameAs\":[\"https:\/\/www.facebook.com\/farmaceuticsbcn\/\",\"https:\/\/twitter.com\/farmaceuticsbcn\",\"https:\/\/www.instagram.com\/farmaceuticsbcn\/\",\"https:\/\/www.linkedin.com\/company\/farmaceuticsbcn\/\"]},{\"@type\":\"Person\",\"@id\":\"https:\/\/www.cofb.org\/#\/schema\/person\/22ed7eea88da74b0fa4d3154ad87ffcb\",\"name\":\"wpAdminCofbOrg\",\"image\":{\"@type\":\"ImageObject\",\"inLanguage\":\"ca\",\"@id\":\"https:\/\/www.cofb.org\/#\/schema\/person\/image\/\",\"url\":\"https:\/\/secure.gravatar.com\/avatar\/1721b20b3b8ca882c3b56ec6c978c594fff670e40c0718e9190eaeeb76aae7d8?s=96&d=mm&r=g\",\"contentUrl\":\"https:\/\/secure.gravatar.com\/avatar\/1721b20b3b8ca882c3b56ec6c978c594fff670e40c0718e9190eaeeb76aae7d8?s=96&d=mm&r=g\",\"caption\":\"wpAdminCofbOrg\"},\"sameAs\":[\"http:\/\/192.168.64.122\/wordpress\"],\"url\":\"https:\/\/www.cofb.org\/ca\/author\/wpadmincofborg\/\"}]}<\/script>\n<!-- \/ Yoast SEO plugin. -->","yoast_head_json":{"title":"F\u00e0rmacs antineopl\u00e0sics orals - Col\u00b7legi de Farmac\u00e8utics de Barcelona","robots":{"index":"index","follow":"follow","max-snippet":"max-snippet:-1","max-image-preview":"max-image-preview:large","max-video-preview":"max-video-preview:-1"},"canonical":"https:\/\/novaorg.cofb.net\/2013\/06\/14\/farmacs-antineoplasics-orals\/","og_locale":"ca_ES","og_type":"article","og_title":"F\u00e0rmacs antineopl\u00e0sics orals - Col\u00b7legi de Farmac\u00e8utics de Barcelona","og_description":"Aquesta activitat, organitzada per la Societat Catalana de Farm\u00e0cia Cl\u00ednica (SCFC) i el Col\u00b7legi, va tenir lloc el 28 de maig a la seu col\u00b7legial amb el patrocini de Novartis. La formaci\u00f3 anava dirigida a farmac\u00e8utics d\u2019hospitals i de centres d\u2019atenci\u00f3 prim\u00e0ria per posar-los al dia de la farmacoter\u00e0pia dels [&hellip;]","og_url":"https:\/\/novaorg.cofb.net\/2013\/06\/14\/farmacs-antineoplasics-orals\/","og_site_name":"Col\u00b7legi de Farmac\u00e8utics de Barcelona","article_publisher":"https:\/\/www.facebook.com\/farmaceuticsbcn\/","article_published_time":"2013-06-14T12:53:57+00:00","author":"wpAdminCofbOrg","twitter_card":"summary_large_image","twitter_creator":"@farmaceuticsbcn","twitter_site":"@farmaceuticsbcn","twitter_misc":{"Escrit per":"wpAdminCofbOrg","Temps estimat de lectura":"2 minuts"},"schema":{"@context":"https:\/\/schema.org","@graph":[{"@type":"Article","@id":"https:\/\/novaorg.cofb.net\/2013\/06\/14\/farmacs-antineoplasics-orals\/#article","isPartOf":{"@id":"https:\/\/novaorg.cofb.net\/2013\/06\/14\/farmacs-antineoplasics-orals\/"},"author":{"name":"wpAdminCofbOrg","@id":"https:\/\/www.cofb.org\/#\/schema\/person\/22ed7eea88da74b0fa4d3154ad87ffcb"},"headline":"F\u00e0rmacs antineopl\u00e0sics orals","datePublished":"2013-06-14T12:53:57+00:00","dateModified":"2013-06-14T12:53:57+00:00","mainEntityOfPage":{"@id":"https:\/\/novaorg.cofb.net\/2013\/06\/14\/farmacs-antineoplasics-orals\/"},"wordCount":352,"commentCount":0,"publisher":{"@id":"https:\/\/www.cofb.org\/#organization"},"image":{"@id":"https:\/\/novaorg.cofb.net\/2013\/06\/14\/farmacs-antineoplasics-orals\/#primaryimage"},"thumbnailUrl":"","keywords":["Formaci\u00f3","Hospitals"],"articleSection":["M\u00f3n col\u00b7legial"],"inLanguage":"ca","potentialAction":[{"@type":"CommentAction","name":"Comment","target":["https:\/\/novaorg.cofb.net\/2013\/06\/14\/farmacs-antineoplasics-orals\/#respond"]}]},{"@type":"WebPage","@id":"https:\/\/novaorg.cofb.net\/2013\/06\/14\/farmacs-antineoplasics-orals\/","url":"https:\/\/novaorg.cofb.net\/2013\/06\/14\/farmacs-antineoplasics-orals\/","name":"F\u00e0rmacs antineopl\u00e0sics orals - Col\u00b7legi de Farmac\u00e8utics de Barcelona","isPartOf":{"@id":"https:\/\/www.cofb.org\/#website"},"primaryImageOfPage":{"@id":"https:\/\/novaorg.cofb.net\/2013\/06\/14\/farmacs-antineoplasics-orals\/#primaryimage"},"image":{"@id":"https:\/\/novaorg.cofb.net\/2013\/06\/14\/farmacs-antineoplasics-orals\/#primaryimage"},"thumbnailUrl":"","datePublished":"2013-06-14T12:53:57+00:00","dateModified":"2013-06-14T12:53:57+00:00","breadcrumb":{"@id":"https:\/\/novaorg.cofb.net\/2013\/06\/14\/farmacs-antineoplasics-orals\/#breadcrumb"},"inLanguage":"ca","potentialAction":[{"@type":"ReadAction","target":["https:\/\/novaorg.cofb.net\/2013\/06\/14\/farmacs-antineoplasics-orals\/"]}]},{"@type":"ImageObject","inLanguage":"ca","@id":"https:\/\/novaorg.cofb.net\/2013\/06\/14\/farmacs-antineoplasics-orals\/#primaryimage","url":"","contentUrl":""},{"@type":"BreadcrumbList","@id":"https:\/\/novaorg.cofb.net\/2013\/06\/14\/farmacs-antineoplasics-orals\/#breadcrumb","itemListElement":[{"@type":"ListItem","position":1,"name":"Inici","item":"https:\/\/novaorg.cofb.net\/"},{"@type":"ListItem","position":2,"name":"F\u00e0rmacs antineopl\u00e0sics orals"}]},{"@type":"WebSite","@id":"https:\/\/www.cofb.org\/#website","url":"https:\/\/www.cofb.org\/","name":"Col\u00b7legi de Farmac\u00e8utics de Barcelona","description":"","publisher":{"@id":"https:\/\/www.cofb.org\/#organization"},"potentialAction":[{"@type":"SearchAction","target":{"@type":"EntryPoint","urlTemplate":"https:\/\/www.cofb.org\/?s={search_term_string}"},"query-input":"required name=search_term_string"}],"inLanguage":"ca"},{"@type":"Organization","@id":"https:\/\/www.cofb.org\/#organization","name":"Col\u00b7legi de Farmac\u00e8utics de Barcelona","url":"https:\/\/www.cofb.org\/","logo":{"@type":"ImageObject","inLanguage":"ca","@id":"https:\/\/www.cofb.org\/#\/schema\/logo\/image\/","url":"https:\/\/www.cofb.org\/wp-content\/uploads\/2023\/11\/cropped-Logotip-COFB.png","contentUrl":"https:\/\/www.cofb.org\/wp-content\/uploads\/2023\/11\/cropped-Logotip-COFB.png","width":500,"height":105,"caption":"Col\u00b7legi de Farmac\u00e8utics de Barcelona"},"image":{"@id":"https:\/\/www.cofb.org\/#\/schema\/logo\/image\/"},"sameAs":["https:\/\/www.facebook.com\/farmaceuticsbcn\/","https:\/\/twitter.com\/farmaceuticsbcn","https:\/\/www.instagram.com\/farmaceuticsbcn\/","https:\/\/www.linkedin.com\/company\/farmaceuticsbcn\/"]},{"@type":"Person","@id":"https:\/\/www.cofb.org\/#\/schema\/person\/22ed7eea88da74b0fa4d3154ad87ffcb","name":"wpAdminCofbOrg","image":{"@type":"ImageObject","inLanguage":"ca","@id":"https:\/\/www.cofb.org\/#\/schema\/person\/image\/","url":"https:\/\/secure.gravatar.com\/avatar\/1721b20b3b8ca882c3b56ec6c978c594fff670e40c0718e9190eaeeb76aae7d8?s=96&d=mm&r=g","contentUrl":"https:\/\/secure.gravatar.com\/avatar\/1721b20b3b8ca882c3b56ec6c978c594fff670e40c0718e9190eaeeb76aae7d8?s=96&d=mm&r=g","caption":"wpAdminCofbOrg"},"sameAs":["http:\/\/192.168.64.122\/wordpress"],"url":"https:\/\/www.cofb.org\/ca\/author\/wpadmincofborg\/"}]}},"uagb_featured_image_src":{"full":false,"thumbnail":false,"medium":false,"medium_large":false,"large":false,"1536x1536":false,"2048x2048":false,"trp-custom-language-flag":false},"uagb_author_info":{"display_name":"wpAdminCofbOrg","author_link":"https:\/\/www.cofb.org\/ca\/author\/wpadmincofborg\/"},"uagb_comment_info":0,"uagb_excerpt":"Aquesta activitat, organitzada per la Societat Catalana de Farm\u00e0cia Cl\u00ednica (SCFC) i el Col\u00b7legi, va tenir lloc el 28 de maig a la seu col\u00b7legial amb el patrocini de Novartis. La formaci\u00f3 anava dirigida a farmac\u00e8utics d\u2019hospitals i de centres d\u2019atenci\u00f3 prim\u00e0ria per posar-los al dia de la farmacoter\u00e0pia dels [&hellip;]","_links":{"self":[{"href":"https:\/\/www.cofb.org\/ca\/wp-json\/wp\/v2\/posts\/1938","targetHints":{"allow":["GET"]}}],"collection":[{"href":"https:\/\/www.cofb.org\/ca\/wp-json\/wp\/v2\/posts"}],"about":[{"href":"https:\/\/www.cofb.org\/ca\/wp-json\/wp\/v2\/types\/post"}],"author":[{"embeddable":true,"href":"https:\/\/www.cofb.org\/ca\/wp-json\/wp\/v2\/users\/1"}],"replies":[{"embeddable":true,"href":"https:\/\/www.cofb.org\/ca\/wp-json\/wp\/v2\/comments?post=1938"}],"version-history":[{"count":0,"href":"https:\/\/www.cofb.org\/ca\/wp-json\/wp\/v2\/posts\/1938\/revisions"}],"wp:featuredmedia":[{"embeddable":true,"href":"https:\/\/www.cofb.org\/ca\/wp-json\/"}],"wp:attachment":[{"href":"https:\/\/www.cofb.org\/ca\/wp-json\/wp\/v2\/media?parent=1938"}],"wp:term":[{"taxonomy":"category","embeddable":true,"href":"https:\/\/www.cofb.org\/ca\/wp-json\/wp\/v2\/categories?post=1938"},{"taxonomy":"post_tag","embeddable":true,"href":"https:\/\/www.cofb.org\/ca\/wp-json\/wp\/v2\/tags?post=1938"}],"curies":[{"name":"wp","href":"https:\/\/api.w.org\/{rel}","templated":true}]}}