{"id":19058,"date":"2016-02-01T13:28:07","date_gmt":"2016-02-01T12:28:07","guid":{"rendered":"http:\/\/blog.cofb.cat\/?p=19058"},"modified":"2016-02-01T13:28:07","modified_gmt":"2016-02-01T12:28:07","slug":"el-master-de-gestio-del-cofb-aborda-quins-son-els-indicadors-clau-en-el-rendiment-de-la-farmacia-comunitaria","status":"publish","type":"post","link":"https:\/\/www.cofb.org\/ca\/2016\/02\/01\/el-master-de-gestio-del-cofb-aborda-quins-son-els-indicadors-clau-en-el-rendiment-de-la-farmacia-comunitaria\/","title":{"rendered":"El M\u00e0ster de Gesti\u00f3 del COFB aborda quins s\u00f3n els indicadors clau en el rendiment de la farm\u00e0cia comunit\u00e0ria"},"content":{"rendered":"<p><a href=\"http:\/\/blog.cofb.cat\/wp-content\/uploads\/2015\/08\/MGOF_2015_2016.jpg\"><img fetchpriority=\"high\" decoding=\"async\" class=\" wp-image-15622 alignleft\" alt=\"MGOF_2015_2016\" src=\"http:\/\/blog.cofb.cat\/wp-content\/uploads\/2015\/08\/MGOF_2015_2016-724x1024.jpg\" width=\"229\" height=\"323\" \/><\/a>El proper <b>11 de febrer comen\u00e7a l\u2019\u00faltim m\u00f2dul de l\u2019onzena edici\u00f3 del M\u00e0ster en Gesti\u00f3 d\u2019Oficina de Farm\u00e0cia,<\/b> que imparteix el Col\u00b7legi de Farmac\u00e8utics de Barcelona, anomenat \u201cEl farmac\u00e8utic com a responsable de m\u00e0rqueting\u201d. Aquest darrer bloc <b>inclou per primera vegada <\/b><b>un seminari de KPIs (<i>Key Performance Indicators<\/i>), impartit per Jordi Corona,<\/b> en qu\u00e8 els alumnes podran estudiar a fons quins s\u00f3n els indicadors clau que s\u2019han de tenir en compte per garantir el bon rendiment de la farm\u00e0cia comunit\u00e0ria, consolidar els objectius estrat\u00e8gics i millorar l\u2019efici\u00e8ncia, factors que, alhora, reverteixen en una optimitzaci\u00f3 de l\u2019atenci\u00f3 farmac\u00e8utica.<\/p>\n<p>Una altra novetat de l\u2019edici\u00f3 en curs \u00e9s que s\u2019ha actualitzat el seminari d\u2019E-commerce i s\u2019ha reformulat el d\u2019Internet amb la incorporaci\u00f3 de Paco Cobo. D\u2019altra banda, una de les sessions anir\u00e0 a c\u00e0rrec de Xavier Portillo, qui va ser un dels participants del Master de l\u2019any passat i que va fer una de les millors exposicions del Pla de M\u00e0rqueting.<\/p>\n<p>El MGOF ofereix l\u2019avantatge que <b>el farmac\u00e8utic es pot inscriure al m\u00f2dul que m\u00e9s l\u2019interessa sense necessitat de cursar el M\u00e0ster complet. <\/b>Aquest aspecte facilita una millor compatibilitat entre la formaci\u00f3 i l\u2019exercici diari a la farm\u00e0cia, fet que explica que m\u00e9s del 20% dels titulars de farm\u00e0cia de Barcelona ja estiguin formats en gesti\u00f3 a trav\u00e9s del MGOF.<\/p>\n<p>\u201c<b>El farmac\u00e8utic, un agent de salut clau que pot aportar valor al sistema amb la seva gesti\u00f3\u201d<\/b><\/p>\n<p><figure id=\"attachment_19060\" aria-describedby=\"caption-attachment-19060\" style=\"width: 372px\" class=\"wp-caption alignright\"><a href=\"http:\/\/blog.cofb.cat\/wp-content\/uploads\/2016\/02\/MGOF-modulIII-inauguracio.jpg\"><img decoding=\"async\" class=\" wp-image-19060\" alt=\"MGOF-modulIII-inauguracio\" src=\"http:\/\/blog.cofb.cat\/wp-content\/uploads\/2016\/02\/MGOF-modulIII-inauguracio-1024x682.jpg\" width=\"372\" height=\"247\" \/><\/a><figcaption id=\"caption-attachment-19060\" class=\"wp-caption-text\">Fotografia de la inauguraci\u00f3 del MGOF. L\u2019acte va anar a c\u00e0rrec de: [d\u2019esquerra a dreta] M\u00f2nica Gallach i Cristina Rodr\u00edguez, coordinadores del M\u00e0ster; Jordi de Dalmases, president del COFB; i Joan Carles serra, director del M\u00e0ster<\/figcaption><\/figure>\u201c<b>La contractaci\u00f3 de serveis professionals \u00e9s una aposta de viabilitat i el farmac\u00e8utic, un agent de salut clau que pot aportar valor al sistema amb la seva gesti\u00f3\u201d. <\/b>Amb aquestes paraules<a href=\"http:\/\/blog.cofb.cat\/tret-de-sortida-al-mgof-2015-2016\/\" target=\"_blank\" rel=\"noopener\"> va inaugurar el MGOF <strong>Jordi de Dalmases<\/strong><\/a><strong>, president del COFB<\/strong>, que va comen\u00e7ar a l\u2019octubre amb un <b>nombre d\u2019inscripcions r\u00e8cord.<\/b> Durant aquesta benvinguda als nous alumnes, tamb\u00e9 va voler emfatitzar en la import\u00e0ncia que t\u00e9 cursar estudis complementaris al grau universitari, per assolir l\u2019excel\u00b7l\u00e8ncia professional, encara m\u00e9s en el context de crisi actual que ha posat el sector en dificultats: <b>\u201cTots podem ser molt bons professionals, per\u00f2 necessitem coneixements addicionals als que ens proporciona la carrera, i quan es compliquen les coses, encara ho necessitem m\u00e9s\u201d.<\/b><\/p>\n<p>De fet, <b>juntament amb les altres dues \u00e0rees en qu\u00e8 s\u2019estructura \u2013Finances i Fiscalitat i Gesti\u00f3 de persones-, <\/b>el MGOF t\u00e9 com a objectiu que els titulars o graduats en Farm\u00e0cia coneguin les diferents \u00e0rees funcionals i processos de la farm\u00e0cia. Amb un <b>aprenentatge actiu i pr\u00e0ctic<\/b>, que fomenta les habilitats per reflexionar, entre d\u2019altres aspectes, <b>s\u2019ofereix als alumnes les eines necess\u00e0ries per gestionar la farm\u00e0cia comunit\u00e0ria i treure\u2019n la m\u00e0xima rendibilitat.\u00a0 <\/b><\/p>\n<p><b>Visi\u00f3 de futur, tenir m\u00e9s eines i la planificaci\u00f3, entre els aspectes m\u00e9s valorats pels alumnes <\/b><\/p>\n<p>\u201cEl M\u00e0ster m\u2019ha proporcionat una <b>visi\u00f3 de futur que m\u2019ha ajudat a tenir m\u00e9s clars els meus objectius<\/b>\u201d, explica en un v\u00eddeo <a href=\"https:\/\/vimeo.com\/135664501\">Cristina V\u00e1zquez<\/a>, alumna de l\u2019anterior edici\u00f3. Alhora, la seva companya <a href=\"https:\/\/vimeo.com\/135855084\">Magda Sabat\u00e9<\/a> afegeix que <b>tenia el mitj\u00e0, la farm\u00e0cia, per\u00f2 li faltaven les eines que li ha proporcionat el MGOF per treure-li rendiment. <\/b>Per \u00faltim, <a href=\"https:\/\/vimeo.com\/135663114\">Cristina Mart\u00ed<\/a>, participant de la desena edici\u00f3 del m\u00f2dul de M\u00e0rqueting del MGOF concreta que es va apuntar per adquirir coneixements que no s\u2019havien abordat a la carrera, necessaris per estar al dia de la farm\u00e0cia, i que el que m\u00e9s li va agradar va ser la part del Pla de m\u00e0rqueting: <b>\u201cPerqu\u00e8 les coses surtin b\u00e9 s\u2019han de planificar b\u00e9 i fer un seguiment\u201d.\u00a0<\/b><\/p>\n<p><span style=\"color: #888888;\"><strong>Nota de premsa enviada als mitjans de comunicaci\u00f3. La podeu consultar a la\u00a0<a href=\"http:\/\/www.cofb.org\/web\/guest\/notes-de-premsa\" target=\"_blank\" rel=\"noopener\"><span style=\"color: #888888;\">Sala de Premsa\u00a0<\/span><\/a>del web institucional (via www.cofb.org).<\/strong><\/span><\/p>\n<div class=\"box shadow\">Si t&#8217;interessa inscriure&#8217;t al tercer m\u00f2dul de l\u2019onzena edici\u00f3 del M\u00e0ster en Gesti\u00f3 d\u2019Oficina de Farm\u00e0cia <strong>contacta amb el Departament de Formaci\u00f3 del Col\u00b7legi: 93 244 07 13<\/strong>. Queden poques places!\u00a0<\/div>\n<p><strong>Potser tamb\u00e9 t&#8217;interessa:<\/strong><\/p>\n<p><a href=\"http:\/\/blog.cofb.cat\/tret-de-sortida-al-mgof-2015-2016\/\" target=\"_blank\" rel=\"noopener\">Tret de sortida al MGOF 2015-2016 (Blog)<\/a><\/p>\n","protected":false},"excerpt":{"rendered":"<p>El proper 11 de febrer comen\u00e7a l\u2019\u00faltim m\u00f2dul de l\u2019onzena edici\u00f3 del M\u00e0ster en Gesti\u00f3 d\u2019Oficina de Farm\u00e0cia, que imparteix el Col\u00b7legi de Farmac\u00e8utics de Barcelona, anomenat \u201cEl farmac\u00e8utic com a responsable de m\u00e0rqueting\u201d. Aquest darrer bloc inclou per primera vegada un seminari de KPIs (Key Performance Indicators), impartit per [&hellip;]<\/p>\n","protected":false},"author":1,"featured_media":15622,"comment_status":"open","ping_status":"open","sticky":false,"template":"","format":"standard","meta":{"_uag_custom_page_level_css":"","site-sidebar-layout":"default","site-content-layout":"","ast-site-content-layout":"default","site-content-style":"default","site-sidebar-style":"default","ast-global-header-display":"","ast-banner-title-visibility":"","ast-main-header-display":"","ast-hfb-above-header-display":"","ast-hfb-below-header-display":"","ast-hfb-mobile-header-display":"","site-post-title":"","ast-breadcrumbs-content":"","ast-featured-img":"disabled","footer-sml-layout":"","theme-transparent-header-meta":"","adv-header-id-meta":"","stick-header-meta":"","header-above-stick-meta":"","header-main-stick-meta":"","header-below-stick-meta":"","astra-migrate-meta-layouts":"default","ast-page-background-enabled":"default","ast-page-background-meta":{"desktop":{"background-color":"var(--ast-global-color-4)","background-image":"","background-repeat":"repeat","background-position":"center center","background-size":"auto","background-attachment":"scroll","background-type":"","background-media":"","overlay-type":"","overlay-color":"","overlay-opacity":"","overlay-gradient":""},"tablet":{"background-color":"","background-image":"","background-repeat":"repeat","background-position":"center center","background-size":"auto","background-attachment":"scroll","background-type":"","background-media":"","overlay-type":"","overlay-color":"","overlay-opacity":"","overlay-gradient":""},"mobile":{"background-color":"","background-image":"","background-repeat":"repeat","background-position":"center center","background-size":"auto","background-attachment":"scroll","background-type":"","background-media":"","overlay-type":"","overlay-color":"","overlay-opacity":"","overlay-gradient":""}},"ast-content-background-meta":{"desktop":{"background-color":"var(--ast-global-color-5)","background-image":"","background-repeat":"repeat","background-position":"center center","background-size":"auto","background-attachment":"scroll","background-type":"","background-media":"","overlay-type":"","overlay-color":"","overlay-opacity":"","overlay-gradient":""},"tablet":{"background-color":"var(--ast-global-color-5)","background-image":"","background-repeat":"repeat","background-position":"center center","background-size":"auto","background-attachment":"scroll","background-type":"","background-media":"","overlay-type":"","overlay-color":"","overlay-opacity":"","overlay-gradient":""},"mobile":{"background-color":"var(--ast-global-color-5)","background-image":"","background-repeat":"repeat","background-position":"center center","background-size":"auto","background-attachment":"scroll","background-type":"","background-media":"","overlay-type":"","overlay-color":"","overlay-opacity":"","overlay-gradient":""}},"footnotes":""},"categories":[57],"tags":[18,972,70,2123,770,771,877,76],"class_list":["post-19058","post","type-post","status-publish","format-standard","has-post-thumbnail","hentry","category-mon-collegial","tag-cofb","tag-estudis","tag-formacio","tag-jordi-de-dalmases","tag-marqueting","tag-master-en-gestio-de-loficina-de-farmacia","tag-mgof","tag-oficina-de-farmacia"],"yoast_head":"<!-- This site is optimized with the Yoast SEO plugin v22.4 - https:\/\/yoast.com\/wordpress\/plugins\/seo\/ -->\n<title>El M\u00e0ster de Gesti\u00f3 del COFB aborda quins s\u00f3n els indicadors clau en el rendiment de la farm\u00e0cia comunit\u00e0ria - Col\u00b7legi de Farmac\u00e8utics de Barcelona<\/title>\n<meta name=\"robots\" content=\"index, follow, max-snippet:-1, max-image-preview:large, max-video-preview:-1\" \/>\n<link rel=\"canonical\" href=\"https:\/\/novaorg.cofb.net\/2016\/02\/01\/el-master-de-gestio-del-cofb-aborda-quins-son-els-indicadors-clau-en-el-rendiment-de-la-farmacia-comunitaria\/\" \/>\n<meta property=\"og:locale\" content=\"ca_ES\" \/>\n<meta property=\"og:type\" content=\"article\" \/>\n<meta property=\"og:title\" content=\"El M\u00e0ster de Gesti\u00f3 del COFB aborda quins s\u00f3n els indicadors clau en el rendiment de la farm\u00e0cia comunit\u00e0ria - Col\u00b7legi de Farmac\u00e8utics de Barcelona\" \/>\n<meta property=\"og:description\" content=\"El proper 11 de febrer comen\u00e7a l\u2019\u00faltim m\u00f2dul de l\u2019onzena edici\u00f3 del M\u00e0ster en Gesti\u00f3 d\u2019Oficina de Farm\u00e0cia, que imparteix el Col\u00b7legi de Farmac\u00e8utics de Barcelona, anomenat \u201cEl farmac\u00e8utic com a responsable de m\u00e0rqueting\u201d. Aquest darrer bloc inclou per primera vegada un seminari de KPIs (Key Performance Indicators), impartit per [&hellip;]\" \/>\n<meta property=\"og:url\" content=\"https:\/\/novaorg.cofb.net\/2016\/02\/01\/el-master-de-gestio-del-cofb-aborda-quins-son-els-indicadors-clau-en-el-rendiment-de-la-farmacia-comunitaria\/\" \/>\n<meta property=\"og:site_name\" content=\"Col\u00b7legi de Farmac\u00e8utics de Barcelona\" \/>\n<meta property=\"article:publisher\" content=\"https:\/\/www.facebook.com\/farmaceuticsbcn\/\" \/>\n<meta property=\"article:published_time\" content=\"2016-02-01T12:28:07+00:00\" \/>\n<meta name=\"author\" content=\"wpAdminCofbOrg\" \/>\n<meta name=\"twitter:card\" content=\"summary_large_image\" \/>\n<meta name=\"twitter:creator\" content=\"@farmaceuticsbcn\" \/>\n<meta name=\"twitter:site\" content=\"@farmaceuticsbcn\" \/>\n<meta name=\"twitter:label1\" content=\"Escrit per\" \/>\n\t<meta name=\"twitter:data1\" content=\"wpAdminCofbOrg\" \/>\n\t<meta name=\"twitter:label2\" content=\"Temps estimat de lectura\" \/>\n\t<meta name=\"twitter:data2\" content=\"4 minuts\" \/>\n<script type=\"application\/ld+json\" class=\"yoast-schema-graph\">{\"@context\":\"https:\/\/schema.org\",\"@graph\":[{\"@type\":\"Article\",\"@id\":\"https:\/\/novaorg.cofb.net\/2016\/02\/01\/el-master-de-gestio-del-cofb-aborda-quins-son-els-indicadors-clau-en-el-rendiment-de-la-farmacia-comunitaria\/#article\",\"isPartOf\":{\"@id\":\"https:\/\/novaorg.cofb.net\/2016\/02\/01\/el-master-de-gestio-del-cofb-aborda-quins-son-els-indicadors-clau-en-el-rendiment-de-la-farmacia-comunitaria\/\"},\"author\":{\"name\":\"wpAdminCofbOrg\",\"@id\":\"https:\/\/www.cofb.org\/#\/schema\/person\/22ed7eea88da74b0fa4d3154ad87ffcb\"},\"headline\":\"El M\u00e0ster de Gesti\u00f3 del COFB aborda quins s\u00f3n els indicadors clau en el rendiment de la farm\u00e0cia comunit\u00e0ria\",\"datePublished\":\"2016-02-01T12:28:07+00:00\",\"dateModified\":\"2016-02-01T12:28:07+00:00\",\"mainEntityOfPage\":{\"@id\":\"https:\/\/novaorg.cofb.net\/2016\/02\/01\/el-master-de-gestio-del-cofb-aborda-quins-son-els-indicadors-clau-en-el-rendiment-de-la-farmacia-comunitaria\/\"},\"wordCount\":785,\"commentCount\":0,\"publisher\":{\"@id\":\"https:\/\/www.cofb.org\/#organization\"},\"image\":{\"@id\":\"https:\/\/novaorg.cofb.net\/2016\/02\/01\/el-master-de-gestio-del-cofb-aborda-quins-son-els-indicadors-clau-en-el-rendiment-de-la-farmacia-comunitaria\/#primaryimage\"},\"thumbnailUrl\":\"\",\"keywords\":[\"COFB\",\"estudis\",\"Formaci\u00f3\",\"Jordi de Dalmases\",\"m\u00e0rqueting\",\"M\u00e0ster en Gesti\u00f3 de l'Oficina de Farm\u00e0cia\",\"MGOF\",\"Oficina de farm\u00e0cia\"],\"articleSection\":[\"M\u00f3n col\u00b7legial\"],\"inLanguage\":\"ca\",\"potentialAction\":[{\"@type\":\"CommentAction\",\"name\":\"Comment\",\"target\":[\"https:\/\/novaorg.cofb.net\/2016\/02\/01\/el-master-de-gestio-del-cofb-aborda-quins-son-els-indicadors-clau-en-el-rendiment-de-la-farmacia-comunitaria\/#respond\"]}]},{\"@type\":\"WebPage\",\"@id\":\"https:\/\/novaorg.cofb.net\/2016\/02\/01\/el-master-de-gestio-del-cofb-aborda-quins-son-els-indicadors-clau-en-el-rendiment-de-la-farmacia-comunitaria\/\",\"url\":\"https:\/\/novaorg.cofb.net\/2016\/02\/01\/el-master-de-gestio-del-cofb-aborda-quins-son-els-indicadors-clau-en-el-rendiment-de-la-farmacia-comunitaria\/\",\"name\":\"El M\u00e0ster de Gesti\u00f3 del COFB aborda quins s\u00f3n els indicadors clau en el rendiment de la farm\u00e0cia comunit\u00e0ria - Col\u00b7legi de Farmac\u00e8utics de Barcelona\",\"isPartOf\":{\"@id\":\"https:\/\/www.cofb.org\/#website\"},\"primaryImageOfPage\":{\"@id\":\"https:\/\/novaorg.cofb.net\/2016\/02\/01\/el-master-de-gestio-del-cofb-aborda-quins-son-els-indicadors-clau-en-el-rendiment-de-la-farmacia-comunitaria\/#primaryimage\"},\"image\":{\"@id\":\"https:\/\/novaorg.cofb.net\/2016\/02\/01\/el-master-de-gestio-del-cofb-aborda-quins-son-els-indicadors-clau-en-el-rendiment-de-la-farmacia-comunitaria\/#primaryimage\"},\"thumbnailUrl\":\"\",\"datePublished\":\"2016-02-01T12:28:07+00:00\",\"dateModified\":\"2016-02-01T12:28:07+00:00\",\"breadcrumb\":{\"@id\":\"https:\/\/novaorg.cofb.net\/2016\/02\/01\/el-master-de-gestio-del-cofb-aborda-quins-son-els-indicadors-clau-en-el-rendiment-de-la-farmacia-comunitaria\/#breadcrumb\"},\"inLanguage\":\"ca\",\"potentialAction\":[{\"@type\":\"ReadAction\",\"target\":[\"https:\/\/novaorg.cofb.net\/2016\/02\/01\/el-master-de-gestio-del-cofb-aborda-quins-son-els-indicadors-clau-en-el-rendiment-de-la-farmacia-comunitaria\/\"]}]},{\"@type\":\"ImageObject\",\"inLanguage\":\"ca\",\"@id\":\"https:\/\/novaorg.cofb.net\/2016\/02\/01\/el-master-de-gestio-del-cofb-aborda-quins-son-els-indicadors-clau-en-el-rendiment-de-la-farmacia-comunitaria\/#primaryimage\",\"url\":\"\",\"contentUrl\":\"\"},{\"@type\":\"BreadcrumbList\",\"@id\":\"https:\/\/novaorg.cofb.net\/2016\/02\/01\/el-master-de-gestio-del-cofb-aborda-quins-son-els-indicadors-clau-en-el-rendiment-de-la-farmacia-comunitaria\/#breadcrumb\",\"itemListElement\":[{\"@type\":\"ListItem\",\"position\":1,\"name\":\"Inici\",\"item\":\"https:\/\/novaorg.cofb.net\/\"},{\"@type\":\"ListItem\",\"position\":2,\"name\":\"El M\u00e0ster de Gesti\u00f3 del COFB aborda quins s\u00f3n els indicadors clau en el rendiment de la farm\u00e0cia comunit\u00e0ria\"}]},{\"@type\":\"WebSite\",\"@id\":\"https:\/\/www.cofb.org\/#website\",\"url\":\"https:\/\/www.cofb.org\/\",\"name\":\"Col\u00b7legi de Farmac\u00e8utics de Barcelona\",\"description\":\"\",\"publisher\":{\"@id\":\"https:\/\/www.cofb.org\/#organization\"},\"potentialAction\":[{\"@type\":\"SearchAction\",\"target\":{\"@type\":\"EntryPoint\",\"urlTemplate\":\"https:\/\/www.cofb.org\/?s={search_term_string}\"},\"query-input\":\"required name=search_term_string\"}],\"inLanguage\":\"ca\"},{\"@type\":\"Organization\",\"@id\":\"https:\/\/www.cofb.org\/#organization\",\"name\":\"Col\u00b7legi de Farmac\u00e8utics de Barcelona\",\"url\":\"https:\/\/www.cofb.org\/\",\"logo\":{\"@type\":\"ImageObject\",\"inLanguage\":\"ca\",\"@id\":\"https:\/\/www.cofb.org\/#\/schema\/logo\/image\/\",\"url\":\"https:\/\/www.cofb.org\/wp-content\/uploads\/2023\/11\/cropped-Logotip-COFB.png\",\"contentUrl\":\"https:\/\/www.cofb.org\/wp-content\/uploads\/2023\/11\/cropped-Logotip-COFB.png\",\"width\":500,\"height\":105,\"caption\":\"Col\u00b7legi de Farmac\u00e8utics de Barcelona\"},\"image\":{\"@id\":\"https:\/\/www.cofb.org\/#\/schema\/logo\/image\/\"},\"sameAs\":[\"https:\/\/www.facebook.com\/farmaceuticsbcn\/\",\"https:\/\/twitter.com\/farmaceuticsbcn\",\"https:\/\/www.instagram.com\/farmaceuticsbcn\/\",\"https:\/\/www.linkedin.com\/company\/farmaceuticsbcn\/\"]},{\"@type\":\"Person\",\"@id\":\"https:\/\/www.cofb.org\/#\/schema\/person\/22ed7eea88da74b0fa4d3154ad87ffcb\",\"name\":\"wpAdminCofbOrg\",\"image\":{\"@type\":\"ImageObject\",\"inLanguage\":\"ca\",\"@id\":\"https:\/\/www.cofb.org\/#\/schema\/person\/image\/\",\"url\":\"https:\/\/secure.gravatar.com\/avatar\/1721b20b3b8ca882c3b56ec6c978c594fff670e40c0718e9190eaeeb76aae7d8?s=96&d=mm&r=g\",\"contentUrl\":\"https:\/\/secure.gravatar.com\/avatar\/1721b20b3b8ca882c3b56ec6c978c594fff670e40c0718e9190eaeeb76aae7d8?s=96&d=mm&r=g\",\"caption\":\"wpAdminCofbOrg\"},\"sameAs\":[\"http:\/\/192.168.64.122\/wordpress\"],\"url\":\"https:\/\/www.cofb.org\/ca\/author\/wpadmincofborg\/\"}]}<\/script>\n<!-- \/ Yoast SEO plugin. -->","yoast_head_json":{"title":"El M\u00e0ster de Gesti\u00f3 del COFB aborda quins s\u00f3n els indicadors clau en el rendiment de la farm\u00e0cia comunit\u00e0ria - Col\u00b7legi de Farmac\u00e8utics de Barcelona","robots":{"index":"index","follow":"follow","max-snippet":"max-snippet:-1","max-image-preview":"max-image-preview:large","max-video-preview":"max-video-preview:-1"},"canonical":"https:\/\/novaorg.cofb.net\/2016\/02\/01\/el-master-de-gestio-del-cofb-aborda-quins-son-els-indicadors-clau-en-el-rendiment-de-la-farmacia-comunitaria\/","og_locale":"ca_ES","og_type":"article","og_title":"El M\u00e0ster de Gesti\u00f3 del COFB aborda quins s\u00f3n els indicadors clau en el rendiment de la farm\u00e0cia comunit\u00e0ria - Col\u00b7legi de Farmac\u00e8utics de Barcelona","og_description":"El proper 11 de febrer comen\u00e7a l\u2019\u00faltim m\u00f2dul de l\u2019onzena edici\u00f3 del M\u00e0ster en Gesti\u00f3 d\u2019Oficina de Farm\u00e0cia, que imparteix el Col\u00b7legi de Farmac\u00e8utics de Barcelona, anomenat \u201cEl farmac\u00e8utic com a responsable de m\u00e0rqueting\u201d. Aquest darrer bloc inclou per primera vegada un seminari de KPIs (Key Performance Indicators), impartit per [&hellip;]","og_url":"https:\/\/novaorg.cofb.net\/2016\/02\/01\/el-master-de-gestio-del-cofb-aborda-quins-son-els-indicadors-clau-en-el-rendiment-de-la-farmacia-comunitaria\/","og_site_name":"Col\u00b7legi de Farmac\u00e8utics de Barcelona","article_publisher":"https:\/\/www.facebook.com\/farmaceuticsbcn\/","article_published_time":"2016-02-01T12:28:07+00:00","author":"wpAdminCofbOrg","twitter_card":"summary_large_image","twitter_creator":"@farmaceuticsbcn","twitter_site":"@farmaceuticsbcn","twitter_misc":{"Escrit per":"wpAdminCofbOrg","Temps estimat de lectura":"4 minuts"},"schema":{"@context":"https:\/\/schema.org","@graph":[{"@type":"Article","@id":"https:\/\/novaorg.cofb.net\/2016\/02\/01\/el-master-de-gestio-del-cofb-aborda-quins-son-els-indicadors-clau-en-el-rendiment-de-la-farmacia-comunitaria\/#article","isPartOf":{"@id":"https:\/\/novaorg.cofb.net\/2016\/02\/01\/el-master-de-gestio-del-cofb-aborda-quins-son-els-indicadors-clau-en-el-rendiment-de-la-farmacia-comunitaria\/"},"author":{"name":"wpAdminCofbOrg","@id":"https:\/\/www.cofb.org\/#\/schema\/person\/22ed7eea88da74b0fa4d3154ad87ffcb"},"headline":"El M\u00e0ster de Gesti\u00f3 del COFB aborda quins s\u00f3n els indicadors clau en el rendiment de la farm\u00e0cia comunit\u00e0ria","datePublished":"2016-02-01T12:28:07+00:00","dateModified":"2016-02-01T12:28:07+00:00","mainEntityOfPage":{"@id":"https:\/\/novaorg.cofb.net\/2016\/02\/01\/el-master-de-gestio-del-cofb-aborda-quins-son-els-indicadors-clau-en-el-rendiment-de-la-farmacia-comunitaria\/"},"wordCount":785,"commentCount":0,"publisher":{"@id":"https:\/\/www.cofb.org\/#organization"},"image":{"@id":"https:\/\/novaorg.cofb.net\/2016\/02\/01\/el-master-de-gestio-del-cofb-aborda-quins-son-els-indicadors-clau-en-el-rendiment-de-la-farmacia-comunitaria\/#primaryimage"},"thumbnailUrl":"","keywords":["COFB","estudis","Formaci\u00f3","Jordi de Dalmases","m\u00e0rqueting","M\u00e0ster en Gesti\u00f3 de l'Oficina de Farm\u00e0cia","MGOF","Oficina de farm\u00e0cia"],"articleSection":["M\u00f3n col\u00b7legial"],"inLanguage":"ca","potentialAction":[{"@type":"CommentAction","name":"Comment","target":["https:\/\/novaorg.cofb.net\/2016\/02\/01\/el-master-de-gestio-del-cofb-aborda-quins-son-els-indicadors-clau-en-el-rendiment-de-la-farmacia-comunitaria\/#respond"]}]},{"@type":"WebPage","@id":"https:\/\/novaorg.cofb.net\/2016\/02\/01\/el-master-de-gestio-del-cofb-aborda-quins-son-els-indicadors-clau-en-el-rendiment-de-la-farmacia-comunitaria\/","url":"https:\/\/novaorg.cofb.net\/2016\/02\/01\/el-master-de-gestio-del-cofb-aborda-quins-son-els-indicadors-clau-en-el-rendiment-de-la-farmacia-comunitaria\/","name":"El M\u00e0ster de Gesti\u00f3 del COFB aborda quins s\u00f3n els indicadors clau en el rendiment de la farm\u00e0cia comunit\u00e0ria - Col\u00b7legi de Farmac\u00e8utics de Barcelona","isPartOf":{"@id":"https:\/\/www.cofb.org\/#website"},"primaryImageOfPage":{"@id":"https:\/\/novaorg.cofb.net\/2016\/02\/01\/el-master-de-gestio-del-cofb-aborda-quins-son-els-indicadors-clau-en-el-rendiment-de-la-farmacia-comunitaria\/#primaryimage"},"image":{"@id":"https:\/\/novaorg.cofb.net\/2016\/02\/01\/el-master-de-gestio-del-cofb-aborda-quins-son-els-indicadors-clau-en-el-rendiment-de-la-farmacia-comunitaria\/#primaryimage"},"thumbnailUrl":"","datePublished":"2016-02-01T12:28:07+00:00","dateModified":"2016-02-01T12:28:07+00:00","breadcrumb":{"@id":"https:\/\/novaorg.cofb.net\/2016\/02\/01\/el-master-de-gestio-del-cofb-aborda-quins-son-els-indicadors-clau-en-el-rendiment-de-la-farmacia-comunitaria\/#breadcrumb"},"inLanguage":"ca","potentialAction":[{"@type":"ReadAction","target":["https:\/\/novaorg.cofb.net\/2016\/02\/01\/el-master-de-gestio-del-cofb-aborda-quins-son-els-indicadors-clau-en-el-rendiment-de-la-farmacia-comunitaria\/"]}]},{"@type":"ImageObject","inLanguage":"ca","@id":"https:\/\/novaorg.cofb.net\/2016\/02\/01\/el-master-de-gestio-del-cofb-aborda-quins-son-els-indicadors-clau-en-el-rendiment-de-la-farmacia-comunitaria\/#primaryimage","url":"","contentUrl":""},{"@type":"BreadcrumbList","@id":"https:\/\/novaorg.cofb.net\/2016\/02\/01\/el-master-de-gestio-del-cofb-aborda-quins-son-els-indicadors-clau-en-el-rendiment-de-la-farmacia-comunitaria\/#breadcrumb","itemListElement":[{"@type":"ListItem","position":1,"name":"Inici","item":"https:\/\/novaorg.cofb.net\/"},{"@type":"ListItem","position":2,"name":"El M\u00e0ster de Gesti\u00f3 del COFB aborda quins s\u00f3n els indicadors clau en el rendiment de la farm\u00e0cia comunit\u00e0ria"}]},{"@type":"WebSite","@id":"https:\/\/www.cofb.org\/#website","url":"https:\/\/www.cofb.org\/","name":"Col\u00b7legi de Farmac\u00e8utics de Barcelona","description":"","publisher":{"@id":"https:\/\/www.cofb.org\/#organization"},"potentialAction":[{"@type":"SearchAction","target":{"@type":"EntryPoint","urlTemplate":"https:\/\/www.cofb.org\/?s={search_term_string}"},"query-input":"required name=search_term_string"}],"inLanguage":"ca"},{"@type":"Organization","@id":"https:\/\/www.cofb.org\/#organization","name":"Col\u00b7legi de Farmac\u00e8utics de Barcelona","url":"https:\/\/www.cofb.org\/","logo":{"@type":"ImageObject","inLanguage":"ca","@id":"https:\/\/www.cofb.org\/#\/schema\/logo\/image\/","url":"https:\/\/www.cofb.org\/wp-content\/uploads\/2023\/11\/cropped-Logotip-COFB.png","contentUrl":"https:\/\/www.cofb.org\/wp-content\/uploads\/2023\/11\/cropped-Logotip-COFB.png","width":500,"height":105,"caption":"Col\u00b7legi de Farmac\u00e8utics de Barcelona"},"image":{"@id":"https:\/\/www.cofb.org\/#\/schema\/logo\/image\/"},"sameAs":["https:\/\/www.facebook.com\/farmaceuticsbcn\/","https:\/\/twitter.com\/farmaceuticsbcn","https:\/\/www.instagram.com\/farmaceuticsbcn\/","https:\/\/www.linkedin.com\/company\/farmaceuticsbcn\/"]},{"@type":"Person","@id":"https:\/\/www.cofb.org\/#\/schema\/person\/22ed7eea88da74b0fa4d3154ad87ffcb","name":"wpAdminCofbOrg","image":{"@type":"ImageObject","inLanguage":"ca","@id":"https:\/\/www.cofb.org\/#\/schema\/person\/image\/","url":"https:\/\/secure.gravatar.com\/avatar\/1721b20b3b8ca882c3b56ec6c978c594fff670e40c0718e9190eaeeb76aae7d8?s=96&d=mm&r=g","contentUrl":"https:\/\/secure.gravatar.com\/avatar\/1721b20b3b8ca882c3b56ec6c978c594fff670e40c0718e9190eaeeb76aae7d8?s=96&d=mm&r=g","caption":"wpAdminCofbOrg"},"sameAs":["http:\/\/192.168.64.122\/wordpress"],"url":"https:\/\/www.cofb.org\/ca\/author\/wpadmincofborg\/"}]}},"uagb_featured_image_src":{"full":false,"thumbnail":false,"medium":false,"medium_large":false,"large":false,"1536x1536":false,"2048x2048":false,"trp-custom-language-flag":false},"uagb_author_info":{"display_name":"wpAdminCofbOrg","author_link":"https:\/\/www.cofb.org\/ca\/author\/wpadmincofborg\/"},"uagb_comment_info":0,"uagb_excerpt":"El proper 11 de febrer comen\u00e7a l\u2019\u00faltim m\u00f2dul de l\u2019onzena edici\u00f3 del M\u00e0ster en Gesti\u00f3 d\u2019Oficina de Farm\u00e0cia, que imparteix el Col\u00b7legi de Farmac\u00e8utics de Barcelona, anomenat \u201cEl farmac\u00e8utic com a responsable de m\u00e0rqueting\u201d. Aquest darrer bloc inclou per primera vegada un seminari de KPIs (Key Performance Indicators), impartit per [&hellip;]","_links":{"self":[{"href":"https:\/\/www.cofb.org\/ca\/wp-json\/wp\/v2\/posts\/19058","targetHints":{"allow":["GET"]}}],"collection":[{"href":"https:\/\/www.cofb.org\/ca\/wp-json\/wp\/v2\/posts"}],"about":[{"href":"https:\/\/www.cofb.org\/ca\/wp-json\/wp\/v2\/types\/post"}],"author":[{"embeddable":true,"href":"https:\/\/www.cofb.org\/ca\/wp-json\/wp\/v2\/users\/1"}],"replies":[{"embeddable":true,"href":"https:\/\/www.cofb.org\/ca\/wp-json\/wp\/v2\/comments?post=19058"}],"version-history":[{"count":0,"href":"https:\/\/www.cofb.org\/ca\/wp-json\/wp\/v2\/posts\/19058\/revisions"}],"wp:featuredmedia":[{"embeddable":true,"href":"https:\/\/www.cofb.org\/ca\/wp-json\/"}],"wp:attachment":[{"href":"https:\/\/www.cofb.org\/ca\/wp-json\/wp\/v2\/media?parent=19058"}],"wp:term":[{"taxonomy":"category","embeddable":true,"href":"https:\/\/www.cofb.org\/ca\/wp-json\/wp\/v2\/categories?post=19058"},{"taxonomy":"post_tag","embeddable":true,"href":"https:\/\/www.cofb.org\/ca\/wp-json\/wp\/v2\/tags?post=19058"}],"curies":[{"name":"wp","href":"https:\/\/api.w.org\/{rel}","templated":true}]}}