{"id":1900,"date":"2013-06-12T12:44:51","date_gmt":"2013-06-12T11:44:51","guid":{"rendered":"http:\/\/blog.cofb.cat\/?p=1900"},"modified":"2013-06-12T12:44:51","modified_gmt":"2013-06-12T11:44:51","slug":"10e-aniversari-de-la-comissio-de-cultura-a-ritme-dopera","status":"publish","type":"post","link":"https:\/\/www.cofb.org\/ca\/2013\/06\/12\/10e-aniversari-de-la-comissio-de-cultura-a-ritme-dopera\/","title":{"rendered":"10\u00e8 aniversari de la Comissi\u00f3 de Cultura a ritme d\u2019\u00f2pera"},"content":{"rendered":"\n<p>El Col\u00b7legi acaba de celebrar els 10 anys de la Comissi\u00f3 de Cultura, que va n\u00e9ixer amb l\u2019objectiu de\u00a0<b>promoure entre els col\u00b7legiats activitats de car\u00e0cter social i cultural\u00a0<\/b>i tamb\u00e9 per obrir l\u2019entitat a la ciutadania mitjan\u00e7ant l\u2019organitzaci\u00f3 d\u2019aquestes activitats. Els actes organitzats durant aquest temps han estat molt diversos i han portat al Col\u00b7legi personalitats del m\u00f3n de la\u00a0<b>pol\u00edtica<\/b>, la\u00a0<b>literatura<\/b>, la\u00a0<b>gastronomia<\/b>, la\u00a0<b>pintura<\/b>, la\u00a0<b>fotografia<\/b>\u00a0o la\u00a0<b>m\u00fasica<\/b>\u00a0entre molts d\u2019altres.<\/p>\n<p>Precisament amb m\u00fasica s\u2019ha volgut commemorar el 10\u00e8 aniversari de la Comissi\u00f3, concretament, de la m\u00e0 de\u00a0<b>Ramon Gener<\/b>, cantant d\u2019\u00f2pera i actual\u00a0presentador del programa de TV3 \u201c<b>\u00d2pera en Texans\u201d<\/b>. Gener va portar al Col\u00b7legi \u201cEls secrets de Madame Butterfly i les excel\u00b7l\u00e8ncies de la m\u00fasica\u201d en una activitat que va omplir la sala d\u2019actes del COFB el 4 de juny com podeu veure a les fotos, i que va reunir els membres de la Comissi\u00f3 de Cultura i molts dels col\u00b7laboradors que hi han participat durant aquests deu anys.<\/p>\n<p>&#8220;\u00c9s una gran satisfacci\u00f3 celebrar 10 anys de la Comissi\u00f3 de Cultura del Col\u00b7legi&#8221;, va comentar Mari\u00e1n Carretero, cap de la Comissi\u00f3. <strong>&#8220;La cultura ens enriqueix i ens fa millors professionals.\u00a0<\/strong>En aquest 10 anys hem cultivat la vessant human\u00edstica de la professi\u00f3 de la m\u00e0 de destacats ponents i una gran pluralitat de temes.\u00a0Seguim endavant amb tota la il\u00b7lusi\u00f3. Moltes gr\u00e0cies a tots&#8221;, va concloure.<\/p>\n","protected":false},"excerpt":{"rendered":"<p>El Col\u00b7legi acaba de celebrar els 10 anys de la Comissi\u00f3 de Cultura, que va n\u00e9ixer amb l\u2019objectiu de\u00a0promoure entre els col\u00b7legiats activitats de car\u00e0cter social i cultural\u00a0i tamb\u00e9 per obrir l\u2019entitat a la ciutadania mitjan\u00e7ant l\u2019organitzaci\u00f3 d\u2019aquestes activitats. Els actes organitzats durant aquest temps han estat molt diversos i [&hellip;]<\/p>\n","protected":false},"author":1,"featured_media":1931,"comment_status":"open","ping_status":"open","sticky":false,"template":"","format":"standard","meta":{"_uag_custom_page_level_css":"","site-sidebar-layout":"default","site-content-layout":"","ast-site-content-layout":"default","site-content-style":"default","site-sidebar-style":"default","ast-global-header-display":"","ast-banner-title-visibility":"","ast-main-header-display":"","ast-hfb-above-header-display":"","ast-hfb-below-header-display":"","ast-hfb-mobile-header-display":"","site-post-title":"","ast-breadcrumbs-content":"","ast-featured-img":"disabled","footer-sml-layout":"","theme-transparent-header-meta":"","adv-header-id-meta":"","stick-header-meta":"","header-above-stick-meta":"","header-main-stick-meta":"","header-below-stick-meta":"","astra-migrate-meta-layouts":"default","ast-page-background-enabled":"default","ast-page-background-meta":{"desktop":{"background-color":"var(--ast-global-color-4)","background-image":"","background-repeat":"repeat","background-position":"center center","background-size":"auto","background-attachment":"scroll","background-type":"","background-media":"","overlay-type":"","overlay-color":"","overlay-opacity":"","overlay-gradient":""},"tablet":{"background-color":"","background-image":"","background-repeat":"repeat","background-position":"center center","background-size":"auto","background-attachment":"scroll","background-type":"","background-media":"","overlay-type":"","overlay-color":"","overlay-opacity":"","overlay-gradient":""},"mobile":{"background-color":"","background-image":"","background-repeat":"repeat","background-position":"center center","background-size":"auto","background-attachment":"scroll","background-type":"","background-media":"","overlay-type":"","overlay-color":"","overlay-opacity":"","overlay-gradient":""}},"ast-content-background-meta":{"desktop":{"background-color":"var(--ast-global-color-5)","background-image":"","background-repeat":"repeat","background-position":"center center","background-size":"auto","background-attachment":"scroll","background-type":"","background-media":"","overlay-type":"","overlay-color":"","overlay-opacity":"","overlay-gradient":""},"tablet":{"background-color":"var(--ast-global-color-5)","background-image":"","background-repeat":"repeat","background-position":"center center","background-size":"auto","background-attachment":"scroll","background-type":"","background-media":"","overlay-type":"","overlay-color":"","overlay-opacity":"","overlay-gradient":""},"mobile":{"background-color":"var(--ast-global-color-5)","background-image":"","background-repeat":"repeat","background-position":"center center","background-size":"auto","background-attachment":"scroll","background-type":"","background-media":"","overlay-type":"","overlay-color":"","overlay-opacity":"","overlay-gradient":""}},"footnotes":""},"categories":[57],"tags":[2154],"class_list":["post-1900","post","type-post","status-publish","format-standard","has-post-thumbnail","hentry","category-mon-collegial","tag-comissio-de-cultura"],"yoast_head":"<!-- This site is optimized with the Yoast SEO plugin v22.4 - https:\/\/yoast.com\/wordpress\/plugins\/seo\/ -->\n<title>10\u00e8 aniversari de la Comissi\u00f3 de Cultura a ritme d\u2019\u00f2pera - Col\u00b7legi de Farmac\u00e8utics de Barcelona<\/title>\n<meta name=\"robots\" content=\"index, follow, max-snippet:-1, max-image-preview:large, max-video-preview:-1\" \/>\n<link rel=\"canonical\" href=\"https:\/\/novaorg.cofb.net\/2013\/06\/12\/10e-aniversari-de-la-comissio-de-cultura-a-ritme-dopera\/\" \/>\n<meta property=\"og:locale\" content=\"ca_ES\" \/>\n<meta property=\"og:type\" content=\"article\" \/>\n<meta property=\"og:title\" content=\"10\u00e8 aniversari de la Comissi\u00f3 de Cultura a ritme d\u2019\u00f2pera - Col\u00b7legi de Farmac\u00e8utics de Barcelona\" \/>\n<meta property=\"og:description\" content=\"El Col\u00b7legi acaba de celebrar els 10 anys de la Comissi\u00f3 de Cultura, que va n\u00e9ixer amb l\u2019objectiu de\u00a0promoure entre els col\u00b7legiats activitats de car\u00e0cter social i cultural\u00a0i tamb\u00e9 per obrir l\u2019entitat a la ciutadania mitjan\u00e7ant l\u2019organitzaci\u00f3 d\u2019aquestes activitats. Els actes organitzats durant aquest temps han estat molt diversos i [&hellip;]\" \/>\n<meta property=\"og:url\" content=\"https:\/\/novaorg.cofb.net\/2013\/06\/12\/10e-aniversari-de-la-comissio-de-cultura-a-ritme-dopera\/\" \/>\n<meta property=\"og:site_name\" content=\"Col\u00b7legi de Farmac\u00e8utics de Barcelona\" \/>\n<meta property=\"article:publisher\" content=\"https:\/\/www.facebook.com\/farmaceuticsbcn\/\" \/>\n<meta property=\"article:published_time\" content=\"2013-06-12T11:44:51+00:00\" \/>\n<meta name=\"author\" content=\"wpAdminCofbOrg\" \/>\n<meta name=\"twitter:card\" content=\"summary_large_image\" \/>\n<meta name=\"twitter:creator\" content=\"@farmaceuticsbcn\" \/>\n<meta name=\"twitter:site\" content=\"@farmaceuticsbcn\" \/>\n<meta name=\"twitter:label1\" content=\"Escrit per\" \/>\n\t<meta name=\"twitter:data1\" content=\"wpAdminCofbOrg\" \/>\n\t<meta name=\"twitter:label2\" content=\"Temps estimat de lectura\" \/>\n\t<meta name=\"twitter:data2\" content=\"1 minut\" \/>\n<script type=\"application\/ld+json\" class=\"yoast-schema-graph\">{\"@context\":\"https:\/\/schema.org\",\"@graph\":[{\"@type\":\"Article\",\"@id\":\"https:\/\/novaorg.cofb.net\/2013\/06\/12\/10e-aniversari-de-la-comissio-de-cultura-a-ritme-dopera\/#article\",\"isPartOf\":{\"@id\":\"https:\/\/novaorg.cofb.net\/2013\/06\/12\/10e-aniversari-de-la-comissio-de-cultura-a-ritme-dopera\/\"},\"author\":{\"name\":\"wpAdminCofbOrg\",\"@id\":\"https:\/\/www.cofb.org\/#\/schema\/person\/22ed7eea88da74b0fa4d3154ad87ffcb\"},\"headline\":\"10\u00e8 aniversari de la Comissi\u00f3 de Cultura a ritme d\u2019\u00f2pera\",\"datePublished\":\"2013-06-12T11:44:51+00:00\",\"dateModified\":\"2013-06-12T11:44:51+00:00\",\"mainEntityOfPage\":{\"@id\":\"https:\/\/novaorg.cofb.net\/2013\/06\/12\/10e-aniversari-de-la-comissio-de-cultura-a-ritme-dopera\/\"},\"wordCount\":272,\"commentCount\":0,\"publisher\":{\"@id\":\"https:\/\/www.cofb.org\/#organization\"},\"image\":{\"@id\":\"https:\/\/novaorg.cofb.net\/2013\/06\/12\/10e-aniversari-de-la-comissio-de-cultura-a-ritme-dopera\/#primaryimage\"},\"thumbnailUrl\":\"\",\"keywords\":[\"Comissi\u00f3 de Cultura\"],\"articleSection\":[\"M\u00f3n col\u00b7legial\"],\"inLanguage\":\"ca\",\"potentialAction\":[{\"@type\":\"CommentAction\",\"name\":\"Comment\",\"target\":[\"https:\/\/novaorg.cofb.net\/2013\/06\/12\/10e-aniversari-de-la-comissio-de-cultura-a-ritme-dopera\/#respond\"]}]},{\"@type\":\"WebPage\",\"@id\":\"https:\/\/novaorg.cofb.net\/2013\/06\/12\/10e-aniversari-de-la-comissio-de-cultura-a-ritme-dopera\/\",\"url\":\"https:\/\/novaorg.cofb.net\/2013\/06\/12\/10e-aniversari-de-la-comissio-de-cultura-a-ritme-dopera\/\",\"name\":\"10\u00e8 aniversari de la Comissi\u00f3 de Cultura a ritme d\u2019\u00f2pera - Col\u00b7legi de Farmac\u00e8utics de Barcelona\",\"isPartOf\":{\"@id\":\"https:\/\/www.cofb.org\/#website\"},\"primaryImageOfPage\":{\"@id\":\"https:\/\/novaorg.cofb.net\/2013\/06\/12\/10e-aniversari-de-la-comissio-de-cultura-a-ritme-dopera\/#primaryimage\"},\"image\":{\"@id\":\"https:\/\/novaorg.cofb.net\/2013\/06\/12\/10e-aniversari-de-la-comissio-de-cultura-a-ritme-dopera\/#primaryimage\"},\"thumbnailUrl\":\"\",\"datePublished\":\"2013-06-12T11:44:51+00:00\",\"dateModified\":\"2013-06-12T11:44:51+00:00\",\"breadcrumb\":{\"@id\":\"https:\/\/novaorg.cofb.net\/2013\/06\/12\/10e-aniversari-de-la-comissio-de-cultura-a-ritme-dopera\/#breadcrumb\"},\"inLanguage\":\"ca\",\"potentialAction\":[{\"@type\":\"ReadAction\",\"target\":[\"https:\/\/novaorg.cofb.net\/2013\/06\/12\/10e-aniversari-de-la-comissio-de-cultura-a-ritme-dopera\/\"]}]},{\"@type\":\"ImageObject\",\"inLanguage\":\"ca\",\"@id\":\"https:\/\/novaorg.cofb.net\/2013\/06\/12\/10e-aniversari-de-la-comissio-de-cultura-a-ritme-dopera\/#primaryimage\",\"url\":\"\",\"contentUrl\":\"\"},{\"@type\":\"BreadcrumbList\",\"@id\":\"https:\/\/novaorg.cofb.net\/2013\/06\/12\/10e-aniversari-de-la-comissio-de-cultura-a-ritme-dopera\/#breadcrumb\",\"itemListElement\":[{\"@type\":\"ListItem\",\"position\":1,\"name\":\"Inici\",\"item\":\"https:\/\/novaorg.cofb.net\/\"},{\"@type\":\"ListItem\",\"position\":2,\"name\":\"10\u00e8 aniversari de la Comissi\u00f3 de Cultura a ritme d\u2019\u00f2pera\"}]},{\"@type\":\"WebSite\",\"@id\":\"https:\/\/www.cofb.org\/#website\",\"url\":\"https:\/\/www.cofb.org\/\",\"name\":\"Col\u00b7legi de Farmac\u00e8utics de Barcelona\",\"description\":\"\",\"publisher\":{\"@id\":\"https:\/\/www.cofb.org\/#organization\"},\"potentialAction\":[{\"@type\":\"SearchAction\",\"target\":{\"@type\":\"EntryPoint\",\"urlTemplate\":\"https:\/\/www.cofb.org\/?s={search_term_string}\"},\"query-input\":\"required name=search_term_string\"}],\"inLanguage\":\"ca\"},{\"@type\":\"Organization\",\"@id\":\"https:\/\/www.cofb.org\/#organization\",\"name\":\"Col\u00b7legi de Farmac\u00e8utics de Barcelona\",\"url\":\"https:\/\/www.cofb.org\/\",\"logo\":{\"@type\":\"ImageObject\",\"inLanguage\":\"ca\",\"@id\":\"https:\/\/www.cofb.org\/#\/schema\/logo\/image\/\",\"url\":\"https:\/\/www.cofb.org\/wp-content\/uploads\/2023\/11\/cropped-Logotip-COFB.png\",\"contentUrl\":\"https:\/\/www.cofb.org\/wp-content\/uploads\/2023\/11\/cropped-Logotip-COFB.png\",\"width\":500,\"height\":105,\"caption\":\"Col\u00b7legi de Farmac\u00e8utics de Barcelona\"},\"image\":{\"@id\":\"https:\/\/www.cofb.org\/#\/schema\/logo\/image\/\"},\"sameAs\":[\"https:\/\/www.facebook.com\/farmaceuticsbcn\/\",\"https:\/\/twitter.com\/farmaceuticsbcn\",\"https:\/\/www.instagram.com\/farmaceuticsbcn\/\",\"https:\/\/www.linkedin.com\/company\/farmaceuticsbcn\/\"]},{\"@type\":\"Person\",\"@id\":\"https:\/\/www.cofb.org\/#\/schema\/person\/22ed7eea88da74b0fa4d3154ad87ffcb\",\"name\":\"wpAdminCofbOrg\",\"image\":{\"@type\":\"ImageObject\",\"inLanguage\":\"ca\",\"@id\":\"https:\/\/www.cofb.org\/#\/schema\/person\/image\/\",\"url\":\"https:\/\/secure.gravatar.com\/avatar\/1721b20b3b8ca882c3b56ec6c978c594fff670e40c0718e9190eaeeb76aae7d8?s=96&d=mm&r=g\",\"contentUrl\":\"https:\/\/secure.gravatar.com\/avatar\/1721b20b3b8ca882c3b56ec6c978c594fff670e40c0718e9190eaeeb76aae7d8?s=96&d=mm&r=g\",\"caption\":\"wpAdminCofbOrg\"},\"sameAs\":[\"http:\/\/192.168.64.122\/wordpress\"],\"url\":\"https:\/\/www.cofb.org\/ca\/author\/wpadmincofborg\/\"}]}<\/script>\n<!-- \/ Yoast SEO plugin. -->","yoast_head_json":{"title":"10\u00e8 aniversari de la Comissi\u00f3 de Cultura a ritme d\u2019\u00f2pera - Col\u00b7legi de Farmac\u00e8utics de Barcelona","robots":{"index":"index","follow":"follow","max-snippet":"max-snippet:-1","max-image-preview":"max-image-preview:large","max-video-preview":"max-video-preview:-1"},"canonical":"https:\/\/novaorg.cofb.net\/2013\/06\/12\/10e-aniversari-de-la-comissio-de-cultura-a-ritme-dopera\/","og_locale":"ca_ES","og_type":"article","og_title":"10\u00e8 aniversari de la Comissi\u00f3 de Cultura a ritme d\u2019\u00f2pera - Col\u00b7legi de Farmac\u00e8utics de Barcelona","og_description":"El Col\u00b7legi acaba de celebrar els 10 anys de la Comissi\u00f3 de Cultura, que va n\u00e9ixer amb l\u2019objectiu de\u00a0promoure entre els col\u00b7legiats activitats de car\u00e0cter social i cultural\u00a0i tamb\u00e9 per obrir l\u2019entitat a la ciutadania mitjan\u00e7ant l\u2019organitzaci\u00f3 d\u2019aquestes activitats. Els actes organitzats durant aquest temps han estat molt diversos i [&hellip;]","og_url":"https:\/\/novaorg.cofb.net\/2013\/06\/12\/10e-aniversari-de-la-comissio-de-cultura-a-ritme-dopera\/","og_site_name":"Col\u00b7legi de Farmac\u00e8utics de Barcelona","article_publisher":"https:\/\/www.facebook.com\/farmaceuticsbcn\/","article_published_time":"2013-06-12T11:44:51+00:00","author":"wpAdminCofbOrg","twitter_card":"summary_large_image","twitter_creator":"@farmaceuticsbcn","twitter_site":"@farmaceuticsbcn","twitter_misc":{"Escrit per":"wpAdminCofbOrg","Temps estimat de lectura":"1 minut"},"schema":{"@context":"https:\/\/schema.org","@graph":[{"@type":"Article","@id":"https:\/\/novaorg.cofb.net\/2013\/06\/12\/10e-aniversari-de-la-comissio-de-cultura-a-ritme-dopera\/#article","isPartOf":{"@id":"https:\/\/novaorg.cofb.net\/2013\/06\/12\/10e-aniversari-de-la-comissio-de-cultura-a-ritme-dopera\/"},"author":{"name":"wpAdminCofbOrg","@id":"https:\/\/www.cofb.org\/#\/schema\/person\/22ed7eea88da74b0fa4d3154ad87ffcb"},"headline":"10\u00e8 aniversari de la Comissi\u00f3 de Cultura a ritme d\u2019\u00f2pera","datePublished":"2013-06-12T11:44:51+00:00","dateModified":"2013-06-12T11:44:51+00:00","mainEntityOfPage":{"@id":"https:\/\/novaorg.cofb.net\/2013\/06\/12\/10e-aniversari-de-la-comissio-de-cultura-a-ritme-dopera\/"},"wordCount":272,"commentCount":0,"publisher":{"@id":"https:\/\/www.cofb.org\/#organization"},"image":{"@id":"https:\/\/novaorg.cofb.net\/2013\/06\/12\/10e-aniversari-de-la-comissio-de-cultura-a-ritme-dopera\/#primaryimage"},"thumbnailUrl":"","keywords":["Comissi\u00f3 de Cultura"],"articleSection":["M\u00f3n col\u00b7legial"],"inLanguage":"ca","potentialAction":[{"@type":"CommentAction","name":"Comment","target":["https:\/\/novaorg.cofb.net\/2013\/06\/12\/10e-aniversari-de-la-comissio-de-cultura-a-ritme-dopera\/#respond"]}]},{"@type":"WebPage","@id":"https:\/\/novaorg.cofb.net\/2013\/06\/12\/10e-aniversari-de-la-comissio-de-cultura-a-ritme-dopera\/","url":"https:\/\/novaorg.cofb.net\/2013\/06\/12\/10e-aniversari-de-la-comissio-de-cultura-a-ritme-dopera\/","name":"10\u00e8 aniversari de la Comissi\u00f3 de Cultura a ritme d\u2019\u00f2pera - Col\u00b7legi de Farmac\u00e8utics de Barcelona","isPartOf":{"@id":"https:\/\/www.cofb.org\/#website"},"primaryImageOfPage":{"@id":"https:\/\/novaorg.cofb.net\/2013\/06\/12\/10e-aniversari-de-la-comissio-de-cultura-a-ritme-dopera\/#primaryimage"},"image":{"@id":"https:\/\/novaorg.cofb.net\/2013\/06\/12\/10e-aniversari-de-la-comissio-de-cultura-a-ritme-dopera\/#primaryimage"},"thumbnailUrl":"","datePublished":"2013-06-12T11:44:51+00:00","dateModified":"2013-06-12T11:44:51+00:00","breadcrumb":{"@id":"https:\/\/novaorg.cofb.net\/2013\/06\/12\/10e-aniversari-de-la-comissio-de-cultura-a-ritme-dopera\/#breadcrumb"},"inLanguage":"ca","potentialAction":[{"@type":"ReadAction","target":["https:\/\/novaorg.cofb.net\/2013\/06\/12\/10e-aniversari-de-la-comissio-de-cultura-a-ritme-dopera\/"]}]},{"@type":"ImageObject","inLanguage":"ca","@id":"https:\/\/novaorg.cofb.net\/2013\/06\/12\/10e-aniversari-de-la-comissio-de-cultura-a-ritme-dopera\/#primaryimage","url":"","contentUrl":""},{"@type":"BreadcrumbList","@id":"https:\/\/novaorg.cofb.net\/2013\/06\/12\/10e-aniversari-de-la-comissio-de-cultura-a-ritme-dopera\/#breadcrumb","itemListElement":[{"@type":"ListItem","position":1,"name":"Inici","item":"https:\/\/novaorg.cofb.net\/"},{"@type":"ListItem","position":2,"name":"10\u00e8 aniversari de la Comissi\u00f3 de Cultura a ritme d\u2019\u00f2pera"}]},{"@type":"WebSite","@id":"https:\/\/www.cofb.org\/#website","url":"https:\/\/www.cofb.org\/","name":"Col\u00b7legi de Farmac\u00e8utics de Barcelona","description":"","publisher":{"@id":"https:\/\/www.cofb.org\/#organization"},"potentialAction":[{"@type":"SearchAction","target":{"@type":"EntryPoint","urlTemplate":"https:\/\/www.cofb.org\/?s={search_term_string}"},"query-input":"required name=search_term_string"}],"inLanguage":"ca"},{"@type":"Organization","@id":"https:\/\/www.cofb.org\/#organization","name":"Col\u00b7legi de Farmac\u00e8utics de Barcelona","url":"https:\/\/www.cofb.org\/","logo":{"@type":"ImageObject","inLanguage":"ca","@id":"https:\/\/www.cofb.org\/#\/schema\/logo\/image\/","url":"https:\/\/www.cofb.org\/wp-content\/uploads\/2023\/11\/cropped-Logotip-COFB.png","contentUrl":"https:\/\/www.cofb.org\/wp-content\/uploads\/2023\/11\/cropped-Logotip-COFB.png","width":500,"height":105,"caption":"Col\u00b7legi de Farmac\u00e8utics de Barcelona"},"image":{"@id":"https:\/\/www.cofb.org\/#\/schema\/logo\/image\/"},"sameAs":["https:\/\/www.facebook.com\/farmaceuticsbcn\/","https:\/\/twitter.com\/farmaceuticsbcn","https:\/\/www.instagram.com\/farmaceuticsbcn\/","https:\/\/www.linkedin.com\/company\/farmaceuticsbcn\/"]},{"@type":"Person","@id":"https:\/\/www.cofb.org\/#\/schema\/person\/22ed7eea88da74b0fa4d3154ad87ffcb","name":"wpAdminCofbOrg","image":{"@type":"ImageObject","inLanguage":"ca","@id":"https:\/\/www.cofb.org\/#\/schema\/person\/image\/","url":"https:\/\/secure.gravatar.com\/avatar\/1721b20b3b8ca882c3b56ec6c978c594fff670e40c0718e9190eaeeb76aae7d8?s=96&d=mm&r=g","contentUrl":"https:\/\/secure.gravatar.com\/avatar\/1721b20b3b8ca882c3b56ec6c978c594fff670e40c0718e9190eaeeb76aae7d8?s=96&d=mm&r=g","caption":"wpAdminCofbOrg"},"sameAs":["http:\/\/192.168.64.122\/wordpress"],"url":"https:\/\/www.cofb.org\/ca\/author\/wpadmincofborg\/"}]}},"uagb_featured_image_src":{"full":false,"thumbnail":false,"medium":false,"medium_large":false,"large":false,"1536x1536":false,"2048x2048":false,"trp-custom-language-flag":false},"uagb_author_info":{"display_name":"wpAdminCofbOrg","author_link":"https:\/\/www.cofb.org\/ca\/author\/wpadmincofborg\/"},"uagb_comment_info":0,"uagb_excerpt":"El Col\u00b7legi acaba de celebrar els 10 anys de la Comissi\u00f3 de Cultura, que va n\u00e9ixer amb l\u2019objectiu de\u00a0promoure entre els col\u00b7legiats activitats de car\u00e0cter social i cultural\u00a0i tamb\u00e9 per obrir l\u2019entitat a la ciutadania mitjan\u00e7ant l\u2019organitzaci\u00f3 d\u2019aquestes activitats. Els actes organitzats durant aquest temps han estat molt diversos i [&hellip;]","_links":{"self":[{"href":"https:\/\/www.cofb.org\/ca\/wp-json\/wp\/v2\/posts\/1900","targetHints":{"allow":["GET"]}}],"collection":[{"href":"https:\/\/www.cofb.org\/ca\/wp-json\/wp\/v2\/posts"}],"about":[{"href":"https:\/\/www.cofb.org\/ca\/wp-json\/wp\/v2\/types\/post"}],"author":[{"embeddable":true,"href":"https:\/\/www.cofb.org\/ca\/wp-json\/wp\/v2\/users\/1"}],"replies":[{"embeddable":true,"href":"https:\/\/www.cofb.org\/ca\/wp-json\/wp\/v2\/comments?post=1900"}],"version-history":[{"count":0,"href":"https:\/\/www.cofb.org\/ca\/wp-json\/wp\/v2\/posts\/1900\/revisions"}],"wp:featuredmedia":[{"embeddable":true,"href":"https:\/\/www.cofb.org\/ca\/wp-json\/"}],"wp:attachment":[{"href":"https:\/\/www.cofb.org\/ca\/wp-json\/wp\/v2\/media?parent=1900"}],"wp:term":[{"taxonomy":"category","embeddable":true,"href":"https:\/\/www.cofb.org\/ca\/wp-json\/wp\/v2\/categories?post=1900"},{"taxonomy":"post_tag","embeddable":true,"href":"https:\/\/www.cofb.org\/ca\/wp-json\/wp\/v2\/tags?post=1900"}],"curies":[{"name":"wp","href":"https:\/\/api.w.org\/{rel}","templated":true}]}}