{"id":18254,"date":"2015-12-17T14:35:45","date_gmt":"2015-12-17T13:35:45","guid":{"rendered":"http:\/\/blog.cofb.cat\/?p=18254"},"modified":"2015-12-17T14:35:45","modified_gmt":"2015-12-17T13:35:45","slug":"les-farmacies-cobren-dues-factures-pero-segueix-pendent-la-dels-medicaments-dispensats-a-loctubre","status":"publish","type":"post","link":"https:\/\/www.cofb.org\/ca\/2015\/12\/17\/les-farmacies-cobren-dues-factures-pero-segueix-pendent-la-dels-medicaments-dispensats-a-loctubre\/","title":{"rendered":"Les farm\u00e0cies cobren dues factures per\u00f2 segueix pendent la dels medicaments dispensats a l\u2019octubre"},"content":{"rendered":"<p style=\"text-align: left;\" align=\"center\"><b><span style=\"text-decoration: underline;\">Arribada del FLA extraordinari: insuficient per acabar amb el deute<\/span><\/b><\/p>\n<p>Avui les farm\u00e0cies catalanes han cobrat <b>213M\u20ac a trav\u00e9s del Fons de Liquiditat Auton\u00f2mica (FLA) Extraordinari, corresponents als mesos d\u2019agost i setembre. Aquesta quantitat \u00e9s insuficient per cobrir la totalitat del deute, que ascendeix a 330M\u20ac<\/b>. Tenint aix\u00f2 en compte, <b>els farmac\u00e8utics catalans reclamen a la Generalitat que <\/b>es pagui, abans que acabi l\u2019any,<b> la factura que encara queda pendent, la dels medicaments dispensats a l\u2019octubre (117,8M\u20ac) <\/b>i que s\u2019hauria d\u2019haver fet efectiva el 5 de desembre. Seria l\u2019\u00fanica manera de comen\u00e7ar 2016 amb el compte del deute a zero.<\/p>\n<div class=\"box shadow\">Els 213M\u20ac destinats a farm\u00e0cia permeten <strong>fer front a les factures d\u2019agost i setembre<\/strong>, per\u00f2 encara <strong>queda pendent la d\u2019octubre<\/strong> (117,8M\u20ac)<\/p>\n<p>Reclamen a la Generalitat que la <strong>factura es pagui abans que acabi l\u2019any<\/strong>, si no \u00e9s aix\u00ed, i el proper 5 de gener tampoc es paga la del novembre, el deute acumulat tornar\u00e0 a ser de 2 mesos<\/div>\n<p><b><span style=\"text-decoration: underline;\">Si no es cobra res m\u00e9s aquest desembre, el proper 5 de gener tornarien a acumular dos mesos de deute <\/span><\/b><\/p>\n<p>Si no es produeix aquest pagament i <b>el proper 5 de gener l\u2019Administraci\u00f3 tampoc no fa efectiva la factura<\/b> dels medicaments dispensats al novembre, tal i com ho estableix el Concert, <b>el deute amb les farm\u00e0cies catalanes tornaria a augmentar a dos mesos i els farmac\u00e8utics tornarien a cobrar els medicaments 90 dies despr\u00e9s d\u2019haver-los dispensat<\/b>, repetint-se el mateix escenari amb qu\u00e8 van comen\u00e7ar el 2015.<\/p>\n<p><b><span style=\"text-decoration: underline;\">\u201cAmb el FLA Extraordinari s\u2019havia de posar a zero el deute\u201d <\/span><\/b><\/p>\n<p><b>\u201cEl FLA Extraordinari havia de servir per posar a zero el deute i fer un replantejament per tal que no es tornin a repetir els mateixos errors\u201d<\/b>, reclama <strong>Jordi de Dalmases, president del Consell de Col\u00b7legis Farmac\u00e8utics de Catalunya<\/strong>. <b>\u201cSi tornem a comen\u00e7ar l\u2019any amb dos mesos de retard i els pressupostos tampoc reflecteixen la despesa que sabem que ser\u00e0 necess\u00e0ria per fer front al pagament dels medicaments, \u00e9s evident que no s\u2019haur\u00e0 donat soluci\u00f3 a la problem\u00e0tica que patim des de fa quatre anys\u201d, <\/b>afegeix. \u201c<b>No \u00e9s de rebut que,<\/b> en un moment de recuperaci\u00f3 econ\u00f2mica del pa\u00eds i amb sistemes de finan\u00e7ament disponibles, <b>es continu\u00ef arrossegant el deute dels farmac\u00e8utics<\/b>, que porten quatre anys carregant sobre les seves espatlles una <b>responsabilitat que li pertoca a l\u2019Administraci\u00f3, la de fer front a un dret b\u00e0sic de la poblaci\u00f3 com \u00e9s l\u2019acc\u00e9s a la seva medicaci\u00f3\u201d<\/b>, denuncia Antoni Torres, president de la Federaci\u00f3 d\u2019Associacions de Farm\u00e0cies de Catalunya.<\/p>\n<p>En aquesta l\u00ednia, els<b> farmac\u00e8utics exigeixen responsabilitat a les Administracions<\/b>, tal i com ho recollia la <b><a href=\"http:\/\/blog.cofb.cat\/les-farmacies-catalanes-posen-en-marxa-una-campanya-per-denunciar-els-retards-en-el-pagament-dels-medicaments\/\" target=\"_blank\" rel=\"noopener\">campanya de sensibilitzaci\u00f3<\/a> que van posar en marxa el passat 5 de novembre.<\/b> I en tot cas, que el pagament dels medicaments sigui una prioritat de la mateixa manera que ho \u00e9s per als pacients.<\/p>\n<p style=\"text-align: center;\">\u00a0<a href=\"http:\/\/blog.cofb.cat\/wp-content\/uploads\/2015\/12\/requadre-pagament-desembre.jpg\"><img fetchpriority=\"high\" decoding=\"async\" class=\" wp-image-18257 aligncenter\" alt=\"requadre-pagament-desembre\" src=\"http:\/\/blog.cofb.cat\/wp-content\/uploads\/2015\/12\/requadre-pagament-desembre.jpg\" width=\"585\" height=\"213\" \/><\/a><\/p>\n<p><span style=\"color: #808080;\"><strong>Nota de premsa enviada als mitjans de comunicaci\u00f3 (\u00e9s pot consultar a la <a href=\"http:\/\/www.cofb.org\/web\/guest\/notes-de-premsa\" target=\"_blank\" rel=\"noopener\">Sala de Premsa<\/a> del web institucional www.cofb.org)<\/strong><\/span><\/p>\n","protected":false},"excerpt":{"rendered":"<p>Arribada del FLA extraordinari: insuficient per acabar amb el deute Avui les farm\u00e0cies catalanes han cobrat 213M\u20ac a trav\u00e9s del Fons de Liquiditat Auton\u00f2mica (FLA) Extraordinari, corresponents als mesos d\u2019agost i setembre. Aquesta quantitat \u00e9s insuficient per cobrir la totalitat del deute, que ascendeix a 330M\u20ac. Tenint aix\u00f2 en compte, [&hellip;]<\/p>\n","protected":false},"author":1,"featured_media":3017,"comment_status":"open","ping_status":"open","sticky":false,"template":"","format":"standard","meta":{"_uag_custom_page_level_css":"","site-sidebar-layout":"default","site-content-layout":"","ast-site-content-layout":"default","site-content-style":"default","site-sidebar-style":"default","ast-global-header-display":"","ast-banner-title-visibility":"","ast-main-header-display":"","ast-hfb-above-header-display":"","ast-hfb-below-header-display":"","ast-hfb-mobile-header-display":"","site-post-title":"","ast-breadcrumbs-content":"","ast-featured-img":"disabled","footer-sml-layout":"","theme-transparent-header-meta":"","adv-header-id-meta":"","stick-header-meta":"","header-above-stick-meta":"","header-main-stick-meta":"","header-below-stick-meta":"","astra-migrate-meta-layouts":"default","ast-page-background-enabled":"default","ast-page-background-meta":{"desktop":{"background-color":"var(--ast-global-color-4)","background-image":"","background-repeat":"repeat","background-position":"center center","background-size":"auto","background-attachment":"scroll","background-type":"","background-media":"","overlay-type":"","overlay-color":"","overlay-opacity":"","overlay-gradient":""},"tablet":{"background-color":"","background-image":"","background-repeat":"repeat","background-position":"center center","background-size":"auto","background-attachment":"scroll","background-type":"","background-media":"","overlay-type":"","overlay-color":"","overlay-opacity":"","overlay-gradient":""},"mobile":{"background-color":"","background-image":"","background-repeat":"repeat","background-position":"center center","background-size":"auto","background-attachment":"scroll","background-type":"","background-media":"","overlay-type":"","overlay-color":"","overlay-opacity":"","overlay-gradient":""}},"ast-content-background-meta":{"desktop":{"background-color":"var(--ast-global-color-5)","background-image":"","background-repeat":"repeat","background-position":"center center","background-size":"auto","background-attachment":"scroll","background-type":"","background-media":"","overlay-type":"","overlay-color":"","overlay-opacity":"","overlay-gradient":""},"tablet":{"background-color":"var(--ast-global-color-5)","background-image":"","background-repeat":"repeat","background-position":"center center","background-size":"auto","background-attachment":"scroll","background-type":"","background-media":"","overlay-type":"","overlay-color":"","overlay-opacity":"","overlay-gradient":""},"mobile":{"background-color":"var(--ast-global-color-5)","background-image":"","background-repeat":"repeat","background-position":"center center","background-size":"auto","background-attachment":"scroll","background-type":"","background-media":"","overlay-type":"","overlay-color":"","overlay-opacity":"","overlay-gradient":""}},"footnotes":""},"categories":[32],"tags":[163,2297,2133,2123,76,2255],"class_list":["post-18254","post","type-post","status-publish","format-standard","has-post-thumbnail","hentry","category-noticies-farmacia","tag-consell-de-collegis-farmaceutics-de-catalunya","tag-fla-extraordinari","tag-impagaments","tag-jordi-de-dalmases","tag-oficina-de-farmacia","tag-retards-en-els-pagaments"],"yoast_head":"<!-- This site is optimized with the Yoast SEO plugin v22.4 - https:\/\/yoast.com\/wordpress\/plugins\/seo\/ -->\n<title>Les farm\u00e0cies cobren dues factures per\u00f2 segueix pendent la dels medicaments dispensats a l\u2019octubre - Col\u00b7legi de Farmac\u00e8utics de Barcelona<\/title>\n<meta name=\"robots\" content=\"index, follow, max-snippet:-1, max-image-preview:large, max-video-preview:-1\" \/>\n<link rel=\"canonical\" href=\"https:\/\/novaorg.cofb.net\/2015\/12\/17\/les-farmacies-cobren-dues-factures-pero-segueix-pendent-la-dels-medicaments-dispensats-a-loctubre\/\" \/>\n<meta property=\"og:locale\" content=\"ca_ES\" \/>\n<meta property=\"og:type\" content=\"article\" \/>\n<meta property=\"og:title\" content=\"Les farm\u00e0cies cobren dues factures per\u00f2 segueix pendent la dels medicaments dispensats a l\u2019octubre - Col\u00b7legi de Farmac\u00e8utics de Barcelona\" \/>\n<meta property=\"og:description\" content=\"Arribada del FLA extraordinari: insuficient per acabar amb el deute Avui les farm\u00e0cies catalanes han cobrat 213M\u20ac a trav\u00e9s del Fons de Liquiditat Auton\u00f2mica (FLA) Extraordinari, corresponents als mesos d\u2019agost i setembre. Aquesta quantitat \u00e9s insuficient per cobrir la totalitat del deute, que ascendeix a 330M\u20ac. Tenint aix\u00f2 en compte, [&hellip;]\" \/>\n<meta property=\"og:url\" content=\"https:\/\/novaorg.cofb.net\/2015\/12\/17\/les-farmacies-cobren-dues-factures-pero-segueix-pendent-la-dels-medicaments-dispensats-a-loctubre\/\" \/>\n<meta property=\"og:site_name\" content=\"Col\u00b7legi de Farmac\u00e8utics de Barcelona\" \/>\n<meta property=\"article:publisher\" content=\"https:\/\/www.facebook.com\/farmaceuticsbcn\/\" \/>\n<meta property=\"article:published_time\" content=\"2015-12-17T13:35:45+00:00\" \/>\n<meta name=\"author\" content=\"wpAdminCofbOrg\" \/>\n<meta name=\"twitter:card\" content=\"summary_large_image\" \/>\n<meta name=\"twitter:creator\" content=\"@farmaceuticsbcn\" \/>\n<meta name=\"twitter:site\" content=\"@farmaceuticsbcn\" \/>\n<meta name=\"twitter:label1\" content=\"Escrit per\" \/>\n\t<meta name=\"twitter:data1\" content=\"wpAdminCofbOrg\" \/>\n\t<meta name=\"twitter:label2\" content=\"Temps estimat de lectura\" \/>\n\t<meta name=\"twitter:data2\" content=\"3 minuts\" \/>\n<script type=\"application\/ld+json\" class=\"yoast-schema-graph\">{\"@context\":\"https:\/\/schema.org\",\"@graph\":[{\"@type\":\"Article\",\"@id\":\"https:\/\/novaorg.cofb.net\/2015\/12\/17\/les-farmacies-cobren-dues-factures-pero-segueix-pendent-la-dels-medicaments-dispensats-a-loctubre\/#article\",\"isPartOf\":{\"@id\":\"https:\/\/novaorg.cofb.net\/2015\/12\/17\/les-farmacies-cobren-dues-factures-pero-segueix-pendent-la-dels-medicaments-dispensats-a-loctubre\/\"},\"author\":{\"name\":\"wpAdminCofbOrg\",\"@id\":\"https:\/\/www.cofb.org\/#\/schema\/person\/22ed7eea88da74b0fa4d3154ad87ffcb\"},\"headline\":\"Les farm\u00e0cies cobren dues factures per\u00f2 segueix pendent la dels medicaments dispensats a l\u2019octubre\",\"datePublished\":\"2015-12-17T13:35:45+00:00\",\"dateModified\":\"2015-12-17T13:35:45+00:00\",\"mainEntityOfPage\":{\"@id\":\"https:\/\/novaorg.cofb.net\/2015\/12\/17\/les-farmacies-cobren-dues-factures-pero-segueix-pendent-la-dels-medicaments-dispensats-a-loctubre\/\"},\"wordCount\":540,\"commentCount\":0,\"publisher\":{\"@id\":\"https:\/\/www.cofb.org\/#organization\"},\"image\":{\"@id\":\"https:\/\/novaorg.cofb.net\/2015\/12\/17\/les-farmacies-cobren-dues-factures-pero-segueix-pendent-la-dels-medicaments-dispensats-a-loctubre\/#primaryimage\"},\"thumbnailUrl\":\"\",\"keywords\":[\"Consell de Col\u00b7legis Farmac\u00e8utics de Catalunya\",\"FLA extraordinari\",\"Impagaments\",\"Jordi de Dalmases\",\"Oficina de farm\u00e0cia\",\"Retards en els pagaments\"],\"articleSection\":[\"Not\u00edcies farm\u00e0cia\"],\"inLanguage\":\"ca\",\"potentialAction\":[{\"@type\":\"CommentAction\",\"name\":\"Comment\",\"target\":[\"https:\/\/novaorg.cofb.net\/2015\/12\/17\/les-farmacies-cobren-dues-factures-pero-segueix-pendent-la-dels-medicaments-dispensats-a-loctubre\/#respond\"]}]},{\"@type\":\"WebPage\",\"@id\":\"https:\/\/novaorg.cofb.net\/2015\/12\/17\/les-farmacies-cobren-dues-factures-pero-segueix-pendent-la-dels-medicaments-dispensats-a-loctubre\/\",\"url\":\"https:\/\/novaorg.cofb.net\/2015\/12\/17\/les-farmacies-cobren-dues-factures-pero-segueix-pendent-la-dels-medicaments-dispensats-a-loctubre\/\",\"name\":\"Les farm\u00e0cies cobren dues factures per\u00f2 segueix pendent la dels medicaments dispensats a l\u2019octubre - Col\u00b7legi de Farmac\u00e8utics de Barcelona\",\"isPartOf\":{\"@id\":\"https:\/\/www.cofb.org\/#website\"},\"primaryImageOfPage\":{\"@id\":\"https:\/\/novaorg.cofb.net\/2015\/12\/17\/les-farmacies-cobren-dues-factures-pero-segueix-pendent-la-dels-medicaments-dispensats-a-loctubre\/#primaryimage\"},\"image\":{\"@id\":\"https:\/\/novaorg.cofb.net\/2015\/12\/17\/les-farmacies-cobren-dues-factures-pero-segueix-pendent-la-dels-medicaments-dispensats-a-loctubre\/#primaryimage\"},\"thumbnailUrl\":\"\",\"datePublished\":\"2015-12-17T13:35:45+00:00\",\"dateModified\":\"2015-12-17T13:35:45+00:00\",\"breadcrumb\":{\"@id\":\"https:\/\/novaorg.cofb.net\/2015\/12\/17\/les-farmacies-cobren-dues-factures-pero-segueix-pendent-la-dels-medicaments-dispensats-a-loctubre\/#breadcrumb\"},\"inLanguage\":\"ca\",\"potentialAction\":[{\"@type\":\"ReadAction\",\"target\":[\"https:\/\/novaorg.cofb.net\/2015\/12\/17\/les-farmacies-cobren-dues-factures-pero-segueix-pendent-la-dels-medicaments-dispensats-a-loctubre\/\"]}]},{\"@type\":\"ImageObject\",\"inLanguage\":\"ca\",\"@id\":\"https:\/\/novaorg.cofb.net\/2015\/12\/17\/les-farmacies-cobren-dues-factures-pero-segueix-pendent-la-dels-medicaments-dispensats-a-loctubre\/#primaryimage\",\"url\":\"\",\"contentUrl\":\"\"},{\"@type\":\"BreadcrumbList\",\"@id\":\"https:\/\/novaorg.cofb.net\/2015\/12\/17\/les-farmacies-cobren-dues-factures-pero-segueix-pendent-la-dels-medicaments-dispensats-a-loctubre\/#breadcrumb\",\"itemListElement\":[{\"@type\":\"ListItem\",\"position\":1,\"name\":\"Inici\",\"item\":\"https:\/\/novaorg.cofb.net\/\"},{\"@type\":\"ListItem\",\"position\":2,\"name\":\"Les farm\u00e0cies cobren dues factures per\u00f2 segueix pendent la dels medicaments dispensats a l\u2019octubre\"}]},{\"@type\":\"WebSite\",\"@id\":\"https:\/\/www.cofb.org\/#website\",\"url\":\"https:\/\/www.cofb.org\/\",\"name\":\"Col\u00b7legi de Farmac\u00e8utics de Barcelona\",\"description\":\"\",\"publisher\":{\"@id\":\"https:\/\/www.cofb.org\/#organization\"},\"potentialAction\":[{\"@type\":\"SearchAction\",\"target\":{\"@type\":\"EntryPoint\",\"urlTemplate\":\"https:\/\/www.cofb.org\/?s={search_term_string}\"},\"query-input\":\"required name=search_term_string\"}],\"inLanguage\":\"ca\"},{\"@type\":\"Organization\",\"@id\":\"https:\/\/www.cofb.org\/#organization\",\"name\":\"Col\u00b7legi de Farmac\u00e8utics de Barcelona\",\"url\":\"https:\/\/www.cofb.org\/\",\"logo\":{\"@type\":\"ImageObject\",\"inLanguage\":\"ca\",\"@id\":\"https:\/\/www.cofb.org\/#\/schema\/logo\/image\/\",\"url\":\"https:\/\/www.cofb.org\/wp-content\/uploads\/2023\/11\/cropped-Logotip-COFB.png\",\"contentUrl\":\"https:\/\/www.cofb.org\/wp-content\/uploads\/2023\/11\/cropped-Logotip-COFB.png\",\"width\":500,\"height\":105,\"caption\":\"Col\u00b7legi de Farmac\u00e8utics de Barcelona\"},\"image\":{\"@id\":\"https:\/\/www.cofb.org\/#\/schema\/logo\/image\/\"},\"sameAs\":[\"https:\/\/www.facebook.com\/farmaceuticsbcn\/\",\"https:\/\/twitter.com\/farmaceuticsbcn\",\"https:\/\/www.instagram.com\/farmaceuticsbcn\/\",\"https:\/\/www.linkedin.com\/company\/farmaceuticsbcn\/\"]},{\"@type\":\"Person\",\"@id\":\"https:\/\/www.cofb.org\/#\/schema\/person\/22ed7eea88da74b0fa4d3154ad87ffcb\",\"name\":\"wpAdminCofbOrg\",\"image\":{\"@type\":\"ImageObject\",\"inLanguage\":\"ca\",\"@id\":\"https:\/\/www.cofb.org\/#\/schema\/person\/image\/\",\"url\":\"https:\/\/secure.gravatar.com\/avatar\/1721b20b3b8ca882c3b56ec6c978c594fff670e40c0718e9190eaeeb76aae7d8?s=96&d=mm&r=g\",\"contentUrl\":\"https:\/\/secure.gravatar.com\/avatar\/1721b20b3b8ca882c3b56ec6c978c594fff670e40c0718e9190eaeeb76aae7d8?s=96&d=mm&r=g\",\"caption\":\"wpAdminCofbOrg\"},\"sameAs\":[\"http:\/\/192.168.64.122\/wordpress\"],\"url\":\"https:\/\/www.cofb.org\/ca\/author\/wpadmincofborg\/\"}]}<\/script>\n<!-- \/ Yoast SEO plugin. -->","yoast_head_json":{"title":"Les farm\u00e0cies cobren dues factures per\u00f2 segueix pendent la dels medicaments dispensats a l\u2019octubre - Col\u00b7legi de Farmac\u00e8utics de Barcelona","robots":{"index":"index","follow":"follow","max-snippet":"max-snippet:-1","max-image-preview":"max-image-preview:large","max-video-preview":"max-video-preview:-1"},"canonical":"https:\/\/novaorg.cofb.net\/2015\/12\/17\/les-farmacies-cobren-dues-factures-pero-segueix-pendent-la-dels-medicaments-dispensats-a-loctubre\/","og_locale":"ca_ES","og_type":"article","og_title":"Les farm\u00e0cies cobren dues factures per\u00f2 segueix pendent la dels medicaments dispensats a l\u2019octubre - Col\u00b7legi de Farmac\u00e8utics de Barcelona","og_description":"Arribada del FLA extraordinari: insuficient per acabar amb el deute Avui les farm\u00e0cies catalanes han cobrat 213M\u20ac a trav\u00e9s del Fons de Liquiditat Auton\u00f2mica (FLA) Extraordinari, corresponents als mesos d\u2019agost i setembre. Aquesta quantitat \u00e9s insuficient per cobrir la totalitat del deute, que ascendeix a 330M\u20ac. Tenint aix\u00f2 en compte, [&hellip;]","og_url":"https:\/\/novaorg.cofb.net\/2015\/12\/17\/les-farmacies-cobren-dues-factures-pero-segueix-pendent-la-dels-medicaments-dispensats-a-loctubre\/","og_site_name":"Col\u00b7legi de Farmac\u00e8utics de Barcelona","article_publisher":"https:\/\/www.facebook.com\/farmaceuticsbcn\/","article_published_time":"2015-12-17T13:35:45+00:00","author":"wpAdminCofbOrg","twitter_card":"summary_large_image","twitter_creator":"@farmaceuticsbcn","twitter_site":"@farmaceuticsbcn","twitter_misc":{"Escrit per":"wpAdminCofbOrg","Temps estimat de lectura":"3 minuts"},"schema":{"@context":"https:\/\/schema.org","@graph":[{"@type":"Article","@id":"https:\/\/novaorg.cofb.net\/2015\/12\/17\/les-farmacies-cobren-dues-factures-pero-segueix-pendent-la-dels-medicaments-dispensats-a-loctubre\/#article","isPartOf":{"@id":"https:\/\/novaorg.cofb.net\/2015\/12\/17\/les-farmacies-cobren-dues-factures-pero-segueix-pendent-la-dels-medicaments-dispensats-a-loctubre\/"},"author":{"name":"wpAdminCofbOrg","@id":"https:\/\/www.cofb.org\/#\/schema\/person\/22ed7eea88da74b0fa4d3154ad87ffcb"},"headline":"Les farm\u00e0cies cobren dues factures per\u00f2 segueix pendent la dels medicaments dispensats a l\u2019octubre","datePublished":"2015-12-17T13:35:45+00:00","dateModified":"2015-12-17T13:35:45+00:00","mainEntityOfPage":{"@id":"https:\/\/novaorg.cofb.net\/2015\/12\/17\/les-farmacies-cobren-dues-factures-pero-segueix-pendent-la-dels-medicaments-dispensats-a-loctubre\/"},"wordCount":540,"commentCount":0,"publisher":{"@id":"https:\/\/www.cofb.org\/#organization"},"image":{"@id":"https:\/\/novaorg.cofb.net\/2015\/12\/17\/les-farmacies-cobren-dues-factures-pero-segueix-pendent-la-dels-medicaments-dispensats-a-loctubre\/#primaryimage"},"thumbnailUrl":"","keywords":["Consell de Col\u00b7legis Farmac\u00e8utics de Catalunya","FLA extraordinari","Impagaments","Jordi de Dalmases","Oficina de farm\u00e0cia","Retards en els pagaments"],"articleSection":["Not\u00edcies farm\u00e0cia"],"inLanguage":"ca","potentialAction":[{"@type":"CommentAction","name":"Comment","target":["https:\/\/novaorg.cofb.net\/2015\/12\/17\/les-farmacies-cobren-dues-factures-pero-segueix-pendent-la-dels-medicaments-dispensats-a-loctubre\/#respond"]}]},{"@type":"WebPage","@id":"https:\/\/novaorg.cofb.net\/2015\/12\/17\/les-farmacies-cobren-dues-factures-pero-segueix-pendent-la-dels-medicaments-dispensats-a-loctubre\/","url":"https:\/\/novaorg.cofb.net\/2015\/12\/17\/les-farmacies-cobren-dues-factures-pero-segueix-pendent-la-dels-medicaments-dispensats-a-loctubre\/","name":"Les farm\u00e0cies cobren dues factures per\u00f2 segueix pendent la dels medicaments dispensats a l\u2019octubre - Col\u00b7legi de Farmac\u00e8utics de Barcelona","isPartOf":{"@id":"https:\/\/www.cofb.org\/#website"},"primaryImageOfPage":{"@id":"https:\/\/novaorg.cofb.net\/2015\/12\/17\/les-farmacies-cobren-dues-factures-pero-segueix-pendent-la-dels-medicaments-dispensats-a-loctubre\/#primaryimage"},"image":{"@id":"https:\/\/novaorg.cofb.net\/2015\/12\/17\/les-farmacies-cobren-dues-factures-pero-segueix-pendent-la-dels-medicaments-dispensats-a-loctubre\/#primaryimage"},"thumbnailUrl":"","datePublished":"2015-12-17T13:35:45+00:00","dateModified":"2015-12-17T13:35:45+00:00","breadcrumb":{"@id":"https:\/\/novaorg.cofb.net\/2015\/12\/17\/les-farmacies-cobren-dues-factures-pero-segueix-pendent-la-dels-medicaments-dispensats-a-loctubre\/#breadcrumb"},"inLanguage":"ca","potentialAction":[{"@type":"ReadAction","target":["https:\/\/novaorg.cofb.net\/2015\/12\/17\/les-farmacies-cobren-dues-factures-pero-segueix-pendent-la-dels-medicaments-dispensats-a-loctubre\/"]}]},{"@type":"ImageObject","inLanguage":"ca","@id":"https:\/\/novaorg.cofb.net\/2015\/12\/17\/les-farmacies-cobren-dues-factures-pero-segueix-pendent-la-dels-medicaments-dispensats-a-loctubre\/#primaryimage","url":"","contentUrl":""},{"@type":"BreadcrumbList","@id":"https:\/\/novaorg.cofb.net\/2015\/12\/17\/les-farmacies-cobren-dues-factures-pero-segueix-pendent-la-dels-medicaments-dispensats-a-loctubre\/#breadcrumb","itemListElement":[{"@type":"ListItem","position":1,"name":"Inici","item":"https:\/\/novaorg.cofb.net\/"},{"@type":"ListItem","position":2,"name":"Les farm\u00e0cies cobren dues factures per\u00f2 segueix pendent la dels medicaments dispensats a l\u2019octubre"}]},{"@type":"WebSite","@id":"https:\/\/www.cofb.org\/#website","url":"https:\/\/www.cofb.org\/","name":"Col\u00b7legi de Farmac\u00e8utics de Barcelona","description":"","publisher":{"@id":"https:\/\/www.cofb.org\/#organization"},"potentialAction":[{"@type":"SearchAction","target":{"@type":"EntryPoint","urlTemplate":"https:\/\/www.cofb.org\/?s={search_term_string}"},"query-input":"required name=search_term_string"}],"inLanguage":"ca"},{"@type":"Organization","@id":"https:\/\/www.cofb.org\/#organization","name":"Col\u00b7legi de Farmac\u00e8utics de Barcelona","url":"https:\/\/www.cofb.org\/","logo":{"@type":"ImageObject","inLanguage":"ca","@id":"https:\/\/www.cofb.org\/#\/schema\/logo\/image\/","url":"https:\/\/www.cofb.org\/wp-content\/uploads\/2023\/11\/cropped-Logotip-COFB.png","contentUrl":"https:\/\/www.cofb.org\/wp-content\/uploads\/2023\/11\/cropped-Logotip-COFB.png","width":500,"height":105,"caption":"Col\u00b7legi de Farmac\u00e8utics de Barcelona"},"image":{"@id":"https:\/\/www.cofb.org\/#\/schema\/logo\/image\/"},"sameAs":["https:\/\/www.facebook.com\/farmaceuticsbcn\/","https:\/\/twitter.com\/farmaceuticsbcn","https:\/\/www.instagram.com\/farmaceuticsbcn\/","https:\/\/www.linkedin.com\/company\/farmaceuticsbcn\/"]},{"@type":"Person","@id":"https:\/\/www.cofb.org\/#\/schema\/person\/22ed7eea88da74b0fa4d3154ad87ffcb","name":"wpAdminCofbOrg","image":{"@type":"ImageObject","inLanguage":"ca","@id":"https:\/\/www.cofb.org\/#\/schema\/person\/image\/","url":"https:\/\/secure.gravatar.com\/avatar\/1721b20b3b8ca882c3b56ec6c978c594fff670e40c0718e9190eaeeb76aae7d8?s=96&d=mm&r=g","contentUrl":"https:\/\/secure.gravatar.com\/avatar\/1721b20b3b8ca882c3b56ec6c978c594fff670e40c0718e9190eaeeb76aae7d8?s=96&d=mm&r=g","caption":"wpAdminCofbOrg"},"sameAs":["http:\/\/192.168.64.122\/wordpress"],"url":"https:\/\/www.cofb.org\/ca\/author\/wpadmincofborg\/"}]}},"uagb_featured_image_src":{"full":false,"thumbnail":false,"medium":false,"medium_large":false,"large":false,"1536x1536":false,"2048x2048":false,"trp-custom-language-flag":false},"uagb_author_info":{"display_name":"wpAdminCofbOrg","author_link":"https:\/\/www.cofb.org\/ca\/author\/wpadmincofborg\/"},"uagb_comment_info":0,"uagb_excerpt":"Arribada del FLA extraordinari: insuficient per acabar amb el deute Avui les farm\u00e0cies catalanes han cobrat 213M\u20ac a trav\u00e9s del Fons de Liquiditat Auton\u00f2mica (FLA) Extraordinari, corresponents als mesos d\u2019agost i setembre. Aquesta quantitat \u00e9s insuficient per cobrir la totalitat del deute, que ascendeix a 330M\u20ac. Tenint aix\u00f2 en compte, [&hellip;]","_links":{"self":[{"href":"https:\/\/www.cofb.org\/ca\/wp-json\/wp\/v2\/posts\/18254","targetHints":{"allow":["GET"]}}],"collection":[{"href":"https:\/\/www.cofb.org\/ca\/wp-json\/wp\/v2\/posts"}],"about":[{"href":"https:\/\/www.cofb.org\/ca\/wp-json\/wp\/v2\/types\/post"}],"author":[{"embeddable":true,"href":"https:\/\/www.cofb.org\/ca\/wp-json\/wp\/v2\/users\/1"}],"replies":[{"embeddable":true,"href":"https:\/\/www.cofb.org\/ca\/wp-json\/wp\/v2\/comments?post=18254"}],"version-history":[{"count":0,"href":"https:\/\/www.cofb.org\/ca\/wp-json\/wp\/v2\/posts\/18254\/revisions"}],"wp:featuredmedia":[{"embeddable":true,"href":"https:\/\/www.cofb.org\/ca\/wp-json\/"}],"wp:attachment":[{"href":"https:\/\/www.cofb.org\/ca\/wp-json\/wp\/v2\/media?parent=18254"}],"wp:term":[{"taxonomy":"category","embeddable":true,"href":"https:\/\/www.cofb.org\/ca\/wp-json\/wp\/v2\/categories?post=18254"},{"taxonomy":"post_tag","embeddable":true,"href":"https:\/\/www.cofb.org\/ca\/wp-json\/wp\/v2\/tags?post=18254"}],"curies":[{"name":"wp","href":"https:\/\/api.w.org\/{rel}","templated":true}]}}