{"id":18105,"date":"2015-12-22T12:14:31","date_gmt":"2015-12-22T11:14:31","guid":{"rendered":"http:\/\/blog.cofb.cat\/?p=18105"},"modified":"2015-12-22T12:14:31","modified_gmt":"2015-12-22T11:14:31","slug":"beques-col%c2%b7legials-2014-2015-que-sha-aconseguit","status":"publish","type":"post","link":"https:\/\/www.cofb.org\/ca\/2015\/12\/22\/beques-col%c2%b7legials-2014-2015-que-sha-aconseguit\/","title":{"rendered":"Beques col\u00b7legials 2014-2015: qu\u00e8 s&#8217;ha aconseguit?"},"content":{"rendered":"<p>En la convocat\u00f2ria de<b>\u00a0<a href=\"http:\/\/blog.cofb.cat\/beques-col%C2%B7legials-2014-2015-reconeixement-a-la-investigacio\/\" target=\"_blank\" rel=\"noopener\">beques 2014-2015 del Col\u00b7legi<\/a><\/b>\u00a0s\u2019han becat dos projectes i atorgat un acc\u00e8ssit a un tercer treball despr\u00e9s de valorar l\u2019inter\u00e8s professional, la multidisciplinaritat, l\u2019impacte social, la novetat cient\u00edfica, la metodologia i la viabilitat de cada projecte presentat.<\/p>\n<div>\n<p>Hem demanat als autors dels projectes becats que ens resumeixin quins resultats han obtingut amb els treballs desenvolupats amb el suport de les beques col\u00b7legials. Aquestes s\u00f3n les conclusions dels projectes, que es van presentar a la seu col\u00b7legial el 16 de novembre:<\/p>\n<figure id=\"attachment_18107\" aria-describedby=\"caption-attachment-18107\" style=\"width: 298px\" class=\"wp-caption alignleft\"><a href=\"http:\/\/blog.cofb.cat\/wp-content\/uploads\/2015\/12\/beques-resultats-novembre-1.jpg\"><img fetchpriority=\"high\" decoding=\"async\" class=\" wp-image-18107   \" alt=\"beques-resultats-novembre (1)\" src=\"http:\/\/blog.cofb.cat\/wp-content\/uploads\/2015\/12\/beques-resultats-novembre-1.jpg\" width=\"298\" height=\"199\" \/><\/a><figcaption id=\"caption-attachment-18107\" class=\"wp-caption-text\">D&#8217;esquerra a dreta: Gerardo Colorado, Martha Milena Silva, Anna Font i Laura Rius<\/figcaption><\/figure>\n<p><b><\/p>\n<div class=\"destacat-blog\">Avaluaci\u00f3 del seguiment farmacoterap\u00e8utic realitzat en pacients d\u2019una Unitat d\u2019Optimitzaci\u00f3 de la Farmacoter\u00e0pia.\u00a0<\/b>En una farm\u00e0cia comunit\u00e0ria de Granollers (Barcelona) es va dur a terme l\u2019avaluaci\u00f3 de variables d\u2019impacte del seguiment farmacoterap\u00e8utic en comparaci\u00f3 a l\u2019alternativa d\u2019altres serveis cl\u00ednics de la cartera de serveis de la Unitat.<\/p>\n<p><b><i>Autors: Martha Milena Silva Castro, Anna Maria Font Olivet, Laura Rius Font, Clara Berm\u00fadez Tamayo, Gerardo Colorado Diaz-Caneja (oficina de farm\u00e0cia).<\/i><\/b><\/p>\n<p><b>Martha Milena Silva<\/b>, que va exercir com a portaveu d\u2019aquest treball, forma part de l\u2019equip de la farm\u00e0cia Olivet de Granollers. Han presentat els resultats d\u2019implantaci\u00f3 de quatre anys de seguiment farmacoterap\u00e8utic a aquesta farm\u00e0cia i ho han comparat amb alternatives d\u2019altres serveis que es troben a la cartera de serveis. Una de les conclusions m\u00e9s interessants extretes d\u2019aquest treball \u00e9s que \u201ccomparant el grup control, que s\u00f3n els pacients que han rebut altres serveis cl\u00ednics, amb els pacients que han rebut seguiment a la farm\u00e0cia,\u00a0<b>augmentem quasi sis anys la qualitat de vida associada a la salut d\u2019aquests pacients que es fan seguiment<\/b>\u201d explica Silva. \u201cAquesta alternativa \u00e9s, evidentment m\u00e9s costosa, per\u00f2 no impedeix que tingui un bon Rati de Cost-Utilitat (RCUI) -expressat en AVAC, anys de vida ajustat per la qualitat, correspondria a 47,12 \u20ac\/AVAC-.\u00a0La tecnologia sanit\u00e0ria est\u00e0 a favor del seguiment, aix\u00f2 \u00e9s important\u201d matisa aquesta farmac\u00e8utica.<\/p>\n<p>Han calculat minuciosament tots els costos associats a prestar serveis cl\u00ednics \u201cpel que considerem que \u00e9s un\u00a0<b>punt de partida concret per parlar de remuneraci\u00f3<\/b>, perqu\u00e8 sempre volem que ens paguin els serveis, per\u00f2 no sabem quin costos tenen\u201d diu Silva. L\u2019estudi t\u00e9 una s\u00e8rie de costos molt tipificats: van utilitzar la metodologia ABC (<i>Activity-Based-Costing<\/i>) per establir el preu de serveis cl\u00ednics oferts a la farm\u00e0cia comunit\u00e0ria. \u201cNo hem arribat a calcular temes de quan s\u2019hauria de pagar, per\u00f2 s\u00ed que sabem quan costen en una farm\u00e0cia de Catalunya, en aquesta \u00e8poca, que \u00e9s diferent a l\u2019\u00e8poca anterior, una \u00e8poca de majors dificultats econ\u00f2miques\u201d concreta Silva.<\/p>\n<p>Per a tot l\u2019equip \u201cha estat un repte molt gran perqu\u00e8 intentar fer una valoraci\u00f3 econ\u00f2mica a l\u2019\u00fas d\u2019una pr\u00e0ctica habitual dins d\u2019una farm\u00e0cia comunit\u00e0ria va suposar molts temes metodol\u00f2gics que valorar i discutir, per\u00f2 alhora te\u2019n adones que \u00e9s possible i que, d\u2019alguna manera,\u00a0<b>podem generar un grau d\u2019evid\u00e8ncia de les activitats cl\u00edniques que es fan en farm\u00e0cia comunit\u00e0ria\u201d\u00a0<\/b>explica aquesta farmac\u00e8utica que desenvolupa la seva tasca sanit\u00e0ria a Granollers.<b><\/div>\n<p><\/b><\/p>\n<figure id=\"attachment_18108\" aria-describedby=\"caption-attachment-18108\" style=\"width: 298px\" class=\"wp-caption alignright\"><a href=\"http:\/\/blog.cofb.cat\/wp-content\/uploads\/2015\/12\/beques-resultats-novembre-2.jpg\"><img decoding=\"async\" class=\" wp-image-18108  \" alt=\"beques-resultats-novembre (2)\" src=\"http:\/\/blog.cofb.cat\/wp-content\/uploads\/2015\/12\/beques-resultats-novembre-2.jpg\" width=\"298\" height=\"199\" \/><\/a><figcaption id=\"caption-attachment-18108\" class=\"wp-caption-text\">Ariadna P\u00e9rez i Jos\u00e9 Bruno Montoro<\/figcaption><\/figure>\n<p><b><div class=\"box shadow\"><\/div>Avaluaci\u00f3 de l\u2019efectivitat i la seguretat en la pr\u00e0ctica cl\u00ednica habitual del cinacalcet en pacients amb malaltia renal cr\u00f2nica i hiperparatiro\u00efdisme secundari sense tractament renal substitutiu.\u00a0<\/b>El projecte buscava determinar l\u2019efectivitat a la pr\u00e0ctica cl\u00ednica de l\u2019\u00fas del cinacalcet en l\u2019hiperparatiro\u00efdisme secundari a malaltia renal cr\u00f2nica en pacients no sotmesos a ter\u00e0pia renal substitutiva \u2013hemodi\u00e0lisi-, una indicaci\u00f3 terap\u00e8utica encara no inclosa a fitxa t\u00e8cnica per\u00f2 de pr\u00e0ctica cl\u00ednica habitual.<\/p>\n<p><b><i>Autors: Ariadna P\u00e9rez Ricart, Maria Alcalde Rodrigo, Dolors Comas Sugra\u00f1es, Josep Maria Cruzado Garrit, Alfons Segarra Medrano, Jos\u00e9 Bruno Montoro Ronsano (Servei de farm\u00e0cia d\u2019hospital).<\/i><\/b><\/p>\n<p><b>Ariadna P\u00e9rez<\/b>, farmac\u00e8utica d\u2019hospital, ens va parlar en nom de l\u2019equip d\u2019aquest projecte. Amb el seu treball, han observat que <b>el cinacalcet seria \u00fatil<\/b> en pacients sense tractament renal substitutiu. \u201cHem vist que disminueix de manera important el valor de\u00a0 parathormona i que aquesta resposta ja s\u2019observa en els primers tres mesos de tractament\u201d explica P\u00e9rez. \u201cA m\u00e9s, l\u2019efectivitat vindria condicionada pels nivells de parathormona basals m\u00e9s que per l\u2019estadi\u00a0 renal, la qual cosa seria un argument a favor per utilitzar el cinacalcet en els estadis primerencs de la malaltia renal cr\u00f2nica\u201d, afegeix. L\u2019estudi tamb\u00e9 permet constatar que <b>s\u2019hauria de monitoritzar el calci i el fosfat<\/b>. \u201cHem detectat que el cinacalcet pot disminuir els nivells de calci. I tamb\u00e9 hem observat, com algun altre estudi ja apuntava, que pot incrementar els nivells de fosfat\u201d, indica P\u00e9rez. L\u2019estudi determina que <b>aquest f\u00e0rmac \u00e9s v\u00e0lid en pacients no dialitzats<\/b>. \u201cAquest projecte obre nous interrogants i noves opcions per seguir investigant en aquest \u00e0mbit\u201d, conclou aquesta farmac\u00e8utica d\u2019hospital.<b><\/div>\n<p><\/b><\/p>\n<figure id=\"attachment_18110\" aria-describedby=\"caption-attachment-18110\" style=\"width: 298px\" class=\"wp-caption alignleft\"><a href=\"http:\/\/blog.cofb.cat\/wp-content\/uploads\/2015\/12\/beques-resultats-novembre-4.jpg\"><img decoding=\"async\" class=\" wp-image-18110   \" alt=\"beques-resultats-novembre (4)\" src=\"http:\/\/blog.cofb.cat\/wp-content\/uploads\/2015\/12\/beques-resultats-novembre-4.jpg\" width=\"298\" height=\"199\" \/><\/a><figcaption id=\"caption-attachment-18110\" class=\"wp-caption-text\">D&#8217;esquerra a dreta: Pere Trav\u00e9, Maria \u00c0ngels Via, Marian March i Maria Rubio<\/figcaption><\/figure>\n<p><b><div class=\"box shadow\"><\/div><\/b><strong> (acc\u00e8ssit) Avaluaci\u00f3 cl\u00ednica i econ\u00f2mica de la integraci\u00f3 del farmac\u00e8utic en un equip d\u2019atenci\u00f3 domicili\u00e0ria multidisciplinari<\/strong>.\u00a0Un treball que tenia per objectiu fer una revisi\u00f3 dels tractaments dels pacients del servei d\u2019atenci\u00f3 domicili\u00e0ria i detectar problemes en la medicaci\u00f3, posant l\u2019\u00e8mfasi en el cost relatiu que tindria remunerar aquest servei en uns pacients que generen una gran despesa.<\/p>\n<p><b><i>Autors: Maria Rubio Valera, M. Antonia March Pujol, Maria \u00c0ngeles Via Sosa, Dra. Dolors Lumbreras Garuz, Neus Blancas Bernuz, Pere Trav\u00e9 i Mercad\u00e9, M\u00aa Bel\u00e9n Guerra Barrero (Facultat de Farm\u00e0cia <\/i><\/b><b><i>i Institut Catal\u00e0 de la Salut).<\/i><\/b><\/p>\n<p><b>Maria Rubio<\/b>, professora associada de la Universitat de Barcelona, ens va detallar els resultats del treball al que es va atorgar l\u2019acc\u00e8ssit. L\u2019estudi ha perm\u00e8s<b>\u00a0incorporar a farmac\u00e8utiques en un equip d\u2019atenci\u00f3 domicili\u00e0ria del CAP<\/b>, que est\u00e0 molt ben instaurat. Segons explica Rubio \u201ctot i que sempre hi ha una certa dificultat a integrar un nou professional, la col\u00b7laboraci\u00f3 amb metges i infermers de l&#8217;Institut Catal\u00e0 de la Salut ha suposat una s\u00e8rie de reptes, uns que ens esperaven i altres que no, i d\u2019aix\u00f2 n\u2019hem apr\u00e8s molt\u201d. Els pacients objectes d\u2019estudi portaven un control molt estricte, sota la supervisi\u00f3 de metge i infermera, per\u00f2 tot i aix\u00ed,\u00a0<b>l\u2019aportaci\u00f3 de les farmac\u00e8utiques ha perm\u00e8s detectar molts problemes relacionats amb la medicaci\u00f3<\/b>. &#8220;La mitjana voltava els 5 problemes relacionats amb la medicaci\u00f3 (PRM) per pacient, que \u00e9s una dada molt elevada.<b>\u00a0S&#8217;han proposat una s\u00e8rie d&#8217;intervencions, algunes relacionades amb canvis en la posologia, dosi o incl\u00fas principi actiu, que han estat molt ben rebudes<\/b>&#8221; indica Rubio, i concreta: &#8220;El 76% de les \u00a0intervencions que vam proposar han estat acceptades; les que menys, les relacionades amb un canvi en el principi actiu perqu\u00e8 en diverses ocasions la metgessa o la infermera ja havien provat pr\u00e8viament un determinat principi actiu. En general, per\u00f2, l\u2019acceptaci\u00f3 ha estat molt bona, a banda dels resultats obtinguts&#8221;.<\/p>\n<p>L&#8217;equip ha volgut\u00a0<b>analitzar quin era el cost per pacient per al sistema sanitari<\/b>, com a m\u00ednim, des de la perspectiva de CatSalut, que \u00e9s qui concerta els serveis: &#8220;Integrar al farmac\u00e8utic suposa una despesa que no arriba a un increment del 10%. Si fem un estudi en el futur, s\u2019haur\u00e0 de veure com treballem aquests pacients perqu\u00e8 generen molta despesa per\u00f2 tamb\u00e9 tenen una taxa elevada de mortalitat: \u00e9s dif\u00edcil veure com aquesta inversi\u00f3 extra estalvia diners al CatSalut&#8221;, explica Rubio. No obstant, els pacients poden sortir guanyant: &#8220;<b>\u00c9s possible que l\u2019estalvi no sigui monetari, per\u00f2 els pacients poden guanyar en qualitat de vida i tamb\u00e9 els seus cuidadors<\/b>: al voltant del 95% dels pacients que hem tractat a l\u2019estudi vivien sols i els cuidadors sempre eren familiars. Potser s\u2019hauria de mesurar com a<b>\u00a0projecte de futur quina \u00e9s la c\u00e0rrega per al cuidador<\/b>, una persona que est\u00e0 en actiu i que, en moltes ocasions, ha de deixar la feina per cuidar del pacient\u201d. I conclou: \u201cS\u2019hauria de veure quin impacte t\u00e9 en la millora de la salut d\u2019aquests pacients, per exemple, reduir la medicaci\u00f3 i possibles interaccions, i si aix\u00f2 tamb\u00e9 t\u00e9 un impacte sobre el cuidador i pot suposar un alleugeriment de la seva c\u00e0rrega. Crec que aquesta podria ser una l\u00ednia de treball futur&#8221;.\u00a0<\/div>\n<div>\u00a0<a href=\"http:\/\/blog.cofb.cat\/wp-content\/uploads\/2015\/12\/beques-resultats-novembre-3.jpg\"><img loading=\"lazy\" decoding=\"async\" class=\"wp-image-18109 aligncenter\" alt=\"beques-resultats-novembre (3)\" src=\"http:\/\/blog.cofb.cat\/wp-content\/uploads\/2015\/12\/beques-resultats-novembre-3.jpg\" width=\"546\" height=\"278\" \/><\/a><\/div>\n<div><\/div>\n<p><b>Potser tamb\u00e9 t\u2019interessa:<\/b><\/p>\n<ul>\n<li><a href=\"http:\/\/blog.cofb.cat\/beques-col%C2%B7legials-2014-2015-reconeixement-a-la-investigacio\/\" target=\"_blank\" rel=\"noopener\">Beques col\u00b7legials 2014-2015: reconeixement a la investigaci\u00f3<\/a>\u00a0(Blog)<\/li>\n<li><a href=\"http:\/\/blog.cofb.cat\/beques-col%C2%B7legials-2013-2014-suport-a-noves-investigacions\/\" target=\"_blank\" rel=\"noopener\">Beques col\u00b7legials 2013-2014: suport a noves investigacions<\/a>\u00a0(Blog)<\/li>\n<li><a href=\"http:\/\/blog.cofb.cat\/quins-son-els-projectes-becats-a-la-convocatoria-2015-2016\/\" target=\"_blank\" rel=\"noopener\">Quins s\u00f3n els projectes becats a la convocat\u00f2ria 2015-2016?<\/a>\u00a0(Blog)<\/li>\n<\/ul>\n<p>&nbsp;<\/p>\n<\/div>\n","protected":false},"excerpt":{"rendered":"<p>En la convocat\u00f2ria de\u00a0beques 2014-2015 del Col\u00b7legi\u00a0s\u2019han becat dos projectes i atorgat un acc\u00e8ssit a un tercer treball despr\u00e9s de valorar l\u2019inter\u00e8s professional, la multidisciplinaritat, l\u2019impacte social, la novetat cient\u00edfica, la metodologia i la viabilitat de cada projecte presentat. Hem demanat als autors dels projectes becats que ens resumeixin quins [&hellip;]<\/p>\n","protected":false},"author":1,"featured_media":18109,"comment_status":"open","ping_status":"open","sticky":false,"template":"","format":"standard","meta":{"_uag_custom_page_level_css":"","site-sidebar-layout":"default","site-content-layout":"","ast-site-content-layout":"default","site-content-style":"default","site-sidebar-style":"default","ast-global-header-display":"","ast-banner-title-visibility":"","ast-main-header-display":"","ast-hfb-above-header-display":"","ast-hfb-below-header-display":"","ast-hfb-mobile-header-display":"","site-post-title":"","ast-breadcrumbs-content":"","ast-featured-img":"disabled","footer-sml-layout":"","theme-transparent-header-meta":"","adv-header-id-meta":"","stick-header-meta":"","header-above-stick-meta":"","header-main-stick-meta":"","header-below-stick-meta":"","astra-migrate-meta-layouts":"default","ast-page-background-enabled":"default","ast-page-background-meta":{"desktop":{"background-color":"var(--ast-global-color-4)","background-image":"","background-repeat":"repeat","background-position":"center center","background-size":"auto","background-attachment":"scroll","background-type":"","background-media":"","overlay-type":"","overlay-color":"","overlay-opacity":"","overlay-gradient":""},"tablet":{"background-color":"","background-image":"","background-repeat":"repeat","background-position":"center center","background-size":"auto","background-attachment":"scroll","background-type":"","background-media":"","overlay-type":"","overlay-color":"","overlay-opacity":"","overlay-gradient":""},"mobile":{"background-color":"","background-image":"","background-repeat":"repeat","background-position":"center center","background-size":"auto","background-attachment":"scroll","background-type":"","background-media":"","overlay-type":"","overlay-color":"","overlay-opacity":"","overlay-gradient":""}},"ast-content-background-meta":{"desktop":{"background-color":"var(--ast-global-color-5)","background-image":"","background-repeat":"repeat","background-position":"center center","background-size":"auto","background-attachment":"scroll","background-type":"","background-media":"","overlay-type":"","overlay-color":"","overlay-opacity":"","overlay-gradient":""},"tablet":{"background-color":"var(--ast-global-color-5)","background-image":"","background-repeat":"repeat","background-position":"center center","background-size":"auto","background-attachment":"scroll","background-type":"","background-media":"","overlay-type":"","overlay-color":"","overlay-opacity":"","overlay-gradient":""},"mobile":{"background-color":"var(--ast-global-color-5)","background-image":"","background-repeat":"repeat","background-position":"center center","background-size":"auto","background-attachment":"scroll","background-type":"","background-media":"","overlay-type":"","overlay-color":"","overlay-opacity":"","overlay-gradient":""}},"footnotes":""},"categories":[57],"tags":[513,2295,2296,565,844,267],"class_list":["post-18105","post","type-post","status-publish","format-standard","has-post-thumbnail","hentry","category-mon-collegial","tag-beques-collegials","tag-cinacalcet","tag-equip-datencio-domiciliaria","tag-investigacio-i-docencia","tag-recerca","tag-seguiment-farmacoterapeutic"],"yoast_head":"<!-- This site is optimized with the Yoast SEO plugin v22.4 - https:\/\/yoast.com\/wordpress\/plugins\/seo\/ -->\n<title>Beques col\u00b7legials 2014-2015: qu\u00e8 s&#039;ha aconseguit? - Col\u00b7legi de Farmac\u00e8utics de Barcelona<\/title>\n<meta name=\"robots\" content=\"index, follow, max-snippet:-1, max-image-preview:large, max-video-preview:-1\" \/>\n<link rel=\"canonical\" href=\"https:\/\/novaorg.cofb.net\/2015\/12\/22\/beques-col\u00b7legials-2014-2015-que-sha-aconseguit\/\" \/>\n<meta property=\"og:locale\" content=\"ca_ES\" \/>\n<meta property=\"og:type\" content=\"article\" \/>\n<meta property=\"og:title\" content=\"Beques col\u00b7legials 2014-2015: qu\u00e8 s&#039;ha aconseguit? - Col\u00b7legi de Farmac\u00e8utics de Barcelona\" \/>\n<meta property=\"og:description\" content=\"En la convocat\u00f2ria de\u00a0beques 2014-2015 del Col\u00b7legi\u00a0s\u2019han becat dos projectes i atorgat un acc\u00e8ssit a un tercer treball despr\u00e9s de valorar l\u2019inter\u00e8s professional, la multidisciplinaritat, l\u2019impacte social, la novetat cient\u00edfica, la metodologia i la viabilitat de cada projecte presentat. Hem demanat als autors dels projectes becats que ens resumeixin quins [&hellip;]\" \/>\n<meta property=\"og:url\" content=\"https:\/\/novaorg.cofb.net\/2015\/12\/22\/beques-col\u00b7legials-2014-2015-que-sha-aconseguit\/\" \/>\n<meta property=\"og:site_name\" content=\"Col\u00b7legi de Farmac\u00e8utics de Barcelona\" \/>\n<meta property=\"article:publisher\" content=\"https:\/\/www.facebook.com\/farmaceuticsbcn\/\" \/>\n<meta property=\"article:published_time\" content=\"2015-12-22T11:14:31+00:00\" \/>\n<meta name=\"author\" content=\"wpAdminCofbOrg\" \/>\n<meta name=\"twitter:card\" content=\"summary_large_image\" \/>\n<meta name=\"twitter:creator\" content=\"@farmaceuticsbcn\" \/>\n<meta name=\"twitter:site\" content=\"@farmaceuticsbcn\" \/>\n<meta name=\"twitter:label1\" content=\"Escrit per\" \/>\n\t<meta name=\"twitter:data1\" content=\"wpAdminCofbOrg\" \/>\n\t<meta name=\"twitter:label2\" content=\"Temps estimat de lectura\" \/>\n\t<meta name=\"twitter:data2\" content=\"8 minuts\" \/>\n<script type=\"application\/ld+json\" class=\"yoast-schema-graph\">{\"@context\":\"https:\/\/schema.org\",\"@graph\":[{\"@type\":\"Article\",\"@id\":\"https:\/\/novaorg.cofb.net\/2015\/12\/22\/beques-col%c2%b7legials-2014-2015-que-sha-aconseguit\/#article\",\"isPartOf\":{\"@id\":\"https:\/\/novaorg.cofb.net\/2015\/12\/22\/beques-col%c2%b7legials-2014-2015-que-sha-aconseguit\/\"},\"author\":{\"name\":\"wpAdminCofbOrg\",\"@id\":\"https:\/\/www.cofb.org\/#\/schema\/person\/22ed7eea88da74b0fa4d3154ad87ffcb\"},\"headline\":\"Beques col\u00b7legials 2014-2015: qu\u00e8 s&#8217;ha aconseguit?\",\"datePublished\":\"2015-12-22T11:14:31+00:00\",\"dateModified\":\"2015-12-22T11:14:31+00:00\",\"mainEntityOfPage\":{\"@id\":\"https:\/\/novaorg.cofb.net\/2015\/12\/22\/beques-col%c2%b7legials-2014-2015-que-sha-aconseguit\/\"},\"wordCount\":1529,\"commentCount\":0,\"publisher\":{\"@id\":\"https:\/\/www.cofb.org\/#organization\"},\"image\":{\"@id\":\"https:\/\/novaorg.cofb.net\/2015\/12\/22\/beques-col%c2%b7legials-2014-2015-que-sha-aconseguit\/#primaryimage\"},\"thumbnailUrl\":\"\",\"keywords\":[\"Beques col\u00b7legials\",\"cinacalcet\",\"equip d'atenci\u00f3 domicili\u00e0ria\",\"Investigaci\u00f3 i doc\u00e8ncia\",\"Recerca\",\"seguiment farmacoterap\u00e8utic\"],\"articleSection\":[\"M\u00f3n col\u00b7legial\"],\"inLanguage\":\"ca\",\"potentialAction\":[{\"@type\":\"CommentAction\",\"name\":\"Comment\",\"target\":[\"https:\/\/novaorg.cofb.net\/2015\/12\/22\/beques-col%c2%b7legials-2014-2015-que-sha-aconseguit\/#respond\"]}]},{\"@type\":\"WebPage\",\"@id\":\"https:\/\/novaorg.cofb.net\/2015\/12\/22\/beques-col%c2%b7legials-2014-2015-que-sha-aconseguit\/\",\"url\":\"https:\/\/novaorg.cofb.net\/2015\/12\/22\/beques-col%c2%b7legials-2014-2015-que-sha-aconseguit\/\",\"name\":\"Beques col\u00b7legials 2014-2015: qu\u00e8 s'ha aconseguit? - Col\u00b7legi de Farmac\u00e8utics de Barcelona\",\"isPartOf\":{\"@id\":\"https:\/\/www.cofb.org\/#website\"},\"primaryImageOfPage\":{\"@id\":\"https:\/\/novaorg.cofb.net\/2015\/12\/22\/beques-col%c2%b7legials-2014-2015-que-sha-aconseguit\/#primaryimage\"},\"image\":{\"@id\":\"https:\/\/novaorg.cofb.net\/2015\/12\/22\/beques-col%c2%b7legials-2014-2015-que-sha-aconseguit\/#primaryimage\"},\"thumbnailUrl\":\"\",\"datePublished\":\"2015-12-22T11:14:31+00:00\",\"dateModified\":\"2015-12-22T11:14:31+00:00\",\"breadcrumb\":{\"@id\":\"https:\/\/novaorg.cofb.net\/2015\/12\/22\/beques-col%c2%b7legials-2014-2015-que-sha-aconseguit\/#breadcrumb\"},\"inLanguage\":\"ca\",\"potentialAction\":[{\"@type\":\"ReadAction\",\"target\":[\"https:\/\/novaorg.cofb.net\/2015\/12\/22\/beques-col%c2%b7legials-2014-2015-que-sha-aconseguit\/\"]}]},{\"@type\":\"ImageObject\",\"inLanguage\":\"ca\",\"@id\":\"https:\/\/novaorg.cofb.net\/2015\/12\/22\/beques-col%c2%b7legials-2014-2015-que-sha-aconseguit\/#primaryimage\",\"url\":\"\",\"contentUrl\":\"\"},{\"@type\":\"BreadcrumbList\",\"@id\":\"https:\/\/novaorg.cofb.net\/2015\/12\/22\/beques-col%c2%b7legials-2014-2015-que-sha-aconseguit\/#breadcrumb\",\"itemListElement\":[{\"@type\":\"ListItem\",\"position\":1,\"name\":\"Inici\",\"item\":\"https:\/\/novaorg.cofb.net\/\"},{\"@type\":\"ListItem\",\"position\":2,\"name\":\"Beques col\u00b7legials 2014-2015: qu\u00e8 s&#8217;ha aconseguit?\"}]},{\"@type\":\"WebSite\",\"@id\":\"https:\/\/www.cofb.org\/#website\",\"url\":\"https:\/\/www.cofb.org\/\",\"name\":\"Col\u00b7legi de Farmac\u00e8utics de Barcelona\",\"description\":\"\",\"publisher\":{\"@id\":\"https:\/\/www.cofb.org\/#organization\"},\"potentialAction\":[{\"@type\":\"SearchAction\",\"target\":{\"@type\":\"EntryPoint\",\"urlTemplate\":\"https:\/\/www.cofb.org\/?s={search_term_string}\"},\"query-input\":\"required name=search_term_string\"}],\"inLanguage\":\"ca\"},{\"@type\":\"Organization\",\"@id\":\"https:\/\/www.cofb.org\/#organization\",\"name\":\"Col\u00b7legi de Farmac\u00e8utics de Barcelona\",\"url\":\"https:\/\/www.cofb.org\/\",\"logo\":{\"@type\":\"ImageObject\",\"inLanguage\":\"ca\",\"@id\":\"https:\/\/www.cofb.org\/#\/schema\/logo\/image\/\",\"url\":\"https:\/\/www.cofb.org\/wp-content\/uploads\/2023\/11\/cropped-Logotip-COFB.png\",\"contentUrl\":\"https:\/\/www.cofb.org\/wp-content\/uploads\/2023\/11\/cropped-Logotip-COFB.png\",\"width\":500,\"height\":105,\"caption\":\"Col\u00b7legi de Farmac\u00e8utics de Barcelona\"},\"image\":{\"@id\":\"https:\/\/www.cofb.org\/#\/schema\/logo\/image\/\"},\"sameAs\":[\"https:\/\/www.facebook.com\/farmaceuticsbcn\/\",\"https:\/\/twitter.com\/farmaceuticsbcn\",\"https:\/\/www.instagram.com\/farmaceuticsbcn\/\",\"https:\/\/www.linkedin.com\/company\/farmaceuticsbcn\/\"]},{\"@type\":\"Person\",\"@id\":\"https:\/\/www.cofb.org\/#\/schema\/person\/22ed7eea88da74b0fa4d3154ad87ffcb\",\"name\":\"wpAdminCofbOrg\",\"image\":{\"@type\":\"ImageObject\",\"inLanguage\":\"ca\",\"@id\":\"https:\/\/www.cofb.org\/#\/schema\/person\/image\/\",\"url\":\"https:\/\/secure.gravatar.com\/avatar\/1721b20b3b8ca882c3b56ec6c978c594fff670e40c0718e9190eaeeb76aae7d8?s=96&d=mm&r=g\",\"contentUrl\":\"https:\/\/secure.gravatar.com\/avatar\/1721b20b3b8ca882c3b56ec6c978c594fff670e40c0718e9190eaeeb76aae7d8?s=96&d=mm&r=g\",\"caption\":\"wpAdminCofbOrg\"},\"sameAs\":[\"http:\/\/192.168.64.122\/wordpress\"],\"url\":\"https:\/\/www.cofb.org\/ca\/author\/wpadmincofborg\/\"}]}<\/script>\n<!-- \/ Yoast SEO plugin. -->","yoast_head_json":{"title":"Beques col\u00b7legials 2014-2015: qu\u00e8 s'ha aconseguit? - Col\u00b7legi de Farmac\u00e8utics de Barcelona","robots":{"index":"index","follow":"follow","max-snippet":"max-snippet:-1","max-image-preview":"max-image-preview:large","max-video-preview":"max-video-preview:-1"},"canonical":"https:\/\/novaorg.cofb.net\/2015\/12\/22\/beques-col\u00b7legials-2014-2015-que-sha-aconseguit\/","og_locale":"ca_ES","og_type":"article","og_title":"Beques col\u00b7legials 2014-2015: qu\u00e8 s'ha aconseguit? - Col\u00b7legi de Farmac\u00e8utics de Barcelona","og_description":"En la convocat\u00f2ria de\u00a0beques 2014-2015 del Col\u00b7legi\u00a0s\u2019han becat dos projectes i atorgat un acc\u00e8ssit a un tercer treball despr\u00e9s de valorar l\u2019inter\u00e8s professional, la multidisciplinaritat, l\u2019impacte social, la novetat cient\u00edfica, la metodologia i la viabilitat de cada projecte presentat. Hem demanat als autors dels projectes becats que ens resumeixin quins [&hellip;]","og_url":"https:\/\/novaorg.cofb.net\/2015\/12\/22\/beques-col\u00b7legials-2014-2015-que-sha-aconseguit\/","og_site_name":"Col\u00b7legi de Farmac\u00e8utics de Barcelona","article_publisher":"https:\/\/www.facebook.com\/farmaceuticsbcn\/","article_published_time":"2015-12-22T11:14:31+00:00","author":"wpAdminCofbOrg","twitter_card":"summary_large_image","twitter_creator":"@farmaceuticsbcn","twitter_site":"@farmaceuticsbcn","twitter_misc":{"Escrit per":"wpAdminCofbOrg","Temps estimat de lectura":"8 minuts"},"schema":{"@context":"https:\/\/schema.org","@graph":[{"@type":"Article","@id":"https:\/\/novaorg.cofb.net\/2015\/12\/22\/beques-col%c2%b7legials-2014-2015-que-sha-aconseguit\/#article","isPartOf":{"@id":"https:\/\/novaorg.cofb.net\/2015\/12\/22\/beques-col%c2%b7legials-2014-2015-que-sha-aconseguit\/"},"author":{"name":"wpAdminCofbOrg","@id":"https:\/\/www.cofb.org\/#\/schema\/person\/22ed7eea88da74b0fa4d3154ad87ffcb"},"headline":"Beques col\u00b7legials 2014-2015: qu\u00e8 s&#8217;ha aconseguit?","datePublished":"2015-12-22T11:14:31+00:00","dateModified":"2015-12-22T11:14:31+00:00","mainEntityOfPage":{"@id":"https:\/\/novaorg.cofb.net\/2015\/12\/22\/beques-col%c2%b7legials-2014-2015-que-sha-aconseguit\/"},"wordCount":1529,"commentCount":0,"publisher":{"@id":"https:\/\/www.cofb.org\/#organization"},"image":{"@id":"https:\/\/novaorg.cofb.net\/2015\/12\/22\/beques-col%c2%b7legials-2014-2015-que-sha-aconseguit\/#primaryimage"},"thumbnailUrl":"","keywords":["Beques col\u00b7legials","cinacalcet","equip d'atenci\u00f3 domicili\u00e0ria","Investigaci\u00f3 i doc\u00e8ncia","Recerca","seguiment farmacoterap\u00e8utic"],"articleSection":["M\u00f3n col\u00b7legial"],"inLanguage":"ca","potentialAction":[{"@type":"CommentAction","name":"Comment","target":["https:\/\/novaorg.cofb.net\/2015\/12\/22\/beques-col%c2%b7legials-2014-2015-que-sha-aconseguit\/#respond"]}]},{"@type":"WebPage","@id":"https:\/\/novaorg.cofb.net\/2015\/12\/22\/beques-col%c2%b7legials-2014-2015-que-sha-aconseguit\/","url":"https:\/\/novaorg.cofb.net\/2015\/12\/22\/beques-col%c2%b7legials-2014-2015-que-sha-aconseguit\/","name":"Beques col\u00b7legials 2014-2015: qu\u00e8 s'ha aconseguit? - Col\u00b7legi de Farmac\u00e8utics de Barcelona","isPartOf":{"@id":"https:\/\/www.cofb.org\/#website"},"primaryImageOfPage":{"@id":"https:\/\/novaorg.cofb.net\/2015\/12\/22\/beques-col%c2%b7legials-2014-2015-que-sha-aconseguit\/#primaryimage"},"image":{"@id":"https:\/\/novaorg.cofb.net\/2015\/12\/22\/beques-col%c2%b7legials-2014-2015-que-sha-aconseguit\/#primaryimage"},"thumbnailUrl":"","datePublished":"2015-12-22T11:14:31+00:00","dateModified":"2015-12-22T11:14:31+00:00","breadcrumb":{"@id":"https:\/\/novaorg.cofb.net\/2015\/12\/22\/beques-col%c2%b7legials-2014-2015-que-sha-aconseguit\/#breadcrumb"},"inLanguage":"ca","potentialAction":[{"@type":"ReadAction","target":["https:\/\/novaorg.cofb.net\/2015\/12\/22\/beques-col%c2%b7legials-2014-2015-que-sha-aconseguit\/"]}]},{"@type":"ImageObject","inLanguage":"ca","@id":"https:\/\/novaorg.cofb.net\/2015\/12\/22\/beques-col%c2%b7legials-2014-2015-que-sha-aconseguit\/#primaryimage","url":"","contentUrl":""},{"@type":"BreadcrumbList","@id":"https:\/\/novaorg.cofb.net\/2015\/12\/22\/beques-col%c2%b7legials-2014-2015-que-sha-aconseguit\/#breadcrumb","itemListElement":[{"@type":"ListItem","position":1,"name":"Inici","item":"https:\/\/novaorg.cofb.net\/"},{"@type":"ListItem","position":2,"name":"Beques col\u00b7legials 2014-2015: qu\u00e8 s&#8217;ha aconseguit?"}]},{"@type":"WebSite","@id":"https:\/\/www.cofb.org\/#website","url":"https:\/\/www.cofb.org\/","name":"Col\u00b7legi de Farmac\u00e8utics de Barcelona","description":"","publisher":{"@id":"https:\/\/www.cofb.org\/#organization"},"potentialAction":[{"@type":"SearchAction","target":{"@type":"EntryPoint","urlTemplate":"https:\/\/www.cofb.org\/?s={search_term_string}"},"query-input":"required name=search_term_string"}],"inLanguage":"ca"},{"@type":"Organization","@id":"https:\/\/www.cofb.org\/#organization","name":"Col\u00b7legi de Farmac\u00e8utics de Barcelona","url":"https:\/\/www.cofb.org\/","logo":{"@type":"ImageObject","inLanguage":"ca","@id":"https:\/\/www.cofb.org\/#\/schema\/logo\/image\/","url":"https:\/\/www.cofb.org\/wp-content\/uploads\/2023\/11\/cropped-Logotip-COFB.png","contentUrl":"https:\/\/www.cofb.org\/wp-content\/uploads\/2023\/11\/cropped-Logotip-COFB.png","width":500,"height":105,"caption":"Col\u00b7legi de Farmac\u00e8utics de Barcelona"},"image":{"@id":"https:\/\/www.cofb.org\/#\/schema\/logo\/image\/"},"sameAs":["https:\/\/www.facebook.com\/farmaceuticsbcn\/","https:\/\/twitter.com\/farmaceuticsbcn","https:\/\/www.instagram.com\/farmaceuticsbcn\/","https:\/\/www.linkedin.com\/company\/farmaceuticsbcn\/"]},{"@type":"Person","@id":"https:\/\/www.cofb.org\/#\/schema\/person\/22ed7eea88da74b0fa4d3154ad87ffcb","name":"wpAdminCofbOrg","image":{"@type":"ImageObject","inLanguage":"ca","@id":"https:\/\/www.cofb.org\/#\/schema\/person\/image\/","url":"https:\/\/secure.gravatar.com\/avatar\/1721b20b3b8ca882c3b56ec6c978c594fff670e40c0718e9190eaeeb76aae7d8?s=96&d=mm&r=g","contentUrl":"https:\/\/secure.gravatar.com\/avatar\/1721b20b3b8ca882c3b56ec6c978c594fff670e40c0718e9190eaeeb76aae7d8?s=96&d=mm&r=g","caption":"wpAdminCofbOrg"},"sameAs":["http:\/\/192.168.64.122\/wordpress"],"url":"https:\/\/www.cofb.org\/ca\/author\/wpadmincofborg\/"}]}},"uagb_featured_image_src":{"full":false,"thumbnail":false,"medium":false,"medium_large":false,"large":false,"1536x1536":false,"2048x2048":false,"trp-custom-language-flag":false},"uagb_author_info":{"display_name":"wpAdminCofbOrg","author_link":"https:\/\/www.cofb.org\/ca\/author\/wpadmincofborg\/"},"uagb_comment_info":0,"uagb_excerpt":"En la convocat\u00f2ria de\u00a0beques 2014-2015 del Col\u00b7legi\u00a0s\u2019han becat dos projectes i atorgat un acc\u00e8ssit a un tercer treball despr\u00e9s de valorar l\u2019inter\u00e8s professional, la multidisciplinaritat, l\u2019impacte social, la novetat cient\u00edfica, la metodologia i la viabilitat de cada projecte presentat. Hem demanat als autors dels projectes becats que ens resumeixin quins [&hellip;]","_links":{"self":[{"href":"https:\/\/www.cofb.org\/ca\/wp-json\/wp\/v2\/posts\/18105","targetHints":{"allow":["GET"]}}],"collection":[{"href":"https:\/\/www.cofb.org\/ca\/wp-json\/wp\/v2\/posts"}],"about":[{"href":"https:\/\/www.cofb.org\/ca\/wp-json\/wp\/v2\/types\/post"}],"author":[{"embeddable":true,"href":"https:\/\/www.cofb.org\/ca\/wp-json\/wp\/v2\/users\/1"}],"replies":[{"embeddable":true,"href":"https:\/\/www.cofb.org\/ca\/wp-json\/wp\/v2\/comments?post=18105"}],"version-history":[{"count":0,"href":"https:\/\/www.cofb.org\/ca\/wp-json\/wp\/v2\/posts\/18105\/revisions"}],"wp:featuredmedia":[{"embeddable":true,"href":"https:\/\/www.cofb.org\/ca\/wp-json\/"}],"wp:attachment":[{"href":"https:\/\/www.cofb.org\/ca\/wp-json\/wp\/v2\/media?parent=18105"}],"wp:term":[{"taxonomy":"category","embeddable":true,"href":"https:\/\/www.cofb.org\/ca\/wp-json\/wp\/v2\/categories?post=18105"},{"taxonomy":"post_tag","embeddable":true,"href":"https:\/\/www.cofb.org\/ca\/wp-json\/wp\/v2\/tags?post=18105"}],"curies":[{"name":"wp","href":"https:\/\/api.w.org\/{rel}","templated":true}]}}