{"id":18091,"date":"2015-12-14T12:31:10","date_gmt":"2015-12-14T11:31:10","guid":{"rendered":"http:\/\/blog.cofb.cat\/?p=18091"},"modified":"2015-12-14T12:31:10","modified_gmt":"2015-12-14T11:31:10","slug":"300-anys-dhistoria-de-la-farmacia-i-la-medicina-en-una-exposicio","status":"publish","type":"post","link":"https:\/\/www.cofb.org\/ca\/2015\/12\/14\/300-anys-dhistoria-de-la-farmacia-i-la-medicina-en-una-exposicio\/","title":{"rendered":"300 anys d\u2019hist\u00f2ria de la farm\u00e0cia i la medicina en una exposici\u00f3"},"content":{"rendered":"<p><a href=\"http:\/\/blog.cofb.cat\/wp-content\/uploads\/2015\/12\/Exposici\u00f3-Nissaga-Viader.jpg\"><img fetchpriority=\"high\" decoding=\"async\" class=\"wp-image-18098 alignright\" alt=\"Exposici\u00f3-Nissaga-Viader\" src=\"http:\/\/blog.cofb.cat\/wp-content\/uploads\/2015\/12\/Exposici\u00f3-Nissaga-Viader.jpg\" width=\"258\" height=\"528\" \/><\/a>La Facultat de Farm\u00e0cia de la Universitat de Barcelona i l&#8217;Institut Medicofarmac\u00e8utic de Catalunya, coincidint amb l&#8217;acte acad\u00e8mic de la Patrona de la Facultat de Farm\u00e0cia, inauguren avui l\u2019exposici\u00f3 <strong>\u201cLa Nissaga Viader: 300 anys d&#8217;hist\u00f2ria de la medicina i la farm\u00e0cia\u201d<\/strong>.<\/p>\n<p><b><span style=\"color: #888888;\">Una exposici\u00f3 singular.<\/span>\u00a0<\/b>Aquesta exposici\u00f3 vol donar a con\u00e8ixer l\u2019important llegat hist\u00f2ric i cient\u00edfic que <strong>Ramon Viader i Guix\u00e0<\/strong>, darrer i \u00faltim farmac\u00e8utic de la nissaga, ha recopilat, restaurat i classificat i que en un futur cedir\u00e0 al Museu de Farm\u00e0cia de Catalunya. Se n\u2019exposa una <strong>mostra representativa d\u2019un total de m\u00e9s de 1.500 peces entre llibres, documents, pots de farm\u00e0cia, instrumental de laboratori, farm\u00e0cia gal\u00e8nica, t\u00edtols i arxius diversos.<\/strong><\/p>\n<p>El 1689, amb Josep Viader F\u00e0bregas, metge, es va iniciar una nissaga que, ininterrompudament durant vuit generacions (tres de metges i cinc de farmac\u00e8utics), ha arribat fins als nostres dies. Sense dubte \u00e9s un fet extraordinari, at\u00e8s que en total ha donat vuit farmac\u00e8utics i sis metges, comptabilitzant tamb\u00e9 germans. \u00c9s, possiblement, una de les nissagues sanit\u00e0ries m\u00e9s llargues i \u00e0mplies del m\u00f3n.<\/p>\n<div class=\"box shadow\">Aquesta exposici\u00f3 est\u00e0 <strong>oberta al p\u00fablic del 14 de desembre de 2015 al 30 de gener de 2016<\/strong>. Edifici B de la Facultat de Farm\u00e0cia.<\/div>\n","protected":false},"excerpt":{"rendered":"<p>La Facultat de Farm\u00e0cia de la Universitat de Barcelona i l&#8217;Institut Medicofarmac\u00e8utic de Catalunya, coincidint amb l&#8217;acte acad\u00e8mic de la Patrona de la Facultat de Farm\u00e0cia, inauguren avui l\u2019exposici\u00f3 \u201cLa Nissaga Viader: 300 anys d&#8217;hist\u00f2ria de la medicina i la farm\u00e0cia\u201d. Una exposici\u00f3 singular.\u00a0Aquesta exposici\u00f3 vol donar a con\u00e8ixer l\u2019important [&hellip;]<\/p>\n","protected":false},"author":1,"featured_media":18094,"comment_status":"open","ping_status":"open","sticky":false,"template":"","format":"standard","meta":{"_uag_custom_page_level_css":"","site-sidebar-layout":"default","site-content-layout":"","ast-site-content-layout":"default","site-content-style":"default","site-sidebar-style":"default","ast-global-header-display":"","ast-banner-title-visibility":"","ast-main-header-display":"","ast-hfb-above-header-display":"","ast-hfb-below-header-display":"","ast-hfb-mobile-header-display":"","site-post-title":"","ast-breadcrumbs-content":"","ast-featured-img":"disabled","footer-sml-layout":"","theme-transparent-header-meta":"","adv-header-id-meta":"","stick-header-meta":"","header-above-stick-meta":"","header-main-stick-meta":"","header-below-stick-meta":"","astra-migrate-meta-layouts":"default","ast-page-background-enabled":"default","ast-page-background-meta":{"desktop":{"background-color":"var(--ast-global-color-4)","background-image":"","background-repeat":"repeat","background-position":"center center","background-size":"auto","background-attachment":"scroll","background-type":"","background-media":"","overlay-type":"","overlay-color":"","overlay-opacity":"","overlay-gradient":""},"tablet":{"background-color":"","background-image":"","background-repeat":"repeat","background-position":"center center","background-size":"auto","background-attachment":"scroll","background-type":"","background-media":"","overlay-type":"","overlay-color":"","overlay-opacity":"","overlay-gradient":""},"mobile":{"background-color":"","background-image":"","background-repeat":"repeat","background-position":"center center","background-size":"auto","background-attachment":"scroll","background-type":"","background-media":"","overlay-type":"","overlay-color":"","overlay-opacity":"","overlay-gradient":""}},"ast-content-background-meta":{"desktop":{"background-color":"var(--ast-global-color-5)","background-image":"","background-repeat":"repeat","background-position":"center center","background-size":"auto","background-attachment":"scroll","background-type":"","background-media":"","overlay-type":"","overlay-color":"","overlay-opacity":"","overlay-gradient":""},"tablet":{"background-color":"var(--ast-global-color-5)","background-image":"","background-repeat":"repeat","background-position":"center center","background-size":"auto","background-attachment":"scroll","background-type":"","background-media":"","overlay-type":"","overlay-color":"","overlay-opacity":"","overlay-gradient":""},"mobile":{"background-color":"var(--ast-global-color-5)","background-image":"","background-repeat":"repeat","background-position":"center center","background-size":"auto","background-attachment":"scroll","background-type":"","background-media":"","overlay-type":"","overlay-color":"","overlay-opacity":"","overlay-gradient":""}},"footnotes":""},"categories":[32],"tags":[2161,2294,68],"class_list":["post-18091","post","type-post","status-publish","format-standard","has-post-thumbnail","hentry","category-noticies-farmacia","tag-exposicio","tag-facultat-de-farmacia","tag-farmacia"],"yoast_head":"<!-- This site is optimized with the Yoast SEO plugin v22.4 - https:\/\/yoast.com\/wordpress\/plugins\/seo\/ -->\n<title>300 anys d\u2019hist\u00f2ria de la farm\u00e0cia i la medicina en una exposici\u00f3 - Col\u00b7legi de Farmac\u00e8utics de Barcelona<\/title>\n<meta name=\"robots\" content=\"index, follow, max-snippet:-1, max-image-preview:large, max-video-preview:-1\" \/>\n<link rel=\"canonical\" href=\"https:\/\/novaorg.cofb.net\/2015\/12\/14\/300-anys-dhistoria-de-la-farmacia-i-la-medicina-en-una-exposicio\/\" \/>\n<meta property=\"og:locale\" content=\"ca_ES\" \/>\n<meta property=\"og:type\" content=\"article\" \/>\n<meta property=\"og:title\" content=\"300 anys d\u2019hist\u00f2ria de la farm\u00e0cia i la medicina en una exposici\u00f3 - Col\u00b7legi de Farmac\u00e8utics de Barcelona\" \/>\n<meta property=\"og:description\" content=\"La Facultat de Farm\u00e0cia de la Universitat de Barcelona i l&#8217;Institut Medicofarmac\u00e8utic de Catalunya, coincidint amb l&#8217;acte acad\u00e8mic de la Patrona de la Facultat de Farm\u00e0cia, inauguren avui l\u2019exposici\u00f3 \u201cLa Nissaga Viader: 300 anys d&#8217;hist\u00f2ria de la medicina i la farm\u00e0cia\u201d. Una exposici\u00f3 singular.\u00a0Aquesta exposici\u00f3 vol donar a con\u00e8ixer l\u2019important [&hellip;]\" \/>\n<meta property=\"og:url\" content=\"https:\/\/novaorg.cofb.net\/2015\/12\/14\/300-anys-dhistoria-de-la-farmacia-i-la-medicina-en-una-exposicio\/\" \/>\n<meta property=\"og:site_name\" content=\"Col\u00b7legi de Farmac\u00e8utics de Barcelona\" \/>\n<meta property=\"article:publisher\" content=\"https:\/\/www.facebook.com\/farmaceuticsbcn\/\" \/>\n<meta property=\"article:published_time\" content=\"2015-12-14T11:31:10+00:00\" \/>\n<meta name=\"author\" content=\"wpAdminCofbOrg\" \/>\n<meta name=\"twitter:card\" content=\"summary_large_image\" \/>\n<meta name=\"twitter:creator\" content=\"@farmaceuticsbcn\" \/>\n<meta name=\"twitter:site\" content=\"@farmaceuticsbcn\" \/>\n<meta name=\"twitter:label1\" content=\"Escrit per\" \/>\n\t<meta name=\"twitter:data1\" content=\"wpAdminCofbOrg\" \/>\n\t<meta name=\"twitter:label2\" content=\"Temps estimat de lectura\" \/>\n\t<meta name=\"twitter:data2\" content=\"1 minut\" \/>\n<script type=\"application\/ld+json\" class=\"yoast-schema-graph\">{\"@context\":\"https:\/\/schema.org\",\"@graph\":[{\"@type\":\"Article\",\"@id\":\"https:\/\/novaorg.cofb.net\/2015\/12\/14\/300-anys-dhistoria-de-la-farmacia-i-la-medicina-en-una-exposicio\/#article\",\"isPartOf\":{\"@id\":\"https:\/\/novaorg.cofb.net\/2015\/12\/14\/300-anys-dhistoria-de-la-farmacia-i-la-medicina-en-una-exposicio\/\"},\"author\":{\"name\":\"wpAdminCofbOrg\",\"@id\":\"https:\/\/www.cofb.org\/#\/schema\/person\/22ed7eea88da74b0fa4d3154ad87ffcb\"},\"headline\":\"300 anys d\u2019hist\u00f2ria de la farm\u00e0cia i la medicina en una exposici\u00f3\",\"datePublished\":\"2015-12-14T11:31:10+00:00\",\"dateModified\":\"2015-12-14T11:31:10+00:00\",\"mainEntityOfPage\":{\"@id\":\"https:\/\/novaorg.cofb.net\/2015\/12\/14\/300-anys-dhistoria-de-la-farmacia-i-la-medicina-en-una-exposicio\/\"},\"wordCount\":242,\"commentCount\":0,\"publisher\":{\"@id\":\"https:\/\/www.cofb.org\/#organization\"},\"image\":{\"@id\":\"https:\/\/novaorg.cofb.net\/2015\/12\/14\/300-anys-dhistoria-de-la-farmacia-i-la-medicina-en-una-exposicio\/#primaryimage\"},\"thumbnailUrl\":\"\",\"keywords\":[\"exposici\u00f3\",\"facultat de Farm\u00e0cia\",\"Farm\u00e0cia\"],\"articleSection\":[\"Not\u00edcies farm\u00e0cia\"],\"inLanguage\":\"ca\",\"potentialAction\":[{\"@type\":\"CommentAction\",\"name\":\"Comment\",\"target\":[\"https:\/\/novaorg.cofb.net\/2015\/12\/14\/300-anys-dhistoria-de-la-farmacia-i-la-medicina-en-una-exposicio\/#respond\"]}]},{\"@type\":\"WebPage\",\"@id\":\"https:\/\/novaorg.cofb.net\/2015\/12\/14\/300-anys-dhistoria-de-la-farmacia-i-la-medicina-en-una-exposicio\/\",\"url\":\"https:\/\/novaorg.cofb.net\/2015\/12\/14\/300-anys-dhistoria-de-la-farmacia-i-la-medicina-en-una-exposicio\/\",\"name\":\"300 anys d\u2019hist\u00f2ria de la farm\u00e0cia i la medicina en una exposici\u00f3 - Col\u00b7legi de Farmac\u00e8utics de Barcelona\",\"isPartOf\":{\"@id\":\"https:\/\/www.cofb.org\/#website\"},\"primaryImageOfPage\":{\"@id\":\"https:\/\/novaorg.cofb.net\/2015\/12\/14\/300-anys-dhistoria-de-la-farmacia-i-la-medicina-en-una-exposicio\/#primaryimage\"},\"image\":{\"@id\":\"https:\/\/novaorg.cofb.net\/2015\/12\/14\/300-anys-dhistoria-de-la-farmacia-i-la-medicina-en-una-exposicio\/#primaryimage\"},\"thumbnailUrl\":\"\",\"datePublished\":\"2015-12-14T11:31:10+00:00\",\"dateModified\":\"2015-12-14T11:31:10+00:00\",\"breadcrumb\":{\"@id\":\"https:\/\/novaorg.cofb.net\/2015\/12\/14\/300-anys-dhistoria-de-la-farmacia-i-la-medicina-en-una-exposicio\/#breadcrumb\"},\"inLanguage\":\"ca\",\"potentialAction\":[{\"@type\":\"ReadAction\",\"target\":[\"https:\/\/novaorg.cofb.net\/2015\/12\/14\/300-anys-dhistoria-de-la-farmacia-i-la-medicina-en-una-exposicio\/\"]}]},{\"@type\":\"ImageObject\",\"inLanguage\":\"ca\",\"@id\":\"https:\/\/novaorg.cofb.net\/2015\/12\/14\/300-anys-dhistoria-de-la-farmacia-i-la-medicina-en-una-exposicio\/#primaryimage\",\"url\":\"\",\"contentUrl\":\"\"},{\"@type\":\"BreadcrumbList\",\"@id\":\"https:\/\/novaorg.cofb.net\/2015\/12\/14\/300-anys-dhistoria-de-la-farmacia-i-la-medicina-en-una-exposicio\/#breadcrumb\",\"itemListElement\":[{\"@type\":\"ListItem\",\"position\":1,\"name\":\"Inici\",\"item\":\"https:\/\/novaorg.cofb.net\/\"},{\"@type\":\"ListItem\",\"position\":2,\"name\":\"300 anys d\u2019hist\u00f2ria de la farm\u00e0cia i la medicina en una exposici\u00f3\"}]},{\"@type\":\"WebSite\",\"@id\":\"https:\/\/www.cofb.org\/#website\",\"url\":\"https:\/\/www.cofb.org\/\",\"name\":\"Col\u00b7legi de Farmac\u00e8utics de Barcelona\",\"description\":\"\",\"publisher\":{\"@id\":\"https:\/\/www.cofb.org\/#organization\"},\"potentialAction\":[{\"@type\":\"SearchAction\",\"target\":{\"@type\":\"EntryPoint\",\"urlTemplate\":\"https:\/\/www.cofb.org\/?s={search_term_string}\"},\"query-input\":\"required name=search_term_string\"}],\"inLanguage\":\"ca\"},{\"@type\":\"Organization\",\"@id\":\"https:\/\/www.cofb.org\/#organization\",\"name\":\"Col\u00b7legi de Farmac\u00e8utics de Barcelona\",\"url\":\"https:\/\/www.cofb.org\/\",\"logo\":{\"@type\":\"ImageObject\",\"inLanguage\":\"ca\",\"@id\":\"https:\/\/www.cofb.org\/#\/schema\/logo\/image\/\",\"url\":\"https:\/\/www.cofb.org\/wp-content\/uploads\/2023\/11\/cropped-Logotip-COFB.png\",\"contentUrl\":\"https:\/\/www.cofb.org\/wp-content\/uploads\/2023\/11\/cropped-Logotip-COFB.png\",\"width\":500,\"height\":105,\"caption\":\"Col\u00b7legi de Farmac\u00e8utics de Barcelona\"},\"image\":{\"@id\":\"https:\/\/www.cofb.org\/#\/schema\/logo\/image\/\"},\"sameAs\":[\"https:\/\/www.facebook.com\/farmaceuticsbcn\/\",\"https:\/\/twitter.com\/farmaceuticsbcn\",\"https:\/\/www.instagram.com\/farmaceuticsbcn\/\",\"https:\/\/www.linkedin.com\/company\/farmaceuticsbcn\/\"]},{\"@type\":\"Person\",\"@id\":\"https:\/\/www.cofb.org\/#\/schema\/person\/22ed7eea88da74b0fa4d3154ad87ffcb\",\"name\":\"wpAdminCofbOrg\",\"image\":{\"@type\":\"ImageObject\",\"inLanguage\":\"ca\",\"@id\":\"https:\/\/www.cofb.org\/#\/schema\/person\/image\/\",\"url\":\"https:\/\/secure.gravatar.com\/avatar\/1721b20b3b8ca882c3b56ec6c978c594fff670e40c0718e9190eaeeb76aae7d8?s=96&d=mm&r=g\",\"contentUrl\":\"https:\/\/secure.gravatar.com\/avatar\/1721b20b3b8ca882c3b56ec6c978c594fff670e40c0718e9190eaeeb76aae7d8?s=96&d=mm&r=g\",\"caption\":\"wpAdminCofbOrg\"},\"sameAs\":[\"http:\/\/192.168.64.122\/wordpress\"],\"url\":\"https:\/\/www.cofb.org\/ca\/author\/wpadmincofborg\/\"}]}<\/script>\n<!-- \/ Yoast SEO plugin. -->","yoast_head_json":{"title":"300 anys d\u2019hist\u00f2ria de la farm\u00e0cia i la medicina en una exposici\u00f3 - Col\u00b7legi de Farmac\u00e8utics de Barcelona","robots":{"index":"index","follow":"follow","max-snippet":"max-snippet:-1","max-image-preview":"max-image-preview:large","max-video-preview":"max-video-preview:-1"},"canonical":"https:\/\/novaorg.cofb.net\/2015\/12\/14\/300-anys-dhistoria-de-la-farmacia-i-la-medicina-en-una-exposicio\/","og_locale":"ca_ES","og_type":"article","og_title":"300 anys d\u2019hist\u00f2ria de la farm\u00e0cia i la medicina en una exposici\u00f3 - Col\u00b7legi de Farmac\u00e8utics de Barcelona","og_description":"La Facultat de Farm\u00e0cia de la Universitat de Barcelona i l&#8217;Institut Medicofarmac\u00e8utic de Catalunya, coincidint amb l&#8217;acte acad\u00e8mic de la Patrona de la Facultat de Farm\u00e0cia, inauguren avui l\u2019exposici\u00f3 \u201cLa Nissaga Viader: 300 anys d&#8217;hist\u00f2ria de la medicina i la farm\u00e0cia\u201d. Una exposici\u00f3 singular.\u00a0Aquesta exposici\u00f3 vol donar a con\u00e8ixer l\u2019important [&hellip;]","og_url":"https:\/\/novaorg.cofb.net\/2015\/12\/14\/300-anys-dhistoria-de-la-farmacia-i-la-medicina-en-una-exposicio\/","og_site_name":"Col\u00b7legi de Farmac\u00e8utics de Barcelona","article_publisher":"https:\/\/www.facebook.com\/farmaceuticsbcn\/","article_published_time":"2015-12-14T11:31:10+00:00","author":"wpAdminCofbOrg","twitter_card":"summary_large_image","twitter_creator":"@farmaceuticsbcn","twitter_site":"@farmaceuticsbcn","twitter_misc":{"Escrit per":"wpAdminCofbOrg","Temps estimat de lectura":"1 minut"},"schema":{"@context":"https:\/\/schema.org","@graph":[{"@type":"Article","@id":"https:\/\/novaorg.cofb.net\/2015\/12\/14\/300-anys-dhistoria-de-la-farmacia-i-la-medicina-en-una-exposicio\/#article","isPartOf":{"@id":"https:\/\/novaorg.cofb.net\/2015\/12\/14\/300-anys-dhistoria-de-la-farmacia-i-la-medicina-en-una-exposicio\/"},"author":{"name":"wpAdminCofbOrg","@id":"https:\/\/www.cofb.org\/#\/schema\/person\/22ed7eea88da74b0fa4d3154ad87ffcb"},"headline":"300 anys d\u2019hist\u00f2ria de la farm\u00e0cia i la medicina en una exposici\u00f3","datePublished":"2015-12-14T11:31:10+00:00","dateModified":"2015-12-14T11:31:10+00:00","mainEntityOfPage":{"@id":"https:\/\/novaorg.cofb.net\/2015\/12\/14\/300-anys-dhistoria-de-la-farmacia-i-la-medicina-en-una-exposicio\/"},"wordCount":242,"commentCount":0,"publisher":{"@id":"https:\/\/www.cofb.org\/#organization"},"image":{"@id":"https:\/\/novaorg.cofb.net\/2015\/12\/14\/300-anys-dhistoria-de-la-farmacia-i-la-medicina-en-una-exposicio\/#primaryimage"},"thumbnailUrl":"","keywords":["exposici\u00f3","facultat de Farm\u00e0cia","Farm\u00e0cia"],"articleSection":["Not\u00edcies farm\u00e0cia"],"inLanguage":"ca","potentialAction":[{"@type":"CommentAction","name":"Comment","target":["https:\/\/novaorg.cofb.net\/2015\/12\/14\/300-anys-dhistoria-de-la-farmacia-i-la-medicina-en-una-exposicio\/#respond"]}]},{"@type":"WebPage","@id":"https:\/\/novaorg.cofb.net\/2015\/12\/14\/300-anys-dhistoria-de-la-farmacia-i-la-medicina-en-una-exposicio\/","url":"https:\/\/novaorg.cofb.net\/2015\/12\/14\/300-anys-dhistoria-de-la-farmacia-i-la-medicina-en-una-exposicio\/","name":"300 anys d\u2019hist\u00f2ria de la farm\u00e0cia i la medicina en una exposici\u00f3 - Col\u00b7legi de Farmac\u00e8utics de Barcelona","isPartOf":{"@id":"https:\/\/www.cofb.org\/#website"},"primaryImageOfPage":{"@id":"https:\/\/novaorg.cofb.net\/2015\/12\/14\/300-anys-dhistoria-de-la-farmacia-i-la-medicina-en-una-exposicio\/#primaryimage"},"image":{"@id":"https:\/\/novaorg.cofb.net\/2015\/12\/14\/300-anys-dhistoria-de-la-farmacia-i-la-medicina-en-una-exposicio\/#primaryimage"},"thumbnailUrl":"","datePublished":"2015-12-14T11:31:10+00:00","dateModified":"2015-12-14T11:31:10+00:00","breadcrumb":{"@id":"https:\/\/novaorg.cofb.net\/2015\/12\/14\/300-anys-dhistoria-de-la-farmacia-i-la-medicina-en-una-exposicio\/#breadcrumb"},"inLanguage":"ca","potentialAction":[{"@type":"ReadAction","target":["https:\/\/novaorg.cofb.net\/2015\/12\/14\/300-anys-dhistoria-de-la-farmacia-i-la-medicina-en-una-exposicio\/"]}]},{"@type":"ImageObject","inLanguage":"ca","@id":"https:\/\/novaorg.cofb.net\/2015\/12\/14\/300-anys-dhistoria-de-la-farmacia-i-la-medicina-en-una-exposicio\/#primaryimage","url":"","contentUrl":""},{"@type":"BreadcrumbList","@id":"https:\/\/novaorg.cofb.net\/2015\/12\/14\/300-anys-dhistoria-de-la-farmacia-i-la-medicina-en-una-exposicio\/#breadcrumb","itemListElement":[{"@type":"ListItem","position":1,"name":"Inici","item":"https:\/\/novaorg.cofb.net\/"},{"@type":"ListItem","position":2,"name":"300 anys d\u2019hist\u00f2ria de la farm\u00e0cia i la medicina en una exposici\u00f3"}]},{"@type":"WebSite","@id":"https:\/\/www.cofb.org\/#website","url":"https:\/\/www.cofb.org\/","name":"Col\u00b7legi de Farmac\u00e8utics de Barcelona","description":"","publisher":{"@id":"https:\/\/www.cofb.org\/#organization"},"potentialAction":[{"@type":"SearchAction","target":{"@type":"EntryPoint","urlTemplate":"https:\/\/www.cofb.org\/?s={search_term_string}"},"query-input":"required name=search_term_string"}],"inLanguage":"ca"},{"@type":"Organization","@id":"https:\/\/www.cofb.org\/#organization","name":"Col\u00b7legi de Farmac\u00e8utics de Barcelona","url":"https:\/\/www.cofb.org\/","logo":{"@type":"ImageObject","inLanguage":"ca","@id":"https:\/\/www.cofb.org\/#\/schema\/logo\/image\/","url":"https:\/\/www.cofb.org\/wp-content\/uploads\/2023\/11\/cropped-Logotip-COFB.png","contentUrl":"https:\/\/www.cofb.org\/wp-content\/uploads\/2023\/11\/cropped-Logotip-COFB.png","width":500,"height":105,"caption":"Col\u00b7legi de Farmac\u00e8utics de Barcelona"},"image":{"@id":"https:\/\/www.cofb.org\/#\/schema\/logo\/image\/"},"sameAs":["https:\/\/www.facebook.com\/farmaceuticsbcn\/","https:\/\/twitter.com\/farmaceuticsbcn","https:\/\/www.instagram.com\/farmaceuticsbcn\/","https:\/\/www.linkedin.com\/company\/farmaceuticsbcn\/"]},{"@type":"Person","@id":"https:\/\/www.cofb.org\/#\/schema\/person\/22ed7eea88da74b0fa4d3154ad87ffcb","name":"wpAdminCofbOrg","image":{"@type":"ImageObject","inLanguage":"ca","@id":"https:\/\/www.cofb.org\/#\/schema\/person\/image\/","url":"https:\/\/secure.gravatar.com\/avatar\/1721b20b3b8ca882c3b56ec6c978c594fff670e40c0718e9190eaeeb76aae7d8?s=96&d=mm&r=g","contentUrl":"https:\/\/secure.gravatar.com\/avatar\/1721b20b3b8ca882c3b56ec6c978c594fff670e40c0718e9190eaeeb76aae7d8?s=96&d=mm&r=g","caption":"wpAdminCofbOrg"},"sameAs":["http:\/\/192.168.64.122\/wordpress"],"url":"https:\/\/www.cofb.org\/ca\/author\/wpadmincofborg\/"}]}},"uagb_featured_image_src":{"full":false,"thumbnail":false,"medium":false,"medium_large":false,"large":false,"1536x1536":false,"2048x2048":false,"trp-custom-language-flag":false},"uagb_author_info":{"display_name":"wpAdminCofbOrg","author_link":"https:\/\/www.cofb.org\/ca\/author\/wpadmincofborg\/"},"uagb_comment_info":0,"uagb_excerpt":"La Facultat de Farm\u00e0cia de la Universitat de Barcelona i l&#8217;Institut Medicofarmac\u00e8utic de Catalunya, coincidint amb l&#8217;acte acad\u00e8mic de la Patrona de la Facultat de Farm\u00e0cia, inauguren avui l\u2019exposici\u00f3 \u201cLa Nissaga Viader: 300 anys d&#8217;hist\u00f2ria de la medicina i la farm\u00e0cia\u201d. Una exposici\u00f3 singular.\u00a0Aquesta exposici\u00f3 vol donar a con\u00e8ixer l\u2019important [&hellip;]","_links":{"self":[{"href":"https:\/\/www.cofb.org\/ca\/wp-json\/wp\/v2\/posts\/18091","targetHints":{"allow":["GET"]}}],"collection":[{"href":"https:\/\/www.cofb.org\/ca\/wp-json\/wp\/v2\/posts"}],"about":[{"href":"https:\/\/www.cofb.org\/ca\/wp-json\/wp\/v2\/types\/post"}],"author":[{"embeddable":true,"href":"https:\/\/www.cofb.org\/ca\/wp-json\/wp\/v2\/users\/1"}],"replies":[{"embeddable":true,"href":"https:\/\/www.cofb.org\/ca\/wp-json\/wp\/v2\/comments?post=18091"}],"version-history":[{"count":0,"href":"https:\/\/www.cofb.org\/ca\/wp-json\/wp\/v2\/posts\/18091\/revisions"}],"wp:featuredmedia":[{"embeddable":true,"href":"https:\/\/www.cofb.org\/ca\/wp-json\/"}],"wp:attachment":[{"href":"https:\/\/www.cofb.org\/ca\/wp-json\/wp\/v2\/media?parent=18091"}],"wp:term":[{"taxonomy":"category","embeddable":true,"href":"https:\/\/www.cofb.org\/ca\/wp-json\/wp\/v2\/categories?post=18091"},{"taxonomy":"post_tag","embeddable":true,"href":"https:\/\/www.cofb.org\/ca\/wp-json\/wp\/v2\/tags?post=18091"}],"curies":[{"name":"wp","href":"https:\/\/api.w.org\/{rel}","templated":true}]}}