{"id":16571,"date":"2015-10-07T14:16:57","date_gmt":"2015-10-07T13:16:57","guid":{"rendered":"http:\/\/blog.cofb.cat\/?p=16571"},"modified":"2015-10-07T14:16:57","modified_gmt":"2015-10-07T13:16:57","slug":"quines-son-les-novetats-del-programa-formatiu-del-nou-curs-dagora-sanitaria","status":"publish","type":"post","link":"https:\/\/www.cofb.org\/ca\/2015\/10\/07\/quines-son-les-novetats-del-programa-formatiu-del-nou-curs-dagora-sanitaria\/","title":{"rendered":"Quines s\u00f3n les novetats del programa formatiu del nou curs d&#8217;\u00c0gora Sanit\u00e0ria?"},"content":{"rendered":"<figure id=\"attachment_16609\" aria-describedby=\"caption-attachment-16609\" style=\"width: 238px\" class=\"wp-caption alignright\"><a href=\"http:\/\/blog.cofb.cat\/wp-content\/uploads\/2015\/10\/cofb.151001-22.jpg\"><img fetchpriority=\"high\" decoding=\"async\" class=\" wp-image-16609  \" alt=\"cofb.151001-22\" src=\"http:\/\/blog.cofb.cat\/wp-content\/uploads\/2015\/10\/cofb.151001-22.jpg\" width=\"238\" height=\"357\" \/><\/a><figcaption id=\"caption-attachment-16609\" class=\"wp-caption-text\">Cristina Rodr\u00edguez,\u00a0cap del departament de Formaci\u00f3 i Desenvolupament professional del COFB<\/figcaption><\/figure>\n<p>\u201cA \u00c0gora busquem que farmac\u00e8utics i t\u00e8cnics en farm\u00e0cia i parafarm\u00e0cia es formin en les principals \u00e0rees d&#8217;actuaci\u00f3 professional. <strong>La formaci\u00f3 t\u00e9 un paper fonamental per desenvolupar professionalment la farm\u00e0cia i aportar valor al sistema sanitari<\/strong>\u201d. Aix\u00ed explica Cristina Rodr\u00edguez, cap del departament de Formaci\u00f3 i Desenvolupament professional del COFB, en una <a href=\"http:\/\/www.agorasanitaria.com\/web\/guest\/novedades\" target=\"_blank\" rel=\"noopener\">entrevista publicada al web d&#8217;\u00c0gora Sanit\u00e0ri<\/a>a, els objectius del programa formatiu del nou curs d&#8217;aquest portal de formaci\u00f3 online dels col\u00b7legis de farmac\u00e8utics de Barcelona i Madrid. \u201c<strong>Des de la farm\u00e0cia<\/strong> no nom\u00e9s<strong> podem aportar valor<\/strong> com a experts del medicament i amb la nostra tasca en la dispensaci\u00f3 \u2013prossegueix-, sin\u00f3 tamb\u00e9<strong> amb la nostra intervenci\u00f3<\/strong>, com per exemple, a l&#8217;hora de determinar en quins casos ha de derivar-se el pacient al metge o valorar la possibilitat de fer el seguiment corresponent\u201d.<\/p>\n<p><b>Atenci\u00f3 farmac\u00e8utica a la dona, la novetat formativa d&#8217;aquest inici de curs<\/b><\/p>\n<p>Una de les novetats d&#8217;aquest nou curs s\u00f3n les <b>cinc accions formatives destinades a oferir atenci\u00f3 farmac\u00e8utica a la dona<\/b>, que comencen entre octubre i novembre d&#8217;aquest any. D&#8217;aquesta manera, els farmac\u00e8utics podran ampliar coneixements sobre qu\u00e8 s&#8217;ha de tenir en compte a l&#8217;hora d&#8217;<b>oferir consell sanitari en relaci\u00f3 a la cistitis i la s\u00edndrome premenstrual, les infeccions vaginals, mastitis i probi\u00f2tics, homeopatia i embar\u00e0s i anticoncepci\u00f3 hormonal<\/b>. Aquesta \u00e9s una de les \u00e0rees sorgida arran de les valoracions de les enquestes de satisfacci\u00f3 dels alumnes.<\/p>\n<p><b>INSCRIU-TE!<\/b><\/p>\n<ul>\n<li><a href=\"http:\/\/www.agorasanitaria.com\/ca\/web\/guest\/oferta-formativa?p_p_id=portletllistatactivitats_WAR_portletllistatactivitats_INSTANCE_O4dm&amp;p_p_lifecycle=0&amp;p_p_state=normal&amp;p_p_mode=view&amp;p_p_col_id=column-1&amp;p_p_col_pos=2&amp;p_p_col_count=3&amp;_portletllistatactivitats_WAR_portletllistatactivitats_INSTANCE_O4dm_strutsAction=%2Fview%2Fdetall&amp;_portletllistatactivitats_WAR_portletllistatactivitats_INSTANCE_O4dm_id=139\" target=\"_blank\" rel=\"noopener\">P\u00edndola cistitis<\/a><\/li>\n<li><a href=\"http:\/\/www.agorasanitaria.com\/ca\/web\/guest\/oferta-formativa?p_p_id=portletllistatactivitats_WAR_portletllistatactivitats_INSTANCE_O4dm&amp;p_p_lifecycle=0&amp;p_p_state=normal&amp;p_p_mode=view&amp;p_p_col_id=column-1&amp;p_p_col_pos=2&amp;p_p_col_count=3&amp;_portletllistatactivitats_WAR_portletllistatactivitats_INSTANCE_O4dm_strutsAction=%2Fview%2Fdetall&amp;_portletllistatactivitats_WAR_portletllistatactivitats_INSTANCE_O4dm_id=116\" target=\"_blank\" rel=\"noopener\">P\u00edndola s\u00edndrome premenstrual<\/a><\/li>\n<li><a href=\"http:\/\/www.agorasanitaria.com\/ca\/web\/guest\/oferta-formativa?p_p_id=portletllistatactivitats_WAR_portletllistatactivitats_INSTANCE_O4dm&amp;p_p_lifecycle=0&amp;p_p_state=normal&amp;p_p_mode=view&amp;p_p_col_id=column-1&amp;p_p_col_pos=2&amp;p_p_col_count=3&amp;_portletllistatactivitats_WAR_portletllistatactivitats_INSTANCE_O4dm_strutsAction=%2Fview%2Fdetall&amp;_portletllistatactivitats_WAR_portletllistatactivitats_INSTANCE_O4dm_id=235\" target=\"_blank\" rel=\"noopener\">Infeccions vulvovaginals i higiene \u00edntima<\/a><\/li>\n<li><a href=\"http:\/\/www.agorasanitaria.com\/ca\/web\/guest\/oferta-formativa?p_p_id=portletllistatactivitats_WAR_portletllistatactivitats_INSTANCE_O4dm&amp;p_p_lifecycle=0&amp;p_p_state=normal&amp;p_p_mode=view&amp;p_p_col_id=column-1&amp;p_p_col_pos=2&amp;p_p_col_count=3&amp;_portletllistatactivitats_WAR_portletllistatactivitats_INSTANCE_O4dm_strutsAction=%2Fview%2Fdetall&amp;_portletllistatactivitats_WAR_portletllistatactivitats_INSTANCE_O4dm_id=231\" target=\"_blank\" rel=\"noopener\">Mastitis i probi\u00f2tics<\/a><\/li>\n<li><a href=\"http:\/\/www.agorasanitaria.com\/ca\/web\/guest\/oferta-formativa?p_p_id=portletllistatactivitats_WAR_portletllistatactivitats_INSTANCE_O4dm&amp;p_p_lifecycle=0&amp;p_p_state=normal&amp;p_p_mode=view&amp;p_p_col_id=column-1&amp;p_p_col_pos=2&amp;p_p_col_count=3&amp;_portletllistatactivitats_WAR_portletllistatactivitats_INSTANCE_O4dm_strutsAction=%2Fview%2Fdetall&amp;_portletllistatactivitats_WAR_portletllistatactivitats_INSTANCE_O4dm_id=192\" target=\"_blank\" rel=\"noopener\">Homeopatia i embar\u00e0s<\/a><\/li>\n<li><a href=\"http:\/\/www.agorasanitaria.com\/ca\/web\/guest\/oferta-formativa?p_p_id=portletllistatactivitats_WAR_portletllistatactivitats_INSTANCE_O4dm&amp;p_p_lifecycle=0&amp;p_p_state=normal&amp;p_p_mode=view&amp;p_p_col_id=column-1&amp;p_p_col_pos=2&amp;p_p_col_count=3&amp;_portletllistatactivitats_WAR_portletllistatactivitats_INSTANCE_O4dm_strutsAction=%2Fview%2Fdetall&amp;_portletllistatactivitats_WAR_portletllistatactivitats_INSTANCE_O4dm_id=191\" target=\"_blank\" rel=\"noopener\">Anticoncepci\u00f3 hormonal, tots els dubtes, totes les respostes<\/a><\/li>\n<\/ul>\n<div class=\"box shadow\">Al llarg dels cinc anys d&#8217;hist\u00f2ria que ha sumat al 2015, <a href=\"http:\/\/www.agorasanitaria.com\/web\/guest\" target=\"_blank\" rel=\"noopener\">\u00c0gora Sanit\u00e0ria<\/a> s&#8217;ha consolidat com a <b>portal de formaci\u00f3 sanit\u00e0ria virtual de refer\u00e8ncia<\/b> per acompanyar al farmac\u00e8utic en el seu desenvolupament professional i contribuir a la millora de l&#8217;atenci\u00f3 al pacient. De fet, al 2014 es va aconseguir batre r\u00e8cords d&#8217;inscripcions \u2013m\u00e9s de 15.500-, de cursos \u2013m\u00e9s de 40- i d&#8217;edicions realitzades \u2013m\u00e9s de 70-, i gr\u00e0cies a la col\u00b7laboraci\u00f3 amb la ind\u00fastria farmac\u00e8utica, molts d&#8217;ells van ser gratu\u00efts.<\/div>\n<p><span style=\"color: #888888;\"><b>Consulta la nota de premsa \u00edntegra enviada als mitjans (es pot consultar a la <a href=\"http:\/\/www.cofb.org\/web\/guest\/Noticia\/-\/journal_content\/56_INSTANCE_V6ao\/10136\/843224\" target=\"_blank\" rel=\"noopener\"><span style=\"color: #888888;\">Sala de Premsa<\/span><\/a> del web www.cofb.org).<\/b><\/span><\/p>\n","protected":false},"excerpt":{"rendered":"<p>\u201cA \u00c0gora busquem que farmac\u00e8utics i t\u00e8cnics en farm\u00e0cia i parafarm\u00e0cia es formin en les principals \u00e0rees d&#8217;actuaci\u00f3 professional. La formaci\u00f3 t\u00e9 un paper fonamental per desenvolupar professionalment la farm\u00e0cia i aportar valor al sistema sanitari\u201d. Aix\u00ed explica Cristina Rodr\u00edguez, cap del departament de Formaci\u00f3 i Desenvolupament professional del COFB, [&hellip;]<\/p>\n","protected":false},"author":1,"featured_media":13306,"comment_status":"open","ping_status":"open","sticky":false,"template":"","format":"standard","meta":{"_uag_custom_page_level_css":"","site-sidebar-layout":"default","site-content-layout":"","ast-site-content-layout":"default","site-content-style":"default","site-sidebar-style":"default","ast-global-header-display":"","ast-banner-title-visibility":"","ast-main-header-display":"","ast-hfb-above-header-display":"","ast-hfb-below-header-display":"","ast-hfb-mobile-header-display":"","site-post-title":"","ast-breadcrumbs-content":"","ast-featured-img":"disabled","footer-sml-layout":"","theme-transparent-header-meta":"","adv-header-id-meta":"","stick-header-meta":"","header-above-stick-meta":"","header-main-stick-meta":"","header-below-stick-meta":"","astra-migrate-meta-layouts":"default","ast-page-background-enabled":"default","ast-page-background-meta":{"desktop":{"background-color":"var(--ast-global-color-4)","background-image":"","background-repeat":"repeat","background-position":"center center","background-size":"auto","background-attachment":"scroll","background-type":"","background-media":"","overlay-type":"","overlay-color":"","overlay-opacity":"","overlay-gradient":""},"tablet":{"background-color":"","background-image":"","background-repeat":"repeat","background-position":"center center","background-size":"auto","background-attachment":"scroll","background-type":"","background-media":"","overlay-type":"","overlay-color":"","overlay-opacity":"","overlay-gradient":""},"mobile":{"background-color":"","background-image":"","background-repeat":"repeat","background-position":"center center","background-size":"auto","background-attachment":"scroll","background-type":"","background-media":"","overlay-type":"","overlay-color":"","overlay-opacity":"","overlay-gradient":""}},"ast-content-background-meta":{"desktop":{"background-color":"var(--ast-global-color-5)","background-image":"","background-repeat":"repeat","background-position":"center center","background-size":"auto","background-attachment":"scroll","background-type":"","background-media":"","overlay-type":"","overlay-color":"","overlay-opacity":"","overlay-gradient":""},"tablet":{"background-color":"var(--ast-global-color-5)","background-image":"","background-repeat":"repeat","background-position":"center center","background-size":"auto","background-attachment":"scroll","background-type":"","background-media":"","overlay-type":"","overlay-color":"","overlay-opacity":"","overlay-gradient":""},"mobile":{"background-color":"var(--ast-global-color-5)","background-image":"","background-repeat":"repeat","background-position":"center center","background-size":"auto","background-attachment":"scroll","background-type":"","background-media":"","overlay-type":"","overlay-color":"","overlay-opacity":"","overlay-gradient":""}},"footnotes":""},"categories":[57],"tags":[109,2262,64,288,70,2263,2264,2265,2266,95,2267],"class_list":["post-16571","post","type-post","status-publish","format-standard","has-post-thumbnail","hentry","category-mon-collegial","tag-agora-sanitaria","tag-anticoncepcio-hormonal","tag-atencio-farmaceutica","tag-cistitis","tag-formacio","tag-formacio-sanitaria-virtual","tag-homeopatia-i-embaras","tag-infeccio-vaginal","tag-mastitis","tag-probiotics","tag-sindrome-premenstrual"],"yoast_head":"<!-- This site is optimized with the Yoast SEO plugin v22.4 - https:\/\/yoast.com\/wordpress\/plugins\/seo\/ -->\n<title>Quines s\u00f3n les novetats del programa formatiu del nou curs d&#039;\u00c0gora Sanit\u00e0ria? - Col\u00b7legi de Farmac\u00e8utics de Barcelona<\/title>\n<meta name=\"robots\" content=\"index, follow, max-snippet:-1, max-image-preview:large, max-video-preview:-1\" \/>\n<link rel=\"canonical\" href=\"https:\/\/novaorg.cofb.net\/2015\/10\/07\/quines-son-les-novetats-del-programa-formatiu-del-nou-curs-dagora-sanitaria\/\" \/>\n<meta property=\"og:locale\" content=\"ca_ES\" \/>\n<meta property=\"og:type\" content=\"article\" \/>\n<meta property=\"og:title\" content=\"Quines s\u00f3n les novetats del programa formatiu del nou curs d&#039;\u00c0gora Sanit\u00e0ria? - Col\u00b7legi de Farmac\u00e8utics de Barcelona\" \/>\n<meta property=\"og:description\" content=\"\u201cA \u00c0gora busquem que farmac\u00e8utics i t\u00e8cnics en farm\u00e0cia i parafarm\u00e0cia es formin en les principals \u00e0rees d&#8217;actuaci\u00f3 professional. La formaci\u00f3 t\u00e9 un paper fonamental per desenvolupar professionalment la farm\u00e0cia i aportar valor al sistema sanitari\u201d. Aix\u00ed explica Cristina Rodr\u00edguez, cap del departament de Formaci\u00f3 i Desenvolupament professional del COFB, [&hellip;]\" \/>\n<meta property=\"og:url\" content=\"https:\/\/novaorg.cofb.net\/2015\/10\/07\/quines-son-les-novetats-del-programa-formatiu-del-nou-curs-dagora-sanitaria\/\" \/>\n<meta property=\"og:site_name\" content=\"Col\u00b7legi de Farmac\u00e8utics de Barcelona\" \/>\n<meta property=\"article:publisher\" content=\"https:\/\/www.facebook.com\/farmaceuticsbcn\/\" \/>\n<meta property=\"article:published_time\" content=\"2015-10-07T13:16:57+00:00\" \/>\n<meta name=\"author\" content=\"wpAdminCofbOrg\" \/>\n<meta name=\"twitter:card\" content=\"summary_large_image\" \/>\n<meta name=\"twitter:creator\" content=\"@farmaceuticsbcn\" \/>\n<meta name=\"twitter:site\" content=\"@farmaceuticsbcn\" \/>\n<meta name=\"twitter:label1\" content=\"Escrit per\" \/>\n\t<meta name=\"twitter:data1\" content=\"wpAdminCofbOrg\" \/>\n\t<meta name=\"twitter:label2\" content=\"Temps estimat de lectura\" \/>\n\t<meta name=\"twitter:data2\" content=\"2 minuts\" \/>\n<script type=\"application\/ld+json\" class=\"yoast-schema-graph\">{\"@context\":\"https:\/\/schema.org\",\"@graph\":[{\"@type\":\"Article\",\"@id\":\"https:\/\/novaorg.cofb.net\/2015\/10\/07\/quines-son-les-novetats-del-programa-formatiu-del-nou-curs-dagora-sanitaria\/#article\",\"isPartOf\":{\"@id\":\"https:\/\/novaorg.cofb.net\/2015\/10\/07\/quines-son-les-novetats-del-programa-formatiu-del-nou-curs-dagora-sanitaria\/\"},\"author\":{\"name\":\"wpAdminCofbOrg\",\"@id\":\"https:\/\/www.cofb.org\/#\/schema\/person\/22ed7eea88da74b0fa4d3154ad87ffcb\"},\"headline\":\"Quines s\u00f3n les novetats del programa formatiu del nou curs d&#8217;\u00c0gora Sanit\u00e0ria?\",\"datePublished\":\"2015-10-07T13:16:57+00:00\",\"dateModified\":\"2015-10-07T13:16:57+00:00\",\"mainEntityOfPage\":{\"@id\":\"https:\/\/novaorg.cofb.net\/2015\/10\/07\/quines-son-les-novetats-del-programa-formatiu-del-nou-curs-dagora-sanitaria\/\"},\"wordCount\":450,\"commentCount\":0,\"publisher\":{\"@id\":\"https:\/\/www.cofb.org\/#organization\"},\"image\":{\"@id\":\"https:\/\/novaorg.cofb.net\/2015\/10\/07\/quines-son-les-novetats-del-programa-formatiu-del-nou-curs-dagora-sanitaria\/#primaryimage\"},\"thumbnailUrl\":\"\",\"keywords\":[\"\u00c1gora Sanitaria\",\"anticoncepci\u00f3 hormonal\",\"Atenci\u00f3 farmac\u00e8utica\",\"cistitis\",\"Formaci\u00f3\",\"formaci\u00f3 sanit\u00e0ria virtual\",\"homeopatia i embar\u00e0s\",\"infecci\u00f3 vaginal\",\"mastitis\",\"probi\u00f2tics\",\"s\u00edndrome premenstrual\"],\"articleSection\":[\"M\u00f3n col\u00b7legial\"],\"inLanguage\":\"ca\",\"potentialAction\":[{\"@type\":\"CommentAction\",\"name\":\"Comment\",\"target\":[\"https:\/\/novaorg.cofb.net\/2015\/10\/07\/quines-son-les-novetats-del-programa-formatiu-del-nou-curs-dagora-sanitaria\/#respond\"]}]},{\"@type\":\"WebPage\",\"@id\":\"https:\/\/novaorg.cofb.net\/2015\/10\/07\/quines-son-les-novetats-del-programa-formatiu-del-nou-curs-dagora-sanitaria\/\",\"url\":\"https:\/\/novaorg.cofb.net\/2015\/10\/07\/quines-son-les-novetats-del-programa-formatiu-del-nou-curs-dagora-sanitaria\/\",\"name\":\"Quines s\u00f3n les novetats del programa formatiu del nou curs d'\u00c0gora Sanit\u00e0ria? - Col\u00b7legi de Farmac\u00e8utics de Barcelona\",\"isPartOf\":{\"@id\":\"https:\/\/www.cofb.org\/#website\"},\"primaryImageOfPage\":{\"@id\":\"https:\/\/novaorg.cofb.net\/2015\/10\/07\/quines-son-les-novetats-del-programa-formatiu-del-nou-curs-dagora-sanitaria\/#primaryimage\"},\"image\":{\"@id\":\"https:\/\/novaorg.cofb.net\/2015\/10\/07\/quines-son-les-novetats-del-programa-formatiu-del-nou-curs-dagora-sanitaria\/#primaryimage\"},\"thumbnailUrl\":\"\",\"datePublished\":\"2015-10-07T13:16:57+00:00\",\"dateModified\":\"2015-10-07T13:16:57+00:00\",\"breadcrumb\":{\"@id\":\"https:\/\/novaorg.cofb.net\/2015\/10\/07\/quines-son-les-novetats-del-programa-formatiu-del-nou-curs-dagora-sanitaria\/#breadcrumb\"},\"inLanguage\":\"ca\",\"potentialAction\":[{\"@type\":\"ReadAction\",\"target\":[\"https:\/\/novaorg.cofb.net\/2015\/10\/07\/quines-son-les-novetats-del-programa-formatiu-del-nou-curs-dagora-sanitaria\/\"]}]},{\"@type\":\"ImageObject\",\"inLanguage\":\"ca\",\"@id\":\"https:\/\/novaorg.cofb.net\/2015\/10\/07\/quines-son-les-novetats-del-programa-formatiu-del-nou-curs-dagora-sanitaria\/#primaryimage\",\"url\":\"\",\"contentUrl\":\"\"},{\"@type\":\"BreadcrumbList\",\"@id\":\"https:\/\/novaorg.cofb.net\/2015\/10\/07\/quines-son-les-novetats-del-programa-formatiu-del-nou-curs-dagora-sanitaria\/#breadcrumb\",\"itemListElement\":[{\"@type\":\"ListItem\",\"position\":1,\"name\":\"Inici\",\"item\":\"https:\/\/novaorg.cofb.net\/\"},{\"@type\":\"ListItem\",\"position\":2,\"name\":\"Quines s\u00f3n les novetats del programa formatiu del nou curs d&#8217;\u00c0gora Sanit\u00e0ria?\"}]},{\"@type\":\"WebSite\",\"@id\":\"https:\/\/www.cofb.org\/#website\",\"url\":\"https:\/\/www.cofb.org\/\",\"name\":\"Col\u00b7legi de Farmac\u00e8utics de Barcelona\",\"description\":\"\",\"publisher\":{\"@id\":\"https:\/\/www.cofb.org\/#organization\"},\"potentialAction\":[{\"@type\":\"SearchAction\",\"target\":{\"@type\":\"EntryPoint\",\"urlTemplate\":\"https:\/\/www.cofb.org\/?s={search_term_string}\"},\"query-input\":\"required name=search_term_string\"}],\"inLanguage\":\"ca\"},{\"@type\":\"Organization\",\"@id\":\"https:\/\/www.cofb.org\/#organization\",\"name\":\"Col\u00b7legi de Farmac\u00e8utics de Barcelona\",\"url\":\"https:\/\/www.cofb.org\/\",\"logo\":{\"@type\":\"ImageObject\",\"inLanguage\":\"ca\",\"@id\":\"https:\/\/www.cofb.org\/#\/schema\/logo\/image\/\",\"url\":\"https:\/\/www.cofb.org\/wp-content\/uploads\/2023\/11\/cropped-Logotip-COFB.png\",\"contentUrl\":\"https:\/\/www.cofb.org\/wp-content\/uploads\/2023\/11\/cropped-Logotip-COFB.png\",\"width\":500,\"height\":105,\"caption\":\"Col\u00b7legi de Farmac\u00e8utics de Barcelona\"},\"image\":{\"@id\":\"https:\/\/www.cofb.org\/#\/schema\/logo\/image\/\"},\"sameAs\":[\"https:\/\/www.facebook.com\/farmaceuticsbcn\/\",\"https:\/\/twitter.com\/farmaceuticsbcn\",\"https:\/\/www.instagram.com\/farmaceuticsbcn\/\",\"https:\/\/www.linkedin.com\/company\/farmaceuticsbcn\/\"]},{\"@type\":\"Person\",\"@id\":\"https:\/\/www.cofb.org\/#\/schema\/person\/22ed7eea88da74b0fa4d3154ad87ffcb\",\"name\":\"wpAdminCofbOrg\",\"image\":{\"@type\":\"ImageObject\",\"inLanguage\":\"ca\",\"@id\":\"https:\/\/www.cofb.org\/#\/schema\/person\/image\/\",\"url\":\"https:\/\/secure.gravatar.com\/avatar\/1721b20b3b8ca882c3b56ec6c978c594fff670e40c0718e9190eaeeb76aae7d8?s=96&d=mm&r=g\",\"contentUrl\":\"https:\/\/secure.gravatar.com\/avatar\/1721b20b3b8ca882c3b56ec6c978c594fff670e40c0718e9190eaeeb76aae7d8?s=96&d=mm&r=g\",\"caption\":\"wpAdminCofbOrg\"},\"sameAs\":[\"http:\/\/192.168.64.122\/wordpress\"],\"url\":\"https:\/\/www.cofb.org\/ca\/author\/wpadmincofborg\/\"}]}<\/script>\n<!-- \/ Yoast SEO plugin. -->","yoast_head_json":{"title":"Quines s\u00f3n les novetats del programa formatiu del nou curs d'\u00c0gora Sanit\u00e0ria? - Col\u00b7legi de Farmac\u00e8utics de Barcelona","robots":{"index":"index","follow":"follow","max-snippet":"max-snippet:-1","max-image-preview":"max-image-preview:large","max-video-preview":"max-video-preview:-1"},"canonical":"https:\/\/novaorg.cofb.net\/2015\/10\/07\/quines-son-les-novetats-del-programa-formatiu-del-nou-curs-dagora-sanitaria\/","og_locale":"ca_ES","og_type":"article","og_title":"Quines s\u00f3n les novetats del programa formatiu del nou curs d'\u00c0gora Sanit\u00e0ria? - Col\u00b7legi de Farmac\u00e8utics de Barcelona","og_description":"\u201cA \u00c0gora busquem que farmac\u00e8utics i t\u00e8cnics en farm\u00e0cia i parafarm\u00e0cia es formin en les principals \u00e0rees d&#8217;actuaci\u00f3 professional. La formaci\u00f3 t\u00e9 un paper fonamental per desenvolupar professionalment la farm\u00e0cia i aportar valor al sistema sanitari\u201d. Aix\u00ed explica Cristina Rodr\u00edguez, cap del departament de Formaci\u00f3 i Desenvolupament professional del COFB, [&hellip;]","og_url":"https:\/\/novaorg.cofb.net\/2015\/10\/07\/quines-son-les-novetats-del-programa-formatiu-del-nou-curs-dagora-sanitaria\/","og_site_name":"Col\u00b7legi de Farmac\u00e8utics de Barcelona","article_publisher":"https:\/\/www.facebook.com\/farmaceuticsbcn\/","article_published_time":"2015-10-07T13:16:57+00:00","author":"wpAdminCofbOrg","twitter_card":"summary_large_image","twitter_creator":"@farmaceuticsbcn","twitter_site":"@farmaceuticsbcn","twitter_misc":{"Escrit per":"wpAdminCofbOrg","Temps estimat de lectura":"2 minuts"},"schema":{"@context":"https:\/\/schema.org","@graph":[{"@type":"Article","@id":"https:\/\/novaorg.cofb.net\/2015\/10\/07\/quines-son-les-novetats-del-programa-formatiu-del-nou-curs-dagora-sanitaria\/#article","isPartOf":{"@id":"https:\/\/novaorg.cofb.net\/2015\/10\/07\/quines-son-les-novetats-del-programa-formatiu-del-nou-curs-dagora-sanitaria\/"},"author":{"name":"wpAdminCofbOrg","@id":"https:\/\/www.cofb.org\/#\/schema\/person\/22ed7eea88da74b0fa4d3154ad87ffcb"},"headline":"Quines s\u00f3n les novetats del programa formatiu del nou curs d&#8217;\u00c0gora Sanit\u00e0ria?","datePublished":"2015-10-07T13:16:57+00:00","dateModified":"2015-10-07T13:16:57+00:00","mainEntityOfPage":{"@id":"https:\/\/novaorg.cofb.net\/2015\/10\/07\/quines-son-les-novetats-del-programa-formatiu-del-nou-curs-dagora-sanitaria\/"},"wordCount":450,"commentCount":0,"publisher":{"@id":"https:\/\/www.cofb.org\/#organization"},"image":{"@id":"https:\/\/novaorg.cofb.net\/2015\/10\/07\/quines-son-les-novetats-del-programa-formatiu-del-nou-curs-dagora-sanitaria\/#primaryimage"},"thumbnailUrl":"","keywords":["\u00c1gora Sanitaria","anticoncepci\u00f3 hormonal","Atenci\u00f3 farmac\u00e8utica","cistitis","Formaci\u00f3","formaci\u00f3 sanit\u00e0ria virtual","homeopatia i embar\u00e0s","infecci\u00f3 vaginal","mastitis","probi\u00f2tics","s\u00edndrome premenstrual"],"articleSection":["M\u00f3n col\u00b7legial"],"inLanguage":"ca","potentialAction":[{"@type":"CommentAction","name":"Comment","target":["https:\/\/novaorg.cofb.net\/2015\/10\/07\/quines-son-les-novetats-del-programa-formatiu-del-nou-curs-dagora-sanitaria\/#respond"]}]},{"@type":"WebPage","@id":"https:\/\/novaorg.cofb.net\/2015\/10\/07\/quines-son-les-novetats-del-programa-formatiu-del-nou-curs-dagora-sanitaria\/","url":"https:\/\/novaorg.cofb.net\/2015\/10\/07\/quines-son-les-novetats-del-programa-formatiu-del-nou-curs-dagora-sanitaria\/","name":"Quines s\u00f3n les novetats del programa formatiu del nou curs d'\u00c0gora Sanit\u00e0ria? - Col\u00b7legi de Farmac\u00e8utics de Barcelona","isPartOf":{"@id":"https:\/\/www.cofb.org\/#website"},"primaryImageOfPage":{"@id":"https:\/\/novaorg.cofb.net\/2015\/10\/07\/quines-son-les-novetats-del-programa-formatiu-del-nou-curs-dagora-sanitaria\/#primaryimage"},"image":{"@id":"https:\/\/novaorg.cofb.net\/2015\/10\/07\/quines-son-les-novetats-del-programa-formatiu-del-nou-curs-dagora-sanitaria\/#primaryimage"},"thumbnailUrl":"","datePublished":"2015-10-07T13:16:57+00:00","dateModified":"2015-10-07T13:16:57+00:00","breadcrumb":{"@id":"https:\/\/novaorg.cofb.net\/2015\/10\/07\/quines-son-les-novetats-del-programa-formatiu-del-nou-curs-dagora-sanitaria\/#breadcrumb"},"inLanguage":"ca","potentialAction":[{"@type":"ReadAction","target":["https:\/\/novaorg.cofb.net\/2015\/10\/07\/quines-son-les-novetats-del-programa-formatiu-del-nou-curs-dagora-sanitaria\/"]}]},{"@type":"ImageObject","inLanguage":"ca","@id":"https:\/\/novaorg.cofb.net\/2015\/10\/07\/quines-son-les-novetats-del-programa-formatiu-del-nou-curs-dagora-sanitaria\/#primaryimage","url":"","contentUrl":""},{"@type":"BreadcrumbList","@id":"https:\/\/novaorg.cofb.net\/2015\/10\/07\/quines-son-les-novetats-del-programa-formatiu-del-nou-curs-dagora-sanitaria\/#breadcrumb","itemListElement":[{"@type":"ListItem","position":1,"name":"Inici","item":"https:\/\/novaorg.cofb.net\/"},{"@type":"ListItem","position":2,"name":"Quines s\u00f3n les novetats del programa formatiu del nou curs d&#8217;\u00c0gora Sanit\u00e0ria?"}]},{"@type":"WebSite","@id":"https:\/\/www.cofb.org\/#website","url":"https:\/\/www.cofb.org\/","name":"Col\u00b7legi de Farmac\u00e8utics de Barcelona","description":"","publisher":{"@id":"https:\/\/www.cofb.org\/#organization"},"potentialAction":[{"@type":"SearchAction","target":{"@type":"EntryPoint","urlTemplate":"https:\/\/www.cofb.org\/?s={search_term_string}"},"query-input":"required name=search_term_string"}],"inLanguage":"ca"},{"@type":"Organization","@id":"https:\/\/www.cofb.org\/#organization","name":"Col\u00b7legi de Farmac\u00e8utics de Barcelona","url":"https:\/\/www.cofb.org\/","logo":{"@type":"ImageObject","inLanguage":"ca","@id":"https:\/\/www.cofb.org\/#\/schema\/logo\/image\/","url":"https:\/\/www.cofb.org\/wp-content\/uploads\/2023\/11\/cropped-Logotip-COFB.png","contentUrl":"https:\/\/www.cofb.org\/wp-content\/uploads\/2023\/11\/cropped-Logotip-COFB.png","width":500,"height":105,"caption":"Col\u00b7legi de Farmac\u00e8utics de Barcelona"},"image":{"@id":"https:\/\/www.cofb.org\/#\/schema\/logo\/image\/"},"sameAs":["https:\/\/www.facebook.com\/farmaceuticsbcn\/","https:\/\/twitter.com\/farmaceuticsbcn","https:\/\/www.instagram.com\/farmaceuticsbcn\/","https:\/\/www.linkedin.com\/company\/farmaceuticsbcn\/"]},{"@type":"Person","@id":"https:\/\/www.cofb.org\/#\/schema\/person\/22ed7eea88da74b0fa4d3154ad87ffcb","name":"wpAdminCofbOrg","image":{"@type":"ImageObject","inLanguage":"ca","@id":"https:\/\/www.cofb.org\/#\/schema\/person\/image\/","url":"https:\/\/secure.gravatar.com\/avatar\/1721b20b3b8ca882c3b56ec6c978c594fff670e40c0718e9190eaeeb76aae7d8?s=96&d=mm&r=g","contentUrl":"https:\/\/secure.gravatar.com\/avatar\/1721b20b3b8ca882c3b56ec6c978c594fff670e40c0718e9190eaeeb76aae7d8?s=96&d=mm&r=g","caption":"wpAdminCofbOrg"},"sameAs":["http:\/\/192.168.64.122\/wordpress"],"url":"https:\/\/www.cofb.org\/ca\/author\/wpadmincofborg\/"}]}},"uagb_featured_image_src":{"full":false,"thumbnail":false,"medium":false,"medium_large":false,"large":false,"1536x1536":false,"2048x2048":false,"trp-custom-language-flag":false},"uagb_author_info":{"display_name":"wpAdminCofbOrg","author_link":"https:\/\/www.cofb.org\/ca\/author\/wpadmincofborg\/"},"uagb_comment_info":0,"uagb_excerpt":"\u201cA \u00c0gora busquem que farmac\u00e8utics i t\u00e8cnics en farm\u00e0cia i parafarm\u00e0cia es formin en les principals \u00e0rees d&#8217;actuaci\u00f3 professional. La formaci\u00f3 t\u00e9 un paper fonamental per desenvolupar professionalment la farm\u00e0cia i aportar valor al sistema sanitari\u201d. Aix\u00ed explica Cristina Rodr\u00edguez, cap del departament de Formaci\u00f3 i Desenvolupament professional del COFB, [&hellip;]","_links":{"self":[{"href":"https:\/\/www.cofb.org\/ca\/wp-json\/wp\/v2\/posts\/16571","targetHints":{"allow":["GET"]}}],"collection":[{"href":"https:\/\/www.cofb.org\/ca\/wp-json\/wp\/v2\/posts"}],"about":[{"href":"https:\/\/www.cofb.org\/ca\/wp-json\/wp\/v2\/types\/post"}],"author":[{"embeddable":true,"href":"https:\/\/www.cofb.org\/ca\/wp-json\/wp\/v2\/users\/1"}],"replies":[{"embeddable":true,"href":"https:\/\/www.cofb.org\/ca\/wp-json\/wp\/v2\/comments?post=16571"}],"version-history":[{"count":0,"href":"https:\/\/www.cofb.org\/ca\/wp-json\/wp\/v2\/posts\/16571\/revisions"}],"wp:featuredmedia":[{"embeddable":true,"href":"https:\/\/www.cofb.org\/ca\/wp-json\/"}],"wp:attachment":[{"href":"https:\/\/www.cofb.org\/ca\/wp-json\/wp\/v2\/media?parent=16571"}],"wp:term":[{"taxonomy":"category","embeddable":true,"href":"https:\/\/www.cofb.org\/ca\/wp-json\/wp\/v2\/categories?post=16571"},{"taxonomy":"post_tag","embeddable":true,"href":"https:\/\/www.cofb.org\/ca\/wp-json\/wp\/v2\/tags?post=16571"}],"curies":[{"name":"wp","href":"https:\/\/api.w.org\/{rel}","templated":true}]}}