{"id":16343,"date":"2015-09-30T11:36:05","date_gmt":"2015-09-30T10:36:05","guid":{"rendered":"http:\/\/blog.cofb.cat\/?p=16343"},"modified":"2015-09-30T11:36:05","modified_gmt":"2015-09-30T10:36:05","slug":"activitats-amb-motiu-del-dia-mundial-del-pacient-ostomitzat","status":"publish","type":"post","link":"https:\/\/www.cofb.org\/ca\/2015\/09\/30\/activitats-amb-motiu-del-dia-mundial-del-pacient-ostomitzat\/","title":{"rendered":"Activitats amb motiu del Dia Mundial del Pacient Ostomitzat"},"content":{"rendered":"<figure id=\"attachment_16365\" aria-describedby=\"caption-attachment-16365\" style=\"width: 191px\" class=\"wp-caption alignleft\"><a href=\"http:\/\/blog.cofb.cat\/wp-content\/uploads\/2015\/09\/FB_posterdiamundial-01.jpg\"><img fetchpriority=\"high\" decoding=\"async\" class=\" wp-image-16365  \" alt=\"posterdiamundial\" src=\"http:\/\/blog.cofb.cat\/wp-content\/uploads\/2015\/09\/FB_posterdiamundial-01.jpg\" width=\"191\" height=\"268\" \/><\/a><figcaption id=\"caption-attachment-16365\" class=\"wp-caption-text\">P\u00f2ster de la campanya &#8220;Posa una borsa a la teva vida&#8221;<\/figcaption><\/figure>\n<p>L\u2019ostomia \u00e9s una intervenci\u00f3 quir\u00fargica que t\u00e9 per objectiu crear una comunicaci\u00f3 artificial entre una v\u00edscera i l&#8217;exterior a trav\u00e9s de l&#8217;abdomen per conduir els fluids corporals, mat\u00e8ria fecal, urin\u00e0ria o secrecions de l&#8217;organisme. Pot ser permanent o temporal. En general, es realitza en l&#8217;intest\u00ed prim, en l&#8217;intest\u00ed gruixut i en les vies urin\u00e0ries. <strong>A Barcelona hi ha m\u00e9s de 8.100 pacients ostomitzats<\/strong> i el 3 d\u2019octubre celebren el seu dia mundial. Infermers de tot l\u2019Estat, pacients i institucions conformen el <strong>projecte GESTO<\/strong>, una iniciativa que vol millorar dia a dia la qualitat de vida d&#8217;aquests pacients. Per celebrar aquesta efem\u00e8ride, s&#8217;ha creat la <strong>campanya \u201cPosa una borsa en la teva vida\u201d<\/strong>, en la qual tamb\u00e9 col\u00b7laboren diverses associacions de pacients com l\u2019Associaci\u00f3 Catalana d&#8217;Ostomitzats (ACO), la Societat Espanyola d&#8217;Infermeria Experta en Estomater\u00e0pia (SEU) i el laboratori Hollister.<\/p>\n<p>Amb aquesta campanya, que t\u00e9 les xarxes socials com a motor principal, es pret\u00e9n sensibilitzar a la poblaci\u00f3, donant a con\u00e8ixer a les persones ostomitzades, i animar a la gent a posar-se en la pell d&#8217;un pacient portador d&#8217;una ostomia: la campanya planteja el repte de posar-se una borsa de ostomia per con\u00e8ixer el que se sent i ajudant, d&#8217;aquesta manera, a desestigmatitzar als pacients ostomitzats.<\/p>\n<p><b>Com participar en aquesta campanya?<\/b><\/p>\n<p>Els pacients ostomitzats podran mostrar al m\u00f3n la seva borsa, sense complexos, a trav\u00e9s dels perfils de la campanya a Twitter (<a href=\"https:\/\/twitter.com\/proyectogesto\" target=\"_blank\" rel=\"noopener\">@proyectoGESTO<\/a>) i Facebook (<a href=\"https:\/\/www.facebook.com\/Proyecto-GESTO-793145467474293\/timeline\/\" target=\"_blank\" rel=\"noopener\">Proyecto GEST<\/a>), amb el <strong>hashtag #DiaMundialOstomizado<\/strong>.<\/p>\n<p>I per tots aquells que vulguin unir-se a la iniciativa, podran pujar les seves fotos o v\u00eddeos m\u00e9s creatius emprant la imaginaci\u00f3 i pintant-se una borsa, dissenyant una o llan\u00e7ant un missatge de suport.<\/p>\n<div class=\"box shadow\">Amb motiu del Dia Mundial de l\u2019Ostomia, Oncolliga-Fundaci\u00f3 Lliga Catalana d\u2019Ajuda Oncol\u00f2gica i l\u2019Associaci\u00f3 Catalana de Pacients Ostomitzats, en col\u00b7laboraci\u00f3 amb el Departament de Salut de la Generalitat de Catalunya, l\u2019Institut Catal\u00e0 de la Salut i l\u2019Hospital de Bellvitge organitzen l\u20191 d\u2019octubre la<strong> jornada \u201cViure amb una ostomia\u201d<\/strong> per aquells pacients ostomitzats i els seus familiars.<br \/>\n<i><br \/>\nCom \u00e9s la nostra vida ara? Quins problemes de relacions personals, laborals, autoestima, salut, hem tingut o tenim encara? Qu\u00e8 en sap la societat del que implica portar una ostomia?<\/i> La jornada mirar\u00e0 de donar resposta a aquestes preguntes:<br \/>\n<b><br \/>\nQuan i on?<\/b> Dijous, 1 d\u2019octubre de 2015 a la\u00a0 sala d\u2019actes de l\u2019Hospital Universitari de Bellvitge (Feixa Llarga s\/n. L\u2019Hospitalet de Llobregat).<\/p>\n<p>M\u00e9s informaci\u00f3 al <a href=\"http:\/\/www.bellvitgehospital.cat\/media\/upload\/arxius\/__________Destacats\/ostomies15bis(1).pdf\" target=\"_blank\" rel=\"noopener\">programa de la jornada<\/a> (via Hospital de Bellvitge).<\/div>\n","protected":false},"excerpt":{"rendered":"<p>L\u2019ostomia \u00e9s una intervenci\u00f3 quir\u00fargica que t\u00e9 per objectiu crear una comunicaci\u00f3 artificial entre una v\u00edscera i l&#8217;exterior a trav\u00e9s de l&#8217;abdomen per conduir els fluids corporals, mat\u00e8ria fecal, urin\u00e0ria o secrecions de l&#8217;organisme. Pot ser permanent o temporal. En general, es realitza en l&#8217;intest\u00ed prim, en l&#8217;intest\u00ed gruixut i [&hellip;]<\/p>\n","protected":false},"author":1,"featured_media":16379,"comment_status":"open","ping_status":"open","sticky":false,"template":"","format":"standard","meta":{"_uag_custom_page_level_css":"","site-sidebar-layout":"default","site-content-layout":"","ast-site-content-layout":"default","site-content-style":"default","site-sidebar-style":"default","ast-global-header-display":"","ast-banner-title-visibility":"","ast-main-header-display":"","ast-hfb-above-header-display":"","ast-hfb-below-header-display":"","ast-hfb-mobile-header-display":"","site-post-title":"","ast-breadcrumbs-content":"","ast-featured-img":"disabled","footer-sml-layout":"","theme-transparent-header-meta":"","adv-header-id-meta":"","stick-header-meta":"","header-above-stick-meta":"","header-main-stick-meta":"","header-below-stick-meta":"","astra-migrate-meta-layouts":"default","ast-page-background-enabled":"default","ast-page-background-meta":{"desktop":{"background-color":"var(--ast-global-color-4)","background-image":"","background-repeat":"repeat","background-position":"center center","background-size":"auto","background-attachment":"scroll","background-type":"","background-media":"","overlay-type":"","overlay-color":"","overlay-opacity":"","overlay-gradient":""},"tablet":{"background-color":"","background-image":"","background-repeat":"repeat","background-position":"center center","background-size":"auto","background-attachment":"scroll","background-type":"","background-media":"","overlay-type":"","overlay-color":"","overlay-opacity":"","overlay-gradient":""},"mobile":{"background-color":"","background-image":"","background-repeat":"repeat","background-position":"center center","background-size":"auto","background-attachment":"scroll","background-type":"","background-media":"","overlay-type":"","overlay-color":"","overlay-opacity":"","overlay-gradient":""}},"ast-content-background-meta":{"desktop":{"background-color":"var(--ast-global-color-5)","background-image":"","background-repeat":"repeat","background-position":"center center","background-size":"auto","background-attachment":"scroll","background-type":"","background-media":"","overlay-type":"","overlay-color":"","overlay-opacity":"","overlay-gradient":""},"tablet":{"background-color":"var(--ast-global-color-5)","background-image":"","background-repeat":"repeat","background-position":"center center","background-size":"auto","background-attachment":"scroll","background-type":"","background-media":"","overlay-type":"","overlay-color":"","overlay-opacity":"","overlay-gradient":""},"mobile":{"background-color":"var(--ast-global-color-5)","background-image":"","background-repeat":"repeat","background-position":"center center","background-size":"auto","background-attachment":"scroll","background-type":"","background-media":"","overlay-type":"","overlay-color":"","overlay-opacity":"","overlay-gradient":""}},"footnotes":""},"categories":[32],"tags":[103,961,2256],"class_list":["post-16343","post","type-post","status-publish","format-standard","has-post-thumbnail","hentry","category-noticies-farmacia","tag-ortopedia","tag-ostomia","tag-ostomitzats"],"yoast_head":"<!-- This site is optimized with the Yoast SEO plugin v22.4 - https:\/\/yoast.com\/wordpress\/plugins\/seo\/ -->\n<title>Activitats amb motiu del Dia Mundial del Pacient Ostomitzat - Col\u00b7legi de Farmac\u00e8utics de Barcelona<\/title>\n<meta name=\"robots\" content=\"index, follow, max-snippet:-1, max-image-preview:large, max-video-preview:-1\" \/>\n<link rel=\"canonical\" href=\"https:\/\/novaorg.cofb.net\/2015\/09\/30\/activitats-amb-motiu-del-dia-mundial-del-pacient-ostomitzat\/\" \/>\n<meta property=\"og:locale\" content=\"ca_ES\" \/>\n<meta property=\"og:type\" content=\"article\" \/>\n<meta property=\"og:title\" content=\"Activitats amb motiu del Dia Mundial del Pacient Ostomitzat - Col\u00b7legi de Farmac\u00e8utics de Barcelona\" \/>\n<meta property=\"og:description\" content=\"L\u2019ostomia \u00e9s una intervenci\u00f3 quir\u00fargica que t\u00e9 per objectiu crear una comunicaci\u00f3 artificial entre una v\u00edscera i l&#8217;exterior a trav\u00e9s de l&#8217;abdomen per conduir els fluids corporals, mat\u00e8ria fecal, urin\u00e0ria o secrecions de l&#8217;organisme. Pot ser permanent o temporal. En general, es realitza en l&#8217;intest\u00ed prim, en l&#8217;intest\u00ed gruixut i [&hellip;]\" \/>\n<meta property=\"og:url\" content=\"https:\/\/novaorg.cofb.net\/2015\/09\/30\/activitats-amb-motiu-del-dia-mundial-del-pacient-ostomitzat\/\" \/>\n<meta property=\"og:site_name\" content=\"Col\u00b7legi de Farmac\u00e8utics de Barcelona\" \/>\n<meta property=\"article:publisher\" content=\"https:\/\/www.facebook.com\/farmaceuticsbcn\/\" \/>\n<meta property=\"article:published_time\" content=\"2015-09-30T10:36:05+00:00\" \/>\n<meta name=\"author\" content=\"wpAdminCofbOrg\" \/>\n<meta name=\"twitter:card\" content=\"summary_large_image\" \/>\n<meta name=\"twitter:creator\" content=\"@farmaceuticsbcn\" \/>\n<meta name=\"twitter:site\" content=\"@farmaceuticsbcn\" \/>\n<meta name=\"twitter:label1\" content=\"Escrit per\" \/>\n\t<meta name=\"twitter:data1\" content=\"wpAdminCofbOrg\" \/>\n\t<meta name=\"twitter:label2\" content=\"Temps estimat de lectura\" \/>\n\t<meta name=\"twitter:data2\" content=\"2 minuts\" \/>\n<script type=\"application\/ld+json\" class=\"yoast-schema-graph\">{\"@context\":\"https:\/\/schema.org\",\"@graph\":[{\"@type\":\"Article\",\"@id\":\"https:\/\/novaorg.cofb.net\/2015\/09\/30\/activitats-amb-motiu-del-dia-mundial-del-pacient-ostomitzat\/#article\",\"isPartOf\":{\"@id\":\"https:\/\/novaorg.cofb.net\/2015\/09\/30\/activitats-amb-motiu-del-dia-mundial-del-pacient-ostomitzat\/\"},\"author\":{\"name\":\"wpAdminCofbOrg\",\"@id\":\"https:\/\/www.cofb.org\/#\/schema\/person\/22ed7eea88da74b0fa4d3154ad87ffcb\"},\"headline\":\"Activitats amb motiu del Dia Mundial del Pacient Ostomitzat\",\"datePublished\":\"2015-09-30T10:36:05+00:00\",\"dateModified\":\"2015-09-30T10:36:05+00:00\",\"mainEntityOfPage\":{\"@id\":\"https:\/\/novaorg.cofb.net\/2015\/09\/30\/activitats-amb-motiu-del-dia-mundial-del-pacient-ostomitzat\/\"},\"wordCount\":478,\"commentCount\":0,\"publisher\":{\"@id\":\"https:\/\/www.cofb.org\/#organization\"},\"image\":{\"@id\":\"https:\/\/novaorg.cofb.net\/2015\/09\/30\/activitats-amb-motiu-del-dia-mundial-del-pacient-ostomitzat\/#primaryimage\"},\"thumbnailUrl\":\"\",\"keywords\":[\"Ortop\u00e8dia\",\"ostomia\",\"ostomitzats\"],\"articleSection\":[\"Not\u00edcies farm\u00e0cia\"],\"inLanguage\":\"ca\",\"potentialAction\":[{\"@type\":\"CommentAction\",\"name\":\"Comment\",\"target\":[\"https:\/\/novaorg.cofb.net\/2015\/09\/30\/activitats-amb-motiu-del-dia-mundial-del-pacient-ostomitzat\/#respond\"]}]},{\"@type\":\"WebPage\",\"@id\":\"https:\/\/novaorg.cofb.net\/2015\/09\/30\/activitats-amb-motiu-del-dia-mundial-del-pacient-ostomitzat\/\",\"url\":\"https:\/\/novaorg.cofb.net\/2015\/09\/30\/activitats-amb-motiu-del-dia-mundial-del-pacient-ostomitzat\/\",\"name\":\"Activitats amb motiu del Dia Mundial del Pacient Ostomitzat - Col\u00b7legi de Farmac\u00e8utics de Barcelona\",\"isPartOf\":{\"@id\":\"https:\/\/www.cofb.org\/#website\"},\"primaryImageOfPage\":{\"@id\":\"https:\/\/novaorg.cofb.net\/2015\/09\/30\/activitats-amb-motiu-del-dia-mundial-del-pacient-ostomitzat\/#primaryimage\"},\"image\":{\"@id\":\"https:\/\/novaorg.cofb.net\/2015\/09\/30\/activitats-amb-motiu-del-dia-mundial-del-pacient-ostomitzat\/#primaryimage\"},\"thumbnailUrl\":\"\",\"datePublished\":\"2015-09-30T10:36:05+00:00\",\"dateModified\":\"2015-09-30T10:36:05+00:00\",\"breadcrumb\":{\"@id\":\"https:\/\/novaorg.cofb.net\/2015\/09\/30\/activitats-amb-motiu-del-dia-mundial-del-pacient-ostomitzat\/#breadcrumb\"},\"inLanguage\":\"ca\",\"potentialAction\":[{\"@type\":\"ReadAction\",\"target\":[\"https:\/\/novaorg.cofb.net\/2015\/09\/30\/activitats-amb-motiu-del-dia-mundial-del-pacient-ostomitzat\/\"]}]},{\"@type\":\"ImageObject\",\"inLanguage\":\"ca\",\"@id\":\"https:\/\/novaorg.cofb.net\/2015\/09\/30\/activitats-amb-motiu-del-dia-mundial-del-pacient-ostomitzat\/#primaryimage\",\"url\":\"\",\"contentUrl\":\"\"},{\"@type\":\"BreadcrumbList\",\"@id\":\"https:\/\/novaorg.cofb.net\/2015\/09\/30\/activitats-amb-motiu-del-dia-mundial-del-pacient-ostomitzat\/#breadcrumb\",\"itemListElement\":[{\"@type\":\"ListItem\",\"position\":1,\"name\":\"Inici\",\"item\":\"https:\/\/novaorg.cofb.net\/\"},{\"@type\":\"ListItem\",\"position\":2,\"name\":\"Activitats amb motiu del Dia Mundial del Pacient Ostomitzat\"}]},{\"@type\":\"WebSite\",\"@id\":\"https:\/\/www.cofb.org\/#website\",\"url\":\"https:\/\/www.cofb.org\/\",\"name\":\"Col\u00b7legi de Farmac\u00e8utics de Barcelona\",\"description\":\"\",\"publisher\":{\"@id\":\"https:\/\/www.cofb.org\/#organization\"},\"potentialAction\":[{\"@type\":\"SearchAction\",\"target\":{\"@type\":\"EntryPoint\",\"urlTemplate\":\"https:\/\/www.cofb.org\/?s={search_term_string}\"},\"query-input\":\"required name=search_term_string\"}],\"inLanguage\":\"ca\"},{\"@type\":\"Organization\",\"@id\":\"https:\/\/www.cofb.org\/#organization\",\"name\":\"Col\u00b7legi de Farmac\u00e8utics de Barcelona\",\"url\":\"https:\/\/www.cofb.org\/\",\"logo\":{\"@type\":\"ImageObject\",\"inLanguage\":\"ca\",\"@id\":\"https:\/\/www.cofb.org\/#\/schema\/logo\/image\/\",\"url\":\"https:\/\/www.cofb.org\/wp-content\/uploads\/2023\/11\/cropped-Logotip-COFB.png\",\"contentUrl\":\"https:\/\/www.cofb.org\/wp-content\/uploads\/2023\/11\/cropped-Logotip-COFB.png\",\"width\":500,\"height\":105,\"caption\":\"Col\u00b7legi de Farmac\u00e8utics de Barcelona\"},\"image\":{\"@id\":\"https:\/\/www.cofb.org\/#\/schema\/logo\/image\/\"},\"sameAs\":[\"https:\/\/www.facebook.com\/farmaceuticsbcn\/\",\"https:\/\/twitter.com\/farmaceuticsbcn\",\"https:\/\/www.instagram.com\/farmaceuticsbcn\/\",\"https:\/\/www.linkedin.com\/company\/farmaceuticsbcn\/\"]},{\"@type\":\"Person\",\"@id\":\"https:\/\/www.cofb.org\/#\/schema\/person\/22ed7eea88da74b0fa4d3154ad87ffcb\",\"name\":\"wpAdminCofbOrg\",\"image\":{\"@type\":\"ImageObject\",\"inLanguage\":\"ca\",\"@id\":\"https:\/\/www.cofb.org\/#\/schema\/person\/image\/\",\"url\":\"https:\/\/secure.gravatar.com\/avatar\/1721b20b3b8ca882c3b56ec6c978c594fff670e40c0718e9190eaeeb76aae7d8?s=96&d=mm&r=g\",\"contentUrl\":\"https:\/\/secure.gravatar.com\/avatar\/1721b20b3b8ca882c3b56ec6c978c594fff670e40c0718e9190eaeeb76aae7d8?s=96&d=mm&r=g\",\"caption\":\"wpAdminCofbOrg\"},\"sameAs\":[\"http:\/\/192.168.64.122\/wordpress\"],\"url\":\"https:\/\/www.cofb.org\/ca\/author\/wpadmincofborg\/\"}]}<\/script>\n<!-- \/ Yoast SEO plugin. -->","yoast_head_json":{"title":"Activitats amb motiu del Dia Mundial del Pacient Ostomitzat - Col\u00b7legi de Farmac\u00e8utics de Barcelona","robots":{"index":"index","follow":"follow","max-snippet":"max-snippet:-1","max-image-preview":"max-image-preview:large","max-video-preview":"max-video-preview:-1"},"canonical":"https:\/\/novaorg.cofb.net\/2015\/09\/30\/activitats-amb-motiu-del-dia-mundial-del-pacient-ostomitzat\/","og_locale":"ca_ES","og_type":"article","og_title":"Activitats amb motiu del Dia Mundial del Pacient Ostomitzat - Col\u00b7legi de Farmac\u00e8utics de Barcelona","og_description":"L\u2019ostomia \u00e9s una intervenci\u00f3 quir\u00fargica que t\u00e9 per objectiu crear una comunicaci\u00f3 artificial entre una v\u00edscera i l&#8217;exterior a trav\u00e9s de l&#8217;abdomen per conduir els fluids corporals, mat\u00e8ria fecal, urin\u00e0ria o secrecions de l&#8217;organisme. Pot ser permanent o temporal. En general, es realitza en l&#8217;intest\u00ed prim, en l&#8217;intest\u00ed gruixut i [&hellip;]","og_url":"https:\/\/novaorg.cofb.net\/2015\/09\/30\/activitats-amb-motiu-del-dia-mundial-del-pacient-ostomitzat\/","og_site_name":"Col\u00b7legi de Farmac\u00e8utics de Barcelona","article_publisher":"https:\/\/www.facebook.com\/farmaceuticsbcn\/","article_published_time":"2015-09-30T10:36:05+00:00","author":"wpAdminCofbOrg","twitter_card":"summary_large_image","twitter_creator":"@farmaceuticsbcn","twitter_site":"@farmaceuticsbcn","twitter_misc":{"Escrit per":"wpAdminCofbOrg","Temps estimat de lectura":"2 minuts"},"schema":{"@context":"https:\/\/schema.org","@graph":[{"@type":"Article","@id":"https:\/\/novaorg.cofb.net\/2015\/09\/30\/activitats-amb-motiu-del-dia-mundial-del-pacient-ostomitzat\/#article","isPartOf":{"@id":"https:\/\/novaorg.cofb.net\/2015\/09\/30\/activitats-amb-motiu-del-dia-mundial-del-pacient-ostomitzat\/"},"author":{"name":"wpAdminCofbOrg","@id":"https:\/\/www.cofb.org\/#\/schema\/person\/22ed7eea88da74b0fa4d3154ad87ffcb"},"headline":"Activitats amb motiu del Dia Mundial del Pacient Ostomitzat","datePublished":"2015-09-30T10:36:05+00:00","dateModified":"2015-09-30T10:36:05+00:00","mainEntityOfPage":{"@id":"https:\/\/novaorg.cofb.net\/2015\/09\/30\/activitats-amb-motiu-del-dia-mundial-del-pacient-ostomitzat\/"},"wordCount":478,"commentCount":0,"publisher":{"@id":"https:\/\/www.cofb.org\/#organization"},"image":{"@id":"https:\/\/novaorg.cofb.net\/2015\/09\/30\/activitats-amb-motiu-del-dia-mundial-del-pacient-ostomitzat\/#primaryimage"},"thumbnailUrl":"","keywords":["Ortop\u00e8dia","ostomia","ostomitzats"],"articleSection":["Not\u00edcies farm\u00e0cia"],"inLanguage":"ca","potentialAction":[{"@type":"CommentAction","name":"Comment","target":["https:\/\/novaorg.cofb.net\/2015\/09\/30\/activitats-amb-motiu-del-dia-mundial-del-pacient-ostomitzat\/#respond"]}]},{"@type":"WebPage","@id":"https:\/\/novaorg.cofb.net\/2015\/09\/30\/activitats-amb-motiu-del-dia-mundial-del-pacient-ostomitzat\/","url":"https:\/\/novaorg.cofb.net\/2015\/09\/30\/activitats-amb-motiu-del-dia-mundial-del-pacient-ostomitzat\/","name":"Activitats amb motiu del Dia Mundial del Pacient Ostomitzat - Col\u00b7legi de Farmac\u00e8utics de Barcelona","isPartOf":{"@id":"https:\/\/www.cofb.org\/#website"},"primaryImageOfPage":{"@id":"https:\/\/novaorg.cofb.net\/2015\/09\/30\/activitats-amb-motiu-del-dia-mundial-del-pacient-ostomitzat\/#primaryimage"},"image":{"@id":"https:\/\/novaorg.cofb.net\/2015\/09\/30\/activitats-amb-motiu-del-dia-mundial-del-pacient-ostomitzat\/#primaryimage"},"thumbnailUrl":"","datePublished":"2015-09-30T10:36:05+00:00","dateModified":"2015-09-30T10:36:05+00:00","breadcrumb":{"@id":"https:\/\/novaorg.cofb.net\/2015\/09\/30\/activitats-amb-motiu-del-dia-mundial-del-pacient-ostomitzat\/#breadcrumb"},"inLanguage":"ca","potentialAction":[{"@type":"ReadAction","target":["https:\/\/novaorg.cofb.net\/2015\/09\/30\/activitats-amb-motiu-del-dia-mundial-del-pacient-ostomitzat\/"]}]},{"@type":"ImageObject","inLanguage":"ca","@id":"https:\/\/novaorg.cofb.net\/2015\/09\/30\/activitats-amb-motiu-del-dia-mundial-del-pacient-ostomitzat\/#primaryimage","url":"","contentUrl":""},{"@type":"BreadcrumbList","@id":"https:\/\/novaorg.cofb.net\/2015\/09\/30\/activitats-amb-motiu-del-dia-mundial-del-pacient-ostomitzat\/#breadcrumb","itemListElement":[{"@type":"ListItem","position":1,"name":"Inici","item":"https:\/\/novaorg.cofb.net\/"},{"@type":"ListItem","position":2,"name":"Activitats amb motiu del Dia Mundial del Pacient Ostomitzat"}]},{"@type":"WebSite","@id":"https:\/\/www.cofb.org\/#website","url":"https:\/\/www.cofb.org\/","name":"Col\u00b7legi de Farmac\u00e8utics de Barcelona","description":"","publisher":{"@id":"https:\/\/www.cofb.org\/#organization"},"potentialAction":[{"@type":"SearchAction","target":{"@type":"EntryPoint","urlTemplate":"https:\/\/www.cofb.org\/?s={search_term_string}"},"query-input":"required name=search_term_string"}],"inLanguage":"ca"},{"@type":"Organization","@id":"https:\/\/www.cofb.org\/#organization","name":"Col\u00b7legi de Farmac\u00e8utics de Barcelona","url":"https:\/\/www.cofb.org\/","logo":{"@type":"ImageObject","inLanguage":"ca","@id":"https:\/\/www.cofb.org\/#\/schema\/logo\/image\/","url":"https:\/\/www.cofb.org\/wp-content\/uploads\/2023\/11\/cropped-Logotip-COFB.png","contentUrl":"https:\/\/www.cofb.org\/wp-content\/uploads\/2023\/11\/cropped-Logotip-COFB.png","width":500,"height":105,"caption":"Col\u00b7legi de Farmac\u00e8utics de Barcelona"},"image":{"@id":"https:\/\/www.cofb.org\/#\/schema\/logo\/image\/"},"sameAs":["https:\/\/www.facebook.com\/farmaceuticsbcn\/","https:\/\/twitter.com\/farmaceuticsbcn","https:\/\/www.instagram.com\/farmaceuticsbcn\/","https:\/\/www.linkedin.com\/company\/farmaceuticsbcn\/"]},{"@type":"Person","@id":"https:\/\/www.cofb.org\/#\/schema\/person\/22ed7eea88da74b0fa4d3154ad87ffcb","name":"wpAdminCofbOrg","image":{"@type":"ImageObject","inLanguage":"ca","@id":"https:\/\/www.cofb.org\/#\/schema\/person\/image\/","url":"https:\/\/secure.gravatar.com\/avatar\/1721b20b3b8ca882c3b56ec6c978c594fff670e40c0718e9190eaeeb76aae7d8?s=96&d=mm&r=g","contentUrl":"https:\/\/secure.gravatar.com\/avatar\/1721b20b3b8ca882c3b56ec6c978c594fff670e40c0718e9190eaeeb76aae7d8?s=96&d=mm&r=g","caption":"wpAdminCofbOrg"},"sameAs":["http:\/\/192.168.64.122\/wordpress"],"url":"https:\/\/www.cofb.org\/ca\/author\/wpadmincofborg\/"}]}},"uagb_featured_image_src":{"full":false,"thumbnail":false,"medium":false,"medium_large":false,"large":false,"1536x1536":false,"2048x2048":false,"trp-custom-language-flag":false},"uagb_author_info":{"display_name":"wpAdminCofbOrg","author_link":"https:\/\/www.cofb.org\/ca\/author\/wpadmincofborg\/"},"uagb_comment_info":0,"uagb_excerpt":"L\u2019ostomia \u00e9s una intervenci\u00f3 quir\u00fargica que t\u00e9 per objectiu crear una comunicaci\u00f3 artificial entre una v\u00edscera i l&#8217;exterior a trav\u00e9s de l&#8217;abdomen per conduir els fluids corporals, mat\u00e8ria fecal, urin\u00e0ria o secrecions de l&#8217;organisme. Pot ser permanent o temporal. En general, es realitza en l&#8217;intest\u00ed prim, en l&#8217;intest\u00ed gruixut i [&hellip;]","_links":{"self":[{"href":"https:\/\/www.cofb.org\/ca\/wp-json\/wp\/v2\/posts\/16343","targetHints":{"allow":["GET"]}}],"collection":[{"href":"https:\/\/www.cofb.org\/ca\/wp-json\/wp\/v2\/posts"}],"about":[{"href":"https:\/\/www.cofb.org\/ca\/wp-json\/wp\/v2\/types\/post"}],"author":[{"embeddable":true,"href":"https:\/\/www.cofb.org\/ca\/wp-json\/wp\/v2\/users\/1"}],"replies":[{"embeddable":true,"href":"https:\/\/www.cofb.org\/ca\/wp-json\/wp\/v2\/comments?post=16343"}],"version-history":[{"count":0,"href":"https:\/\/www.cofb.org\/ca\/wp-json\/wp\/v2\/posts\/16343\/revisions"}],"wp:featuredmedia":[{"embeddable":true,"href":"https:\/\/www.cofb.org\/ca\/wp-json\/"}],"wp:attachment":[{"href":"https:\/\/www.cofb.org\/ca\/wp-json\/wp\/v2\/media?parent=16343"}],"wp:term":[{"taxonomy":"category","embeddable":true,"href":"https:\/\/www.cofb.org\/ca\/wp-json\/wp\/v2\/categories?post=16343"},{"taxonomy":"post_tag","embeddable":true,"href":"https:\/\/www.cofb.org\/ca\/wp-json\/wp\/v2\/tags?post=16343"}],"curies":[{"name":"wp","href":"https:\/\/api.w.org\/{rel}","templated":true}]}}