{"id":15550,"date":"2015-09-10T11:04:14","date_gmt":"2015-09-10T10:04:14","guid":{"rendered":"http:\/\/blog.cofb.cat\/?p=15550"},"modified":"2015-09-10T11:04:14","modified_gmt":"2015-09-10T10:04:14","slug":"sessio-informativa-sobre-el-nou-reglament-de-productes-sanitaris","status":"publish","type":"post","link":"https:\/\/www.cofb.org\/ca\/2015\/09\/10\/sessio-informativa-sobre-el-nou-reglament-de-productes-sanitaris\/","title":{"rendered":"Sessi\u00f3 informativa sobre el nou reglament de productes sanitaris"},"content":{"rendered":"<p><img fetchpriority=\"high\" decoding=\"async\" class=\"alignleft  wp-image-15552\" alt=\"reglament-PS (1)\" src=\"http:\/\/blog.cofb.cat\/wp-content\/uploads\/2015\/08\/reglament-PS-1.jpg\" width=\"357\" height=\"167\" \/>El Col\u00b7legi va acollir el 24 de juliol una jornada de presentaci\u00f3 de l&#8217;<strong>esborrany del nou reglament de productes sanitaris<\/strong>, que substituir\u00e0 a l&#8217;actual <a href=\"http:\/\/www.aemps.gob.es\/productosSanitarios\/prodSanitarios\/home.htm\">Directiva 93\/42\/CEE<\/a>. Al llarg de la sessi\u00f3, organitzada conjuntament amb el <a href=\"http:\/\/www.mcamps.com\/\">Gabinet T\u00e8cnic Farmac\u00e8utic M. Camps<\/a> (GFT) i la companyia italiana <a href=\"http:\/\/www.kiwa.es\/index.aspx\">Kiwa Cermet Italia<\/a>, es va donar una visi\u00f3 dels principals canvis als quals s&#8217;enfrontar\u00e0 el sector despr\u00e9s de la publicaci\u00f3 d&#8217;aquest reglament l&#8217;any vinent. El programa va abordar el proc\u00e9s d\u2019aprovaci\u00f3 i per\u00edode de transici\u00f3 a la nova norma, l\u2019estructura del nou reglament, les regles de classificaci\u00f3 especials dels productes a base de subst\u00e0ncies i el canvi de classificaci\u00f3 i, finalment, els operadors econ\u00f2mics: distribu\u00efdor i importador.<\/p>\n<p>La jornada va anar c\u00e0rrec de <strong>Merc\u00e8 Camps<\/strong>, directora de GFT, i els ponents <strong>Fabio Tommasi Rosso<\/strong>, auditor s\u00e8nior, i <strong>Alessia Frabetti<\/strong>, responsable de producte sanitari per Kiwa Cermet Italia. Al llarg de les tres hores de confer\u00e8ncia, Rosso i Frabetti, en una exposici\u00f3 pr\u00e0ctica, van donar una pinzellada sobre totes les novetats del futur reglament: van fer una introducci\u00f3 al document que es troba en fase d\u2019esborrany i van fer una cronologia del seu proc\u00e9s d&#8217;aprovaci\u00f3, que, segons els c\u00e0lculs dels ponents, <b>es publicar\u00e0 probablement en el primer trimestre de 2016<\/b>. Tamb\u00e9 es va parlar sobre l&#8217;estructura del reglament, i sobre els canvis que va a comportar en la classificaci\u00f3 dels productes respecte a reglaments anteriors.<\/p>\n<figure id=\"attachment_15562\" aria-describedby=\"caption-attachment-15562\" style=\"width: 593px\" class=\"wp-caption aligncenter\"><img decoding=\"async\" class=\" wp-image-15562  \" alt=\"reglament-PS (3)\" src=\"http:\/\/blog.cofb.cat\/wp-content\/uploads\/2015\/08\/reglament-PS-3.jpg\" width=\"593\" height=\"317\" \/><figcaption id=\"caption-attachment-15562\" class=\"wp-caption-text\">D&#8217;esquerra a dreta: Juan Cardona, responsable de Kiwa a Espanya, Alessia Frabetti, responsable de producte sanitari per Kiwa, Merc\u00e8 Camps, directora d&#8217;GFT, i Fabio Tomassio, ponent i auditor s\u00e8nior de Kiwa<\/figcaption><\/figure>\n<p>&nbsp;<\/p>\n","protected":false},"excerpt":{"rendered":"<p>El Col\u00b7legi va acollir el 24 de juliol una jornada de presentaci\u00f3 de l&#8217;esborrany del nou reglament de productes sanitaris, que substituir\u00e0 a l&#8217;actual Directiva 93\/42\/CEE. Al llarg de la sessi\u00f3, organitzada conjuntament amb el Gabinet T\u00e8cnic Farmac\u00e8utic M. Camps (GFT) i la companyia italiana Kiwa Cermet Italia, es va [&hellip;]<\/p>\n","protected":false},"author":1,"featured_media":15553,"comment_status":"open","ping_status":"open","sticky":false,"template":"","format":"standard","meta":{"_uag_custom_page_level_css":"","site-sidebar-layout":"default","site-content-layout":"","ast-site-content-layout":"default","site-content-style":"default","site-sidebar-style":"default","ast-global-header-display":"","ast-banner-title-visibility":"","ast-main-header-display":"","ast-hfb-above-header-display":"","ast-hfb-below-header-display":"","ast-hfb-mobile-header-display":"","site-post-title":"","ast-breadcrumbs-content":"","ast-featured-img":"disabled","footer-sml-layout":"","theme-transparent-header-meta":"","adv-header-id-meta":"","stick-header-meta":"","header-above-stick-meta":"","header-main-stick-meta":"","header-below-stick-meta":"","astra-migrate-meta-layouts":"default","ast-page-background-enabled":"default","ast-page-background-meta":{"desktop":{"background-color":"var(--ast-global-color-4)","background-image":"","background-repeat":"repeat","background-position":"center center","background-size":"auto","background-attachment":"scroll","background-type":"","background-media":"","overlay-type":"","overlay-color":"","overlay-opacity":"","overlay-gradient":""},"tablet":{"background-color":"","background-image":"","background-repeat":"repeat","background-position":"center center","background-size":"auto","background-attachment":"scroll","background-type":"","background-media":"","overlay-type":"","overlay-color":"","overlay-opacity":"","overlay-gradient":""},"mobile":{"background-color":"","background-image":"","background-repeat":"repeat","background-position":"center center","background-size":"auto","background-attachment":"scroll","background-type":"","background-media":"","overlay-type":"","overlay-color":"","overlay-opacity":"","overlay-gradient":""}},"ast-content-background-meta":{"desktop":{"background-color":"var(--ast-global-color-5)","background-image":"","background-repeat":"repeat","background-position":"center center","background-size":"auto","background-attachment":"scroll","background-type":"","background-media":"","overlay-type":"","overlay-color":"","overlay-opacity":"","overlay-gradient":""},"tablet":{"background-color":"var(--ast-global-color-5)","background-image":"","background-repeat":"repeat","background-position":"center center","background-size":"auto","background-attachment":"scroll","background-type":"","background-media":"","overlay-type":"","overlay-color":"","overlay-opacity":"","overlay-gradient":""},"mobile":{"background-color":"var(--ast-global-color-5)","background-image":"","background-repeat":"repeat","background-position":"center center","background-size":"auto","background-attachment":"scroll","background-type":"","background-media":"","overlay-type":"","overlay-color":"","overlay-opacity":"","overlay-gradient":""}},"footnotes":""},"categories":[57],"tags":[339,237],"class_list":["post-15550","post","type-post","status-publish","format-standard","has-post-thumbnail","hentry","category-mon-collegial","tag-legislacio","tag-productes-sanitaris"],"yoast_head":"<!-- This site is optimized with the Yoast SEO plugin v22.4 - https:\/\/yoast.com\/wordpress\/plugins\/seo\/ -->\n<title>Sessi\u00f3 informativa sobre el nou reglament de productes sanitaris - Col\u00b7legi de Farmac\u00e8utics de Barcelona<\/title>\n<meta name=\"robots\" content=\"index, follow, max-snippet:-1, max-image-preview:large, max-video-preview:-1\" \/>\n<link rel=\"canonical\" href=\"https:\/\/novaorg.cofb.net\/2015\/09\/10\/sessio-informativa-sobre-el-nou-reglament-de-productes-sanitaris\/\" \/>\n<meta property=\"og:locale\" content=\"ca_ES\" \/>\n<meta property=\"og:type\" content=\"article\" \/>\n<meta property=\"og:title\" content=\"Sessi\u00f3 informativa sobre el nou reglament de productes sanitaris - Col\u00b7legi de Farmac\u00e8utics de Barcelona\" \/>\n<meta property=\"og:description\" content=\"El Col\u00b7legi va acollir el 24 de juliol una jornada de presentaci\u00f3 de l&#8217;esborrany del nou reglament de productes sanitaris, que substituir\u00e0 a l&#8217;actual Directiva 93\/42\/CEE. Al llarg de la sessi\u00f3, organitzada conjuntament amb el Gabinet T\u00e8cnic Farmac\u00e8utic M. Camps (GFT) i la companyia italiana Kiwa Cermet Italia, es va [&hellip;]\" \/>\n<meta property=\"og:url\" content=\"https:\/\/novaorg.cofb.net\/2015\/09\/10\/sessio-informativa-sobre-el-nou-reglament-de-productes-sanitaris\/\" \/>\n<meta property=\"og:site_name\" content=\"Col\u00b7legi de Farmac\u00e8utics de Barcelona\" \/>\n<meta property=\"article:publisher\" content=\"https:\/\/www.facebook.com\/farmaceuticsbcn\/\" \/>\n<meta property=\"article:published_time\" content=\"2015-09-10T10:04:14+00:00\" \/>\n<meta name=\"author\" content=\"wpAdminCofbOrg\" \/>\n<meta name=\"twitter:card\" content=\"summary_large_image\" \/>\n<meta name=\"twitter:creator\" content=\"@farmaceuticsbcn\" \/>\n<meta name=\"twitter:site\" content=\"@farmaceuticsbcn\" \/>\n<meta name=\"twitter:label1\" content=\"Escrit per\" \/>\n\t<meta name=\"twitter:data1\" content=\"wpAdminCofbOrg\" \/>\n\t<meta name=\"twitter:label2\" content=\"Temps estimat de lectura\" \/>\n\t<meta name=\"twitter:data2\" content=\"1 minut\" \/>\n<script type=\"application\/ld+json\" class=\"yoast-schema-graph\">{\"@context\":\"https:\/\/schema.org\",\"@graph\":[{\"@type\":\"Article\",\"@id\":\"https:\/\/novaorg.cofb.net\/2015\/09\/10\/sessio-informativa-sobre-el-nou-reglament-de-productes-sanitaris\/#article\",\"isPartOf\":{\"@id\":\"https:\/\/novaorg.cofb.net\/2015\/09\/10\/sessio-informativa-sobre-el-nou-reglament-de-productes-sanitaris\/\"},\"author\":{\"name\":\"wpAdminCofbOrg\",\"@id\":\"https:\/\/www.cofb.org\/#\/schema\/person\/22ed7eea88da74b0fa4d3154ad87ffcb\"},\"headline\":\"Sessi\u00f3 informativa sobre el nou reglament de productes sanitaris\",\"datePublished\":\"2015-09-10T10:04:14+00:00\",\"dateModified\":\"2015-09-10T10:04:14+00:00\",\"mainEntityOfPage\":{\"@id\":\"https:\/\/novaorg.cofb.net\/2015\/09\/10\/sessio-informativa-sobre-el-nou-reglament-de-productes-sanitaris\/\"},\"wordCount\":303,\"commentCount\":2,\"publisher\":{\"@id\":\"https:\/\/www.cofb.org\/#organization\"},\"image\":{\"@id\":\"https:\/\/novaorg.cofb.net\/2015\/09\/10\/sessio-informativa-sobre-el-nou-reglament-de-productes-sanitaris\/#primaryimage\"},\"thumbnailUrl\":\"\",\"keywords\":[\"legislaci\u00f3\",\"productes sanitaris\"],\"articleSection\":[\"M\u00f3n col\u00b7legial\"],\"inLanguage\":\"ca\",\"potentialAction\":[{\"@type\":\"CommentAction\",\"name\":\"Comment\",\"target\":[\"https:\/\/novaorg.cofb.net\/2015\/09\/10\/sessio-informativa-sobre-el-nou-reglament-de-productes-sanitaris\/#respond\"]}]},{\"@type\":\"WebPage\",\"@id\":\"https:\/\/novaorg.cofb.net\/2015\/09\/10\/sessio-informativa-sobre-el-nou-reglament-de-productes-sanitaris\/\",\"url\":\"https:\/\/novaorg.cofb.net\/2015\/09\/10\/sessio-informativa-sobre-el-nou-reglament-de-productes-sanitaris\/\",\"name\":\"Sessi\u00f3 informativa sobre el nou reglament de productes sanitaris - Col\u00b7legi de Farmac\u00e8utics de Barcelona\",\"isPartOf\":{\"@id\":\"https:\/\/www.cofb.org\/#website\"},\"primaryImageOfPage\":{\"@id\":\"https:\/\/novaorg.cofb.net\/2015\/09\/10\/sessio-informativa-sobre-el-nou-reglament-de-productes-sanitaris\/#primaryimage\"},\"image\":{\"@id\":\"https:\/\/novaorg.cofb.net\/2015\/09\/10\/sessio-informativa-sobre-el-nou-reglament-de-productes-sanitaris\/#primaryimage\"},\"thumbnailUrl\":\"\",\"datePublished\":\"2015-09-10T10:04:14+00:00\",\"dateModified\":\"2015-09-10T10:04:14+00:00\",\"breadcrumb\":{\"@id\":\"https:\/\/novaorg.cofb.net\/2015\/09\/10\/sessio-informativa-sobre-el-nou-reglament-de-productes-sanitaris\/#breadcrumb\"},\"inLanguage\":\"ca\",\"potentialAction\":[{\"@type\":\"ReadAction\",\"target\":[\"https:\/\/novaorg.cofb.net\/2015\/09\/10\/sessio-informativa-sobre-el-nou-reglament-de-productes-sanitaris\/\"]}]},{\"@type\":\"ImageObject\",\"inLanguage\":\"ca\",\"@id\":\"https:\/\/novaorg.cofb.net\/2015\/09\/10\/sessio-informativa-sobre-el-nou-reglament-de-productes-sanitaris\/#primaryimage\",\"url\":\"\",\"contentUrl\":\"\"},{\"@type\":\"BreadcrumbList\",\"@id\":\"https:\/\/novaorg.cofb.net\/2015\/09\/10\/sessio-informativa-sobre-el-nou-reglament-de-productes-sanitaris\/#breadcrumb\",\"itemListElement\":[{\"@type\":\"ListItem\",\"position\":1,\"name\":\"Inici\",\"item\":\"https:\/\/novaorg.cofb.net\/\"},{\"@type\":\"ListItem\",\"position\":2,\"name\":\"Sessi\u00f3 informativa sobre el nou reglament de productes sanitaris\"}]},{\"@type\":\"WebSite\",\"@id\":\"https:\/\/www.cofb.org\/#website\",\"url\":\"https:\/\/www.cofb.org\/\",\"name\":\"Col\u00b7legi de Farmac\u00e8utics de Barcelona\",\"description\":\"\",\"publisher\":{\"@id\":\"https:\/\/www.cofb.org\/#organization\"},\"potentialAction\":[{\"@type\":\"SearchAction\",\"target\":{\"@type\":\"EntryPoint\",\"urlTemplate\":\"https:\/\/www.cofb.org\/?s={search_term_string}\"},\"query-input\":\"required name=search_term_string\"}],\"inLanguage\":\"ca\"},{\"@type\":\"Organization\",\"@id\":\"https:\/\/www.cofb.org\/#organization\",\"name\":\"Col\u00b7legi de Farmac\u00e8utics de Barcelona\",\"url\":\"https:\/\/www.cofb.org\/\",\"logo\":{\"@type\":\"ImageObject\",\"inLanguage\":\"ca\",\"@id\":\"https:\/\/www.cofb.org\/#\/schema\/logo\/image\/\",\"url\":\"https:\/\/www.cofb.org\/wp-content\/uploads\/2023\/11\/cropped-Logotip-COFB.png\",\"contentUrl\":\"https:\/\/www.cofb.org\/wp-content\/uploads\/2023\/11\/cropped-Logotip-COFB.png\",\"width\":500,\"height\":105,\"caption\":\"Col\u00b7legi de Farmac\u00e8utics de Barcelona\"},\"image\":{\"@id\":\"https:\/\/www.cofb.org\/#\/schema\/logo\/image\/\"},\"sameAs\":[\"https:\/\/www.facebook.com\/farmaceuticsbcn\/\",\"https:\/\/twitter.com\/farmaceuticsbcn\",\"https:\/\/www.instagram.com\/farmaceuticsbcn\/\",\"https:\/\/www.linkedin.com\/company\/farmaceuticsbcn\/\"]},{\"@type\":\"Person\",\"@id\":\"https:\/\/www.cofb.org\/#\/schema\/person\/22ed7eea88da74b0fa4d3154ad87ffcb\",\"name\":\"wpAdminCofbOrg\",\"image\":{\"@type\":\"ImageObject\",\"inLanguage\":\"ca\",\"@id\":\"https:\/\/www.cofb.org\/#\/schema\/person\/image\/\",\"url\":\"https:\/\/secure.gravatar.com\/avatar\/1721b20b3b8ca882c3b56ec6c978c594fff670e40c0718e9190eaeeb76aae7d8?s=96&d=mm&r=g\",\"contentUrl\":\"https:\/\/secure.gravatar.com\/avatar\/1721b20b3b8ca882c3b56ec6c978c594fff670e40c0718e9190eaeeb76aae7d8?s=96&d=mm&r=g\",\"caption\":\"wpAdminCofbOrg\"},\"sameAs\":[\"http:\/\/192.168.64.122\/wordpress\"],\"url\":\"https:\/\/www.cofb.org\/ca\/author\/wpadmincofborg\/\"}]}<\/script>\n<!-- \/ Yoast SEO plugin. -->","yoast_head_json":{"title":"Sessi\u00f3 informativa sobre el nou reglament de productes sanitaris - Col\u00b7legi de Farmac\u00e8utics de Barcelona","robots":{"index":"index","follow":"follow","max-snippet":"max-snippet:-1","max-image-preview":"max-image-preview:large","max-video-preview":"max-video-preview:-1"},"canonical":"https:\/\/novaorg.cofb.net\/2015\/09\/10\/sessio-informativa-sobre-el-nou-reglament-de-productes-sanitaris\/","og_locale":"ca_ES","og_type":"article","og_title":"Sessi\u00f3 informativa sobre el nou reglament de productes sanitaris - Col\u00b7legi de Farmac\u00e8utics de Barcelona","og_description":"El Col\u00b7legi va acollir el 24 de juliol una jornada de presentaci\u00f3 de l&#8217;esborrany del nou reglament de productes sanitaris, que substituir\u00e0 a l&#8217;actual Directiva 93\/42\/CEE. Al llarg de la sessi\u00f3, organitzada conjuntament amb el Gabinet T\u00e8cnic Farmac\u00e8utic M. Camps (GFT) i la companyia italiana Kiwa Cermet Italia, es va [&hellip;]","og_url":"https:\/\/novaorg.cofb.net\/2015\/09\/10\/sessio-informativa-sobre-el-nou-reglament-de-productes-sanitaris\/","og_site_name":"Col\u00b7legi de Farmac\u00e8utics de Barcelona","article_publisher":"https:\/\/www.facebook.com\/farmaceuticsbcn\/","article_published_time":"2015-09-10T10:04:14+00:00","author":"wpAdminCofbOrg","twitter_card":"summary_large_image","twitter_creator":"@farmaceuticsbcn","twitter_site":"@farmaceuticsbcn","twitter_misc":{"Escrit per":"wpAdminCofbOrg","Temps estimat de lectura":"1 minut"},"schema":{"@context":"https:\/\/schema.org","@graph":[{"@type":"Article","@id":"https:\/\/novaorg.cofb.net\/2015\/09\/10\/sessio-informativa-sobre-el-nou-reglament-de-productes-sanitaris\/#article","isPartOf":{"@id":"https:\/\/novaorg.cofb.net\/2015\/09\/10\/sessio-informativa-sobre-el-nou-reglament-de-productes-sanitaris\/"},"author":{"name":"wpAdminCofbOrg","@id":"https:\/\/www.cofb.org\/#\/schema\/person\/22ed7eea88da74b0fa4d3154ad87ffcb"},"headline":"Sessi\u00f3 informativa sobre el nou reglament de productes sanitaris","datePublished":"2015-09-10T10:04:14+00:00","dateModified":"2015-09-10T10:04:14+00:00","mainEntityOfPage":{"@id":"https:\/\/novaorg.cofb.net\/2015\/09\/10\/sessio-informativa-sobre-el-nou-reglament-de-productes-sanitaris\/"},"wordCount":303,"commentCount":2,"publisher":{"@id":"https:\/\/www.cofb.org\/#organization"},"image":{"@id":"https:\/\/novaorg.cofb.net\/2015\/09\/10\/sessio-informativa-sobre-el-nou-reglament-de-productes-sanitaris\/#primaryimage"},"thumbnailUrl":"","keywords":["legislaci\u00f3","productes sanitaris"],"articleSection":["M\u00f3n col\u00b7legial"],"inLanguage":"ca","potentialAction":[{"@type":"CommentAction","name":"Comment","target":["https:\/\/novaorg.cofb.net\/2015\/09\/10\/sessio-informativa-sobre-el-nou-reglament-de-productes-sanitaris\/#respond"]}]},{"@type":"WebPage","@id":"https:\/\/novaorg.cofb.net\/2015\/09\/10\/sessio-informativa-sobre-el-nou-reglament-de-productes-sanitaris\/","url":"https:\/\/novaorg.cofb.net\/2015\/09\/10\/sessio-informativa-sobre-el-nou-reglament-de-productes-sanitaris\/","name":"Sessi\u00f3 informativa sobre el nou reglament de productes sanitaris - Col\u00b7legi de Farmac\u00e8utics de Barcelona","isPartOf":{"@id":"https:\/\/www.cofb.org\/#website"},"primaryImageOfPage":{"@id":"https:\/\/novaorg.cofb.net\/2015\/09\/10\/sessio-informativa-sobre-el-nou-reglament-de-productes-sanitaris\/#primaryimage"},"image":{"@id":"https:\/\/novaorg.cofb.net\/2015\/09\/10\/sessio-informativa-sobre-el-nou-reglament-de-productes-sanitaris\/#primaryimage"},"thumbnailUrl":"","datePublished":"2015-09-10T10:04:14+00:00","dateModified":"2015-09-10T10:04:14+00:00","breadcrumb":{"@id":"https:\/\/novaorg.cofb.net\/2015\/09\/10\/sessio-informativa-sobre-el-nou-reglament-de-productes-sanitaris\/#breadcrumb"},"inLanguage":"ca","potentialAction":[{"@type":"ReadAction","target":["https:\/\/novaorg.cofb.net\/2015\/09\/10\/sessio-informativa-sobre-el-nou-reglament-de-productes-sanitaris\/"]}]},{"@type":"ImageObject","inLanguage":"ca","@id":"https:\/\/novaorg.cofb.net\/2015\/09\/10\/sessio-informativa-sobre-el-nou-reglament-de-productes-sanitaris\/#primaryimage","url":"","contentUrl":""},{"@type":"BreadcrumbList","@id":"https:\/\/novaorg.cofb.net\/2015\/09\/10\/sessio-informativa-sobre-el-nou-reglament-de-productes-sanitaris\/#breadcrumb","itemListElement":[{"@type":"ListItem","position":1,"name":"Inici","item":"https:\/\/novaorg.cofb.net\/"},{"@type":"ListItem","position":2,"name":"Sessi\u00f3 informativa sobre el nou reglament de productes sanitaris"}]},{"@type":"WebSite","@id":"https:\/\/www.cofb.org\/#website","url":"https:\/\/www.cofb.org\/","name":"Col\u00b7legi de Farmac\u00e8utics de Barcelona","description":"","publisher":{"@id":"https:\/\/www.cofb.org\/#organization"},"potentialAction":[{"@type":"SearchAction","target":{"@type":"EntryPoint","urlTemplate":"https:\/\/www.cofb.org\/?s={search_term_string}"},"query-input":"required name=search_term_string"}],"inLanguage":"ca"},{"@type":"Organization","@id":"https:\/\/www.cofb.org\/#organization","name":"Col\u00b7legi de Farmac\u00e8utics de Barcelona","url":"https:\/\/www.cofb.org\/","logo":{"@type":"ImageObject","inLanguage":"ca","@id":"https:\/\/www.cofb.org\/#\/schema\/logo\/image\/","url":"https:\/\/www.cofb.org\/wp-content\/uploads\/2023\/11\/cropped-Logotip-COFB.png","contentUrl":"https:\/\/www.cofb.org\/wp-content\/uploads\/2023\/11\/cropped-Logotip-COFB.png","width":500,"height":105,"caption":"Col\u00b7legi de Farmac\u00e8utics de Barcelona"},"image":{"@id":"https:\/\/www.cofb.org\/#\/schema\/logo\/image\/"},"sameAs":["https:\/\/www.facebook.com\/farmaceuticsbcn\/","https:\/\/twitter.com\/farmaceuticsbcn","https:\/\/www.instagram.com\/farmaceuticsbcn\/","https:\/\/www.linkedin.com\/company\/farmaceuticsbcn\/"]},{"@type":"Person","@id":"https:\/\/www.cofb.org\/#\/schema\/person\/22ed7eea88da74b0fa4d3154ad87ffcb","name":"wpAdminCofbOrg","image":{"@type":"ImageObject","inLanguage":"ca","@id":"https:\/\/www.cofb.org\/#\/schema\/person\/image\/","url":"https:\/\/secure.gravatar.com\/avatar\/1721b20b3b8ca882c3b56ec6c978c594fff670e40c0718e9190eaeeb76aae7d8?s=96&d=mm&r=g","contentUrl":"https:\/\/secure.gravatar.com\/avatar\/1721b20b3b8ca882c3b56ec6c978c594fff670e40c0718e9190eaeeb76aae7d8?s=96&d=mm&r=g","caption":"wpAdminCofbOrg"},"sameAs":["http:\/\/192.168.64.122\/wordpress"],"url":"https:\/\/www.cofb.org\/ca\/author\/wpadmincofborg\/"}]}},"uagb_featured_image_src":{"full":false,"thumbnail":false,"medium":false,"medium_large":false,"large":false,"1536x1536":false,"2048x2048":false,"trp-custom-language-flag":false},"uagb_author_info":{"display_name":"wpAdminCofbOrg","author_link":"https:\/\/www.cofb.org\/ca\/author\/wpadmincofborg\/"},"uagb_comment_info":2,"uagb_excerpt":"El Col\u00b7legi va acollir el 24 de juliol una jornada de presentaci\u00f3 de l&#8217;esborrany del nou reglament de productes sanitaris, que substituir\u00e0 a l&#8217;actual Directiva 93\/42\/CEE. Al llarg de la sessi\u00f3, organitzada conjuntament amb el Gabinet T\u00e8cnic Farmac\u00e8utic M. Camps (GFT) i la companyia italiana Kiwa Cermet Italia, es va [&hellip;]","_links":{"self":[{"href":"https:\/\/www.cofb.org\/ca\/wp-json\/wp\/v2\/posts\/15550","targetHints":{"allow":["GET"]}}],"collection":[{"href":"https:\/\/www.cofb.org\/ca\/wp-json\/wp\/v2\/posts"}],"about":[{"href":"https:\/\/www.cofb.org\/ca\/wp-json\/wp\/v2\/types\/post"}],"author":[{"embeddable":true,"href":"https:\/\/www.cofb.org\/ca\/wp-json\/wp\/v2\/users\/1"}],"replies":[{"embeddable":true,"href":"https:\/\/www.cofb.org\/ca\/wp-json\/wp\/v2\/comments?post=15550"}],"version-history":[{"count":0,"href":"https:\/\/www.cofb.org\/ca\/wp-json\/wp\/v2\/posts\/15550\/revisions"}],"wp:featuredmedia":[{"embeddable":true,"href":"https:\/\/www.cofb.org\/ca\/wp-json\/"}],"wp:attachment":[{"href":"https:\/\/www.cofb.org\/ca\/wp-json\/wp\/v2\/media?parent=15550"}],"wp:term":[{"taxonomy":"category","embeddable":true,"href":"https:\/\/www.cofb.org\/ca\/wp-json\/wp\/v2\/categories?post=15550"},{"taxonomy":"post_tag","embeddable":true,"href":"https:\/\/www.cofb.org\/ca\/wp-json\/wp\/v2\/tags?post=15550"}],"curies":[{"name":"wp","href":"https:\/\/api.w.org\/{rel}","templated":true}]}}