{"id":15349,"date":"2015-07-31T13:06:46","date_gmt":"2015-07-31T12:06:46","guid":{"rendered":"http:\/\/blog.cofb.cat\/?p=15349"},"modified":"2015-07-31T13:06:46","modified_gmt":"2015-07-31T12:06:46","slug":"el-mes-destacat-de-lany-a-la-memoria-del-2014","status":"publish","type":"post","link":"https:\/\/www.cofb.org\/ca\/2015\/07\/31\/el-mes-destacat-de-lany-a-la-memoria-del-2014\/","title":{"rendered":"El m\u00e9s destacat de l&#8217;any, a la Mem\u00f2ria del 2014"},"content":{"rendered":"<p><a href=\"http:\/\/www.cofb.org\/web\/guest\/memoria\" target=\"_blank\" rel=\"noopener\"><img fetchpriority=\"high\" decoding=\"async\" class=\"alignright  wp-image-15350\" alt=\"portada-memoria-2014\" src=\"http:\/\/blog.cofb.cat\/wp-content\/uploads\/2015\/07\/portada-memoria-2014.jpg\" width=\"230\" height=\"274\" \/><\/a>Diuen que les imatges valen m\u00e9s que 1.000 paraules. En aquest cas, per\u00f2, la imatge \u00e9s nom\u00e9s una petita mostra del que trobareu quan hi feu click: una mostra del conjunt d\u2019aven\u00e7os realitzats el 2014 en la l\u00ednia de fer avan\u00e7ar la professi\u00f3 i de millorar l\u2019atenci\u00f3 als pacients, tot plegat materialitzat en la <a href=\"http:\/\/www.cofb.org\/web\/guest\/memoria\" target=\"_blank\" rel=\"noopener\"><b>Mem\u00f2ria 2014 del Col\u00b7legi de Farmac\u00e8utics de Barcelona.<\/b><\/a><\/p>\n<p>El millor exemple d\u2019aquests aven\u00e7os \u00e9s <b>una cartera de serveis assistencials cada cop m\u00e9s forta<\/b>, aquest any ampliada amb el servei de detecci\u00f3 de risc cardiovascular des de la farm\u00e0cia i amb l\u2019extensi\u00f3 de programes ja consolidats com el de detecci\u00f3 preco\u00e7 de c\u00e0ncer de c\u00f2lon, en els quals la intervenci\u00f3 del farmac\u00e8utic ha perm\u00e8s millorar els resultats de salut i mostrar el comprom\u00eds per fer realitat projectes que la societat necessita.<\/p>\n<p>El 2014 ha estat tamb\u00e9 un any d\u2019<b>implicaci\u00f3 amb iniciatives solid\u00e0ries<\/b>, com \u00e9s el cas del projecte <i>Radars<\/i>, per detectar gent gran amb risc d\u2019exclusi\u00f3 social des de la farm\u00e0cia, o de la campanya <i>L\u2019arbre dels petits valents<\/i>, per recaptar fons per a la construcci\u00f3 del nou hospital de dia de l\u2019Hospital Sant Joan de D\u00e9u. I tamb\u00e9 ha estat un any en qu\u00e8 s\u2019han hagut de fer front a adversitats, com el retard en el pagament dels medicaments dispensats, que hem continuat denunciant cada mes.<\/p>\n<p>En definitiva, en aquest document <b>trobareu molt m\u00e9s sobre cada un dels projectes, sobre l\u2019activitat del Col\u00b7legi i dels farmac\u00e8utics, premis, beques i els aven\u00e7os en formaci\u00f3<\/b>.<\/p>\n<p><a style=\"text-align: center;\" href=\"http:\/\/www.cofb.org\/web\/guest\/memoria\" target=\"_blank\" rel=\"noopener\"><strong>Accedir a la Mem\u00f2ria 2014<\/strong><\/a> (via www.cofb.org)<a style=\"text-align: center;\" href=\"http:\/\/www.cofb.org\/web\/guest\/memoria\" target=\"_blank\" rel=\"noopener\"><strong><br \/>\n<\/strong><\/a><\/p>\n","protected":false},"excerpt":{"rendered":"<p>Diuen que les imatges valen m\u00e9s que 1.000 paraules. En aquest cas, per\u00f2, la imatge \u00e9s nom\u00e9s una petita mostra del que trobareu quan hi feu click: una mostra del conjunt d\u2019aven\u00e7os realitzats el 2014 en la l\u00ednia de fer avan\u00e7ar la professi\u00f3 i de millorar l\u2019atenci\u00f3 als pacients, tot [&hellip;]<\/p>\n","protected":false},"author":1,"featured_media":15365,"comment_status":"open","ping_status":"open","sticky":false,"template":"","format":"standard","meta":{"_uag_custom_page_level_css":"","site-sidebar-layout":"default","site-content-layout":"","ast-site-content-layout":"default","site-content-style":"default","site-sidebar-style":"default","ast-global-header-display":"","ast-banner-title-visibility":"","ast-main-header-display":"","ast-hfb-above-header-display":"","ast-hfb-below-header-display":"","ast-hfb-mobile-header-display":"","site-post-title":"","ast-breadcrumbs-content":"","ast-featured-img":"disabled","footer-sml-layout":"","theme-transparent-header-meta":"","adv-header-id-meta":"","stick-header-meta":"","header-above-stick-meta":"","header-main-stick-meta":"","header-below-stick-meta":"","astra-migrate-meta-layouts":"default","ast-page-background-enabled":"default","ast-page-background-meta":{"desktop":{"background-color":"var(--ast-global-color-4)","background-image":"","background-repeat":"repeat","background-position":"center center","background-size":"auto","background-attachment":"scroll","background-type":"","background-media":"","overlay-type":"","overlay-color":"","overlay-opacity":"","overlay-gradient":""},"tablet":{"background-color":"","background-image":"","background-repeat":"repeat","background-position":"center center","background-size":"auto","background-attachment":"scroll","background-type":"","background-media":"","overlay-type":"","overlay-color":"","overlay-opacity":"","overlay-gradient":""},"mobile":{"background-color":"","background-image":"","background-repeat":"repeat","background-position":"center center","background-size":"auto","background-attachment":"scroll","background-type":"","background-media":"","overlay-type":"","overlay-color":"","overlay-opacity":"","overlay-gradient":""}},"ast-content-background-meta":{"desktop":{"background-color":"var(--ast-global-color-5)","background-image":"","background-repeat":"repeat","background-position":"center center","background-size":"auto","background-attachment":"scroll","background-type":"","background-media":"","overlay-type":"","overlay-color":"","overlay-opacity":"","overlay-gradient":""},"tablet":{"background-color":"var(--ast-global-color-5)","background-image":"","background-repeat":"repeat","background-position":"center center","background-size":"auto","background-attachment":"scroll","background-type":"","background-media":"","overlay-type":"","overlay-color":"","overlay-opacity":"","overlay-gradient":""},"mobile":{"background-color":"var(--ast-global-color-5)","background-image":"","background-repeat":"repeat","background-position":"center center","background-size":"auto","background-attachment":"scroll","background-type":"","background-media":"","overlay-type":"","overlay-color":"","overlay-opacity":"","overlay-gradient":""}},"footnotes":""},"categories":[57],"tags":[68,2149],"class_list":["post-15349","post","type-post","status-publish","format-standard","has-post-thumbnail","hentry","category-mon-collegial","tag-farmacia","tag-publicacions"],"yoast_head":"<!-- This site is optimized with the Yoast SEO plugin v22.4 - https:\/\/yoast.com\/wordpress\/plugins\/seo\/ -->\n<title>El m\u00e9s destacat de l&#039;any, a la Mem\u00f2ria del 2014 - Col\u00b7legi de Farmac\u00e8utics de Barcelona<\/title>\n<meta name=\"robots\" content=\"index, follow, max-snippet:-1, max-image-preview:large, max-video-preview:-1\" \/>\n<link rel=\"canonical\" href=\"https:\/\/novaorg.cofb.net\/2015\/07\/31\/el-mes-destacat-de-lany-a-la-memoria-del-2014\/\" \/>\n<meta property=\"og:locale\" content=\"ca_ES\" \/>\n<meta property=\"og:type\" content=\"article\" \/>\n<meta property=\"og:title\" content=\"El m\u00e9s destacat de l&#039;any, a la Mem\u00f2ria del 2014 - Col\u00b7legi de Farmac\u00e8utics de Barcelona\" \/>\n<meta property=\"og:description\" content=\"Diuen que les imatges valen m\u00e9s que 1.000 paraules. En aquest cas, per\u00f2, la imatge \u00e9s nom\u00e9s una petita mostra del que trobareu quan hi feu click: una mostra del conjunt d\u2019aven\u00e7os realitzats el 2014 en la l\u00ednia de fer avan\u00e7ar la professi\u00f3 i de millorar l\u2019atenci\u00f3 als pacients, tot [&hellip;]\" \/>\n<meta property=\"og:url\" content=\"https:\/\/novaorg.cofb.net\/2015\/07\/31\/el-mes-destacat-de-lany-a-la-memoria-del-2014\/\" \/>\n<meta property=\"og:site_name\" content=\"Col\u00b7legi de Farmac\u00e8utics de Barcelona\" \/>\n<meta property=\"article:publisher\" content=\"https:\/\/www.facebook.com\/farmaceuticsbcn\/\" \/>\n<meta property=\"article:published_time\" content=\"2015-07-31T12:06:46+00:00\" \/>\n<meta name=\"author\" content=\"wpAdminCofbOrg\" \/>\n<meta name=\"twitter:card\" content=\"summary_large_image\" \/>\n<meta name=\"twitter:creator\" content=\"@farmaceuticsbcn\" \/>\n<meta name=\"twitter:site\" content=\"@farmaceuticsbcn\" \/>\n<meta name=\"twitter:label1\" content=\"Escrit per\" \/>\n\t<meta name=\"twitter:data1\" content=\"wpAdminCofbOrg\" \/>\n\t<meta name=\"twitter:label2\" content=\"Temps estimat de lectura\" \/>\n\t<meta name=\"twitter:data2\" content=\"1 minut\" \/>\n<script type=\"application\/ld+json\" class=\"yoast-schema-graph\">{\"@context\":\"https:\/\/schema.org\",\"@graph\":[{\"@type\":\"Article\",\"@id\":\"https:\/\/novaorg.cofb.net\/2015\/07\/31\/el-mes-destacat-de-lany-a-la-memoria-del-2014\/#article\",\"isPartOf\":{\"@id\":\"https:\/\/novaorg.cofb.net\/2015\/07\/31\/el-mes-destacat-de-lany-a-la-memoria-del-2014\/\"},\"author\":{\"name\":\"wpAdminCofbOrg\",\"@id\":\"https:\/\/www.cofb.org\/#\/schema\/person\/22ed7eea88da74b0fa4d3154ad87ffcb\"},\"headline\":\"El m\u00e9s destacat de l&#8217;any, a la Mem\u00f2ria del 2014\",\"datePublished\":\"2015-07-31T12:06:46+00:00\",\"dateModified\":\"2015-07-31T12:06:46+00:00\",\"mainEntityOfPage\":{\"@id\":\"https:\/\/novaorg.cofb.net\/2015\/07\/31\/el-mes-destacat-de-lany-a-la-memoria-del-2014\/\"},\"wordCount\":297,\"commentCount\":0,\"publisher\":{\"@id\":\"https:\/\/www.cofb.org\/#organization\"},\"image\":{\"@id\":\"https:\/\/novaorg.cofb.net\/2015\/07\/31\/el-mes-destacat-de-lany-a-la-memoria-del-2014\/#primaryimage\"},\"thumbnailUrl\":\"\",\"keywords\":[\"Farm\u00e0cia\",\"Publicacions\"],\"articleSection\":[\"M\u00f3n col\u00b7legial\"],\"inLanguage\":\"ca\",\"potentialAction\":[{\"@type\":\"CommentAction\",\"name\":\"Comment\",\"target\":[\"https:\/\/novaorg.cofb.net\/2015\/07\/31\/el-mes-destacat-de-lany-a-la-memoria-del-2014\/#respond\"]}]},{\"@type\":\"WebPage\",\"@id\":\"https:\/\/novaorg.cofb.net\/2015\/07\/31\/el-mes-destacat-de-lany-a-la-memoria-del-2014\/\",\"url\":\"https:\/\/novaorg.cofb.net\/2015\/07\/31\/el-mes-destacat-de-lany-a-la-memoria-del-2014\/\",\"name\":\"El m\u00e9s destacat de l'any, a la Mem\u00f2ria del 2014 - Col\u00b7legi de Farmac\u00e8utics de Barcelona\",\"isPartOf\":{\"@id\":\"https:\/\/www.cofb.org\/#website\"},\"primaryImageOfPage\":{\"@id\":\"https:\/\/novaorg.cofb.net\/2015\/07\/31\/el-mes-destacat-de-lany-a-la-memoria-del-2014\/#primaryimage\"},\"image\":{\"@id\":\"https:\/\/novaorg.cofb.net\/2015\/07\/31\/el-mes-destacat-de-lany-a-la-memoria-del-2014\/#primaryimage\"},\"thumbnailUrl\":\"\",\"datePublished\":\"2015-07-31T12:06:46+00:00\",\"dateModified\":\"2015-07-31T12:06:46+00:00\",\"breadcrumb\":{\"@id\":\"https:\/\/novaorg.cofb.net\/2015\/07\/31\/el-mes-destacat-de-lany-a-la-memoria-del-2014\/#breadcrumb\"},\"inLanguage\":\"ca\",\"potentialAction\":[{\"@type\":\"ReadAction\",\"target\":[\"https:\/\/novaorg.cofb.net\/2015\/07\/31\/el-mes-destacat-de-lany-a-la-memoria-del-2014\/\"]}]},{\"@type\":\"ImageObject\",\"inLanguage\":\"ca\",\"@id\":\"https:\/\/novaorg.cofb.net\/2015\/07\/31\/el-mes-destacat-de-lany-a-la-memoria-del-2014\/#primaryimage\",\"url\":\"\",\"contentUrl\":\"\"},{\"@type\":\"BreadcrumbList\",\"@id\":\"https:\/\/novaorg.cofb.net\/2015\/07\/31\/el-mes-destacat-de-lany-a-la-memoria-del-2014\/#breadcrumb\",\"itemListElement\":[{\"@type\":\"ListItem\",\"position\":1,\"name\":\"Inici\",\"item\":\"https:\/\/novaorg.cofb.net\/\"},{\"@type\":\"ListItem\",\"position\":2,\"name\":\"El m\u00e9s destacat de l&#8217;any, a la Mem\u00f2ria del 2014\"}]},{\"@type\":\"WebSite\",\"@id\":\"https:\/\/www.cofb.org\/#website\",\"url\":\"https:\/\/www.cofb.org\/\",\"name\":\"Col\u00b7legi de Farmac\u00e8utics de Barcelona\",\"description\":\"\",\"publisher\":{\"@id\":\"https:\/\/www.cofb.org\/#organization\"},\"potentialAction\":[{\"@type\":\"SearchAction\",\"target\":{\"@type\":\"EntryPoint\",\"urlTemplate\":\"https:\/\/www.cofb.org\/?s={search_term_string}\"},\"query-input\":\"required name=search_term_string\"}],\"inLanguage\":\"ca\"},{\"@type\":\"Organization\",\"@id\":\"https:\/\/www.cofb.org\/#organization\",\"name\":\"Col\u00b7legi de Farmac\u00e8utics de Barcelona\",\"url\":\"https:\/\/www.cofb.org\/\",\"logo\":{\"@type\":\"ImageObject\",\"inLanguage\":\"ca\",\"@id\":\"https:\/\/www.cofb.org\/#\/schema\/logo\/image\/\",\"url\":\"https:\/\/www.cofb.org\/wp-content\/uploads\/2023\/11\/cropped-Logotip-COFB.png\",\"contentUrl\":\"https:\/\/www.cofb.org\/wp-content\/uploads\/2023\/11\/cropped-Logotip-COFB.png\",\"width\":500,\"height\":105,\"caption\":\"Col\u00b7legi de Farmac\u00e8utics de Barcelona\"},\"image\":{\"@id\":\"https:\/\/www.cofb.org\/#\/schema\/logo\/image\/\"},\"sameAs\":[\"https:\/\/www.facebook.com\/farmaceuticsbcn\/\",\"https:\/\/twitter.com\/farmaceuticsbcn\",\"https:\/\/www.instagram.com\/farmaceuticsbcn\/\",\"https:\/\/www.linkedin.com\/company\/farmaceuticsbcn\/\"]},{\"@type\":\"Person\",\"@id\":\"https:\/\/www.cofb.org\/#\/schema\/person\/22ed7eea88da74b0fa4d3154ad87ffcb\",\"name\":\"wpAdminCofbOrg\",\"image\":{\"@type\":\"ImageObject\",\"inLanguage\":\"ca\",\"@id\":\"https:\/\/www.cofb.org\/#\/schema\/person\/image\/\",\"url\":\"https:\/\/secure.gravatar.com\/avatar\/1721b20b3b8ca882c3b56ec6c978c594fff670e40c0718e9190eaeeb76aae7d8?s=96&d=mm&r=g\",\"contentUrl\":\"https:\/\/secure.gravatar.com\/avatar\/1721b20b3b8ca882c3b56ec6c978c594fff670e40c0718e9190eaeeb76aae7d8?s=96&d=mm&r=g\",\"caption\":\"wpAdminCofbOrg\"},\"sameAs\":[\"http:\/\/192.168.64.122\/wordpress\"],\"url\":\"https:\/\/www.cofb.org\/ca\/author\/wpadmincofborg\/\"}]}<\/script>\n<!-- \/ Yoast SEO plugin. -->","yoast_head_json":{"title":"El m\u00e9s destacat de l'any, a la Mem\u00f2ria del 2014 - Col\u00b7legi de Farmac\u00e8utics de Barcelona","robots":{"index":"index","follow":"follow","max-snippet":"max-snippet:-1","max-image-preview":"max-image-preview:large","max-video-preview":"max-video-preview:-1"},"canonical":"https:\/\/novaorg.cofb.net\/2015\/07\/31\/el-mes-destacat-de-lany-a-la-memoria-del-2014\/","og_locale":"ca_ES","og_type":"article","og_title":"El m\u00e9s destacat de l'any, a la Mem\u00f2ria del 2014 - Col\u00b7legi de Farmac\u00e8utics de Barcelona","og_description":"Diuen que les imatges valen m\u00e9s que 1.000 paraules. En aquest cas, per\u00f2, la imatge \u00e9s nom\u00e9s una petita mostra del que trobareu quan hi feu click: una mostra del conjunt d\u2019aven\u00e7os realitzats el 2014 en la l\u00ednia de fer avan\u00e7ar la professi\u00f3 i de millorar l\u2019atenci\u00f3 als pacients, tot [&hellip;]","og_url":"https:\/\/novaorg.cofb.net\/2015\/07\/31\/el-mes-destacat-de-lany-a-la-memoria-del-2014\/","og_site_name":"Col\u00b7legi de Farmac\u00e8utics de Barcelona","article_publisher":"https:\/\/www.facebook.com\/farmaceuticsbcn\/","article_published_time":"2015-07-31T12:06:46+00:00","author":"wpAdminCofbOrg","twitter_card":"summary_large_image","twitter_creator":"@farmaceuticsbcn","twitter_site":"@farmaceuticsbcn","twitter_misc":{"Escrit per":"wpAdminCofbOrg","Temps estimat de lectura":"1 minut"},"schema":{"@context":"https:\/\/schema.org","@graph":[{"@type":"Article","@id":"https:\/\/novaorg.cofb.net\/2015\/07\/31\/el-mes-destacat-de-lany-a-la-memoria-del-2014\/#article","isPartOf":{"@id":"https:\/\/novaorg.cofb.net\/2015\/07\/31\/el-mes-destacat-de-lany-a-la-memoria-del-2014\/"},"author":{"name":"wpAdminCofbOrg","@id":"https:\/\/www.cofb.org\/#\/schema\/person\/22ed7eea88da74b0fa4d3154ad87ffcb"},"headline":"El m\u00e9s destacat de l&#8217;any, a la Mem\u00f2ria del 2014","datePublished":"2015-07-31T12:06:46+00:00","dateModified":"2015-07-31T12:06:46+00:00","mainEntityOfPage":{"@id":"https:\/\/novaorg.cofb.net\/2015\/07\/31\/el-mes-destacat-de-lany-a-la-memoria-del-2014\/"},"wordCount":297,"commentCount":0,"publisher":{"@id":"https:\/\/www.cofb.org\/#organization"},"image":{"@id":"https:\/\/novaorg.cofb.net\/2015\/07\/31\/el-mes-destacat-de-lany-a-la-memoria-del-2014\/#primaryimage"},"thumbnailUrl":"","keywords":["Farm\u00e0cia","Publicacions"],"articleSection":["M\u00f3n col\u00b7legial"],"inLanguage":"ca","potentialAction":[{"@type":"CommentAction","name":"Comment","target":["https:\/\/novaorg.cofb.net\/2015\/07\/31\/el-mes-destacat-de-lany-a-la-memoria-del-2014\/#respond"]}]},{"@type":"WebPage","@id":"https:\/\/novaorg.cofb.net\/2015\/07\/31\/el-mes-destacat-de-lany-a-la-memoria-del-2014\/","url":"https:\/\/novaorg.cofb.net\/2015\/07\/31\/el-mes-destacat-de-lany-a-la-memoria-del-2014\/","name":"El m\u00e9s destacat de l'any, a la Mem\u00f2ria del 2014 - Col\u00b7legi de Farmac\u00e8utics de Barcelona","isPartOf":{"@id":"https:\/\/www.cofb.org\/#website"},"primaryImageOfPage":{"@id":"https:\/\/novaorg.cofb.net\/2015\/07\/31\/el-mes-destacat-de-lany-a-la-memoria-del-2014\/#primaryimage"},"image":{"@id":"https:\/\/novaorg.cofb.net\/2015\/07\/31\/el-mes-destacat-de-lany-a-la-memoria-del-2014\/#primaryimage"},"thumbnailUrl":"","datePublished":"2015-07-31T12:06:46+00:00","dateModified":"2015-07-31T12:06:46+00:00","breadcrumb":{"@id":"https:\/\/novaorg.cofb.net\/2015\/07\/31\/el-mes-destacat-de-lany-a-la-memoria-del-2014\/#breadcrumb"},"inLanguage":"ca","potentialAction":[{"@type":"ReadAction","target":["https:\/\/novaorg.cofb.net\/2015\/07\/31\/el-mes-destacat-de-lany-a-la-memoria-del-2014\/"]}]},{"@type":"ImageObject","inLanguage":"ca","@id":"https:\/\/novaorg.cofb.net\/2015\/07\/31\/el-mes-destacat-de-lany-a-la-memoria-del-2014\/#primaryimage","url":"","contentUrl":""},{"@type":"BreadcrumbList","@id":"https:\/\/novaorg.cofb.net\/2015\/07\/31\/el-mes-destacat-de-lany-a-la-memoria-del-2014\/#breadcrumb","itemListElement":[{"@type":"ListItem","position":1,"name":"Inici","item":"https:\/\/novaorg.cofb.net\/"},{"@type":"ListItem","position":2,"name":"El m\u00e9s destacat de l&#8217;any, a la Mem\u00f2ria del 2014"}]},{"@type":"WebSite","@id":"https:\/\/www.cofb.org\/#website","url":"https:\/\/www.cofb.org\/","name":"Col\u00b7legi de Farmac\u00e8utics de Barcelona","description":"","publisher":{"@id":"https:\/\/www.cofb.org\/#organization"},"potentialAction":[{"@type":"SearchAction","target":{"@type":"EntryPoint","urlTemplate":"https:\/\/www.cofb.org\/?s={search_term_string}"},"query-input":"required name=search_term_string"}],"inLanguage":"ca"},{"@type":"Organization","@id":"https:\/\/www.cofb.org\/#organization","name":"Col\u00b7legi de Farmac\u00e8utics de Barcelona","url":"https:\/\/www.cofb.org\/","logo":{"@type":"ImageObject","inLanguage":"ca","@id":"https:\/\/www.cofb.org\/#\/schema\/logo\/image\/","url":"https:\/\/www.cofb.org\/wp-content\/uploads\/2023\/11\/cropped-Logotip-COFB.png","contentUrl":"https:\/\/www.cofb.org\/wp-content\/uploads\/2023\/11\/cropped-Logotip-COFB.png","width":500,"height":105,"caption":"Col\u00b7legi de Farmac\u00e8utics de Barcelona"},"image":{"@id":"https:\/\/www.cofb.org\/#\/schema\/logo\/image\/"},"sameAs":["https:\/\/www.facebook.com\/farmaceuticsbcn\/","https:\/\/twitter.com\/farmaceuticsbcn","https:\/\/www.instagram.com\/farmaceuticsbcn\/","https:\/\/www.linkedin.com\/company\/farmaceuticsbcn\/"]},{"@type":"Person","@id":"https:\/\/www.cofb.org\/#\/schema\/person\/22ed7eea88da74b0fa4d3154ad87ffcb","name":"wpAdminCofbOrg","image":{"@type":"ImageObject","inLanguage":"ca","@id":"https:\/\/www.cofb.org\/#\/schema\/person\/image\/","url":"https:\/\/secure.gravatar.com\/avatar\/1721b20b3b8ca882c3b56ec6c978c594fff670e40c0718e9190eaeeb76aae7d8?s=96&d=mm&r=g","contentUrl":"https:\/\/secure.gravatar.com\/avatar\/1721b20b3b8ca882c3b56ec6c978c594fff670e40c0718e9190eaeeb76aae7d8?s=96&d=mm&r=g","caption":"wpAdminCofbOrg"},"sameAs":["http:\/\/192.168.64.122\/wordpress"],"url":"https:\/\/www.cofb.org\/ca\/author\/wpadmincofborg\/"}]}},"uagb_featured_image_src":{"full":false,"thumbnail":false,"medium":false,"medium_large":false,"large":false,"1536x1536":false,"2048x2048":false,"trp-custom-language-flag":false},"uagb_author_info":{"display_name":"wpAdminCofbOrg","author_link":"https:\/\/www.cofb.org\/ca\/author\/wpadmincofborg\/"},"uagb_comment_info":0,"uagb_excerpt":"Diuen que les imatges valen m\u00e9s que 1.000 paraules. En aquest cas, per\u00f2, la imatge \u00e9s nom\u00e9s una petita mostra del que trobareu quan hi feu click: una mostra del conjunt d\u2019aven\u00e7os realitzats el 2014 en la l\u00ednia de fer avan\u00e7ar la professi\u00f3 i de millorar l\u2019atenci\u00f3 als pacients, tot [&hellip;]","_links":{"self":[{"href":"https:\/\/www.cofb.org\/ca\/wp-json\/wp\/v2\/posts\/15349","targetHints":{"allow":["GET"]}}],"collection":[{"href":"https:\/\/www.cofb.org\/ca\/wp-json\/wp\/v2\/posts"}],"about":[{"href":"https:\/\/www.cofb.org\/ca\/wp-json\/wp\/v2\/types\/post"}],"author":[{"embeddable":true,"href":"https:\/\/www.cofb.org\/ca\/wp-json\/wp\/v2\/users\/1"}],"replies":[{"embeddable":true,"href":"https:\/\/www.cofb.org\/ca\/wp-json\/wp\/v2\/comments?post=15349"}],"version-history":[{"count":0,"href":"https:\/\/www.cofb.org\/ca\/wp-json\/wp\/v2\/posts\/15349\/revisions"}],"wp:featuredmedia":[{"embeddable":true,"href":"https:\/\/www.cofb.org\/ca\/wp-json\/"}],"wp:attachment":[{"href":"https:\/\/www.cofb.org\/ca\/wp-json\/wp\/v2\/media?parent=15349"}],"wp:term":[{"taxonomy":"category","embeddable":true,"href":"https:\/\/www.cofb.org\/ca\/wp-json\/wp\/v2\/categories?post=15349"},{"taxonomy":"post_tag","embeddable":true,"href":"https:\/\/www.cofb.org\/ca\/wp-json\/wp\/v2\/tags?post=15349"}],"curies":[{"name":"wp","href":"https:\/\/api.w.org\/{rel}","templated":true}]}}