{"id":13687,"date":"2015-05-19T11:22:28","date_gmt":"2015-05-19T10:22:28","guid":{"rendered":"http:\/\/blog.cofb.cat\/?p=13687"},"modified":"2015-05-19T11:22:28","modified_gmt":"2015-05-19T10:22:28","slug":"com-donar-valor-a-la-dermofarmacia","status":"publish","type":"post","link":"https:\/\/www.cofb.org\/ca\/2015\/05\/19\/com-donar-valor-a-la-dermofarmacia\/","title":{"rendered":"Com donar valor a la dermofarm\u00e0cia?"},"content":{"rendered":"<p>L\u2019oficina de farm\u00e0cia compta amb una \u00e0mplia varietat de productes de dermofarm\u00e0cia sobre els que pot orientar en el consell del tractament. <b>Aquesta recomanaci\u00f3 dermofarmac\u00e8utica s\u2019ha de basar en una informaci\u00f3 argumentada dels productes m\u00e9s adequats i en el coneixement de les necessitats de l&#8217;usuari<\/b>. La indicaci\u00f3 acurada d\u2019aquests productes incrementar\u00e0 el seu benestar personal i l\u2019ajudar\u00e0 a refor\u00e7ar positivament la seva imatge.<\/p>\n<figure id=\"attachment_13690\" aria-describedby=\"caption-attachment-13690\" style=\"width: 218px\" class=\"wp-caption alignleft\"><a href=\"http:\/\/blog.cofb.cat\/wp-content\/uploads\/2015\/05\/consells-dermofarmacia-curs-2.jpg\"><img decoding=\"async\" class=\" wp-image-13690 \" alt=\"consells-dermofarmacia-curs (2)\" src=\"http:\/\/blog.cofb.cat\/wp-content\/uploads\/2015\/05\/consells-dermofarmacia-curs-2.jpg\" width=\"218\" height=\"146\" \/><\/a><figcaption id=\"caption-attachment-13690\" class=\"wp-caption-text\">N\u00faria Bosch, vocal de Dermofarm\u00e0cia i Productes Sanitaris del COFB<\/figcaption><\/figure>\n<p>L\u2019actualitzaci\u00f3 dels professionals de l\u2019oficina de farm\u00e0cia en les noves l\u00ednies sorgides per tractar i controlar les diferents alteracions dermatol\u00f2giques o fisiol\u00f2giques \u00e9s fonamental per donar el millor consell de salut i una recomanaci\u00f3 personalitzada en cada cas. \u201cPer donar valor a la dermofarm\u00e0cia i diferenciar-nos, <b>\u00e9s necessari oferir un consell professional personalitzat al l\u2019usuari i la formaci\u00f3 \u00e9s b\u00e0sica per con\u00e8ixer tant les necessitats com els productes disponibles<\/b>\u201d explica N\u00faria Bosch, vocal de Dermofarm\u00e0cia i Productes Sanitaris del COFB i coordinadora del curs.<\/p>\n<p>Per adquirir els coneixements, les habilitats i les t\u00e8cniques necess\u00e0ries per donar el consell m\u00e9s adient en cada una de les \u00e0rees de consulta di\u00e0ria a la farm\u00e0cia i aprendre a recomanar els productes i els tractaments dermofarmac\u00e8utics adequats en pediculosi, higiene dental, tipus de pell, tractament de l\u2019acne i en fotoprotecci\u00f3, el Col\u00b7legi va organitzar el curs \u201cDermofarm\u00e0cia: consells i recomanacions\u201d al mes de mar\u00e7.<\/p>\n<p><div class=\"box shadow\">El consell dermofarmac\u00e8utic \u00e9s clau per millorar la satisfacci\u00f3 i aconseguint fidelitzar a l\u2019usuari i per diferenciar a la farm\u00e0cia. Bosch resumeix els aspectes m\u00e9s destacats dels temes tractats al curs:<\/p>\n<ul>\n<li><b>Pediculosis<\/b>: un bon consell i seguiment pot determinar l\u2019\u00e8xit del tractament i evitar les freq\u00fcents reinfestacions. Aplicant protocols adequats augmenta la satisfacci\u00f3 de l\u2019usuari que sovint ve a la farm\u00e0cia en busca d&#8217;informaci\u00f3.<\/li>\n<li><b>Higiene Dental<\/b>: con\u00e8ixer les diferents patologies i necessitats per a la higiene bucal permet recomanar el producte m\u00e9s adequat i millorar la qualitat de vida de l\u2019usuari.<\/li>\n<li><b>Tipus de pell:<\/b> per oferir un bon consell professional, s\u2019han de con\u00e8ixer els diferents tipus de pell, necessitats i varietat de productes disponibles a la farm\u00e0cia. Cal oferir un bon consell i fer seguiment dels tractaments.<\/li>\n<li><b>Acne<\/b>: sovint les pautes higi\u00e8nico-diet\u00e8tiques s\u00f3n claus en l\u2019\u00e8xit d&#8217;un tractament, per evitar brots i fer que l\u2019usuari es senti millor. Per exemple, \u00e9s important donar un consell acurat de maquillatge o en la fotoprotecci\u00f3 adequada a cada cas.<\/li>\n<li><b>Fotoprotecci\u00f3<\/b>: el farmac\u00e8utic t\u00e9 un paper rellevant en la prevenci\u00f3 dels efectes nocius del sol, tant en els relacionats amb el c\u00e0ncer com en el fotoenvelliment. L\u2019educaci\u00f3 sanit\u00e0ria \u00e9s clau en aquest camp on cal ajudar a prevenir: consells d\u2019\u00edndex de protecci\u00f3 solar necessari, textura adequada, derivaci\u00f3 al metge, h\u00e0bits de vida\u2026<\/div><\/li>\n<\/ul>\n<figure id=\"attachment_13689\" aria-describedby=\"caption-attachment-13689\" style=\"width: 272px\" class=\"wp-caption alignright\"><a href=\"http:\/\/blog.cofb.cat\/wp-content\/uploads\/2015\/05\/consells-dermofarmacia-curs-1.jpg\"><img decoding=\"async\" class=\"wp-image-13689 \" alt=\"consells-dermofarmacia-curs (1)\" src=\"http:\/\/blog.cofb.cat\/wp-content\/uploads\/2015\/05\/consells-dermofarmacia-curs-1.jpg\" width=\"272\" height=\"182\" \/><\/a><figcaption id=\"caption-attachment-13689\" class=\"wp-caption-text\">Gabriela Bacchini de Ferrer Health Care<\/figcaption><\/figure>\n<p>El professorat dels curs va estar format per Gabriela Bacchini, bioqu\u00edmica cl\u00ednica i <i>medical advisor<\/i> de Ferrer Health Care; Xavier Calvo, \u00a0llicenciat en odontologia per la Universitat de Barcelona (UB), m\u00e0ster en period\u00f2ncia per la Universitat Internacional Catalunya (UIC), m\u00e0ster d\u2019investigaci\u00f3 en odontologia per la Universitat Internacional Catalunya (UIC) i <i>medical advisor<\/i> de Dentaid; Viviens Lagos, farmac\u00e8utica i <i>category manager<\/i> d\u2019Isdin; Leonor Prieto, farmac\u00e8utic i directora cient\u00edfica i de formaci\u00f3 de Laboratoris La Roche-Posay; i Eva Solano, farmac\u00e9utica i visitadora m\u00e8dica de Cumlaude (Dermofarm).<\/p>\n","protected":false},"excerpt":{"rendered":"<p>L\u2019oficina de farm\u00e0cia compta amb una \u00e0mplia varietat de productes de dermofarm\u00e0cia sobre els que pot orientar en el consell del tractament. Aquesta recomanaci\u00f3 dermofarmac\u00e8utica s\u2019ha de basar en una informaci\u00f3 argumentada dels productes m\u00e9s adequats i en el coneixement de les necessitats de l&#8217;usuari. La indicaci\u00f3 acurada d\u2019aquests productes [&hellip;]<\/p>\n","protected":false},"author":1,"featured_media":13689,"comment_status":"open","ping_status":"open","sticky":false,"template":"","format":"standard","meta":{"_uag_custom_page_level_css":"","site-sidebar-layout":"default","site-content-layout":"","ast-site-content-layout":"default","site-content-style":"default","site-sidebar-style":"default","ast-global-header-display":"","ast-banner-title-visibility":"","ast-main-header-display":"","ast-hfb-above-header-display":"","ast-hfb-below-header-display":"","ast-hfb-mobile-header-display":"","site-post-title":"","ast-breadcrumbs-content":"","ast-featured-img":"disabled","footer-sml-layout":"","theme-transparent-header-meta":"","adv-header-id-meta":"","stick-header-meta":"","header-above-stick-meta":"","header-main-stick-meta":"","header-below-stick-meta":"","astra-migrate-meta-layouts":"default","ast-page-background-enabled":"default","ast-page-background-meta":{"desktop":{"background-color":"var(--ast-global-color-4)","background-image":"","background-repeat":"repeat","background-position":"center center","background-size":"auto","background-attachment":"scroll","background-type":"","background-media":"","overlay-type":"","overlay-color":"","overlay-opacity":"","overlay-gradient":""},"tablet":{"background-color":"","background-image":"","background-repeat":"repeat","background-position":"center center","background-size":"auto","background-attachment":"scroll","background-type":"","background-media":"","overlay-type":"","overlay-color":"","overlay-opacity":"","overlay-gradient":""},"mobile":{"background-color":"","background-image":"","background-repeat":"repeat","background-position":"center center","background-size":"auto","background-attachment":"scroll","background-type":"","background-media":"","overlay-type":"","overlay-color":"","overlay-opacity":"","overlay-gradient":""}},"ast-content-background-meta":{"desktop":{"background-color":"var(--ast-global-color-5)","background-image":"","background-repeat":"repeat","background-position":"center center","background-size":"auto","background-attachment":"scroll","background-type":"","background-media":"","overlay-type":"","overlay-color":"","overlay-opacity":"","overlay-gradient":""},"tablet":{"background-color":"var(--ast-global-color-5)","background-image":"","background-repeat":"repeat","background-position":"center center","background-size":"auto","background-attachment":"scroll","background-type":"","background-media":"","overlay-type":"","overlay-color":"","overlay-opacity":"","overlay-gradient":""},"mobile":{"background-color":"var(--ast-global-color-5)","background-image":"","background-repeat":"repeat","background-position":"center center","background-size":"auto","background-attachment":"scroll","background-type":"","background-media":"","overlay-type":"","overlay-color":"","overlay-opacity":"","overlay-gradient":""}},"footnotes":""},"categories":[57],"tags":[64,81,70,76,237],"class_list":["post-13687","post","type-post","status-publish","format-standard","has-post-thumbnail","hentry","category-mon-collegial","tag-atencio-farmaceutica","tag-dermofarmacia","tag-formacio","tag-oficina-de-farmacia","tag-productes-sanitaris"],"yoast_head":"<!-- This site is optimized with the Yoast SEO plugin v22.4 - https:\/\/yoast.com\/wordpress\/plugins\/seo\/ -->\n<title>Com donar valor a la dermofarm\u00e0cia? - Col\u00b7legi de Farmac\u00e8utics de Barcelona<\/title>\n<meta name=\"robots\" content=\"index, follow, max-snippet:-1, max-image-preview:large, max-video-preview:-1\" \/>\n<link rel=\"canonical\" href=\"https:\/\/novaorg.cofb.net\/2015\/05\/19\/com-donar-valor-a-la-dermofarmacia\/\" \/>\n<meta property=\"og:locale\" content=\"ca_ES\" \/>\n<meta property=\"og:type\" content=\"article\" \/>\n<meta property=\"og:title\" content=\"Com donar valor a la dermofarm\u00e0cia? - Col\u00b7legi de Farmac\u00e8utics de Barcelona\" \/>\n<meta property=\"og:description\" content=\"L\u2019oficina de farm\u00e0cia compta amb una \u00e0mplia varietat de productes de dermofarm\u00e0cia sobre els que pot orientar en el consell del tractament. Aquesta recomanaci\u00f3 dermofarmac\u00e8utica s\u2019ha de basar en una informaci\u00f3 argumentada dels productes m\u00e9s adequats i en el coneixement de les necessitats de l&#8217;usuari. La indicaci\u00f3 acurada d\u2019aquests productes [&hellip;]\" \/>\n<meta property=\"og:url\" content=\"https:\/\/novaorg.cofb.net\/2015\/05\/19\/com-donar-valor-a-la-dermofarmacia\/\" \/>\n<meta property=\"og:site_name\" content=\"Col\u00b7legi de Farmac\u00e8utics de Barcelona\" \/>\n<meta property=\"article:publisher\" content=\"https:\/\/www.facebook.com\/farmaceuticsbcn\/\" \/>\n<meta property=\"article:published_time\" content=\"2015-05-19T10:22:28+00:00\" \/>\n<meta name=\"author\" content=\"wpAdminCofbOrg\" \/>\n<meta name=\"twitter:card\" content=\"summary_large_image\" \/>\n<meta name=\"twitter:creator\" content=\"@farmaceuticsbcn\" \/>\n<meta name=\"twitter:site\" content=\"@farmaceuticsbcn\" \/>\n<meta name=\"twitter:label1\" content=\"Escrit per\" \/>\n\t<meta name=\"twitter:data1\" content=\"wpAdminCofbOrg\" \/>\n\t<meta name=\"twitter:label2\" content=\"Temps estimat de lectura\" \/>\n\t<meta name=\"twitter:data2\" content=\"3 minuts\" \/>\n<script type=\"application\/ld+json\" class=\"yoast-schema-graph\">{\"@context\":\"https:\/\/schema.org\",\"@graph\":[{\"@type\":\"Article\",\"@id\":\"https:\/\/novaorg.cofb.net\/2015\/05\/19\/com-donar-valor-a-la-dermofarmacia\/#article\",\"isPartOf\":{\"@id\":\"https:\/\/novaorg.cofb.net\/2015\/05\/19\/com-donar-valor-a-la-dermofarmacia\/\"},\"author\":{\"name\":\"wpAdminCofbOrg\",\"@id\":\"https:\/\/www.cofb.org\/#\/schema\/person\/22ed7eea88da74b0fa4d3154ad87ffcb\"},\"headline\":\"Com donar valor a la dermofarm\u00e0cia?\",\"datePublished\":\"2015-05-19T10:22:28+00:00\",\"dateModified\":\"2015-05-19T10:22:28+00:00\",\"mainEntityOfPage\":{\"@id\":\"https:\/\/novaorg.cofb.net\/2015\/05\/19\/com-donar-valor-a-la-dermofarmacia\/\"},\"wordCount\":628,\"commentCount\":0,\"publisher\":{\"@id\":\"https:\/\/www.cofb.org\/#organization\"},\"image\":{\"@id\":\"https:\/\/novaorg.cofb.net\/2015\/05\/19\/com-donar-valor-a-la-dermofarmacia\/#primaryimage\"},\"thumbnailUrl\":\"\",\"keywords\":[\"Atenci\u00f3 farmac\u00e8utica\",\"Dermofarm\u00e0cia\",\"Formaci\u00f3\",\"Oficina de farm\u00e0cia\",\"productes sanitaris\"],\"articleSection\":[\"M\u00f3n col\u00b7legial\"],\"inLanguage\":\"ca\",\"potentialAction\":[{\"@type\":\"CommentAction\",\"name\":\"Comment\",\"target\":[\"https:\/\/novaorg.cofb.net\/2015\/05\/19\/com-donar-valor-a-la-dermofarmacia\/#respond\"]}]},{\"@type\":\"WebPage\",\"@id\":\"https:\/\/novaorg.cofb.net\/2015\/05\/19\/com-donar-valor-a-la-dermofarmacia\/\",\"url\":\"https:\/\/novaorg.cofb.net\/2015\/05\/19\/com-donar-valor-a-la-dermofarmacia\/\",\"name\":\"Com donar valor a la dermofarm\u00e0cia? - Col\u00b7legi de Farmac\u00e8utics de Barcelona\",\"isPartOf\":{\"@id\":\"https:\/\/www.cofb.org\/#website\"},\"primaryImageOfPage\":{\"@id\":\"https:\/\/novaorg.cofb.net\/2015\/05\/19\/com-donar-valor-a-la-dermofarmacia\/#primaryimage\"},\"image\":{\"@id\":\"https:\/\/novaorg.cofb.net\/2015\/05\/19\/com-donar-valor-a-la-dermofarmacia\/#primaryimage\"},\"thumbnailUrl\":\"\",\"datePublished\":\"2015-05-19T10:22:28+00:00\",\"dateModified\":\"2015-05-19T10:22:28+00:00\",\"breadcrumb\":{\"@id\":\"https:\/\/novaorg.cofb.net\/2015\/05\/19\/com-donar-valor-a-la-dermofarmacia\/#breadcrumb\"},\"inLanguage\":\"ca\",\"potentialAction\":[{\"@type\":\"ReadAction\",\"target\":[\"https:\/\/novaorg.cofb.net\/2015\/05\/19\/com-donar-valor-a-la-dermofarmacia\/\"]}]},{\"@type\":\"ImageObject\",\"inLanguage\":\"ca\",\"@id\":\"https:\/\/novaorg.cofb.net\/2015\/05\/19\/com-donar-valor-a-la-dermofarmacia\/#primaryimage\",\"url\":\"\",\"contentUrl\":\"\"},{\"@type\":\"BreadcrumbList\",\"@id\":\"https:\/\/novaorg.cofb.net\/2015\/05\/19\/com-donar-valor-a-la-dermofarmacia\/#breadcrumb\",\"itemListElement\":[{\"@type\":\"ListItem\",\"position\":1,\"name\":\"Inici\",\"item\":\"https:\/\/novaorg.cofb.net\/\"},{\"@type\":\"ListItem\",\"position\":2,\"name\":\"Com donar valor a la dermofarm\u00e0cia?\"}]},{\"@type\":\"WebSite\",\"@id\":\"https:\/\/www.cofb.org\/#website\",\"url\":\"https:\/\/www.cofb.org\/\",\"name\":\"Col\u00b7legi de Farmac\u00e8utics de Barcelona\",\"description\":\"\",\"publisher\":{\"@id\":\"https:\/\/www.cofb.org\/#organization\"},\"potentialAction\":[{\"@type\":\"SearchAction\",\"target\":{\"@type\":\"EntryPoint\",\"urlTemplate\":\"https:\/\/www.cofb.org\/?s={search_term_string}\"},\"query-input\":\"required name=search_term_string\"}],\"inLanguage\":\"ca\"},{\"@type\":\"Organization\",\"@id\":\"https:\/\/www.cofb.org\/#organization\",\"name\":\"Col\u00b7legi de Farmac\u00e8utics de Barcelona\",\"url\":\"https:\/\/www.cofb.org\/\",\"logo\":{\"@type\":\"ImageObject\",\"inLanguage\":\"ca\",\"@id\":\"https:\/\/www.cofb.org\/#\/schema\/logo\/image\/\",\"url\":\"https:\/\/www.cofb.org\/wp-content\/uploads\/2023\/11\/cropped-Logotip-COFB.png\",\"contentUrl\":\"https:\/\/www.cofb.org\/wp-content\/uploads\/2023\/11\/cropped-Logotip-COFB.png\",\"width\":500,\"height\":105,\"caption\":\"Col\u00b7legi de Farmac\u00e8utics de Barcelona\"},\"image\":{\"@id\":\"https:\/\/www.cofb.org\/#\/schema\/logo\/image\/\"},\"sameAs\":[\"https:\/\/www.facebook.com\/farmaceuticsbcn\/\",\"https:\/\/twitter.com\/farmaceuticsbcn\",\"https:\/\/www.instagram.com\/farmaceuticsbcn\/\",\"https:\/\/www.linkedin.com\/company\/farmaceuticsbcn\/\"]},{\"@type\":\"Person\",\"@id\":\"https:\/\/www.cofb.org\/#\/schema\/person\/22ed7eea88da74b0fa4d3154ad87ffcb\",\"name\":\"wpAdminCofbOrg\",\"image\":{\"@type\":\"ImageObject\",\"inLanguage\":\"ca\",\"@id\":\"https:\/\/www.cofb.org\/#\/schema\/person\/image\/\",\"url\":\"https:\/\/secure.gravatar.com\/avatar\/1721b20b3b8ca882c3b56ec6c978c594fff670e40c0718e9190eaeeb76aae7d8?s=96&d=mm&r=g\",\"contentUrl\":\"https:\/\/secure.gravatar.com\/avatar\/1721b20b3b8ca882c3b56ec6c978c594fff670e40c0718e9190eaeeb76aae7d8?s=96&d=mm&r=g\",\"caption\":\"wpAdminCofbOrg\"},\"sameAs\":[\"http:\/\/192.168.64.122\/wordpress\"],\"url\":\"https:\/\/www.cofb.org\/ca\/author\/wpadmincofborg\/\"}]}<\/script>\n<!-- \/ Yoast SEO plugin. -->","yoast_head_json":{"title":"Com donar valor a la dermofarm\u00e0cia? - Col\u00b7legi de Farmac\u00e8utics de Barcelona","robots":{"index":"index","follow":"follow","max-snippet":"max-snippet:-1","max-image-preview":"max-image-preview:large","max-video-preview":"max-video-preview:-1"},"canonical":"https:\/\/novaorg.cofb.net\/2015\/05\/19\/com-donar-valor-a-la-dermofarmacia\/","og_locale":"ca_ES","og_type":"article","og_title":"Com donar valor a la dermofarm\u00e0cia? - Col\u00b7legi de Farmac\u00e8utics de Barcelona","og_description":"L\u2019oficina de farm\u00e0cia compta amb una \u00e0mplia varietat de productes de dermofarm\u00e0cia sobre els que pot orientar en el consell del tractament. Aquesta recomanaci\u00f3 dermofarmac\u00e8utica s\u2019ha de basar en una informaci\u00f3 argumentada dels productes m\u00e9s adequats i en el coneixement de les necessitats de l&#8217;usuari. La indicaci\u00f3 acurada d\u2019aquests productes [&hellip;]","og_url":"https:\/\/novaorg.cofb.net\/2015\/05\/19\/com-donar-valor-a-la-dermofarmacia\/","og_site_name":"Col\u00b7legi de Farmac\u00e8utics de Barcelona","article_publisher":"https:\/\/www.facebook.com\/farmaceuticsbcn\/","article_published_time":"2015-05-19T10:22:28+00:00","author":"wpAdminCofbOrg","twitter_card":"summary_large_image","twitter_creator":"@farmaceuticsbcn","twitter_site":"@farmaceuticsbcn","twitter_misc":{"Escrit per":"wpAdminCofbOrg","Temps estimat de lectura":"3 minuts"},"schema":{"@context":"https:\/\/schema.org","@graph":[{"@type":"Article","@id":"https:\/\/novaorg.cofb.net\/2015\/05\/19\/com-donar-valor-a-la-dermofarmacia\/#article","isPartOf":{"@id":"https:\/\/novaorg.cofb.net\/2015\/05\/19\/com-donar-valor-a-la-dermofarmacia\/"},"author":{"name":"wpAdminCofbOrg","@id":"https:\/\/www.cofb.org\/#\/schema\/person\/22ed7eea88da74b0fa4d3154ad87ffcb"},"headline":"Com donar valor a la dermofarm\u00e0cia?","datePublished":"2015-05-19T10:22:28+00:00","dateModified":"2015-05-19T10:22:28+00:00","mainEntityOfPage":{"@id":"https:\/\/novaorg.cofb.net\/2015\/05\/19\/com-donar-valor-a-la-dermofarmacia\/"},"wordCount":628,"commentCount":0,"publisher":{"@id":"https:\/\/www.cofb.org\/#organization"},"image":{"@id":"https:\/\/novaorg.cofb.net\/2015\/05\/19\/com-donar-valor-a-la-dermofarmacia\/#primaryimage"},"thumbnailUrl":"","keywords":["Atenci\u00f3 farmac\u00e8utica","Dermofarm\u00e0cia","Formaci\u00f3","Oficina de farm\u00e0cia","productes sanitaris"],"articleSection":["M\u00f3n col\u00b7legial"],"inLanguage":"ca","potentialAction":[{"@type":"CommentAction","name":"Comment","target":["https:\/\/novaorg.cofb.net\/2015\/05\/19\/com-donar-valor-a-la-dermofarmacia\/#respond"]}]},{"@type":"WebPage","@id":"https:\/\/novaorg.cofb.net\/2015\/05\/19\/com-donar-valor-a-la-dermofarmacia\/","url":"https:\/\/novaorg.cofb.net\/2015\/05\/19\/com-donar-valor-a-la-dermofarmacia\/","name":"Com donar valor a la dermofarm\u00e0cia? - Col\u00b7legi de Farmac\u00e8utics de Barcelona","isPartOf":{"@id":"https:\/\/www.cofb.org\/#website"},"primaryImageOfPage":{"@id":"https:\/\/novaorg.cofb.net\/2015\/05\/19\/com-donar-valor-a-la-dermofarmacia\/#primaryimage"},"image":{"@id":"https:\/\/novaorg.cofb.net\/2015\/05\/19\/com-donar-valor-a-la-dermofarmacia\/#primaryimage"},"thumbnailUrl":"","datePublished":"2015-05-19T10:22:28+00:00","dateModified":"2015-05-19T10:22:28+00:00","breadcrumb":{"@id":"https:\/\/novaorg.cofb.net\/2015\/05\/19\/com-donar-valor-a-la-dermofarmacia\/#breadcrumb"},"inLanguage":"ca","potentialAction":[{"@type":"ReadAction","target":["https:\/\/novaorg.cofb.net\/2015\/05\/19\/com-donar-valor-a-la-dermofarmacia\/"]}]},{"@type":"ImageObject","inLanguage":"ca","@id":"https:\/\/novaorg.cofb.net\/2015\/05\/19\/com-donar-valor-a-la-dermofarmacia\/#primaryimage","url":"","contentUrl":""},{"@type":"BreadcrumbList","@id":"https:\/\/novaorg.cofb.net\/2015\/05\/19\/com-donar-valor-a-la-dermofarmacia\/#breadcrumb","itemListElement":[{"@type":"ListItem","position":1,"name":"Inici","item":"https:\/\/novaorg.cofb.net\/"},{"@type":"ListItem","position":2,"name":"Com donar valor a la dermofarm\u00e0cia?"}]},{"@type":"WebSite","@id":"https:\/\/www.cofb.org\/#website","url":"https:\/\/www.cofb.org\/","name":"Col\u00b7legi de Farmac\u00e8utics de Barcelona","description":"","publisher":{"@id":"https:\/\/www.cofb.org\/#organization"},"potentialAction":[{"@type":"SearchAction","target":{"@type":"EntryPoint","urlTemplate":"https:\/\/www.cofb.org\/?s={search_term_string}"},"query-input":"required name=search_term_string"}],"inLanguage":"ca"},{"@type":"Organization","@id":"https:\/\/www.cofb.org\/#organization","name":"Col\u00b7legi de Farmac\u00e8utics de Barcelona","url":"https:\/\/www.cofb.org\/","logo":{"@type":"ImageObject","inLanguage":"ca","@id":"https:\/\/www.cofb.org\/#\/schema\/logo\/image\/","url":"https:\/\/www.cofb.org\/wp-content\/uploads\/2023\/11\/cropped-Logotip-COFB.png","contentUrl":"https:\/\/www.cofb.org\/wp-content\/uploads\/2023\/11\/cropped-Logotip-COFB.png","width":500,"height":105,"caption":"Col\u00b7legi de Farmac\u00e8utics de Barcelona"},"image":{"@id":"https:\/\/www.cofb.org\/#\/schema\/logo\/image\/"},"sameAs":["https:\/\/www.facebook.com\/farmaceuticsbcn\/","https:\/\/twitter.com\/farmaceuticsbcn","https:\/\/www.instagram.com\/farmaceuticsbcn\/","https:\/\/www.linkedin.com\/company\/farmaceuticsbcn\/"]},{"@type":"Person","@id":"https:\/\/www.cofb.org\/#\/schema\/person\/22ed7eea88da74b0fa4d3154ad87ffcb","name":"wpAdminCofbOrg","image":{"@type":"ImageObject","inLanguage":"ca","@id":"https:\/\/www.cofb.org\/#\/schema\/person\/image\/","url":"https:\/\/secure.gravatar.com\/avatar\/1721b20b3b8ca882c3b56ec6c978c594fff670e40c0718e9190eaeeb76aae7d8?s=96&d=mm&r=g","contentUrl":"https:\/\/secure.gravatar.com\/avatar\/1721b20b3b8ca882c3b56ec6c978c594fff670e40c0718e9190eaeeb76aae7d8?s=96&d=mm&r=g","caption":"wpAdminCofbOrg"},"sameAs":["http:\/\/192.168.64.122\/wordpress"],"url":"https:\/\/www.cofb.org\/ca\/author\/wpadmincofborg\/"}]}},"uagb_featured_image_src":{"full":false,"thumbnail":false,"medium":false,"medium_large":false,"large":false,"1536x1536":false,"2048x2048":false,"trp-custom-language-flag":false},"uagb_author_info":{"display_name":"wpAdminCofbOrg","author_link":"https:\/\/www.cofb.org\/ca\/author\/wpadmincofborg\/"},"uagb_comment_info":0,"uagb_excerpt":"L\u2019oficina de farm\u00e0cia compta amb una \u00e0mplia varietat de productes de dermofarm\u00e0cia sobre els que pot orientar en el consell del tractament. Aquesta recomanaci\u00f3 dermofarmac\u00e8utica s\u2019ha de basar en una informaci\u00f3 argumentada dels productes m\u00e9s adequats i en el coneixement de les necessitats de l&#8217;usuari. La indicaci\u00f3 acurada d\u2019aquests productes [&hellip;]","_links":{"self":[{"href":"https:\/\/www.cofb.org\/ca\/wp-json\/wp\/v2\/posts\/13687","targetHints":{"allow":["GET"]}}],"collection":[{"href":"https:\/\/www.cofb.org\/ca\/wp-json\/wp\/v2\/posts"}],"about":[{"href":"https:\/\/www.cofb.org\/ca\/wp-json\/wp\/v2\/types\/post"}],"author":[{"embeddable":true,"href":"https:\/\/www.cofb.org\/ca\/wp-json\/wp\/v2\/users\/1"}],"replies":[{"embeddable":true,"href":"https:\/\/www.cofb.org\/ca\/wp-json\/wp\/v2\/comments?post=13687"}],"version-history":[{"count":0,"href":"https:\/\/www.cofb.org\/ca\/wp-json\/wp\/v2\/posts\/13687\/revisions"}],"wp:featuredmedia":[{"embeddable":true,"href":"https:\/\/www.cofb.org\/ca\/wp-json\/"}],"wp:attachment":[{"href":"https:\/\/www.cofb.org\/ca\/wp-json\/wp\/v2\/media?parent=13687"}],"wp:term":[{"taxonomy":"category","embeddable":true,"href":"https:\/\/www.cofb.org\/ca\/wp-json\/wp\/v2\/categories?post=13687"},{"taxonomy":"post_tag","embeddable":true,"href":"https:\/\/www.cofb.org\/ca\/wp-json\/wp\/v2\/tags?post=13687"}],"curies":[{"name":"wp","href":"https:\/\/api.w.org\/{rel}","templated":true}]}}