{"id":13477,"date":"2015-05-05T11:57:39","date_gmt":"2015-05-05T10:57:39","guid":{"rendered":"http:\/\/blog.cofb.cat\/?p=13477"},"modified":"2015-05-05T11:57:39","modified_gmt":"2015-05-05T10:57:39","slug":"seguim-denunciant-el-retard-en-el-pagament-de-les-factures","status":"publish","type":"post","link":"https:\/\/www.cofb.org\/ca\/2015\/05\/05\/seguim-denunciant-el-retard-en-el-pagament-de-les-factures\/","title":{"rendered":"Seguim denunciant el retard en el pagament de les factures"},"content":{"rendered":"<p>Un total de <b>226,8M\u20ac \u00e9s el deute que acumula la Generalitat amb les farm\u00e0cies catalanes.<\/b> Aquesta xifra surt de la suma de la <b>factura dels medicaments dispensats al mar\u00e7 (119,5M\u20ac),<\/b> que s\u2019hauria d\u2019haver fet efectiva el\u00a0<b>5 de maig<\/b>; i la <b>factura de febrer (107,3M\u20ac)<\/b>, que s\u2019hauria d\u2019haver pagat el <b>5 d\u2019abril.<\/b><\/p>\n<p>Despr\u00e9s de les negociacions per part del Consell de Col\u00b7legis de Farmac\u00e8utics de Catalunya (CCFC) i l\u2019empresarial FEFAC, tant amb l\u2019Administraci\u00f3 central com amb la Generalitat, finalment el passat 9 d\u2019abril va arribar un FLA Extraordinari amb qu\u00e8 es va cobrir la factura pendent del mes de desembre (118,5M\u20ac). Tot i aix\u00f2, <strong>el retard continua sent de dos mesos<\/strong>.<\/p>\n<p>Davant aquesta situaci\u00f3, que encara no t\u00e9 data de resoluci\u00f3, els farmac\u00e8utics continuen reclamant que el pagament dels medicaments sigui una prioritat per a les Administracions de la mateixa manera que ho \u00e9s per als pacients i que s\u2019acabi amb els endarreriments que venen patint des de fa quatre anys.<\/p>\n<p>Nota de premsa enviada als mitjans. Tamb\u00e9 la podeu consultar a la <a href=\"http:\/\/www.cofb.org\/web\/guest\/notes-de-premsa\" target=\"_blank\" rel=\"noopener\">Sala de Premsa<\/a> del web institucional <a href=\"http:\/\/www.cofb.org\" target=\"_blank\" rel=\"noopener\">www.cofb.org<\/a>.<\/p>\n<div class=\"custom-divider\"><\/div>\n<p><b><a href=\"http:\/\/www.lavanguardia.com\/20150414\/54429606915\/els-cansats-francesc-pla.html\" target=\"_blank\" rel=\"noopener\"><img decoding=\"async\" class=\"alignleft  wp-image-13531\" alt=\"LV-articleopinioFPla\" src=\"http:\/\/blog.cofb.cat\/wp-content\/uploads\/2015\/05\/LV-articleopinioFPla.jpg\" width=\"268\" height=\"173\" \/><\/a><\/b>En aquesta mateixa l\u00ednia de den\u00fancia, recuperem l&#8217;<strong>article publicat\u00a0a la secci\u00f3 d&#8217;Opini\u00f3 del diari\u00a0<em>La Vanguardia<\/em>\u00a0el 14 d&#8217;abril<\/strong>, signat pel vicepresident del Col\u00b7legi, Francesc Pla. El podeu llegir \u00edntegre a continuaci\u00f3:<\/p>\n<p><strong>Els cansats<\/strong><\/p>\n<p>Hi ha expressions populars que amaguen l&#8217;experi\u00e8ncia acumulada durant molts anys. Podem ben dir que s\u00f3n s\u00e0vies. N&#8217;\u00e9s un exemple aquella que sovint diuen els deutors quan satisfan el deute: &#8220;Qui paga descansa&#8221;, i llavors el que pateix el deute respon &#8220;I qui cobra encara m\u00e9s&#8221;. Real com la vida mateixa.<\/p>\n<p>Si traslladem aquest di\u00e0leg a la crua realitat del pa\u00eds, de seguida arribarem a la conclusi\u00f3 que vivim en un pa\u00eds cansat i que els farmac\u00e8utics estem exhausts. La situaci\u00f3 de l&#8217;Administraci\u00f3 catalana encara \u00e9s la que acaba patint qui gasta m\u00e9s del que ingressa. El problema primari \u00e9s aquest. Tot i ser crucial el debat sobre les causes que han portat el pa\u00eds a aquesta dif\u00edcil situaci\u00f3, i que tamb\u00e9 ho \u00e9s el que fa refer\u00e8ncia a les pol\u00edtiques que cal aplicar per endre\u00e7ar aquest desgavell, una de les coses que avui cal decidir urgentment \u00e9s la planificaci\u00f3 i la prioritzaci\u00f3 dels pagaments de les factures dels medicaments del ciutadans de Catalunya en aquestes circumst\u00e0ncies i posar fi definitivament a la incertesa en qu\u00e8 estem instal\u00b7lats. Ni m\u00e9s ni menys del que cal que fem la ma\u00adjoria de nosaltres cada dia.<\/p>\n<p>No ens pertoca als professionals fer propostes pol\u00edtiques capaces d&#8217;apaivagar aquest incompliment reiterat dels terminis de pagament, tot i que les dades clarament apunten cap a un finan\u00e7ament insuficient de les obligacions que representa mantenir un Estat de benestar com el que hem decidit tenir.<\/p>\n<p>Els farmac\u00e8utics som un col\u00b7lectiu divers i, per tant, les opinions sobre les \u00adreceptes que cal seguir per aconseguir \u00adsuperar aquesta crisi tamb\u00e9 ho s\u00f3n, per\u00f2 no t\u00e9 fissures alhora d&#8217;insistir que no es pot tibar m\u00e9s la corda de la paci\u00e8ncia. \u00adEstem cansats de no saber si cobrarem o no a final de mes, de si la factura dels \u00admedicaments estar\u00e0 en el FLA (Fons de Liquiditat Auton\u00f2mic) o si alg\u00fa, no sabem ben b\u00e9 qui, decidir\u00e0 aquell mes no po\u00adsar-la, d&#8217;estar pendents de si el Tresor alliberar\u00e0 els fons o si no convindr\u00e0 fer-ho per qual\u00adsevol motiu, d&#8217;esperar un pres\u00adsupost realista i no un apunt comptable \u00adirreal per tal que el Govern de torn pugui quadrar els comptes que ja sap que no complir\u00e0. \u00adEstem molt cansats, encara que, com diu una altra s\u00e0via expressi\u00f3, els cansats fan la feina.<\/p>\n","protected":false},"excerpt":{"rendered":"<p>Un total de 226,8M\u20ac \u00e9s el deute que acumula la Generalitat amb les farm\u00e0cies catalanes. Aquesta xifra surt de la suma de la factura dels medicaments dispensats al mar\u00e7 (119,5M\u20ac), que s\u2019hauria d\u2019haver fet efectiva el\u00a05 de maig; i la factura de febrer (107,3M\u20ac), que s\u2019hauria d\u2019haver pagat el 5 [&hellip;]<\/p>\n","protected":false},"author":1,"featured_media":3017,"comment_status":"open","ping_status":"open","sticky":false,"template":"","format":"standard","meta":{"_uag_custom_page_level_css":"","site-sidebar-layout":"default","site-content-layout":"","ast-site-content-layout":"default","site-content-style":"default","site-sidebar-style":"default","ast-global-header-display":"","ast-banner-title-visibility":"","ast-main-header-display":"","ast-hfb-above-header-display":"","ast-hfb-below-header-display":"","ast-hfb-mobile-header-display":"","site-post-title":"","ast-breadcrumbs-content":"","ast-featured-img":"disabled","footer-sml-layout":"","theme-transparent-header-meta":"","adv-header-id-meta":"","stick-header-meta":"","header-above-stick-meta":"","header-main-stick-meta":"","header-below-stick-meta":"","astra-migrate-meta-layouts":"default","ast-page-background-enabled":"default","ast-page-background-meta":{"desktop":{"background-color":"var(--ast-global-color-4)","background-image":"","background-repeat":"repeat","background-position":"center center","background-size":"auto","background-attachment":"scroll","background-type":"","background-media":"","overlay-type":"","overlay-color":"","overlay-opacity":"","overlay-gradient":""},"tablet":{"background-color":"","background-image":"","background-repeat":"repeat","background-position":"center center","background-size":"auto","background-attachment":"scroll","background-type":"","background-media":"","overlay-type":"","overlay-color":"","overlay-opacity":"","overlay-gradient":""},"mobile":{"background-color":"","background-image":"","background-repeat":"repeat","background-position":"center center","background-size":"auto","background-attachment":"scroll","background-type":"","background-media":"","overlay-type":"","overlay-color":"","overlay-opacity":"","overlay-gradient":""}},"ast-content-background-meta":{"desktop":{"background-color":"var(--ast-global-color-5)","background-image":"","background-repeat":"repeat","background-position":"center center","background-size":"auto","background-attachment":"scroll","background-type":"","background-media":"","overlay-type":"","overlay-color":"","overlay-opacity":"","overlay-gradient":""},"tablet":{"background-color":"var(--ast-global-color-5)","background-image":"","background-repeat":"repeat","background-position":"center center","background-size":"auto","background-attachment":"scroll","background-type":"","background-media":"","overlay-type":"","overlay-color":"","overlay-opacity":"","overlay-gradient":""},"mobile":{"background-color":"var(--ast-global-color-5)","background-image":"","background-repeat":"repeat","background-position":"center center","background-size":"auto","background-attachment":"scroll","background-type":"","background-media":"","overlay-type":"","overlay-color":"","overlay-opacity":"","overlay-gradient":""}},"footnotes":""},"categories":[23,32,489],"tags":[2133,76],"class_list":["post-13477","post","type-post","status-publish","format-standard","has-post-thumbnail","hentry","category-destacats","category-noticies-farmacia","category-opinions-del-collegi","tag-impagaments","tag-oficina-de-farmacia"],"yoast_head":"<!-- This site is optimized with the Yoast SEO plugin v22.4 - https:\/\/yoast.com\/wordpress\/plugins\/seo\/ -->\n<title>Seguim denunciant el retard en el pagament de les factures - Col\u00b7legi de Farmac\u00e8utics de Barcelona<\/title>\n<meta name=\"robots\" content=\"index, follow, max-snippet:-1, max-image-preview:large, max-video-preview:-1\" \/>\n<link rel=\"canonical\" href=\"https:\/\/novaorg.cofb.net\/2015\/05\/05\/seguim-denunciant-el-retard-en-el-pagament-de-les-factures\/\" \/>\n<meta property=\"og:locale\" content=\"ca_ES\" \/>\n<meta property=\"og:type\" content=\"article\" \/>\n<meta property=\"og:title\" content=\"Seguim denunciant el retard en el pagament de les factures - Col\u00b7legi de Farmac\u00e8utics de Barcelona\" \/>\n<meta property=\"og:description\" content=\"Un total de 226,8M\u20ac \u00e9s el deute que acumula la Generalitat amb les farm\u00e0cies catalanes. Aquesta xifra surt de la suma de la factura dels medicaments dispensats al mar\u00e7 (119,5M\u20ac), que s\u2019hauria d\u2019haver fet efectiva el\u00a05 de maig; i la factura de febrer (107,3M\u20ac), que s\u2019hauria d\u2019haver pagat el 5 [&hellip;]\" \/>\n<meta property=\"og:url\" content=\"https:\/\/novaorg.cofb.net\/2015\/05\/05\/seguim-denunciant-el-retard-en-el-pagament-de-les-factures\/\" \/>\n<meta property=\"og:site_name\" content=\"Col\u00b7legi de Farmac\u00e8utics de Barcelona\" \/>\n<meta property=\"article:publisher\" content=\"https:\/\/www.facebook.com\/farmaceuticsbcn\/\" \/>\n<meta property=\"article:published_time\" content=\"2015-05-05T10:57:39+00:00\" \/>\n<meta name=\"author\" content=\"wpAdminCofbOrg\" \/>\n<meta name=\"twitter:card\" content=\"summary_large_image\" \/>\n<meta name=\"twitter:creator\" content=\"@farmaceuticsbcn\" \/>\n<meta name=\"twitter:site\" content=\"@farmaceuticsbcn\" \/>\n<meta name=\"twitter:label1\" content=\"Escrit per\" \/>\n\t<meta name=\"twitter:data1\" content=\"wpAdminCofbOrg\" \/>\n\t<meta name=\"twitter:label2\" content=\"Temps estimat de lectura\" \/>\n\t<meta name=\"twitter:data2\" content=\"3 minuts\" \/>\n<script type=\"application\/ld+json\" class=\"yoast-schema-graph\">{\"@context\":\"https:\/\/schema.org\",\"@graph\":[{\"@type\":\"Article\",\"@id\":\"https:\/\/novaorg.cofb.net\/2015\/05\/05\/seguim-denunciant-el-retard-en-el-pagament-de-les-factures\/#article\",\"isPartOf\":{\"@id\":\"https:\/\/novaorg.cofb.net\/2015\/05\/05\/seguim-denunciant-el-retard-en-el-pagament-de-les-factures\/\"},\"author\":{\"name\":\"wpAdminCofbOrg\",\"@id\":\"https:\/\/www.cofb.org\/#\/schema\/person\/22ed7eea88da74b0fa4d3154ad87ffcb\"},\"headline\":\"Seguim denunciant el retard en el pagament de les factures\",\"datePublished\":\"2015-05-05T10:57:39+00:00\",\"dateModified\":\"2015-05-05T10:57:39+00:00\",\"mainEntityOfPage\":{\"@id\":\"https:\/\/novaorg.cofb.net\/2015\/05\/05\/seguim-denunciant-el-retard-en-el-pagament-de-les-factures\/\"},\"wordCount\":661,\"commentCount\":0,\"publisher\":{\"@id\":\"https:\/\/www.cofb.org\/#organization\"},\"image\":{\"@id\":\"https:\/\/novaorg.cofb.net\/2015\/05\/05\/seguim-denunciant-el-retard-en-el-pagament-de-les-factures\/#primaryimage\"},\"thumbnailUrl\":\"\",\"keywords\":[\"Impagaments\",\"Oficina de farm\u00e0cia\"],\"articleSection\":[\"Destacats\",\"Not\u00edcies farm\u00e0cia\",\"Opinions del Col\u00b7legi\"],\"inLanguage\":\"ca\",\"potentialAction\":[{\"@type\":\"CommentAction\",\"name\":\"Comment\",\"target\":[\"https:\/\/novaorg.cofb.net\/2015\/05\/05\/seguim-denunciant-el-retard-en-el-pagament-de-les-factures\/#respond\"]}]},{\"@type\":\"WebPage\",\"@id\":\"https:\/\/novaorg.cofb.net\/2015\/05\/05\/seguim-denunciant-el-retard-en-el-pagament-de-les-factures\/\",\"url\":\"https:\/\/novaorg.cofb.net\/2015\/05\/05\/seguim-denunciant-el-retard-en-el-pagament-de-les-factures\/\",\"name\":\"Seguim denunciant el retard en el pagament de les factures - Col\u00b7legi de Farmac\u00e8utics de Barcelona\",\"isPartOf\":{\"@id\":\"https:\/\/www.cofb.org\/#website\"},\"primaryImageOfPage\":{\"@id\":\"https:\/\/novaorg.cofb.net\/2015\/05\/05\/seguim-denunciant-el-retard-en-el-pagament-de-les-factures\/#primaryimage\"},\"image\":{\"@id\":\"https:\/\/novaorg.cofb.net\/2015\/05\/05\/seguim-denunciant-el-retard-en-el-pagament-de-les-factures\/#primaryimage\"},\"thumbnailUrl\":\"\",\"datePublished\":\"2015-05-05T10:57:39+00:00\",\"dateModified\":\"2015-05-05T10:57:39+00:00\",\"breadcrumb\":{\"@id\":\"https:\/\/novaorg.cofb.net\/2015\/05\/05\/seguim-denunciant-el-retard-en-el-pagament-de-les-factures\/#breadcrumb\"},\"inLanguage\":\"ca\",\"potentialAction\":[{\"@type\":\"ReadAction\",\"target\":[\"https:\/\/novaorg.cofb.net\/2015\/05\/05\/seguim-denunciant-el-retard-en-el-pagament-de-les-factures\/\"]}]},{\"@type\":\"ImageObject\",\"inLanguage\":\"ca\",\"@id\":\"https:\/\/novaorg.cofb.net\/2015\/05\/05\/seguim-denunciant-el-retard-en-el-pagament-de-les-factures\/#primaryimage\",\"url\":\"\",\"contentUrl\":\"\"},{\"@type\":\"BreadcrumbList\",\"@id\":\"https:\/\/novaorg.cofb.net\/2015\/05\/05\/seguim-denunciant-el-retard-en-el-pagament-de-les-factures\/#breadcrumb\",\"itemListElement\":[{\"@type\":\"ListItem\",\"position\":1,\"name\":\"Inici\",\"item\":\"https:\/\/novaorg.cofb.net\/\"},{\"@type\":\"ListItem\",\"position\":2,\"name\":\"Seguim denunciant el retard en el pagament de les factures\"}]},{\"@type\":\"WebSite\",\"@id\":\"https:\/\/www.cofb.org\/#website\",\"url\":\"https:\/\/www.cofb.org\/\",\"name\":\"Col\u00b7legi de Farmac\u00e8utics de Barcelona\",\"description\":\"\",\"publisher\":{\"@id\":\"https:\/\/www.cofb.org\/#organization\"},\"potentialAction\":[{\"@type\":\"SearchAction\",\"target\":{\"@type\":\"EntryPoint\",\"urlTemplate\":\"https:\/\/www.cofb.org\/?s={search_term_string}\"},\"query-input\":\"required name=search_term_string\"}],\"inLanguage\":\"ca\"},{\"@type\":\"Organization\",\"@id\":\"https:\/\/www.cofb.org\/#organization\",\"name\":\"Col\u00b7legi de Farmac\u00e8utics de Barcelona\",\"url\":\"https:\/\/www.cofb.org\/\",\"logo\":{\"@type\":\"ImageObject\",\"inLanguage\":\"ca\",\"@id\":\"https:\/\/www.cofb.org\/#\/schema\/logo\/image\/\",\"url\":\"https:\/\/www.cofb.org\/wp-content\/uploads\/2023\/11\/cropped-Logotip-COFB.png\",\"contentUrl\":\"https:\/\/www.cofb.org\/wp-content\/uploads\/2023\/11\/cropped-Logotip-COFB.png\",\"width\":500,\"height\":105,\"caption\":\"Col\u00b7legi de Farmac\u00e8utics de Barcelona\"},\"image\":{\"@id\":\"https:\/\/www.cofb.org\/#\/schema\/logo\/image\/\"},\"sameAs\":[\"https:\/\/www.facebook.com\/farmaceuticsbcn\/\",\"https:\/\/twitter.com\/farmaceuticsbcn\",\"https:\/\/www.instagram.com\/farmaceuticsbcn\/\",\"https:\/\/www.linkedin.com\/company\/farmaceuticsbcn\/\"]},{\"@type\":\"Person\",\"@id\":\"https:\/\/www.cofb.org\/#\/schema\/person\/22ed7eea88da74b0fa4d3154ad87ffcb\",\"name\":\"wpAdminCofbOrg\",\"image\":{\"@type\":\"ImageObject\",\"inLanguage\":\"ca\",\"@id\":\"https:\/\/www.cofb.org\/#\/schema\/person\/image\/\",\"url\":\"https:\/\/secure.gravatar.com\/avatar\/1721b20b3b8ca882c3b56ec6c978c594fff670e40c0718e9190eaeeb76aae7d8?s=96&d=mm&r=g\",\"contentUrl\":\"https:\/\/secure.gravatar.com\/avatar\/1721b20b3b8ca882c3b56ec6c978c594fff670e40c0718e9190eaeeb76aae7d8?s=96&d=mm&r=g\",\"caption\":\"wpAdminCofbOrg\"},\"sameAs\":[\"http:\/\/192.168.64.122\/wordpress\"],\"url\":\"https:\/\/www.cofb.org\/ca\/author\/wpadmincofborg\/\"}]}<\/script>\n<!-- \/ Yoast SEO plugin. -->","yoast_head_json":{"title":"Seguim denunciant el retard en el pagament de les factures - Col\u00b7legi de Farmac\u00e8utics de Barcelona","robots":{"index":"index","follow":"follow","max-snippet":"max-snippet:-1","max-image-preview":"max-image-preview:large","max-video-preview":"max-video-preview:-1"},"canonical":"https:\/\/novaorg.cofb.net\/2015\/05\/05\/seguim-denunciant-el-retard-en-el-pagament-de-les-factures\/","og_locale":"ca_ES","og_type":"article","og_title":"Seguim denunciant el retard en el pagament de les factures - Col\u00b7legi de Farmac\u00e8utics de Barcelona","og_description":"Un total de 226,8M\u20ac \u00e9s el deute que acumula la Generalitat amb les farm\u00e0cies catalanes. Aquesta xifra surt de la suma de la factura dels medicaments dispensats al mar\u00e7 (119,5M\u20ac), que s\u2019hauria d\u2019haver fet efectiva el\u00a05 de maig; i la factura de febrer (107,3M\u20ac), que s\u2019hauria d\u2019haver pagat el 5 [&hellip;]","og_url":"https:\/\/novaorg.cofb.net\/2015\/05\/05\/seguim-denunciant-el-retard-en-el-pagament-de-les-factures\/","og_site_name":"Col\u00b7legi de Farmac\u00e8utics de Barcelona","article_publisher":"https:\/\/www.facebook.com\/farmaceuticsbcn\/","article_published_time":"2015-05-05T10:57:39+00:00","author":"wpAdminCofbOrg","twitter_card":"summary_large_image","twitter_creator":"@farmaceuticsbcn","twitter_site":"@farmaceuticsbcn","twitter_misc":{"Escrit per":"wpAdminCofbOrg","Temps estimat de lectura":"3 minuts"},"schema":{"@context":"https:\/\/schema.org","@graph":[{"@type":"Article","@id":"https:\/\/novaorg.cofb.net\/2015\/05\/05\/seguim-denunciant-el-retard-en-el-pagament-de-les-factures\/#article","isPartOf":{"@id":"https:\/\/novaorg.cofb.net\/2015\/05\/05\/seguim-denunciant-el-retard-en-el-pagament-de-les-factures\/"},"author":{"name":"wpAdminCofbOrg","@id":"https:\/\/www.cofb.org\/#\/schema\/person\/22ed7eea88da74b0fa4d3154ad87ffcb"},"headline":"Seguim denunciant el retard en el pagament de les factures","datePublished":"2015-05-05T10:57:39+00:00","dateModified":"2015-05-05T10:57:39+00:00","mainEntityOfPage":{"@id":"https:\/\/novaorg.cofb.net\/2015\/05\/05\/seguim-denunciant-el-retard-en-el-pagament-de-les-factures\/"},"wordCount":661,"commentCount":0,"publisher":{"@id":"https:\/\/www.cofb.org\/#organization"},"image":{"@id":"https:\/\/novaorg.cofb.net\/2015\/05\/05\/seguim-denunciant-el-retard-en-el-pagament-de-les-factures\/#primaryimage"},"thumbnailUrl":"","keywords":["Impagaments","Oficina de farm\u00e0cia"],"articleSection":["Destacats","Not\u00edcies farm\u00e0cia","Opinions del Col\u00b7legi"],"inLanguage":"ca","potentialAction":[{"@type":"CommentAction","name":"Comment","target":["https:\/\/novaorg.cofb.net\/2015\/05\/05\/seguim-denunciant-el-retard-en-el-pagament-de-les-factures\/#respond"]}]},{"@type":"WebPage","@id":"https:\/\/novaorg.cofb.net\/2015\/05\/05\/seguim-denunciant-el-retard-en-el-pagament-de-les-factures\/","url":"https:\/\/novaorg.cofb.net\/2015\/05\/05\/seguim-denunciant-el-retard-en-el-pagament-de-les-factures\/","name":"Seguim denunciant el retard en el pagament de les factures - Col\u00b7legi de Farmac\u00e8utics de Barcelona","isPartOf":{"@id":"https:\/\/www.cofb.org\/#website"},"primaryImageOfPage":{"@id":"https:\/\/novaorg.cofb.net\/2015\/05\/05\/seguim-denunciant-el-retard-en-el-pagament-de-les-factures\/#primaryimage"},"image":{"@id":"https:\/\/novaorg.cofb.net\/2015\/05\/05\/seguim-denunciant-el-retard-en-el-pagament-de-les-factures\/#primaryimage"},"thumbnailUrl":"","datePublished":"2015-05-05T10:57:39+00:00","dateModified":"2015-05-05T10:57:39+00:00","breadcrumb":{"@id":"https:\/\/novaorg.cofb.net\/2015\/05\/05\/seguim-denunciant-el-retard-en-el-pagament-de-les-factures\/#breadcrumb"},"inLanguage":"ca","potentialAction":[{"@type":"ReadAction","target":["https:\/\/novaorg.cofb.net\/2015\/05\/05\/seguim-denunciant-el-retard-en-el-pagament-de-les-factures\/"]}]},{"@type":"ImageObject","inLanguage":"ca","@id":"https:\/\/novaorg.cofb.net\/2015\/05\/05\/seguim-denunciant-el-retard-en-el-pagament-de-les-factures\/#primaryimage","url":"","contentUrl":""},{"@type":"BreadcrumbList","@id":"https:\/\/novaorg.cofb.net\/2015\/05\/05\/seguim-denunciant-el-retard-en-el-pagament-de-les-factures\/#breadcrumb","itemListElement":[{"@type":"ListItem","position":1,"name":"Inici","item":"https:\/\/novaorg.cofb.net\/"},{"@type":"ListItem","position":2,"name":"Seguim denunciant el retard en el pagament de les factures"}]},{"@type":"WebSite","@id":"https:\/\/www.cofb.org\/#website","url":"https:\/\/www.cofb.org\/","name":"Col\u00b7legi de Farmac\u00e8utics de Barcelona","description":"","publisher":{"@id":"https:\/\/www.cofb.org\/#organization"},"potentialAction":[{"@type":"SearchAction","target":{"@type":"EntryPoint","urlTemplate":"https:\/\/www.cofb.org\/?s={search_term_string}"},"query-input":"required name=search_term_string"}],"inLanguage":"ca"},{"@type":"Organization","@id":"https:\/\/www.cofb.org\/#organization","name":"Col\u00b7legi de Farmac\u00e8utics de Barcelona","url":"https:\/\/www.cofb.org\/","logo":{"@type":"ImageObject","inLanguage":"ca","@id":"https:\/\/www.cofb.org\/#\/schema\/logo\/image\/","url":"https:\/\/www.cofb.org\/wp-content\/uploads\/2023\/11\/cropped-Logotip-COFB.png","contentUrl":"https:\/\/www.cofb.org\/wp-content\/uploads\/2023\/11\/cropped-Logotip-COFB.png","width":500,"height":105,"caption":"Col\u00b7legi de Farmac\u00e8utics de Barcelona"},"image":{"@id":"https:\/\/www.cofb.org\/#\/schema\/logo\/image\/"},"sameAs":["https:\/\/www.facebook.com\/farmaceuticsbcn\/","https:\/\/twitter.com\/farmaceuticsbcn","https:\/\/www.instagram.com\/farmaceuticsbcn\/","https:\/\/www.linkedin.com\/company\/farmaceuticsbcn\/"]},{"@type":"Person","@id":"https:\/\/www.cofb.org\/#\/schema\/person\/22ed7eea88da74b0fa4d3154ad87ffcb","name":"wpAdminCofbOrg","image":{"@type":"ImageObject","inLanguage":"ca","@id":"https:\/\/www.cofb.org\/#\/schema\/person\/image\/","url":"https:\/\/secure.gravatar.com\/avatar\/1721b20b3b8ca882c3b56ec6c978c594fff670e40c0718e9190eaeeb76aae7d8?s=96&d=mm&r=g","contentUrl":"https:\/\/secure.gravatar.com\/avatar\/1721b20b3b8ca882c3b56ec6c978c594fff670e40c0718e9190eaeeb76aae7d8?s=96&d=mm&r=g","caption":"wpAdminCofbOrg"},"sameAs":["http:\/\/192.168.64.122\/wordpress"],"url":"https:\/\/www.cofb.org\/ca\/author\/wpadmincofborg\/"}]}},"uagb_featured_image_src":{"full":false,"thumbnail":false,"medium":false,"medium_large":false,"large":false,"1536x1536":false,"2048x2048":false,"trp-custom-language-flag":false},"uagb_author_info":{"display_name":"wpAdminCofbOrg","author_link":"https:\/\/www.cofb.org\/ca\/author\/wpadmincofborg\/"},"uagb_comment_info":0,"uagb_excerpt":"Un total de 226,8M\u20ac \u00e9s el deute que acumula la Generalitat amb les farm\u00e0cies catalanes. Aquesta xifra surt de la suma de la factura dels medicaments dispensats al mar\u00e7 (119,5M\u20ac), que s\u2019hauria d\u2019haver fet efectiva el\u00a05 de maig; i la factura de febrer (107,3M\u20ac), que s\u2019hauria d\u2019haver pagat el 5 [&hellip;]","_links":{"self":[{"href":"https:\/\/www.cofb.org\/ca\/wp-json\/wp\/v2\/posts\/13477","targetHints":{"allow":["GET"]}}],"collection":[{"href":"https:\/\/www.cofb.org\/ca\/wp-json\/wp\/v2\/posts"}],"about":[{"href":"https:\/\/www.cofb.org\/ca\/wp-json\/wp\/v2\/types\/post"}],"author":[{"embeddable":true,"href":"https:\/\/www.cofb.org\/ca\/wp-json\/wp\/v2\/users\/1"}],"replies":[{"embeddable":true,"href":"https:\/\/www.cofb.org\/ca\/wp-json\/wp\/v2\/comments?post=13477"}],"version-history":[{"count":0,"href":"https:\/\/www.cofb.org\/ca\/wp-json\/wp\/v2\/posts\/13477\/revisions"}],"wp:featuredmedia":[{"embeddable":true,"href":"https:\/\/www.cofb.org\/ca\/wp-json\/"}],"wp:attachment":[{"href":"https:\/\/www.cofb.org\/ca\/wp-json\/wp\/v2\/media?parent=13477"}],"wp:term":[{"taxonomy":"category","embeddable":true,"href":"https:\/\/www.cofb.org\/ca\/wp-json\/wp\/v2\/categories?post=13477"},{"taxonomy":"post_tag","embeddable":true,"href":"https:\/\/www.cofb.org\/ca\/wp-json\/wp\/v2\/tags?post=13477"}],"curies":[{"name":"wp","href":"https:\/\/api.w.org\/{rel}","templated":true}]}}