{"id":13432,"date":"2015-05-04T13:57:20","date_gmt":"2015-05-04T12:57:20","guid":{"rendered":"http:\/\/blog.cofb.cat\/?p=13432"},"modified":"2015-05-04T13:57:20","modified_gmt":"2015-05-04T12:57:20","slug":"planificant-un-gran-viatge-taller-de-finances-personals","status":"publish","type":"post","link":"https:\/\/www.cofb.org\/ca\/2015\/05\/04\/planificant-un-gran-viatge-taller-de-finances-personals\/","title":{"rendered":"Planificant un gran viatge: taller de finances personals"},"content":{"rendered":"<p>Durant el mes de mar\u00e7 i com a iniciativa de l\u2019<a href=\"http:\/\/www.efpa.es\/\" target=\"_blank\" rel=\"noopener\">EFPA<\/a>\u00a0(European Finacial Planning Association) a Espanya, van tenir lloc al Col\u00b7legi uns tallers sota el t\u00edtol \u201cIntroducci\u00f3 a les finances personals. Planificant un gran viatge\u201d. Al llarg de tres dies, es va donar resposta a aquestes i d\u2019altres preguntes que molts farmac\u00e8utics es plantegen: quin percentatge de despeses no tinc controlat? S\u00e9 qui \u00e9s el meu patrimoni net? Actius\/Deutes? Quina part d\u2019ingressos hauria d\u2019estalviar? Quins son els enemics de la meva jubilaci\u00f3..?<\/p>\n<p>Els tallers van estar impartits de manera volunt\u00e0ria per assessors financers membres de l\u2019EFPA -associaci\u00f3 d&#8217;assessors i planificadors financers patrimonials que vol ajudar a millorar les capacitats financeres de la societat amb formaci\u00f3 i projectes d&#8217;educaci\u00f3 financera-, amb l\u2019objectiu d\u2019<b>incrementar la cultura financera del col\u00b7lectiu farmac\u00e8utic<\/b>. El professorat va ajudar als assistents a saber planificar les finances personals tenint en compte totes les possibles variables vitals i financeres. Tamb\u00e9 els van donar a con\u00e8ixer les eines que poden ajudar a augmentar la seva capacitat financera personal.<\/p>\n<figure id=\"attachment_13441\" aria-describedby=\"caption-attachment-13441\" style=\"width: 306px\" class=\"wp-caption alignleft\"><a href=\"http:\/\/blog.cofb.cat\/wp-content\/uploads\/2015\/04\/taller-finances-personals-3.jpg\"><img fetchpriority=\"high\" decoding=\"async\" class=\" wp-image-13441    \" alt=\"taller-finances-personals (3)\" src=\"http:\/\/blog.cofb.cat\/wp-content\/uploads\/2015\/04\/taller-finances-personals-3.jpg\" width=\"306\" height=\"205\" \/><\/a><figcaption id=\"caption-attachment-13441\" class=\"wp-caption-text\">El tresorer del COFB, Joan Calduch, al centre de la imatge, amb els assessors de l&#8217;EFPA<\/figcaption><\/figure>\n<div class=\"box shadow\">\u201cAcceptar que la rendibilitat i el risc van de la m\u00e0, que l\u2019horitz\u00f3 temporal \u00e9s una variable rellevant, que cal definir una situaci\u00f3 desitjada en un horitz\u00f3 temporal concret i que per apropar-nos-hi cal planificar les etapes i que cal tenir i comunicar a les persones m\u00e9s properes un registre de tot el que portem a la \u2018motxilla\u2019 financera, s\u00f3n alguns dels conceptes financers que hem de tenir clars. Malauradament no formen part de l\u2019educaci\u00f3 reglada ni de la universit\u00e0ria en el cas dels farmac\u00e8utics. Aquests tallers han estat una primera aproximaci\u00f3 a aquests conceptes i a les finances personals. Crec que el temps emprat pels assistents no ha estat en va i que els ha transm\u00e8s coneixements financers \u00fatils\u201d explica <b>Joan Calduch, tresorer del Col\u00b7legi<\/b>. \u201cEn aquests tallers es va dotar als assistents de nocions i criteris financers b\u00e0sics per tal de gestionar les finances personals de manera efectiva. Conceptes com fons d\u2019emerg\u00e8ncia, volatilitat, PIAS, tipus de riscs financers&#8230; ja formen part del bagatge dels assistents\u201d.<\/div>\n<p>Les sessions van comen\u00e7ar per determinar els objectius i el punt de partida dels alumnes, aprofundint en la seva visi\u00f3 vital i financera, per passar a estructurar \u201cel gran viatge\u201d, la planificaci\u00f3 financera personal.<a href=\"http:\/\/blog.cofb.cat\/wp-content\/uploads\/2015\/04\/taller-finances-personals-2.jpg\"><img decoding=\"async\" class=\"wp-image-13440 alignright\" alt=\"taller-finances-personals (2)\" src=\"http:\/\/blog.cofb.cat\/wp-content\/uploads\/2015\/04\/taller-finances-personals-2.jpg\" width=\"333\" height=\"195\" \/><\/a><\/p>\n<ol start=\"1\">\n<li>A la primera etapa es va respondre a la pregunta \u201cOn s\u00f3c?\u201d fent balan\u00e7 familiar, coneixent el pressupost i el control de despeses.<\/li>\n<li>A la segona etapa, per determinar els preparatius abans del viatge, els alumnes van saber com aconseguir seguretat econ\u00f2mica per a la seva fam\u00edlia, com constituir el fons d\u2019emerg\u00e8ncia i van adquirir coneixements financers b\u00e0sics.<\/li>\n<li>Ja a la tercera etapa es va respondre a una altra pregunta: \u201cquant em costar\u00e0?, per exemple: la jubilaci\u00f3\u201d. En aquesta sessi\u00f3 es va parlar de l\u2019endeutament, de si \u00e9s millor comprar o llogar \u2013coneixent la visi\u00f3 vital i la financera-, \u00a0per acabar d\u2019adquirir conceptes per decidir si amb els diners \u00e9s millor invertir en una renda fixa o renda variable.<\/li>\n<li>Finalment, a la quarta etapa d\u2019aquest \u201cviatge\u201d, es proposava \u201cquin mitj\u00e0 de transport utilitzar\u00e9?\u201d: en aquesta part del taller, es va plantejar als alumnes la possibilitat de tractar amb un assessor sobre quines s\u00f3n les preguntes que m\u00e9s l\u2019interessen en funci\u00f3 de la seva situaci\u00f3 i necessitats, pr\u00e8viament analitzades.<\/li>\n<\/ol>\n<p>\u201cL\u2019elevada assist\u00e8ncia als tallers aix\u00ed com la puntuaci\u00f3 de 8 com a valoraci\u00f3 global del curs ens fan concloure que va ser un encert acceptar la proposta de l\u2019EFPA i que les finances personals s\u00f3n motiu d\u2019inter\u00e8s del nostre col\u00b7lectiu\u201d conclou Calduch.<\/p>\n<p align=\"right\"><b>Amb la col\u00b7laboraci\u00f3 de:<\/b><\/p>\n<p>&nbsp;<\/p>\n<p align=\"right\"><img decoding=\"async\" class=\"size-full wp-image-13437 alignright\" alt=\"efpa\" src=\"http:\/\/blog.cofb.cat\/wp-content\/uploads\/2015\/04\/efpa.jpg\" width=\"240\" height=\"109\" \/><\/p>\n<p>&nbsp;<\/p>\n<p>&nbsp;<\/p>\n<p>&nbsp;<\/p>\n","protected":false},"excerpt":{"rendered":"<p>Durant el mes de mar\u00e7 i com a iniciativa de l\u2019EFPA\u00a0(European Finacial Planning Association) a Espanya, van tenir lloc al Col\u00b7legi uns tallers sota el t\u00edtol \u201cIntroducci\u00f3 a les finances personals. Planificant un gran viatge\u201d. Al llarg de tres dies, es va donar resposta a aquestes i d\u2019altres preguntes que [&hellip;]<\/p>\n","protected":false},"author":1,"featured_media":13439,"comment_status":"open","ping_status":"open","sticky":false,"template":"","format":"standard","meta":{"_uag_custom_page_level_css":"","site-sidebar-layout":"default","site-content-layout":"","ast-site-content-layout":"default","site-content-style":"default","site-sidebar-style":"default","ast-global-header-display":"","ast-banner-title-visibility":"","ast-main-header-display":"","ast-hfb-above-header-display":"","ast-hfb-below-header-display":"","ast-hfb-mobile-header-display":"","site-post-title":"","ast-breadcrumbs-content":"","ast-featured-img":"disabled","footer-sml-layout":"","theme-transparent-header-meta":"","adv-header-id-meta":"","stick-header-meta":"","header-above-stick-meta":"","header-main-stick-meta":"","header-below-stick-meta":"","astra-migrate-meta-layouts":"default","ast-page-background-enabled":"default","ast-page-background-meta":{"desktop":{"background-color":"var(--ast-global-color-4)","background-image":"","background-repeat":"repeat","background-position":"center center","background-size":"auto","background-attachment":"scroll","background-type":"","background-media":"","overlay-type":"","overlay-color":"","overlay-opacity":"","overlay-gradient":""},"tablet":{"background-color":"","background-image":"","background-repeat":"repeat","background-position":"center center","background-size":"auto","background-attachment":"scroll","background-type":"","background-media":"","overlay-type":"","overlay-color":"","overlay-opacity":"","overlay-gradient":""},"mobile":{"background-color":"","background-image":"","background-repeat":"repeat","background-position":"center center","background-size":"auto","background-attachment":"scroll","background-type":"","background-media":"","overlay-type":"","overlay-color":"","overlay-opacity":"","overlay-gradient":""}},"ast-content-background-meta":{"desktop":{"background-color":"var(--ast-global-color-5)","background-image":"","background-repeat":"repeat","background-position":"center center","background-size":"auto","background-attachment":"scroll","background-type":"","background-media":"","overlay-type":"","overlay-color":"","overlay-opacity":"","overlay-gradient":""},"tablet":{"background-color":"var(--ast-global-color-5)","background-image":"","background-repeat":"repeat","background-position":"center center","background-size":"auto","background-attachment":"scroll","background-type":"","background-media":"","overlay-type":"","overlay-color":"","overlay-opacity":"","overlay-gradient":""},"mobile":{"background-color":"var(--ast-global-color-5)","background-image":"","background-repeat":"repeat","background-position":"center center","background-size":"auto","background-attachment":"scroll","background-type":"","background-media":"","overlay-type":"","overlay-color":"","overlay-opacity":"","overlay-gradient":""}},"footnotes":""},"categories":[57],"tags":[2202,70,76,1029],"class_list":["post-13432","post","type-post","status-publish","format-standard","has-post-thumbnail","hentry","category-mon-collegial","tag-finances-personals","tag-formacio","tag-oficina-de-farmacia","tag-tresoreria"],"yoast_head":"<!-- This site is optimized with the Yoast SEO plugin v22.4 - https:\/\/yoast.com\/wordpress\/plugins\/seo\/ -->\n<title>Planificant un gran viatge: taller de finances personals - Col\u00b7legi de Farmac\u00e8utics de Barcelona<\/title>\n<meta name=\"robots\" content=\"index, follow, max-snippet:-1, max-image-preview:large, max-video-preview:-1\" \/>\n<link rel=\"canonical\" href=\"https:\/\/novaorg.cofb.net\/2015\/05\/04\/planificant-un-gran-viatge-taller-de-finances-personals\/\" \/>\n<meta property=\"og:locale\" content=\"ca_ES\" \/>\n<meta property=\"og:type\" content=\"article\" \/>\n<meta property=\"og:title\" content=\"Planificant un gran viatge: taller de finances personals - Col\u00b7legi de Farmac\u00e8utics de Barcelona\" \/>\n<meta property=\"og:description\" content=\"Durant el mes de mar\u00e7 i com a iniciativa de l\u2019EFPA\u00a0(European Finacial Planning Association) a Espanya, van tenir lloc al Col\u00b7legi uns tallers sota el t\u00edtol \u201cIntroducci\u00f3 a les finances personals. Planificant un gran viatge\u201d. Al llarg de tres dies, es va donar resposta a aquestes i d\u2019altres preguntes que [&hellip;]\" \/>\n<meta property=\"og:url\" content=\"https:\/\/novaorg.cofb.net\/2015\/05\/04\/planificant-un-gran-viatge-taller-de-finances-personals\/\" \/>\n<meta property=\"og:site_name\" content=\"Col\u00b7legi de Farmac\u00e8utics de Barcelona\" \/>\n<meta property=\"article:publisher\" content=\"https:\/\/www.facebook.com\/farmaceuticsbcn\/\" \/>\n<meta property=\"article:published_time\" content=\"2015-05-04T12:57:20+00:00\" \/>\n<meta name=\"author\" content=\"wpAdminCofbOrg\" \/>\n<meta name=\"twitter:card\" content=\"summary_large_image\" \/>\n<meta name=\"twitter:creator\" content=\"@farmaceuticsbcn\" \/>\n<meta name=\"twitter:site\" content=\"@farmaceuticsbcn\" \/>\n<meta name=\"twitter:label1\" content=\"Escrit per\" \/>\n\t<meta name=\"twitter:data1\" content=\"wpAdminCofbOrg\" \/>\n\t<meta name=\"twitter:label2\" content=\"Temps estimat de lectura\" \/>\n\t<meta name=\"twitter:data2\" content=\"3 minuts\" \/>\n<script type=\"application\/ld+json\" class=\"yoast-schema-graph\">{\"@context\":\"https:\/\/schema.org\",\"@graph\":[{\"@type\":\"Article\",\"@id\":\"https:\/\/novaorg.cofb.net\/2015\/05\/04\/planificant-un-gran-viatge-taller-de-finances-personals\/#article\",\"isPartOf\":{\"@id\":\"https:\/\/novaorg.cofb.net\/2015\/05\/04\/planificant-un-gran-viatge-taller-de-finances-personals\/\"},\"author\":{\"name\":\"wpAdminCofbOrg\",\"@id\":\"https:\/\/www.cofb.org\/#\/schema\/person\/22ed7eea88da74b0fa4d3154ad87ffcb\"},\"headline\":\"Planificant un gran viatge: taller de finances personals\",\"datePublished\":\"2015-05-04T12:57:20+00:00\",\"dateModified\":\"2015-05-04T12:57:20+00:00\",\"mainEntityOfPage\":{\"@id\":\"https:\/\/novaorg.cofb.net\/2015\/05\/04\/planificant-un-gran-viatge-taller-de-finances-personals\/\"},\"wordCount\":673,\"commentCount\":0,\"publisher\":{\"@id\":\"https:\/\/www.cofb.org\/#organization\"},\"image\":{\"@id\":\"https:\/\/novaorg.cofb.net\/2015\/05\/04\/planificant-un-gran-viatge-taller-de-finances-personals\/#primaryimage\"},\"thumbnailUrl\":\"\",\"keywords\":[\"finances personals\",\"Formaci\u00f3\",\"Oficina de farm\u00e0cia\",\"tresoreria\"],\"articleSection\":[\"M\u00f3n col\u00b7legial\"],\"inLanguage\":\"ca\",\"potentialAction\":[{\"@type\":\"CommentAction\",\"name\":\"Comment\",\"target\":[\"https:\/\/novaorg.cofb.net\/2015\/05\/04\/planificant-un-gran-viatge-taller-de-finances-personals\/#respond\"]}]},{\"@type\":\"WebPage\",\"@id\":\"https:\/\/novaorg.cofb.net\/2015\/05\/04\/planificant-un-gran-viatge-taller-de-finances-personals\/\",\"url\":\"https:\/\/novaorg.cofb.net\/2015\/05\/04\/planificant-un-gran-viatge-taller-de-finances-personals\/\",\"name\":\"Planificant un gran viatge: taller de finances personals - Col\u00b7legi de Farmac\u00e8utics de Barcelona\",\"isPartOf\":{\"@id\":\"https:\/\/www.cofb.org\/#website\"},\"primaryImageOfPage\":{\"@id\":\"https:\/\/novaorg.cofb.net\/2015\/05\/04\/planificant-un-gran-viatge-taller-de-finances-personals\/#primaryimage\"},\"image\":{\"@id\":\"https:\/\/novaorg.cofb.net\/2015\/05\/04\/planificant-un-gran-viatge-taller-de-finances-personals\/#primaryimage\"},\"thumbnailUrl\":\"\",\"datePublished\":\"2015-05-04T12:57:20+00:00\",\"dateModified\":\"2015-05-04T12:57:20+00:00\",\"breadcrumb\":{\"@id\":\"https:\/\/novaorg.cofb.net\/2015\/05\/04\/planificant-un-gran-viatge-taller-de-finances-personals\/#breadcrumb\"},\"inLanguage\":\"ca\",\"potentialAction\":[{\"@type\":\"ReadAction\",\"target\":[\"https:\/\/novaorg.cofb.net\/2015\/05\/04\/planificant-un-gran-viatge-taller-de-finances-personals\/\"]}]},{\"@type\":\"ImageObject\",\"inLanguage\":\"ca\",\"@id\":\"https:\/\/novaorg.cofb.net\/2015\/05\/04\/planificant-un-gran-viatge-taller-de-finances-personals\/#primaryimage\",\"url\":\"\",\"contentUrl\":\"\"},{\"@type\":\"BreadcrumbList\",\"@id\":\"https:\/\/novaorg.cofb.net\/2015\/05\/04\/planificant-un-gran-viatge-taller-de-finances-personals\/#breadcrumb\",\"itemListElement\":[{\"@type\":\"ListItem\",\"position\":1,\"name\":\"Inici\",\"item\":\"https:\/\/novaorg.cofb.net\/\"},{\"@type\":\"ListItem\",\"position\":2,\"name\":\"Planificant un gran viatge: taller de finances personals\"}]},{\"@type\":\"WebSite\",\"@id\":\"https:\/\/www.cofb.org\/#website\",\"url\":\"https:\/\/www.cofb.org\/\",\"name\":\"Col\u00b7legi de Farmac\u00e8utics de Barcelona\",\"description\":\"\",\"publisher\":{\"@id\":\"https:\/\/www.cofb.org\/#organization\"},\"potentialAction\":[{\"@type\":\"SearchAction\",\"target\":{\"@type\":\"EntryPoint\",\"urlTemplate\":\"https:\/\/www.cofb.org\/?s={search_term_string}\"},\"query-input\":\"required name=search_term_string\"}],\"inLanguage\":\"ca\"},{\"@type\":\"Organization\",\"@id\":\"https:\/\/www.cofb.org\/#organization\",\"name\":\"Col\u00b7legi de Farmac\u00e8utics de Barcelona\",\"url\":\"https:\/\/www.cofb.org\/\",\"logo\":{\"@type\":\"ImageObject\",\"inLanguage\":\"ca\",\"@id\":\"https:\/\/www.cofb.org\/#\/schema\/logo\/image\/\",\"url\":\"https:\/\/www.cofb.org\/wp-content\/uploads\/2023\/11\/cropped-Logotip-COFB.png\",\"contentUrl\":\"https:\/\/www.cofb.org\/wp-content\/uploads\/2023\/11\/cropped-Logotip-COFB.png\",\"width\":500,\"height\":105,\"caption\":\"Col\u00b7legi de Farmac\u00e8utics de Barcelona\"},\"image\":{\"@id\":\"https:\/\/www.cofb.org\/#\/schema\/logo\/image\/\"},\"sameAs\":[\"https:\/\/www.facebook.com\/farmaceuticsbcn\/\",\"https:\/\/twitter.com\/farmaceuticsbcn\",\"https:\/\/www.instagram.com\/farmaceuticsbcn\/\",\"https:\/\/www.linkedin.com\/company\/farmaceuticsbcn\/\"]},{\"@type\":\"Person\",\"@id\":\"https:\/\/www.cofb.org\/#\/schema\/person\/22ed7eea88da74b0fa4d3154ad87ffcb\",\"name\":\"wpAdminCofbOrg\",\"image\":{\"@type\":\"ImageObject\",\"inLanguage\":\"ca\",\"@id\":\"https:\/\/www.cofb.org\/#\/schema\/person\/image\/\",\"url\":\"https:\/\/secure.gravatar.com\/avatar\/1721b20b3b8ca882c3b56ec6c978c594fff670e40c0718e9190eaeeb76aae7d8?s=96&d=mm&r=g\",\"contentUrl\":\"https:\/\/secure.gravatar.com\/avatar\/1721b20b3b8ca882c3b56ec6c978c594fff670e40c0718e9190eaeeb76aae7d8?s=96&d=mm&r=g\",\"caption\":\"wpAdminCofbOrg\"},\"sameAs\":[\"http:\/\/192.168.64.122\/wordpress\"],\"url\":\"https:\/\/www.cofb.org\/ca\/author\/wpadmincofborg\/\"}]}<\/script>\n<!-- \/ Yoast SEO plugin. -->","yoast_head_json":{"title":"Planificant un gran viatge: taller de finances personals - Col\u00b7legi de Farmac\u00e8utics de Barcelona","robots":{"index":"index","follow":"follow","max-snippet":"max-snippet:-1","max-image-preview":"max-image-preview:large","max-video-preview":"max-video-preview:-1"},"canonical":"https:\/\/novaorg.cofb.net\/2015\/05\/04\/planificant-un-gran-viatge-taller-de-finances-personals\/","og_locale":"ca_ES","og_type":"article","og_title":"Planificant un gran viatge: taller de finances personals - Col\u00b7legi de Farmac\u00e8utics de Barcelona","og_description":"Durant el mes de mar\u00e7 i com a iniciativa de l\u2019EFPA\u00a0(European Finacial Planning Association) a Espanya, van tenir lloc al Col\u00b7legi uns tallers sota el t\u00edtol \u201cIntroducci\u00f3 a les finances personals. Planificant un gran viatge\u201d. Al llarg de tres dies, es va donar resposta a aquestes i d\u2019altres preguntes que [&hellip;]","og_url":"https:\/\/novaorg.cofb.net\/2015\/05\/04\/planificant-un-gran-viatge-taller-de-finances-personals\/","og_site_name":"Col\u00b7legi de Farmac\u00e8utics de Barcelona","article_publisher":"https:\/\/www.facebook.com\/farmaceuticsbcn\/","article_published_time":"2015-05-04T12:57:20+00:00","author":"wpAdminCofbOrg","twitter_card":"summary_large_image","twitter_creator":"@farmaceuticsbcn","twitter_site":"@farmaceuticsbcn","twitter_misc":{"Escrit per":"wpAdminCofbOrg","Temps estimat de lectura":"3 minuts"},"schema":{"@context":"https:\/\/schema.org","@graph":[{"@type":"Article","@id":"https:\/\/novaorg.cofb.net\/2015\/05\/04\/planificant-un-gran-viatge-taller-de-finances-personals\/#article","isPartOf":{"@id":"https:\/\/novaorg.cofb.net\/2015\/05\/04\/planificant-un-gran-viatge-taller-de-finances-personals\/"},"author":{"name":"wpAdminCofbOrg","@id":"https:\/\/www.cofb.org\/#\/schema\/person\/22ed7eea88da74b0fa4d3154ad87ffcb"},"headline":"Planificant un gran viatge: taller de finances personals","datePublished":"2015-05-04T12:57:20+00:00","dateModified":"2015-05-04T12:57:20+00:00","mainEntityOfPage":{"@id":"https:\/\/novaorg.cofb.net\/2015\/05\/04\/planificant-un-gran-viatge-taller-de-finances-personals\/"},"wordCount":673,"commentCount":0,"publisher":{"@id":"https:\/\/www.cofb.org\/#organization"},"image":{"@id":"https:\/\/novaorg.cofb.net\/2015\/05\/04\/planificant-un-gran-viatge-taller-de-finances-personals\/#primaryimage"},"thumbnailUrl":"","keywords":["finances personals","Formaci\u00f3","Oficina de farm\u00e0cia","tresoreria"],"articleSection":["M\u00f3n col\u00b7legial"],"inLanguage":"ca","potentialAction":[{"@type":"CommentAction","name":"Comment","target":["https:\/\/novaorg.cofb.net\/2015\/05\/04\/planificant-un-gran-viatge-taller-de-finances-personals\/#respond"]}]},{"@type":"WebPage","@id":"https:\/\/novaorg.cofb.net\/2015\/05\/04\/planificant-un-gran-viatge-taller-de-finances-personals\/","url":"https:\/\/novaorg.cofb.net\/2015\/05\/04\/planificant-un-gran-viatge-taller-de-finances-personals\/","name":"Planificant un gran viatge: taller de finances personals - Col\u00b7legi de Farmac\u00e8utics de Barcelona","isPartOf":{"@id":"https:\/\/www.cofb.org\/#website"},"primaryImageOfPage":{"@id":"https:\/\/novaorg.cofb.net\/2015\/05\/04\/planificant-un-gran-viatge-taller-de-finances-personals\/#primaryimage"},"image":{"@id":"https:\/\/novaorg.cofb.net\/2015\/05\/04\/planificant-un-gran-viatge-taller-de-finances-personals\/#primaryimage"},"thumbnailUrl":"","datePublished":"2015-05-04T12:57:20+00:00","dateModified":"2015-05-04T12:57:20+00:00","breadcrumb":{"@id":"https:\/\/novaorg.cofb.net\/2015\/05\/04\/planificant-un-gran-viatge-taller-de-finances-personals\/#breadcrumb"},"inLanguage":"ca","potentialAction":[{"@type":"ReadAction","target":["https:\/\/novaorg.cofb.net\/2015\/05\/04\/planificant-un-gran-viatge-taller-de-finances-personals\/"]}]},{"@type":"ImageObject","inLanguage":"ca","@id":"https:\/\/novaorg.cofb.net\/2015\/05\/04\/planificant-un-gran-viatge-taller-de-finances-personals\/#primaryimage","url":"","contentUrl":""},{"@type":"BreadcrumbList","@id":"https:\/\/novaorg.cofb.net\/2015\/05\/04\/planificant-un-gran-viatge-taller-de-finances-personals\/#breadcrumb","itemListElement":[{"@type":"ListItem","position":1,"name":"Inici","item":"https:\/\/novaorg.cofb.net\/"},{"@type":"ListItem","position":2,"name":"Planificant un gran viatge: taller de finances personals"}]},{"@type":"WebSite","@id":"https:\/\/www.cofb.org\/#website","url":"https:\/\/www.cofb.org\/","name":"Col\u00b7legi de Farmac\u00e8utics de Barcelona","description":"","publisher":{"@id":"https:\/\/www.cofb.org\/#organization"},"potentialAction":[{"@type":"SearchAction","target":{"@type":"EntryPoint","urlTemplate":"https:\/\/www.cofb.org\/?s={search_term_string}"},"query-input":"required name=search_term_string"}],"inLanguage":"ca"},{"@type":"Organization","@id":"https:\/\/www.cofb.org\/#organization","name":"Col\u00b7legi de Farmac\u00e8utics de Barcelona","url":"https:\/\/www.cofb.org\/","logo":{"@type":"ImageObject","inLanguage":"ca","@id":"https:\/\/www.cofb.org\/#\/schema\/logo\/image\/","url":"https:\/\/www.cofb.org\/wp-content\/uploads\/2023\/11\/cropped-Logotip-COFB.png","contentUrl":"https:\/\/www.cofb.org\/wp-content\/uploads\/2023\/11\/cropped-Logotip-COFB.png","width":500,"height":105,"caption":"Col\u00b7legi de Farmac\u00e8utics de Barcelona"},"image":{"@id":"https:\/\/www.cofb.org\/#\/schema\/logo\/image\/"},"sameAs":["https:\/\/www.facebook.com\/farmaceuticsbcn\/","https:\/\/twitter.com\/farmaceuticsbcn","https:\/\/www.instagram.com\/farmaceuticsbcn\/","https:\/\/www.linkedin.com\/company\/farmaceuticsbcn\/"]},{"@type":"Person","@id":"https:\/\/www.cofb.org\/#\/schema\/person\/22ed7eea88da74b0fa4d3154ad87ffcb","name":"wpAdminCofbOrg","image":{"@type":"ImageObject","inLanguage":"ca","@id":"https:\/\/www.cofb.org\/#\/schema\/person\/image\/","url":"https:\/\/secure.gravatar.com\/avatar\/1721b20b3b8ca882c3b56ec6c978c594fff670e40c0718e9190eaeeb76aae7d8?s=96&d=mm&r=g","contentUrl":"https:\/\/secure.gravatar.com\/avatar\/1721b20b3b8ca882c3b56ec6c978c594fff670e40c0718e9190eaeeb76aae7d8?s=96&d=mm&r=g","caption":"wpAdminCofbOrg"},"sameAs":["http:\/\/192.168.64.122\/wordpress"],"url":"https:\/\/www.cofb.org\/ca\/author\/wpadmincofborg\/"}]}},"uagb_featured_image_src":{"full":false,"thumbnail":false,"medium":false,"medium_large":false,"large":false,"1536x1536":false,"2048x2048":false,"trp-custom-language-flag":false},"uagb_author_info":{"display_name":"wpAdminCofbOrg","author_link":"https:\/\/www.cofb.org\/ca\/author\/wpadmincofborg\/"},"uagb_comment_info":0,"uagb_excerpt":"Durant el mes de mar\u00e7 i com a iniciativa de l\u2019EFPA\u00a0(European Finacial Planning Association) a Espanya, van tenir lloc al Col\u00b7legi uns tallers sota el t\u00edtol \u201cIntroducci\u00f3 a les finances personals. Planificant un gran viatge\u201d. Al llarg de tres dies, es va donar resposta a aquestes i d\u2019altres preguntes que [&hellip;]","_links":{"self":[{"href":"https:\/\/www.cofb.org\/ca\/wp-json\/wp\/v2\/posts\/13432","targetHints":{"allow":["GET"]}}],"collection":[{"href":"https:\/\/www.cofb.org\/ca\/wp-json\/wp\/v2\/posts"}],"about":[{"href":"https:\/\/www.cofb.org\/ca\/wp-json\/wp\/v2\/types\/post"}],"author":[{"embeddable":true,"href":"https:\/\/www.cofb.org\/ca\/wp-json\/wp\/v2\/users\/1"}],"replies":[{"embeddable":true,"href":"https:\/\/www.cofb.org\/ca\/wp-json\/wp\/v2\/comments?post=13432"}],"version-history":[{"count":0,"href":"https:\/\/www.cofb.org\/ca\/wp-json\/wp\/v2\/posts\/13432\/revisions"}],"wp:featuredmedia":[{"embeddable":true,"href":"https:\/\/www.cofb.org\/ca\/wp-json\/"}],"wp:attachment":[{"href":"https:\/\/www.cofb.org\/ca\/wp-json\/wp\/v2\/media?parent=13432"}],"wp:term":[{"taxonomy":"category","embeddable":true,"href":"https:\/\/www.cofb.org\/ca\/wp-json\/wp\/v2\/categories?post=13432"},{"taxonomy":"post_tag","embeddable":true,"href":"https:\/\/www.cofb.org\/ca\/wp-json\/wp\/v2\/tags?post=13432"}],"curies":[{"name":"wp","href":"https:\/\/api.w.org\/{rel}","templated":true}]}}