{"id":13238,"date":"2015-04-28T15:36:30","date_gmt":"2015-04-28T14:36:30","guid":{"rendered":"http:\/\/blog.cofb.cat\/?p=13238"},"modified":"2015-04-28T15:36:30","modified_gmt":"2015-04-28T14:36:30","slug":"agora-sanitaria-posa-en-marxa-nous-cursos-que-proporcionen-eines-als-farmaceutics-per-latencio-en-simptomes-menors","status":"publish","type":"post","link":"https:\/\/www.cofb.org\/ca\/2015\/04\/28\/agora-sanitaria-posa-en-marxa-nous-cursos-que-proporcionen-eines-als-farmaceutics-per-latencio-en-simptomes-menors\/","title":{"rendered":"\u00c0gora Sanit\u00e0ria posa en marxa nous cursos que proporcionen eines als farmac\u00e8utics per l\u2019atenci\u00f3 en s\u00edmptomes menors"},"content":{"rendered":"<p>Un dels objectius d\u2019<a href=\"http:\/\/www.agorasanitaria.com\/web\/guest\" target=\"_blank\" rel=\"noopener\">\u00c0gora Sanit\u00e0ria<\/a> \u00e9s <strong>proporcionar al farmac\u00e8utic eines per a qu\u00e8 pugui oferir un consell adequat en \u00e0rees on hi ha una demanda creixent de la poblaci\u00f3<\/strong>. Aquest \u00e9s el cas dels <strong>s\u00edmptomes menors<\/strong>. El portal de formaci\u00f3 online dels Col\u00b7legis de Farmac\u00e8utics de Barcelona i Madrid <strong>posa en marxa<\/strong>, durant aquesta primavera, quatre nous cursos relacionats amb <b>el rendiment cognitiu, el benestar digestiu, l\u2019insomni i el des\u00e0nim.<\/b><\/p>\n<div class=\"box shadow\"><strong>\u201cFormar-se en com s&#8217;ha d&#8217;actuar davant una consulta sobre s\u00edmptomes menors segueix sent de gran inter\u00e8s per al farmac\u00e8utic<\/strong>, ja que constitueix una de les activitats m\u00e9s freq\u00fcents en el seu dia a dia i permet esbrinar les causes de la simptomatologia, disposar de protocols d&#8217;actuaci\u00f3 que permetin definir si \u00e9s necessari remetre al metge o si es pot realitzar una indicaci\u00f3 farmac\u00e8utica, aix\u00ed com buscar l&#8217;evid\u00e8ncia que hi ha de les possibilitats d&#8217;indicaci\u00f3\u201d, explica <strong>Cristina Rodr\u00edguez, cap del departament de Formaci\u00f3 i Desenvolupament Professional del COFB.<\/strong> <\/div>\n<p><img decoding=\"async\" class=\"size-medium wp-image-13306 aligncenter\" alt=\"logo_agora\" src=\"http:\/\/blog.cofb.cat\/wp-content\/uploads\/2015\/04\/logo_agora-300x85.jpg\" width=\"300\" height=\"85\" \/><\/p>\n<ul>\n<li><strong><strong>Rendiment cognitiu: recomanaci\u00f3 basada en l&#8217;evid\u00e8ncia<\/strong><\/strong><br \/>\n<a href=\"http:\/\/www.agorasanitaria.com\/web\/guest\/oferta-formativa?p_p_id=portletllistatactivitats_WAR_portletllistatactivitats_INSTANCE_O4dm&amp;p_p_lifecycle=0&amp;p_p_state=normal&amp;p_p_mode=view&amp;p_p_col_id=column-1&amp;p_p_col_pos=1&amp;p_p_col_count=2&amp;_portletllistatactivitats_WAR_portletllistatactivitats_INSTANCE_O4dm_strutsAction=%2Fview%2Fdetall&amp;_portletllistatactivitats_WAR_portletllistatactivitats_INSTANCE_O4dm_id=183\" target=\"_blank\" rel=\"noopener\">[INSCRIU-TE]<\/a> La farm\u00e0cia comunit\u00e0ria sovint rep consultes relacionades amb lapsus lleus de mem\u00f2ria o manca de concentraci\u00f3, senyals que especialment en persones joves i adultes no nom\u00e9s els impedeix tenir un rendiment intel\u00b7lectual \u00f2ptim, sin\u00f3 tamb\u00e9 els acostuma a comportar una certa preocupaci\u00f3. Com saber quin \u00e9s el moment de derivar al metge i quin producte \u00e9s millor recomanar en cada cass\u00f3n algunes de les q\u00fcestions que resoldr\u00e0 el curs. \u00a0Patrocinat per Bayer.<\/li>\n<\/ul>\n<ul>\n<li><strong><strong>Fitoter\u00e0pia en les mol\u00e8sties digestives<\/strong><\/strong><a href=\"http:\/\/www.agorasanitaria.com\/ca\/web\/guest\/oferta-formativa?p_p_id=portletllistatactivitats_WAR_portletllistatactivitats_INSTANCE_O4dm&amp;p_p_lifecycle=0&amp;p_p_state=normal&amp;p_p_mode=view&amp;p_p_col_id=column-1&amp;p_p_col_pos=1&amp;p_p_col_count=2&amp;_portletllistatactivitats_WAR_portletllistatactivitats_INSTANCE_O4dm_strutsAction=%2Fview%2Fdetall&amp;_portletllistatactivitats_WAR_portletllistatactivitats_INSTANCE_O4dm_id=196\" target=\"_blank\" rel=\"noopener\"><br \/>\n[INSCRIU-TE]<\/a> Gr\u00e0cies a aquesta formaci\u00f3 el farmac\u00e8utic podr\u00e0 con\u00e8ixer m\u00e9s detalladament quins productes de fitoter\u00e0pia existeixen per tractar les mol\u00e8sties digestives, i d\u2019aquesta forma, millorar el consell que d\u00f3na al pacient i detectar possibles situacions que puguin necessitar un diagn\u00f2stic cl\u00ednic. Patrocinat per Bayer.<\/li>\n<\/ul>\n<ul>\n<li><strong><strong>Recomanaci\u00f3 farmac\u00e8utica en l&#8217;insomni<\/strong><\/strong><a href=\"http:\/\/www.agorasanitaria.com\/ca\/web\/guest\/oferta-formativa?p_p_id=portletllistatactivitats_WAR_portletllistatactivitats_INSTANCE_O4dm&amp;p_p_lifecycle=0&amp;p_p_state=normal&amp;p_p_mode=view&amp;p_p_col_id=column-1&amp;p_p_col_pos=1&amp;p_p_col_count=2&amp;_portletllistatactivitats_WAR_portletllistatactivitats_INSTANCE_O4dm_strutsAction=%2Fview%2Fdetall&amp;_portletllistatactivitats_WAR_portletllistatactivitats_INSTANCE_O4dm_id=190\" target=\"_blank\" rel=\"noopener\"><br \/>\n[INSCRIU-TE]<\/a>\u00a0Es persegueix que el farmac\u00e8utic pugui ajudar a millorar la qualitat del son en les diferents etapes de la vida, com pot ser en l\u2019\u00e8poca de gestaci\u00f3, durant la menopausa o en la vellesa. Patrocinat per Chiesi.<\/li>\n<\/ul>\n<ul>\n<li><b><b>\u201cCONFIA: Consell i indicaci\u00f3 en el des\u00e0nim\u201d<\/b><\/b><a href=\"http:\/\/www.agorasanitaria.com\/ca\/web\/guest\/oferta-formativa?p_p_id=portletllistatactivitats_WAR_portletllistatactivitats_INSTANCE_O4dm&amp;p_p_lifecycle=0&amp;p_p_state=normal&amp;p_p_mode=view&amp;p_p_col_id=column-1&amp;p_p_col_pos=1&amp;p_p_col_count=2&amp;_portletllistatactivitats_WAR_portletllistatactivitats_INSTANCE_O4dm_strutsAction=%2Fview%2Fdetall&amp;_portletllistatactivitats_WAR_portletllistatactivitats_INSTANCE_O4dm_id=201\" target=\"_blank\" rel=\"noopener\"><br \/>\n[INSCRIU-TE]\u00a0<\/a>Amb aquest curs, que ja ha arribat a la quarta edici\u00f3, s\u2019ajudar\u00e0 al farmac\u00e8utic a detectar els casos de trastorns de l\u2019estat d\u2019\u00e0nim i se\u2019ls donar\u00e0 m\u00e9s eines per abordar-los. Patrocinat per Esteve.<\/li>\n<\/ul>\n<div class=\"box shadow\"><\/p>\n<p><b>M\u00e9s de 400 assistents a l\u2019Aula \u00c0gora d\u2019Infarma Barcelona 2015<\/b><\/p>\n<p>Durant els tres dies del Congr\u00e9s i Sal\u00f3 Infarma Barcelona 2015, que va tenir lloc al recinte firal de Gran Via del 24 al 26 de mar\u00e7, \u00c0gora Sanit\u00e0ria va oferir <b>set tallers pr\u00e0ctics<\/b> de 30 minuts cadascun a l\u2019anomenada <b>Aula \u00c0gora<\/b>, que va comptar amb <b>m\u00e9s de 400 assistents. Els que m\u00e9s van interessar <\/b>van ser aquells<b> relacionats amb s\u00edmptomes menors:\u00a0<\/b>\u201c<b>Fitoter\u00e0pia en el dolor abdominal\u201d, \u201cHomeopatia i Embar\u00e0s\u201d i\u00a0<\/b><b>\u201cCasos cl\u00ednics en l\u2019insomni . Altres tallers <\/b>que tamb\u00e9<b> van suscitar inter\u00e8s van ser <\/b><b>\u00a0\u201cCom actuar efica\u00e7ment en Hipertensi\u00f3 Arterial\u201d i\u00a0<\/b><b>\u201cEmerg\u00e8ncies Sanit\u00e0ries a la Oficina de Farm\u00e0cia\u201d.<\/b><\/p>\n<p>[caption id=\"attachment_13301\" align=\"alignleft\" width=\"216\"]<a href=\"http:\/\/blog.cofb.cat\/wp-content\/uploads\/2015\/04\/DSC_0282.jpg\"><img decoding=\"async\" class=\" wp-image-13301  \" alt=\"DSC_0282\" src=\"http:\/\/blog.cofb.cat\/wp-content\/uploads\/2015\/04\/DSC_0282-300x197.jpg\" width=\"216\" height=\"142\" \/><\/a> D&#8217;esquerra a dreta: M\u00f2nica Gallach, del departament de Formaci\u00f3 i Desenvolupament Professional del COFB; Maria de Manuel, farmac\u00e8utica guanyadora de l&#8217;iPhone 6; Clara \u00c1lvarez, responsable de Comunicaci\u00f3 del COFM[\/caption]<\/p>\n<p>Tamb\u00e9 es va sortejar un iPhone 6 entre els assistents \u00a0i la guanyadora ha estat Maria de Manuel, farmac\u00e8utica de Madrid. D\u2019altra banda, es <b>va presentar la \u201cmarat\u00f3 formativa\u201d<\/b>, una iniciativa que oferia a l\u2019usuari <b>escollir entre quatre itineraris de diferents \u00e0mbits que contenien, al seu torn, quatre cursos<\/b> \u2013amb un 25% de descompte cadascun\u2013 <b>orientats a millorar la pr\u00e0ctica di\u00e0ria.<\/b> Per donar a con\u00e8ixer aquesta novetat formativa es van entregar <b>m\u00e9s de 1.000 kits de <i>running:\u00a0<\/i><\/b>una motxilla i una samarreta per liderar la carrera formativa i aconseguir les millors marques, el cat\u00e0leg amb els cursos i un target\u00f3 informatiu de la marat\u00f3.<\/p>\n<p><\/div>\n<p>&nbsp;<\/p>\n<p><b>M\u00e9s informaci\u00f3:<\/b><\/p>\n<ul>\n<li><a href=\"http:\/\/www.cofb.org\/web\/guest\/Noticia\/-\/journal_content\/56_INSTANCE_V6ao\/10136\/770869\" target=\"_blank\" rel=\"noopener\">Nota de premsa<\/a>\u00a0(Sala de Premsa \u2013 web institucional www.cofb.org)<\/li>\n<\/ul>\n<p>&nbsp;<\/p>\n","protected":false},"excerpt":{"rendered":"<p>Un dels objectius d\u2019\u00c0gora Sanit\u00e0ria \u00e9s proporcionar al farmac\u00e8utic eines per a qu\u00e8 pugui oferir un consell adequat en \u00e0rees on hi ha una demanda creixent de la poblaci\u00f3. Aquest \u00e9s el cas dels s\u00edmptomes menors. El portal de formaci\u00f3 online dels Col\u00b7legis de Farmac\u00e8utics de Barcelona i Madrid posa [&hellip;]<\/p>\n","protected":false},"author":1,"featured_media":12686,"comment_status":"open","ping_status":"open","sticky":false,"template":"","format":"standard","meta":{"_uag_custom_page_level_css":"","site-sidebar-layout":"default","site-content-layout":"","ast-site-content-layout":"default","site-content-style":"default","site-sidebar-style":"default","ast-global-header-display":"","ast-banner-title-visibility":"","ast-main-header-display":"","ast-hfb-above-header-display":"","ast-hfb-below-header-display":"","ast-hfb-mobile-header-display":"","site-post-title":"","ast-breadcrumbs-content":"","ast-featured-img":"disabled","footer-sml-layout":"","theme-transparent-header-meta":"","adv-header-id-meta":"","stick-header-meta":"","header-above-stick-meta":"","header-main-stick-meta":"","header-below-stick-meta":"","astra-migrate-meta-layouts":"default","ast-page-background-enabled":"default","ast-page-background-meta":{"desktop":{"background-color":"var(--ast-global-color-4)","background-image":"","background-repeat":"repeat","background-position":"center center","background-size":"auto","background-attachment":"scroll","background-type":"","background-media":"","overlay-type":"","overlay-color":"","overlay-opacity":"","overlay-gradient":""},"tablet":{"background-color":"","background-image":"","background-repeat":"repeat","background-position":"center center","background-size":"auto","background-attachment":"scroll","background-type":"","background-media":"","overlay-type":"","overlay-color":"","overlay-opacity":"","overlay-gradient":""},"mobile":{"background-color":"","background-image":"","background-repeat":"repeat","background-position":"center center","background-size":"auto","background-attachment":"scroll","background-type":"","background-media":"","overlay-type":"","overlay-color":"","overlay-opacity":"","overlay-gradient":""}},"ast-content-background-meta":{"desktop":{"background-color":"var(--ast-global-color-5)","background-image":"","background-repeat":"repeat","background-position":"center center","background-size":"auto","background-attachment":"scroll","background-type":"","background-media":"","overlay-type":"","overlay-color":"","overlay-opacity":"","overlay-gradient":""},"tablet":{"background-color":"var(--ast-global-color-5)","background-image":"","background-repeat":"repeat","background-position":"center center","background-size":"auto","background-attachment":"scroll","background-type":"","background-media":"","overlay-type":"","overlay-color":"","overlay-opacity":"","overlay-gradient":""},"mobile":{"background-color":"var(--ast-global-color-5)","background-image":"","background-repeat":"repeat","background-position":"center center","background-size":"auto","background-attachment":"scroll","background-type":"","background-media":"","overlay-type":"","overlay-color":"","overlay-opacity":"","overlay-gradient":""}},"footnotes":""},"categories":[57],"tags":[109,64,70,76,878],"class_list":["post-13238","post","type-post","status-publish","format-standard","has-post-thumbnail","hentry","category-mon-collegial","tag-agora-sanitaria","tag-atencio-farmaceutica","tag-formacio","tag-oficina-de-farmacia","tag-online"],"yoast_head":"<!-- This site is optimized with the Yoast SEO plugin v22.4 - https:\/\/yoast.com\/wordpress\/plugins\/seo\/ -->\n<title>\u00c0gora Sanit\u00e0ria posa en marxa nous cursos que proporcionen eines als farmac\u00e8utics per l\u2019atenci\u00f3 en s\u00edmptomes menors - Col\u00b7legi de Farmac\u00e8utics de Barcelona<\/title>\n<meta name=\"robots\" content=\"index, follow, max-snippet:-1, max-image-preview:large, max-video-preview:-1\" \/>\n<link rel=\"canonical\" href=\"https:\/\/novaorg.cofb.net\/2015\/04\/28\/agora-sanitaria-posa-en-marxa-nous-cursos-que-proporcionen-eines-als-farmaceutics-per-latencio-en-simptomes-menors\/\" \/>\n<meta property=\"og:locale\" content=\"ca_ES\" \/>\n<meta property=\"og:type\" content=\"article\" \/>\n<meta property=\"og:title\" content=\"\u00c0gora Sanit\u00e0ria posa en marxa nous cursos que proporcionen eines als farmac\u00e8utics per l\u2019atenci\u00f3 en s\u00edmptomes menors - Col\u00b7legi de Farmac\u00e8utics de Barcelona\" \/>\n<meta property=\"og:description\" content=\"Un dels objectius d\u2019\u00c0gora Sanit\u00e0ria \u00e9s proporcionar al farmac\u00e8utic eines per a qu\u00e8 pugui oferir un consell adequat en \u00e0rees on hi ha una demanda creixent de la poblaci\u00f3. Aquest \u00e9s el cas dels s\u00edmptomes menors. El portal de formaci\u00f3 online dels Col\u00b7legis de Farmac\u00e8utics de Barcelona i Madrid posa [&hellip;]\" \/>\n<meta property=\"og:url\" content=\"https:\/\/novaorg.cofb.net\/2015\/04\/28\/agora-sanitaria-posa-en-marxa-nous-cursos-que-proporcionen-eines-als-farmaceutics-per-latencio-en-simptomes-menors\/\" \/>\n<meta property=\"og:site_name\" content=\"Col\u00b7legi de Farmac\u00e8utics de Barcelona\" \/>\n<meta property=\"article:publisher\" content=\"https:\/\/www.facebook.com\/farmaceuticsbcn\/\" \/>\n<meta property=\"article:published_time\" content=\"2015-04-28T14:36:30+00:00\" \/>\n<meta name=\"author\" content=\"wpAdminCofbOrg\" \/>\n<meta name=\"twitter:card\" content=\"summary_large_image\" \/>\n<meta name=\"twitter:creator\" content=\"@farmaceuticsbcn\" \/>\n<meta name=\"twitter:site\" content=\"@farmaceuticsbcn\" \/>\n<meta name=\"twitter:label1\" content=\"Escrit per\" \/>\n\t<meta name=\"twitter:data1\" content=\"wpAdminCofbOrg\" \/>\n\t<meta name=\"twitter:label2\" content=\"Temps estimat de lectura\" \/>\n\t<meta name=\"twitter:data2\" content=\"4 minuts\" \/>\n<script type=\"application\/ld+json\" class=\"yoast-schema-graph\">{\"@context\":\"https:\/\/schema.org\",\"@graph\":[{\"@type\":\"Article\",\"@id\":\"https:\/\/novaorg.cofb.net\/2015\/04\/28\/agora-sanitaria-posa-en-marxa-nous-cursos-que-proporcionen-eines-als-farmaceutics-per-latencio-en-simptomes-menors\/#article\",\"isPartOf\":{\"@id\":\"https:\/\/novaorg.cofb.net\/2015\/04\/28\/agora-sanitaria-posa-en-marxa-nous-cursos-que-proporcionen-eines-als-farmaceutics-per-latencio-en-simptomes-menors\/\"},\"author\":{\"name\":\"wpAdminCofbOrg\",\"@id\":\"https:\/\/www.cofb.org\/#\/schema\/person\/22ed7eea88da74b0fa4d3154ad87ffcb\"},\"headline\":\"\u00c0gora Sanit\u00e0ria posa en marxa nous cursos que proporcionen eines als farmac\u00e8utics per l\u2019atenci\u00f3 en s\u00edmptomes menors\",\"datePublished\":\"2015-04-28T14:36:30+00:00\",\"dateModified\":\"2015-04-28T14:36:30+00:00\",\"mainEntityOfPage\":{\"@id\":\"https:\/\/novaorg.cofb.net\/2015\/04\/28\/agora-sanitaria-posa-en-marxa-nous-cursos-que-proporcionen-eines-als-farmaceutics-per-latencio-en-simptomes-menors\/\"},\"wordCount\":734,\"commentCount\":0,\"publisher\":{\"@id\":\"https:\/\/www.cofb.org\/#organization\"},\"image\":{\"@id\":\"https:\/\/novaorg.cofb.net\/2015\/04\/28\/agora-sanitaria-posa-en-marxa-nous-cursos-que-proporcionen-eines-als-farmaceutics-per-latencio-en-simptomes-menors\/#primaryimage\"},\"thumbnailUrl\":\"\",\"keywords\":[\"\u00c1gora Sanitaria\",\"Atenci\u00f3 farmac\u00e8utica\",\"Formaci\u00f3\",\"Oficina de farm\u00e0cia\",\"Online\"],\"articleSection\":[\"M\u00f3n col\u00b7legial\"],\"inLanguage\":\"ca\",\"potentialAction\":[{\"@type\":\"CommentAction\",\"name\":\"Comment\",\"target\":[\"https:\/\/novaorg.cofb.net\/2015\/04\/28\/agora-sanitaria-posa-en-marxa-nous-cursos-que-proporcionen-eines-als-farmaceutics-per-latencio-en-simptomes-menors\/#respond\"]}]},{\"@type\":\"WebPage\",\"@id\":\"https:\/\/novaorg.cofb.net\/2015\/04\/28\/agora-sanitaria-posa-en-marxa-nous-cursos-que-proporcionen-eines-als-farmaceutics-per-latencio-en-simptomes-menors\/\",\"url\":\"https:\/\/novaorg.cofb.net\/2015\/04\/28\/agora-sanitaria-posa-en-marxa-nous-cursos-que-proporcionen-eines-als-farmaceutics-per-latencio-en-simptomes-menors\/\",\"name\":\"\u00c0gora Sanit\u00e0ria posa en marxa nous cursos que proporcionen eines als farmac\u00e8utics per l\u2019atenci\u00f3 en s\u00edmptomes menors - Col\u00b7legi de Farmac\u00e8utics de Barcelona\",\"isPartOf\":{\"@id\":\"https:\/\/www.cofb.org\/#website\"},\"primaryImageOfPage\":{\"@id\":\"https:\/\/novaorg.cofb.net\/2015\/04\/28\/agora-sanitaria-posa-en-marxa-nous-cursos-que-proporcionen-eines-als-farmaceutics-per-latencio-en-simptomes-menors\/#primaryimage\"},\"image\":{\"@id\":\"https:\/\/novaorg.cofb.net\/2015\/04\/28\/agora-sanitaria-posa-en-marxa-nous-cursos-que-proporcionen-eines-als-farmaceutics-per-latencio-en-simptomes-menors\/#primaryimage\"},\"thumbnailUrl\":\"\",\"datePublished\":\"2015-04-28T14:36:30+00:00\",\"dateModified\":\"2015-04-28T14:36:30+00:00\",\"breadcrumb\":{\"@id\":\"https:\/\/novaorg.cofb.net\/2015\/04\/28\/agora-sanitaria-posa-en-marxa-nous-cursos-que-proporcionen-eines-als-farmaceutics-per-latencio-en-simptomes-menors\/#breadcrumb\"},\"inLanguage\":\"ca\",\"potentialAction\":[{\"@type\":\"ReadAction\",\"target\":[\"https:\/\/novaorg.cofb.net\/2015\/04\/28\/agora-sanitaria-posa-en-marxa-nous-cursos-que-proporcionen-eines-als-farmaceutics-per-latencio-en-simptomes-menors\/\"]}]},{\"@type\":\"ImageObject\",\"inLanguage\":\"ca\",\"@id\":\"https:\/\/novaorg.cofb.net\/2015\/04\/28\/agora-sanitaria-posa-en-marxa-nous-cursos-que-proporcionen-eines-als-farmaceutics-per-latencio-en-simptomes-menors\/#primaryimage\",\"url\":\"\",\"contentUrl\":\"\"},{\"@type\":\"BreadcrumbList\",\"@id\":\"https:\/\/novaorg.cofb.net\/2015\/04\/28\/agora-sanitaria-posa-en-marxa-nous-cursos-que-proporcionen-eines-als-farmaceutics-per-latencio-en-simptomes-menors\/#breadcrumb\",\"itemListElement\":[{\"@type\":\"ListItem\",\"position\":1,\"name\":\"Inici\",\"item\":\"https:\/\/novaorg.cofb.net\/\"},{\"@type\":\"ListItem\",\"position\":2,\"name\":\"\u00c0gora Sanit\u00e0ria posa en marxa nous cursos que proporcionen eines als farmac\u00e8utics per l\u2019atenci\u00f3 en s\u00edmptomes menors\"}]},{\"@type\":\"WebSite\",\"@id\":\"https:\/\/www.cofb.org\/#website\",\"url\":\"https:\/\/www.cofb.org\/\",\"name\":\"Col\u00b7legi de Farmac\u00e8utics de Barcelona\",\"description\":\"\",\"publisher\":{\"@id\":\"https:\/\/www.cofb.org\/#organization\"},\"potentialAction\":[{\"@type\":\"SearchAction\",\"target\":{\"@type\":\"EntryPoint\",\"urlTemplate\":\"https:\/\/www.cofb.org\/?s={search_term_string}\"},\"query-input\":\"required name=search_term_string\"}],\"inLanguage\":\"ca\"},{\"@type\":\"Organization\",\"@id\":\"https:\/\/www.cofb.org\/#organization\",\"name\":\"Col\u00b7legi de Farmac\u00e8utics de Barcelona\",\"url\":\"https:\/\/www.cofb.org\/\",\"logo\":{\"@type\":\"ImageObject\",\"inLanguage\":\"ca\",\"@id\":\"https:\/\/www.cofb.org\/#\/schema\/logo\/image\/\",\"url\":\"https:\/\/www.cofb.org\/wp-content\/uploads\/2023\/11\/cropped-Logotip-COFB.png\",\"contentUrl\":\"https:\/\/www.cofb.org\/wp-content\/uploads\/2023\/11\/cropped-Logotip-COFB.png\",\"width\":500,\"height\":105,\"caption\":\"Col\u00b7legi de Farmac\u00e8utics de Barcelona\"},\"image\":{\"@id\":\"https:\/\/www.cofb.org\/#\/schema\/logo\/image\/\"},\"sameAs\":[\"https:\/\/www.facebook.com\/farmaceuticsbcn\/\",\"https:\/\/twitter.com\/farmaceuticsbcn\",\"https:\/\/www.instagram.com\/farmaceuticsbcn\/\",\"https:\/\/www.linkedin.com\/company\/farmaceuticsbcn\/\"]},{\"@type\":\"Person\",\"@id\":\"https:\/\/www.cofb.org\/#\/schema\/person\/22ed7eea88da74b0fa4d3154ad87ffcb\",\"name\":\"wpAdminCofbOrg\",\"image\":{\"@type\":\"ImageObject\",\"inLanguage\":\"ca\",\"@id\":\"https:\/\/www.cofb.org\/#\/schema\/person\/image\/\",\"url\":\"https:\/\/secure.gravatar.com\/avatar\/1721b20b3b8ca882c3b56ec6c978c594fff670e40c0718e9190eaeeb76aae7d8?s=96&d=mm&r=g\",\"contentUrl\":\"https:\/\/secure.gravatar.com\/avatar\/1721b20b3b8ca882c3b56ec6c978c594fff670e40c0718e9190eaeeb76aae7d8?s=96&d=mm&r=g\",\"caption\":\"wpAdminCofbOrg\"},\"sameAs\":[\"http:\/\/192.168.64.122\/wordpress\"],\"url\":\"https:\/\/www.cofb.org\/ca\/author\/wpadmincofborg\/\"}]}<\/script>\n<!-- \/ Yoast SEO plugin. -->","yoast_head_json":{"title":"\u00c0gora Sanit\u00e0ria posa en marxa nous cursos que proporcionen eines als farmac\u00e8utics per l\u2019atenci\u00f3 en s\u00edmptomes menors - Col\u00b7legi de Farmac\u00e8utics de Barcelona","robots":{"index":"index","follow":"follow","max-snippet":"max-snippet:-1","max-image-preview":"max-image-preview:large","max-video-preview":"max-video-preview:-1"},"canonical":"https:\/\/novaorg.cofb.net\/2015\/04\/28\/agora-sanitaria-posa-en-marxa-nous-cursos-que-proporcionen-eines-als-farmaceutics-per-latencio-en-simptomes-menors\/","og_locale":"ca_ES","og_type":"article","og_title":"\u00c0gora Sanit\u00e0ria posa en marxa nous cursos que proporcionen eines als farmac\u00e8utics per l\u2019atenci\u00f3 en s\u00edmptomes menors - Col\u00b7legi de Farmac\u00e8utics de Barcelona","og_description":"Un dels objectius d\u2019\u00c0gora Sanit\u00e0ria \u00e9s proporcionar al farmac\u00e8utic eines per a qu\u00e8 pugui oferir un consell adequat en \u00e0rees on hi ha una demanda creixent de la poblaci\u00f3. Aquest \u00e9s el cas dels s\u00edmptomes menors. El portal de formaci\u00f3 online dels Col\u00b7legis de Farmac\u00e8utics de Barcelona i Madrid posa [&hellip;]","og_url":"https:\/\/novaorg.cofb.net\/2015\/04\/28\/agora-sanitaria-posa-en-marxa-nous-cursos-que-proporcionen-eines-als-farmaceutics-per-latencio-en-simptomes-menors\/","og_site_name":"Col\u00b7legi de Farmac\u00e8utics de Barcelona","article_publisher":"https:\/\/www.facebook.com\/farmaceuticsbcn\/","article_published_time":"2015-04-28T14:36:30+00:00","author":"wpAdminCofbOrg","twitter_card":"summary_large_image","twitter_creator":"@farmaceuticsbcn","twitter_site":"@farmaceuticsbcn","twitter_misc":{"Escrit per":"wpAdminCofbOrg","Temps estimat de lectura":"4 minuts"},"schema":{"@context":"https:\/\/schema.org","@graph":[{"@type":"Article","@id":"https:\/\/novaorg.cofb.net\/2015\/04\/28\/agora-sanitaria-posa-en-marxa-nous-cursos-que-proporcionen-eines-als-farmaceutics-per-latencio-en-simptomes-menors\/#article","isPartOf":{"@id":"https:\/\/novaorg.cofb.net\/2015\/04\/28\/agora-sanitaria-posa-en-marxa-nous-cursos-que-proporcionen-eines-als-farmaceutics-per-latencio-en-simptomes-menors\/"},"author":{"name":"wpAdminCofbOrg","@id":"https:\/\/www.cofb.org\/#\/schema\/person\/22ed7eea88da74b0fa4d3154ad87ffcb"},"headline":"\u00c0gora Sanit\u00e0ria posa en marxa nous cursos que proporcionen eines als farmac\u00e8utics per l\u2019atenci\u00f3 en s\u00edmptomes menors","datePublished":"2015-04-28T14:36:30+00:00","dateModified":"2015-04-28T14:36:30+00:00","mainEntityOfPage":{"@id":"https:\/\/novaorg.cofb.net\/2015\/04\/28\/agora-sanitaria-posa-en-marxa-nous-cursos-que-proporcionen-eines-als-farmaceutics-per-latencio-en-simptomes-menors\/"},"wordCount":734,"commentCount":0,"publisher":{"@id":"https:\/\/www.cofb.org\/#organization"},"image":{"@id":"https:\/\/novaorg.cofb.net\/2015\/04\/28\/agora-sanitaria-posa-en-marxa-nous-cursos-que-proporcionen-eines-als-farmaceutics-per-latencio-en-simptomes-menors\/#primaryimage"},"thumbnailUrl":"","keywords":["\u00c1gora Sanitaria","Atenci\u00f3 farmac\u00e8utica","Formaci\u00f3","Oficina de farm\u00e0cia","Online"],"articleSection":["M\u00f3n col\u00b7legial"],"inLanguage":"ca","potentialAction":[{"@type":"CommentAction","name":"Comment","target":["https:\/\/novaorg.cofb.net\/2015\/04\/28\/agora-sanitaria-posa-en-marxa-nous-cursos-que-proporcionen-eines-als-farmaceutics-per-latencio-en-simptomes-menors\/#respond"]}]},{"@type":"WebPage","@id":"https:\/\/novaorg.cofb.net\/2015\/04\/28\/agora-sanitaria-posa-en-marxa-nous-cursos-que-proporcionen-eines-als-farmaceutics-per-latencio-en-simptomes-menors\/","url":"https:\/\/novaorg.cofb.net\/2015\/04\/28\/agora-sanitaria-posa-en-marxa-nous-cursos-que-proporcionen-eines-als-farmaceutics-per-latencio-en-simptomes-menors\/","name":"\u00c0gora Sanit\u00e0ria posa en marxa nous cursos que proporcionen eines als farmac\u00e8utics per l\u2019atenci\u00f3 en s\u00edmptomes menors - Col\u00b7legi de Farmac\u00e8utics de Barcelona","isPartOf":{"@id":"https:\/\/www.cofb.org\/#website"},"primaryImageOfPage":{"@id":"https:\/\/novaorg.cofb.net\/2015\/04\/28\/agora-sanitaria-posa-en-marxa-nous-cursos-que-proporcionen-eines-als-farmaceutics-per-latencio-en-simptomes-menors\/#primaryimage"},"image":{"@id":"https:\/\/novaorg.cofb.net\/2015\/04\/28\/agora-sanitaria-posa-en-marxa-nous-cursos-que-proporcionen-eines-als-farmaceutics-per-latencio-en-simptomes-menors\/#primaryimage"},"thumbnailUrl":"","datePublished":"2015-04-28T14:36:30+00:00","dateModified":"2015-04-28T14:36:30+00:00","breadcrumb":{"@id":"https:\/\/novaorg.cofb.net\/2015\/04\/28\/agora-sanitaria-posa-en-marxa-nous-cursos-que-proporcionen-eines-als-farmaceutics-per-latencio-en-simptomes-menors\/#breadcrumb"},"inLanguage":"ca","potentialAction":[{"@type":"ReadAction","target":["https:\/\/novaorg.cofb.net\/2015\/04\/28\/agora-sanitaria-posa-en-marxa-nous-cursos-que-proporcionen-eines-als-farmaceutics-per-latencio-en-simptomes-menors\/"]}]},{"@type":"ImageObject","inLanguage":"ca","@id":"https:\/\/novaorg.cofb.net\/2015\/04\/28\/agora-sanitaria-posa-en-marxa-nous-cursos-que-proporcionen-eines-als-farmaceutics-per-latencio-en-simptomes-menors\/#primaryimage","url":"","contentUrl":""},{"@type":"BreadcrumbList","@id":"https:\/\/novaorg.cofb.net\/2015\/04\/28\/agora-sanitaria-posa-en-marxa-nous-cursos-que-proporcionen-eines-als-farmaceutics-per-latencio-en-simptomes-menors\/#breadcrumb","itemListElement":[{"@type":"ListItem","position":1,"name":"Inici","item":"https:\/\/novaorg.cofb.net\/"},{"@type":"ListItem","position":2,"name":"\u00c0gora Sanit\u00e0ria posa en marxa nous cursos que proporcionen eines als farmac\u00e8utics per l\u2019atenci\u00f3 en s\u00edmptomes menors"}]},{"@type":"WebSite","@id":"https:\/\/www.cofb.org\/#website","url":"https:\/\/www.cofb.org\/","name":"Col\u00b7legi de Farmac\u00e8utics de Barcelona","description":"","publisher":{"@id":"https:\/\/www.cofb.org\/#organization"},"potentialAction":[{"@type":"SearchAction","target":{"@type":"EntryPoint","urlTemplate":"https:\/\/www.cofb.org\/?s={search_term_string}"},"query-input":"required name=search_term_string"}],"inLanguage":"ca"},{"@type":"Organization","@id":"https:\/\/www.cofb.org\/#organization","name":"Col\u00b7legi de Farmac\u00e8utics de Barcelona","url":"https:\/\/www.cofb.org\/","logo":{"@type":"ImageObject","inLanguage":"ca","@id":"https:\/\/www.cofb.org\/#\/schema\/logo\/image\/","url":"https:\/\/www.cofb.org\/wp-content\/uploads\/2023\/11\/cropped-Logotip-COFB.png","contentUrl":"https:\/\/www.cofb.org\/wp-content\/uploads\/2023\/11\/cropped-Logotip-COFB.png","width":500,"height":105,"caption":"Col\u00b7legi de Farmac\u00e8utics de Barcelona"},"image":{"@id":"https:\/\/www.cofb.org\/#\/schema\/logo\/image\/"},"sameAs":["https:\/\/www.facebook.com\/farmaceuticsbcn\/","https:\/\/twitter.com\/farmaceuticsbcn","https:\/\/www.instagram.com\/farmaceuticsbcn\/","https:\/\/www.linkedin.com\/company\/farmaceuticsbcn\/"]},{"@type":"Person","@id":"https:\/\/www.cofb.org\/#\/schema\/person\/22ed7eea88da74b0fa4d3154ad87ffcb","name":"wpAdminCofbOrg","image":{"@type":"ImageObject","inLanguage":"ca","@id":"https:\/\/www.cofb.org\/#\/schema\/person\/image\/","url":"https:\/\/secure.gravatar.com\/avatar\/1721b20b3b8ca882c3b56ec6c978c594fff670e40c0718e9190eaeeb76aae7d8?s=96&d=mm&r=g","contentUrl":"https:\/\/secure.gravatar.com\/avatar\/1721b20b3b8ca882c3b56ec6c978c594fff670e40c0718e9190eaeeb76aae7d8?s=96&d=mm&r=g","caption":"wpAdminCofbOrg"},"sameAs":["http:\/\/192.168.64.122\/wordpress"],"url":"https:\/\/www.cofb.org\/ca\/author\/wpadmincofborg\/"}]}},"uagb_featured_image_src":{"full":false,"thumbnail":false,"medium":false,"medium_large":false,"large":false,"1536x1536":false,"2048x2048":false,"trp-custom-language-flag":false},"uagb_author_info":{"display_name":"wpAdminCofbOrg","author_link":"https:\/\/www.cofb.org\/ca\/author\/wpadmincofborg\/"},"uagb_comment_info":0,"uagb_excerpt":"Un dels objectius d\u2019\u00c0gora Sanit\u00e0ria \u00e9s proporcionar al farmac\u00e8utic eines per a qu\u00e8 pugui oferir un consell adequat en \u00e0rees on hi ha una demanda creixent de la poblaci\u00f3. Aquest \u00e9s el cas dels s\u00edmptomes menors. El portal de formaci\u00f3 online dels Col\u00b7legis de Farmac\u00e8utics de Barcelona i Madrid posa [&hellip;]","_links":{"self":[{"href":"https:\/\/www.cofb.org\/ca\/wp-json\/wp\/v2\/posts\/13238","targetHints":{"allow":["GET"]}}],"collection":[{"href":"https:\/\/www.cofb.org\/ca\/wp-json\/wp\/v2\/posts"}],"about":[{"href":"https:\/\/www.cofb.org\/ca\/wp-json\/wp\/v2\/types\/post"}],"author":[{"embeddable":true,"href":"https:\/\/www.cofb.org\/ca\/wp-json\/wp\/v2\/users\/1"}],"replies":[{"embeddable":true,"href":"https:\/\/www.cofb.org\/ca\/wp-json\/wp\/v2\/comments?post=13238"}],"version-history":[{"count":0,"href":"https:\/\/www.cofb.org\/ca\/wp-json\/wp\/v2\/posts\/13238\/revisions"}],"wp:featuredmedia":[{"embeddable":true,"href":"https:\/\/www.cofb.org\/ca\/wp-json\/"}],"wp:attachment":[{"href":"https:\/\/www.cofb.org\/ca\/wp-json\/wp\/v2\/media?parent=13238"}],"wp:term":[{"taxonomy":"category","embeddable":true,"href":"https:\/\/www.cofb.org\/ca\/wp-json\/wp\/v2\/categories?post=13238"},{"taxonomy":"post_tag","embeddable":true,"href":"https:\/\/www.cofb.org\/ca\/wp-json\/wp\/v2\/tags?post=13238"}],"curies":[{"name":"wp","href":"https:\/\/api.w.org\/{rel}","templated":true}]}}