{"id":12922,"date":"2015-04-15T15:11:50","date_gmt":"2015-04-15T14:11:50","guid":{"rendered":"http:\/\/blog.cofb.cat\/?p=12922"},"modified":"2015-04-15T15:11:50","modified_gmt":"2015-04-15T14:11:50","slug":"formacio-en-formulacio-galenica-amb-gelificants","status":"publish","type":"post","link":"https:\/\/www.cofb.org\/ca\/2015\/04\/15\/formacio-en-formulacio-galenica-amb-gelificants\/","title":{"rendered":"Formaci\u00f3 en formulaci\u00f3 gal\u00e8nica amb gelificants"},"content":{"rendered":"<figure id=\"attachment_12926\" aria-describedby=\"caption-attachment-12926\" style=\"width: 268px\" class=\"wp-caption alignright\"><a href=\"http:\/\/blog.cofb.cat\/wp-content\/uploads\/2015\/04\/presentacio-curs-formulacio-febrer.jpg\"><img decoding=\"async\" class=\"wp-image-12926 \" alt=\"presentacio-curs-formulacio-febrer\" src=\"http:\/\/blog.cofb.cat\/wp-content\/uploads\/2015\/04\/presentacio-curs-formulacio-febrer.jpg\" width=\"268\" height=\"179\" \/><\/a><figcaption id=\"caption-attachment-12926\" class=\"wp-caption-text\">D&#8217;esquerra a dreta: Santiago G\u00f3mez, Francesc Llamb\u00ed, i Xavier Valero, responsables del curs i membres d&#8217;Aprofarm<\/figcaption><\/figure>\n<p>Els gelificants s\u00f3n components de moltes de les formulacions que es preparen actualment a la farm\u00e0cia. No nom\u00e9s en formes t\u00f2piques, preparats <i>oil-free<\/i>, sin\u00f3 tamb\u00e9 com a coadjuvants cosm\u00e8tics en la formaci\u00f3 de crema-gels, com a estabilitzants d\u2019emulsions, aix\u00ed com en formulacions orals de xarops i suspensions i vehicles transd\u00e8rmics. <strong>La gran varietat de productes, de diversos or\u00edgens i amb diferents m\u00e8todes d\u2019elaboraci\u00f3, s\u00f3n causa de nombrosos dubtes i consultes dels farmac\u00e8utics<\/strong>. \u00c9s per aix\u00f2 que el passat 25 de febrer el COFB, en col\u00b7laboraci\u00f3 amb <a href=\"http:\/\/www.aprofarm.org\/\" target=\"_blank\" rel=\"noopener\">Aprofarm<\/a>, va organitzar un curs monogr\u00e0fic sobre \u201cFormulaci\u00f3 gal\u00e8nica amb gelificants\u201d. Els alumnes, farmac\u00e8utics de farm\u00e0cia comunit\u00e0ria, d\u2019ind\u00fastria i personal del CIM, van actualitzar coneixements en formulaci\u00f3 amb gelificants, examinant els tipus d\u2019aplicacions i an\u00e0lisis d\u2019excipients espec\u00edfics i van con\u00e8ixer les t\u00e8cniques d&#8217;elaboraci\u00f3, l\u2019utillatge i els controls de qualitat requerits.<\/p>\n<p>El curs es va desenvolupar en dues parts: en la primera, es van presentar els diferents tipus de gelificants, usos de cadascun d\u2019ells amb nombrosos exemples i l\u2019elaboraci\u00f3 pr\u00e0ctica d\u2019alguns exemples com els gels \u00e0cids o amb cert contingut alcoh\u00f2lic, que s\u00f3n sovint motiu de consulta. En la segona, es van presentar formes m\u00e9s actuals, com els crema-gels, gels transd\u00e8rmics i gels oliosos. A la sessi\u00f3 de pr\u00e0ctiques es van exposar i resoldre casos concrets amb demostracions pr\u00e0ctiques del professor, va resultar molt \u00fatil per manipular els productes espec\u00edfics per a aquestes formulacions (Seppigel, Sucragel i PLO) i resoldre dubtes de formulaci\u00f3 habituals als laboratoris de formulaci\u00f3.<\/p>\n<p><strong><span style=\"color: #888888;\">Imatges de la sessi\u00f3 pr\u00e0ctica:<\/span><\/strong><\/p>\n\n<p>Santiago G\u00f3mez, secretari d\u2019Aprofarm i Xavier Valero, vicepresident de la mateixa entitat, ambd\u00f3s farmac\u00e8utics comunitaris, van ser els docents responsables del curs, que va estar coordinat per Francesc Llamb\u00ed, professor associat de la Unitat de Tecnologia Farmac\u00e8utica de la Facultat de Farm\u00e0cia de la UB, president d\u2019Aprofarm i vocal de la Junta de Govern del COFB.<\/p>\n<p align=\"right\"><b>Amb la col\u00b7laboraci\u00f3 de:<\/b><\/p>\n<p>&nbsp;<\/p>\n<p><a href=\"http:\/\/www.aprofarm.org\/\" target=\"_blank\" rel=\"noopener\"><\/p>\n<p align=\"right\"><img decoding=\"async\" class=\"alignright  wp-image-12923\" alt=\"aprofarm\" src=\"http:\/\/blog.cofb.cat\/wp-content\/uploads\/2015\/04\/aprofarm.jpg\" width=\"135\" height=\"61\" \/><\/p>\n<p><\/a><\/p>\n<p>&nbsp;<\/p>\n","protected":false},"excerpt":{"rendered":"<p>Els gelificants s\u00f3n components de moltes de les formulacions que es preparen actualment a la farm\u00e0cia. No nom\u00e9s en formes t\u00f2piques, preparats oil-free, sin\u00f3 tamb\u00e9 com a coadjuvants cosm\u00e8tics en la formaci\u00f3 de crema-gels, com a estabilitzants d\u2019emulsions, aix\u00ed com en formulacions orals de xarops i suspensions i vehicles transd\u00e8rmics. [&hellip;]<\/p>\n","protected":false},"author":1,"featured_media":12932,"comment_status":"open","ping_status":"open","sticky":false,"template":"","format":"standard","meta":{"_uag_custom_page_level_css":"","site-sidebar-layout":"default","site-content-layout":"","ast-site-content-layout":"default","site-content-style":"default","site-sidebar-style":"default","ast-global-header-display":"","ast-banner-title-visibility":"","ast-main-header-display":"","ast-hfb-above-header-display":"","ast-hfb-below-header-display":"","ast-hfb-mobile-header-display":"","site-post-title":"","ast-breadcrumbs-content":"","ast-featured-img":"disabled","footer-sml-layout":"","theme-transparent-header-meta":"","adv-header-id-meta":"","stick-header-meta":"","header-above-stick-meta":"","header-main-stick-meta":"","header-below-stick-meta":"","astra-migrate-meta-layouts":"default","ast-page-background-enabled":"default","ast-page-background-meta":{"desktop":{"background-color":"var(--ast-global-color-4)","background-image":"","background-repeat":"repeat","background-position":"center center","background-size":"auto","background-attachment":"scroll","background-type":"","background-media":"","overlay-type":"","overlay-color":"","overlay-opacity":"","overlay-gradient":""},"tablet":{"background-color":"","background-image":"","background-repeat":"repeat","background-position":"center center","background-size":"auto","background-attachment":"scroll","background-type":"","background-media":"","overlay-type":"","overlay-color":"","overlay-opacity":"","overlay-gradient":""},"mobile":{"background-color":"","background-image":"","background-repeat":"repeat","background-position":"center center","background-size":"auto","background-attachment":"scroll","background-type":"","background-media":"","overlay-type":"","overlay-color":"","overlay-opacity":"","overlay-gradient":""}},"ast-content-background-meta":{"desktop":{"background-color":"var(--ast-global-color-5)","background-image":"","background-repeat":"repeat","background-position":"center center","background-size":"auto","background-attachment":"scroll","background-type":"","background-media":"","overlay-type":"","overlay-color":"","overlay-opacity":"","overlay-gradient":""},"tablet":{"background-color":"var(--ast-global-color-5)","background-image":"","background-repeat":"repeat","background-position":"center center","background-size":"auto","background-attachment":"scroll","background-type":"","background-media":"","overlay-type":"","overlay-color":"","overlay-opacity":"","overlay-gradient":""},"mobile":{"background-color":"var(--ast-global-color-5)","background-image":"","background-repeat":"repeat","background-position":"center center","background-size":"auto","background-attachment":"scroll","background-type":"","background-media":"","overlay-type":"","overlay-color":"","overlay-opacity":"","overlay-gradient":""}},"footnotes":""},"categories":[57],"tags":[70,650],"class_list":["post-12922","post","type-post","status-publish","format-standard","has-post-thumbnail","hentry","category-mon-collegial","tag-formacio","tag-formulacio-magistral"],"yoast_head":"<!-- This site is optimized with the Yoast SEO plugin v22.4 - https:\/\/yoast.com\/wordpress\/plugins\/seo\/ -->\n<title>Formaci\u00f3 en formulaci\u00f3 gal\u00e8nica amb gelificants - Col\u00b7legi de Farmac\u00e8utics de Barcelona<\/title>\n<meta name=\"robots\" content=\"index, follow, max-snippet:-1, max-image-preview:large, max-video-preview:-1\" \/>\n<link rel=\"canonical\" href=\"https:\/\/novaorg.cofb.net\/2015\/04\/15\/formacio-en-formulacio-galenica-amb-gelificants\/\" \/>\n<meta property=\"og:locale\" content=\"ca_ES\" \/>\n<meta property=\"og:type\" content=\"article\" \/>\n<meta property=\"og:title\" content=\"Formaci\u00f3 en formulaci\u00f3 gal\u00e8nica amb gelificants - Col\u00b7legi de Farmac\u00e8utics de Barcelona\" \/>\n<meta property=\"og:description\" content=\"Els gelificants s\u00f3n components de moltes de les formulacions que es preparen actualment a la farm\u00e0cia. No nom\u00e9s en formes t\u00f2piques, preparats oil-free, sin\u00f3 tamb\u00e9 com a coadjuvants cosm\u00e8tics en la formaci\u00f3 de crema-gels, com a estabilitzants d\u2019emulsions, aix\u00ed com en formulacions orals de xarops i suspensions i vehicles transd\u00e8rmics. [&hellip;]\" \/>\n<meta property=\"og:url\" content=\"https:\/\/novaorg.cofb.net\/2015\/04\/15\/formacio-en-formulacio-galenica-amb-gelificants\/\" \/>\n<meta property=\"og:site_name\" content=\"Col\u00b7legi de Farmac\u00e8utics de Barcelona\" \/>\n<meta property=\"article:publisher\" content=\"https:\/\/www.facebook.com\/farmaceuticsbcn\/\" \/>\n<meta property=\"article:published_time\" content=\"2015-04-15T14:11:50+00:00\" \/>\n<meta name=\"author\" content=\"wpAdminCofbOrg\" \/>\n<meta name=\"twitter:card\" content=\"summary_large_image\" \/>\n<meta name=\"twitter:creator\" content=\"@farmaceuticsbcn\" \/>\n<meta name=\"twitter:site\" content=\"@farmaceuticsbcn\" \/>\n<meta name=\"twitter:label1\" content=\"Escrit per\" \/>\n\t<meta name=\"twitter:data1\" content=\"wpAdminCofbOrg\" \/>\n\t<meta name=\"twitter:label2\" content=\"Temps estimat de lectura\" \/>\n\t<meta name=\"twitter:data2\" content=\"2 minuts\" \/>\n<script type=\"application\/ld+json\" class=\"yoast-schema-graph\">{\"@context\":\"https:\/\/schema.org\",\"@graph\":[{\"@type\":\"Article\",\"@id\":\"https:\/\/novaorg.cofb.net\/2015\/04\/15\/formacio-en-formulacio-galenica-amb-gelificants\/#article\",\"isPartOf\":{\"@id\":\"https:\/\/novaorg.cofb.net\/2015\/04\/15\/formacio-en-formulacio-galenica-amb-gelificants\/\"},\"author\":{\"name\":\"wpAdminCofbOrg\",\"@id\":\"https:\/\/www.cofb.org\/#\/schema\/person\/22ed7eea88da74b0fa4d3154ad87ffcb\"},\"headline\":\"Formaci\u00f3 en formulaci\u00f3 gal\u00e8nica amb gelificants\",\"datePublished\":\"2015-04-15T14:11:50+00:00\",\"dateModified\":\"2015-04-15T14:11:50+00:00\",\"mainEntityOfPage\":{\"@id\":\"https:\/\/novaorg.cofb.net\/2015\/04\/15\/formacio-en-formulacio-galenica-amb-gelificants\/\"},\"wordCount\":395,\"commentCount\":0,\"publisher\":{\"@id\":\"https:\/\/www.cofb.org\/#organization\"},\"image\":{\"@id\":\"https:\/\/novaorg.cofb.net\/2015\/04\/15\/formacio-en-formulacio-galenica-amb-gelificants\/#primaryimage\"},\"thumbnailUrl\":\"\",\"keywords\":[\"Formaci\u00f3\",\"Formulaci\u00f3 magistral\"],\"articleSection\":[\"M\u00f3n col\u00b7legial\"],\"inLanguage\":\"ca\",\"potentialAction\":[{\"@type\":\"CommentAction\",\"name\":\"Comment\",\"target\":[\"https:\/\/novaorg.cofb.net\/2015\/04\/15\/formacio-en-formulacio-galenica-amb-gelificants\/#respond\"]}]},{\"@type\":\"WebPage\",\"@id\":\"https:\/\/novaorg.cofb.net\/2015\/04\/15\/formacio-en-formulacio-galenica-amb-gelificants\/\",\"url\":\"https:\/\/novaorg.cofb.net\/2015\/04\/15\/formacio-en-formulacio-galenica-amb-gelificants\/\",\"name\":\"Formaci\u00f3 en formulaci\u00f3 gal\u00e8nica amb gelificants - Col\u00b7legi de Farmac\u00e8utics de Barcelona\",\"isPartOf\":{\"@id\":\"https:\/\/www.cofb.org\/#website\"},\"primaryImageOfPage\":{\"@id\":\"https:\/\/novaorg.cofb.net\/2015\/04\/15\/formacio-en-formulacio-galenica-amb-gelificants\/#primaryimage\"},\"image\":{\"@id\":\"https:\/\/novaorg.cofb.net\/2015\/04\/15\/formacio-en-formulacio-galenica-amb-gelificants\/#primaryimage\"},\"thumbnailUrl\":\"\",\"datePublished\":\"2015-04-15T14:11:50+00:00\",\"dateModified\":\"2015-04-15T14:11:50+00:00\",\"breadcrumb\":{\"@id\":\"https:\/\/novaorg.cofb.net\/2015\/04\/15\/formacio-en-formulacio-galenica-amb-gelificants\/#breadcrumb\"},\"inLanguage\":\"ca\",\"potentialAction\":[{\"@type\":\"ReadAction\",\"target\":[\"https:\/\/novaorg.cofb.net\/2015\/04\/15\/formacio-en-formulacio-galenica-amb-gelificants\/\"]}]},{\"@type\":\"ImageObject\",\"inLanguage\":\"ca\",\"@id\":\"https:\/\/novaorg.cofb.net\/2015\/04\/15\/formacio-en-formulacio-galenica-amb-gelificants\/#primaryimage\",\"url\":\"\",\"contentUrl\":\"\"},{\"@type\":\"BreadcrumbList\",\"@id\":\"https:\/\/novaorg.cofb.net\/2015\/04\/15\/formacio-en-formulacio-galenica-amb-gelificants\/#breadcrumb\",\"itemListElement\":[{\"@type\":\"ListItem\",\"position\":1,\"name\":\"Inici\",\"item\":\"https:\/\/novaorg.cofb.net\/\"},{\"@type\":\"ListItem\",\"position\":2,\"name\":\"Formaci\u00f3 en formulaci\u00f3 gal\u00e8nica amb gelificants\"}]},{\"@type\":\"WebSite\",\"@id\":\"https:\/\/www.cofb.org\/#website\",\"url\":\"https:\/\/www.cofb.org\/\",\"name\":\"Col\u00b7legi de Farmac\u00e8utics de Barcelona\",\"description\":\"\",\"publisher\":{\"@id\":\"https:\/\/www.cofb.org\/#organization\"},\"potentialAction\":[{\"@type\":\"SearchAction\",\"target\":{\"@type\":\"EntryPoint\",\"urlTemplate\":\"https:\/\/www.cofb.org\/?s={search_term_string}\"},\"query-input\":\"required name=search_term_string\"}],\"inLanguage\":\"ca\"},{\"@type\":\"Organization\",\"@id\":\"https:\/\/www.cofb.org\/#organization\",\"name\":\"Col\u00b7legi de Farmac\u00e8utics de Barcelona\",\"url\":\"https:\/\/www.cofb.org\/\",\"logo\":{\"@type\":\"ImageObject\",\"inLanguage\":\"ca\",\"@id\":\"https:\/\/www.cofb.org\/#\/schema\/logo\/image\/\",\"url\":\"https:\/\/www.cofb.org\/wp-content\/uploads\/2023\/11\/cropped-Logotip-COFB.png\",\"contentUrl\":\"https:\/\/www.cofb.org\/wp-content\/uploads\/2023\/11\/cropped-Logotip-COFB.png\",\"width\":500,\"height\":105,\"caption\":\"Col\u00b7legi de Farmac\u00e8utics de Barcelona\"},\"image\":{\"@id\":\"https:\/\/www.cofb.org\/#\/schema\/logo\/image\/\"},\"sameAs\":[\"https:\/\/www.facebook.com\/farmaceuticsbcn\/\",\"https:\/\/twitter.com\/farmaceuticsbcn\",\"https:\/\/www.instagram.com\/farmaceuticsbcn\/\",\"https:\/\/www.linkedin.com\/company\/farmaceuticsbcn\/\"]},{\"@type\":\"Person\",\"@id\":\"https:\/\/www.cofb.org\/#\/schema\/person\/22ed7eea88da74b0fa4d3154ad87ffcb\",\"name\":\"wpAdminCofbOrg\",\"image\":{\"@type\":\"ImageObject\",\"inLanguage\":\"ca\",\"@id\":\"https:\/\/www.cofb.org\/#\/schema\/person\/image\/\",\"url\":\"https:\/\/secure.gravatar.com\/avatar\/1721b20b3b8ca882c3b56ec6c978c594fff670e40c0718e9190eaeeb76aae7d8?s=96&d=mm&r=g\",\"contentUrl\":\"https:\/\/secure.gravatar.com\/avatar\/1721b20b3b8ca882c3b56ec6c978c594fff670e40c0718e9190eaeeb76aae7d8?s=96&d=mm&r=g\",\"caption\":\"wpAdminCofbOrg\"},\"sameAs\":[\"http:\/\/192.168.64.122\/wordpress\"],\"url\":\"https:\/\/www.cofb.org\/ca\/author\/wpadmincofborg\/\"}]}<\/script>\n<!-- \/ Yoast SEO plugin. -->","yoast_head_json":{"title":"Formaci\u00f3 en formulaci\u00f3 gal\u00e8nica amb gelificants - Col\u00b7legi de Farmac\u00e8utics de Barcelona","robots":{"index":"index","follow":"follow","max-snippet":"max-snippet:-1","max-image-preview":"max-image-preview:large","max-video-preview":"max-video-preview:-1"},"canonical":"https:\/\/novaorg.cofb.net\/2015\/04\/15\/formacio-en-formulacio-galenica-amb-gelificants\/","og_locale":"ca_ES","og_type":"article","og_title":"Formaci\u00f3 en formulaci\u00f3 gal\u00e8nica amb gelificants - Col\u00b7legi de Farmac\u00e8utics de Barcelona","og_description":"Els gelificants s\u00f3n components de moltes de les formulacions que es preparen actualment a la farm\u00e0cia. No nom\u00e9s en formes t\u00f2piques, preparats oil-free, sin\u00f3 tamb\u00e9 com a coadjuvants cosm\u00e8tics en la formaci\u00f3 de crema-gels, com a estabilitzants d\u2019emulsions, aix\u00ed com en formulacions orals de xarops i suspensions i vehicles transd\u00e8rmics. [&hellip;]","og_url":"https:\/\/novaorg.cofb.net\/2015\/04\/15\/formacio-en-formulacio-galenica-amb-gelificants\/","og_site_name":"Col\u00b7legi de Farmac\u00e8utics de Barcelona","article_publisher":"https:\/\/www.facebook.com\/farmaceuticsbcn\/","article_published_time":"2015-04-15T14:11:50+00:00","author":"wpAdminCofbOrg","twitter_card":"summary_large_image","twitter_creator":"@farmaceuticsbcn","twitter_site":"@farmaceuticsbcn","twitter_misc":{"Escrit per":"wpAdminCofbOrg","Temps estimat de lectura":"2 minuts"},"schema":{"@context":"https:\/\/schema.org","@graph":[{"@type":"Article","@id":"https:\/\/novaorg.cofb.net\/2015\/04\/15\/formacio-en-formulacio-galenica-amb-gelificants\/#article","isPartOf":{"@id":"https:\/\/novaorg.cofb.net\/2015\/04\/15\/formacio-en-formulacio-galenica-amb-gelificants\/"},"author":{"name":"wpAdminCofbOrg","@id":"https:\/\/www.cofb.org\/#\/schema\/person\/22ed7eea88da74b0fa4d3154ad87ffcb"},"headline":"Formaci\u00f3 en formulaci\u00f3 gal\u00e8nica amb gelificants","datePublished":"2015-04-15T14:11:50+00:00","dateModified":"2015-04-15T14:11:50+00:00","mainEntityOfPage":{"@id":"https:\/\/novaorg.cofb.net\/2015\/04\/15\/formacio-en-formulacio-galenica-amb-gelificants\/"},"wordCount":395,"commentCount":0,"publisher":{"@id":"https:\/\/www.cofb.org\/#organization"},"image":{"@id":"https:\/\/novaorg.cofb.net\/2015\/04\/15\/formacio-en-formulacio-galenica-amb-gelificants\/#primaryimage"},"thumbnailUrl":"","keywords":["Formaci\u00f3","Formulaci\u00f3 magistral"],"articleSection":["M\u00f3n col\u00b7legial"],"inLanguage":"ca","potentialAction":[{"@type":"CommentAction","name":"Comment","target":["https:\/\/novaorg.cofb.net\/2015\/04\/15\/formacio-en-formulacio-galenica-amb-gelificants\/#respond"]}]},{"@type":"WebPage","@id":"https:\/\/novaorg.cofb.net\/2015\/04\/15\/formacio-en-formulacio-galenica-amb-gelificants\/","url":"https:\/\/novaorg.cofb.net\/2015\/04\/15\/formacio-en-formulacio-galenica-amb-gelificants\/","name":"Formaci\u00f3 en formulaci\u00f3 gal\u00e8nica amb gelificants - Col\u00b7legi de Farmac\u00e8utics de Barcelona","isPartOf":{"@id":"https:\/\/www.cofb.org\/#website"},"primaryImageOfPage":{"@id":"https:\/\/novaorg.cofb.net\/2015\/04\/15\/formacio-en-formulacio-galenica-amb-gelificants\/#primaryimage"},"image":{"@id":"https:\/\/novaorg.cofb.net\/2015\/04\/15\/formacio-en-formulacio-galenica-amb-gelificants\/#primaryimage"},"thumbnailUrl":"","datePublished":"2015-04-15T14:11:50+00:00","dateModified":"2015-04-15T14:11:50+00:00","breadcrumb":{"@id":"https:\/\/novaorg.cofb.net\/2015\/04\/15\/formacio-en-formulacio-galenica-amb-gelificants\/#breadcrumb"},"inLanguage":"ca","potentialAction":[{"@type":"ReadAction","target":["https:\/\/novaorg.cofb.net\/2015\/04\/15\/formacio-en-formulacio-galenica-amb-gelificants\/"]}]},{"@type":"ImageObject","inLanguage":"ca","@id":"https:\/\/novaorg.cofb.net\/2015\/04\/15\/formacio-en-formulacio-galenica-amb-gelificants\/#primaryimage","url":"","contentUrl":""},{"@type":"BreadcrumbList","@id":"https:\/\/novaorg.cofb.net\/2015\/04\/15\/formacio-en-formulacio-galenica-amb-gelificants\/#breadcrumb","itemListElement":[{"@type":"ListItem","position":1,"name":"Inici","item":"https:\/\/novaorg.cofb.net\/"},{"@type":"ListItem","position":2,"name":"Formaci\u00f3 en formulaci\u00f3 gal\u00e8nica amb gelificants"}]},{"@type":"WebSite","@id":"https:\/\/www.cofb.org\/#website","url":"https:\/\/www.cofb.org\/","name":"Col\u00b7legi de Farmac\u00e8utics de Barcelona","description":"","publisher":{"@id":"https:\/\/www.cofb.org\/#organization"},"potentialAction":[{"@type":"SearchAction","target":{"@type":"EntryPoint","urlTemplate":"https:\/\/www.cofb.org\/?s={search_term_string}"},"query-input":"required name=search_term_string"}],"inLanguage":"ca"},{"@type":"Organization","@id":"https:\/\/www.cofb.org\/#organization","name":"Col\u00b7legi de Farmac\u00e8utics de Barcelona","url":"https:\/\/www.cofb.org\/","logo":{"@type":"ImageObject","inLanguage":"ca","@id":"https:\/\/www.cofb.org\/#\/schema\/logo\/image\/","url":"https:\/\/www.cofb.org\/wp-content\/uploads\/2023\/11\/cropped-Logotip-COFB.png","contentUrl":"https:\/\/www.cofb.org\/wp-content\/uploads\/2023\/11\/cropped-Logotip-COFB.png","width":500,"height":105,"caption":"Col\u00b7legi de Farmac\u00e8utics de Barcelona"},"image":{"@id":"https:\/\/www.cofb.org\/#\/schema\/logo\/image\/"},"sameAs":["https:\/\/www.facebook.com\/farmaceuticsbcn\/","https:\/\/twitter.com\/farmaceuticsbcn","https:\/\/www.instagram.com\/farmaceuticsbcn\/","https:\/\/www.linkedin.com\/company\/farmaceuticsbcn\/"]},{"@type":"Person","@id":"https:\/\/www.cofb.org\/#\/schema\/person\/22ed7eea88da74b0fa4d3154ad87ffcb","name":"wpAdminCofbOrg","image":{"@type":"ImageObject","inLanguage":"ca","@id":"https:\/\/www.cofb.org\/#\/schema\/person\/image\/","url":"https:\/\/secure.gravatar.com\/avatar\/1721b20b3b8ca882c3b56ec6c978c594fff670e40c0718e9190eaeeb76aae7d8?s=96&d=mm&r=g","contentUrl":"https:\/\/secure.gravatar.com\/avatar\/1721b20b3b8ca882c3b56ec6c978c594fff670e40c0718e9190eaeeb76aae7d8?s=96&d=mm&r=g","caption":"wpAdminCofbOrg"},"sameAs":["http:\/\/192.168.64.122\/wordpress"],"url":"https:\/\/www.cofb.org\/ca\/author\/wpadmincofborg\/"}]}},"uagb_featured_image_src":{"full":false,"thumbnail":false,"medium":false,"medium_large":false,"large":false,"1536x1536":false,"2048x2048":false,"trp-custom-language-flag":false},"uagb_author_info":{"display_name":"wpAdminCofbOrg","author_link":"https:\/\/www.cofb.org\/ca\/author\/wpadmincofborg\/"},"uagb_comment_info":0,"uagb_excerpt":"Els gelificants s\u00f3n components de moltes de les formulacions que es preparen actualment a la farm\u00e0cia. No nom\u00e9s en formes t\u00f2piques, preparats oil-free, sin\u00f3 tamb\u00e9 com a coadjuvants cosm\u00e8tics en la formaci\u00f3 de crema-gels, com a estabilitzants d\u2019emulsions, aix\u00ed com en formulacions orals de xarops i suspensions i vehicles transd\u00e8rmics. [&hellip;]","_links":{"self":[{"href":"https:\/\/www.cofb.org\/ca\/wp-json\/wp\/v2\/posts\/12922","targetHints":{"allow":["GET"]}}],"collection":[{"href":"https:\/\/www.cofb.org\/ca\/wp-json\/wp\/v2\/posts"}],"about":[{"href":"https:\/\/www.cofb.org\/ca\/wp-json\/wp\/v2\/types\/post"}],"author":[{"embeddable":true,"href":"https:\/\/www.cofb.org\/ca\/wp-json\/wp\/v2\/users\/1"}],"replies":[{"embeddable":true,"href":"https:\/\/www.cofb.org\/ca\/wp-json\/wp\/v2\/comments?post=12922"}],"version-history":[{"count":0,"href":"https:\/\/www.cofb.org\/ca\/wp-json\/wp\/v2\/posts\/12922\/revisions"}],"wp:featuredmedia":[{"embeddable":true,"href":"https:\/\/www.cofb.org\/ca\/wp-json\/"}],"wp:attachment":[{"href":"https:\/\/www.cofb.org\/ca\/wp-json\/wp\/v2\/media?parent=12922"}],"wp:term":[{"taxonomy":"category","embeddable":true,"href":"https:\/\/www.cofb.org\/ca\/wp-json\/wp\/v2\/categories?post=12922"},{"taxonomy":"post_tag","embeddable":true,"href":"https:\/\/www.cofb.org\/ca\/wp-json\/wp\/v2\/tags?post=12922"}],"curies":[{"name":"wp","href":"https:\/\/api.w.org\/{rel}","templated":true}]}}