{"id":11391,"date":"2015-01-23T12:55:57","date_gmt":"2015-01-23T11:55:57","guid":{"rendered":"http:\/\/blog.cofb.cat\/?p=11391"},"modified":"2015-01-23T12:55:57","modified_gmt":"2015-01-23T11:55:57","slug":"el-centre-catala-de-la-nutricio-de-linstitut-destudis-catalans-premia-la-farmaceutica-i-biologa-maria-isabel-covas","status":"publish","type":"post","link":"https:\/\/www.cofb.org\/ca\/2015\/01\/23\/el-centre-catala-de-la-nutricio-de-linstitut-destudis-catalans-premia-la-farmaceutica-i-biologa-maria-isabel-covas\/","title":{"rendered":"El Centre Catal\u00e0 de la Nutrici\u00f3 de l\u2019Institut d\u2019Estudis Catalans premia la farmac\u00e8utica i bi\u00f2loga Maria Isabel Covas"},"content":{"rendered":"<figure id=\"attachment_11392\" aria-describedby=\"caption-attachment-11392\" style=\"width: 315px\" class=\"wp-caption alignright\"><a href=\"http:\/\/blog.cofb.cat\/wp-content\/uploads\/2015\/01\/premis_ccniec_2014.jpg\"><img fetchpriority=\"high\" decoding=\"async\" class=\"wp-image-11392 \" alt=\"premis_ccniec_2014\" src=\"http:\/\/blog.cofb.cat\/wp-content\/uploads\/2015\/01\/premis_ccniec_2014.jpg\" width=\"315\" height=\"210\" \/><\/a><figcaption id=\"caption-attachment-11392\" class=\"wp-caption-text\">Peu de foto: Albert Riera, director de comunicaci\u00f3 de La Fageda; Montserrat Barbany, secret\u00e0ria del CCNIEC; Maria Isabel Covas Planells, guardonada amb el V Premi CCNIEC Ramon Turr\u00f3; Joandom\u00e8nec Ros, president de l\u2019IEC; Agn\u00e8s Cruells, directora de M\u00e0rqueting del Grup Cacaolat; Maria Jos\u00e9 Torres, responsable de Qualitat del Grup Cacaolat, i Jordi Salas-Salvad\u00f3, director del CCNIEC.<br \/>Font: IEC<\/figcaption><\/figure>\n<p>La farmac\u00e8utica Maria Isabel Covas Planells ha rebut el <b>V Premi Ramon Turr\u00f3 del Centre Catal\u00e0 de la Nutrici\u00f3 de l\u2019Institut d\u2019Estudis Catalans (CCNIEC)<\/b> en <strong>reconeixement a una traject\u00f2ria d\u2019excel\u00b7l\u00e8ncia en el camp de la nutrici\u00f3<\/strong>. Covas, que tamb\u00e9 \u00e9s bi\u00f2loga i especialista en bioqu\u00edmica cl\u00ednica, ha estat reconeguda \u201cper la seva fruct\u00edfera traject\u00f2ria investigadora en l\u2019\u00e0mbit de la nutrici\u00f3 i el risc cardiovascular\u201d.<\/p>\n<p>La recerca que ha dut a terme ha aportat molts coneixements en l\u2019\u00e0rea que estudia els efectes del consum d\u2019oli d\u2019oliva (<a href=\"http:\/\/www.medicinabalear.org\/pdfs\/Vol29n2.pdf#page=39\" target=\"_blank\" rel=\"noopener\"><span style=\"text-decoration: underline;\">llegir\u00a0article sobre la revisi\u00f3 dels beneficis de l&#8217;oli d&#8217;oliva verge a la\u00a0Revista de ci\u00e8ncies de la salut de la Reial Acad\u00e8mia de Medicina de les Illes Balears<\/span><\/a>)\u00a0i del vi en la salut, i tamb\u00e9 d\u2019un patr\u00f3 de dieta saludable com \u00e9s la dieta mediterr\u00e0nia. <b>Ha contribu\u00eft a aportar el m\u00e9s alt nivell d\u2019evid\u00e8ncia cient\u00edfica<\/b>, mitjan\u00e7ant assajos cl\u00ednics aleatoritzats, <b>dels beneficis de la presa d\u2019oli d\u2019oliva, de vi i d\u2019una dieta mediterr\u00e0nia en una poblaci\u00f3 sana o d\u2019alt risc cardiovascular<\/b>.<\/p>\n<p>Durant la seva tesi doctoral Covas va ser adjunta al Laboratori d\u2019An\u00e0lisis Cl\u00edniques, ubicat a l\u2019Hospital Universitari del Mar de Barcelona. Del 1990-1995 va ser coordinadora dels Laboratoris de l&#8217;Hospital del Mar i de la Esperan\u00e7a.\u00a0Seguidament es va incorporar com a investigadora a l\u2019Institut Hospital del Mar d\u2019Investigacions M\u00e8diques (IMIM) i va dirigir un grup de recerca propi centrat en nutrici\u00f3 i risc cardiovascular (CARIN) en el context de l\u2019estudi Registre Giron\u00ed del Cor (REGICOR). Destaca per la coordinaci\u00f3 del projecte europeu EUROLIVE sobre els efectes dels compostos de l\u2019oli d\u2019oliva sobre l\u2019oxidaci\u00f3, aix\u00ed com per la participaci\u00f3 en l\u2019estudi PREDIMED sobre la dieta mediterr\u00e0nia en la prevenci\u00f3 prim\u00e0ria de la malaltia cardiovascular. Aix\u00ed mateix, s\u2019ha centrat en l\u2019estudi dels mecanismes subjacents que poden explicar aquests beneficis de la dieta i alguns dels aliments que en s\u00f3n m\u00e9s caracter\u00edstics com l\u2019oli d\u2019oliva i el vi. Els estudis que ha realitzat s\u2019han enfocat a esbrinar els mecanismes units als efectes antioxidants i antiinflamatoris en la regulaci\u00f3 de la funci\u00f3 endotelial o a nivell transcript\u00f2mic. D\u2019altra banda, ha aprofundit \u00e0mpliament en la biodisponibilitat dels compostos fen\u00f2lics de l\u2019oli d\u2019oliva i el vi i en la seva bioactivitat, ja que els polifenols s\u00f3n uns dels responsables clau dels beneficis de l\u2019oli d\u2019oliva. L\u2019Autoritat Europea de Seguretat Aliment\u00e0ria (AESA) va establir una al\u00b7legaci\u00f3 de salut sobre el consum de l\u2019oli d\u2019oliva basada en diversos treballs seus. La investigadora va formar part de la Junta Permanent del CCNIEC fins a l\u2019any en qu\u00e8 es va jubilar.\u00a0Una curiositat que forma part del seu extens i intens curr\u00edculum: quan era professora assistent de la Facultat de Medicina de la Universitat de Panam\u00e0 va estudiar Etnomedicina (un estudi o comparaci\u00f3 de la medicina tradicional practicada per diversos grups \u00e8tnics i especialment pels pobles ind\u00edgenes)\u00a0amb els indis kunas que viuen a les illes de San Blas a la Costa Carib.<\/p>\n<p>El V Premi CCNIEC a la millor iniciativa de la ind\u00fastria aliment\u00e0ria ha estat concedit a La Fageda i el III Premi CCNIEC Marc Viader, a la innovaci\u00f3 en productes alimentaris, al Grup Cacaolat.<\/p>\n<p>L&#8217;any passat, una altra farmac\u00e8utica tamb\u00e9 va rebre aquest guard\u00f3:\u00a0<span style=\"text-decoration: underline;\"><a href=\"http:\/\/blog.cofb.cat\/la-farmaceutica-rosaura-farre-premiada-pel-centre-catala-de-la-nutricio-de-linstitut-destudis-catalans\/\" target=\"_blank\" rel=\"noopener\">La farmac\u00e8utica Rosaura Farr\u00e9, premiada pel Centre Catal\u00e0 de la Nutrici\u00f3 de l\u2019Institut d\u2019Estudis Catalans<\/a><\/span><\/p>\n","protected":false},"excerpt":{"rendered":"<p>La farmac\u00e8utica Maria Isabel Covas Planells ha rebut el V Premi Ramon Turr\u00f3 del Centre Catal\u00e0 de la Nutrici\u00f3 de l\u2019Institut d\u2019Estudis Catalans (CCNIEC) en reconeixement a una traject\u00f2ria d\u2019excel\u00b7l\u00e8ncia en el camp de la nutrici\u00f3. Covas, que tamb\u00e9 \u00e9s bi\u00f2loga i especialista en bioqu\u00edmica cl\u00ednica, ha estat reconeguda \u201cper [&hellip;]<\/p>\n","protected":false},"author":1,"featured_media":11392,"comment_status":"open","ping_status":"open","sticky":false,"template":"","format":"standard","meta":{"_uag_custom_page_level_css":"","site-sidebar-layout":"default","site-content-layout":"","ast-site-content-layout":"default","site-content-style":"default","site-sidebar-style":"default","ast-global-header-display":"","ast-banner-title-visibility":"","ast-main-header-display":"","ast-hfb-above-header-display":"","ast-hfb-below-header-display":"","ast-hfb-mobile-header-display":"","site-post-title":"","ast-breadcrumbs-content":"","ast-featured-img":"disabled","footer-sml-layout":"","theme-transparent-header-meta":"","adv-header-id-meta":"","stick-header-meta":"","header-above-stick-meta":"","header-main-stick-meta":"","header-below-stick-meta":"","astra-migrate-meta-layouts":"default","ast-page-background-enabled":"default","ast-page-background-meta":{"desktop":{"background-color":"var(--ast-global-color-4)","background-image":"","background-repeat":"repeat","background-position":"center center","background-size":"auto","background-attachment":"scroll","background-type":"","background-media":"","overlay-type":"","overlay-color":"","overlay-opacity":"","overlay-gradient":""},"tablet":{"background-color":"","background-image":"","background-repeat":"repeat","background-position":"center center","background-size":"auto","background-attachment":"scroll","background-type":"","background-media":"","overlay-type":"","overlay-color":"","overlay-opacity":"","overlay-gradient":""},"mobile":{"background-color":"","background-image":"","background-repeat":"repeat","background-position":"center center","background-size":"auto","background-attachment":"scroll","background-type":"","background-media":"","overlay-type":"","overlay-color":"","overlay-opacity":"","overlay-gradient":""}},"ast-content-background-meta":{"desktop":{"background-color":"var(--ast-global-color-5)","background-image":"","background-repeat":"repeat","background-position":"center center","background-size":"auto","background-attachment":"scroll","background-type":"","background-media":"","overlay-type":"","overlay-color":"","overlay-opacity":"","overlay-gradient":""},"tablet":{"background-color":"var(--ast-global-color-5)","background-image":"","background-repeat":"repeat","background-position":"center center","background-size":"auto","background-attachment":"scroll","background-type":"","background-media":"","overlay-type":"","overlay-color":"","overlay-opacity":"","overlay-gradient":""},"mobile":{"background-color":"var(--ast-global-color-5)","background-image":"","background-repeat":"repeat","background-position":"center center","background-size":"auto","background-attachment":"scroll","background-type":"","background-media":"","overlay-type":"","overlay-color":"","overlay-opacity":"","overlay-gradient":""}},"footnotes":""},"categories":[32],"tags":[16,359],"class_list":["post-11391","post","type-post","status-publish","format-standard","has-post-thumbnail","hentry","category-noticies-farmacia","tag-alimentacio-i-nutricio","tag-premis"],"yoast_head":"<!-- This site is optimized with the Yoast SEO plugin v22.4 - https:\/\/yoast.com\/wordpress\/plugins\/seo\/ -->\n<title>El Centre Catal\u00e0 de la Nutrici\u00f3 de l\u2019Institut d\u2019Estudis Catalans premia la farmac\u00e8utica i bi\u00f2loga Maria Isabel Covas - Col\u00b7legi de Farmac\u00e8utics de Barcelona<\/title>\n<meta name=\"robots\" content=\"index, follow, max-snippet:-1, max-image-preview:large, max-video-preview:-1\" \/>\n<link rel=\"canonical\" href=\"https:\/\/novaorg.cofb.net\/2015\/01\/23\/el-centre-catala-de-la-nutricio-de-linstitut-destudis-catalans-premia-la-farmaceutica-i-biologa-maria-isabel-covas\/\" \/>\n<meta property=\"og:locale\" content=\"ca_ES\" \/>\n<meta property=\"og:type\" content=\"article\" \/>\n<meta property=\"og:title\" content=\"El Centre Catal\u00e0 de la Nutrici\u00f3 de l\u2019Institut d\u2019Estudis Catalans premia la farmac\u00e8utica i bi\u00f2loga Maria Isabel Covas - Col\u00b7legi de Farmac\u00e8utics de Barcelona\" \/>\n<meta property=\"og:description\" content=\"La farmac\u00e8utica Maria Isabel Covas Planells ha rebut el V Premi Ramon Turr\u00f3 del Centre Catal\u00e0 de la Nutrici\u00f3 de l\u2019Institut d\u2019Estudis Catalans (CCNIEC) en reconeixement a una traject\u00f2ria d\u2019excel\u00b7l\u00e8ncia en el camp de la nutrici\u00f3. Covas, que tamb\u00e9 \u00e9s bi\u00f2loga i especialista en bioqu\u00edmica cl\u00ednica, ha estat reconeguda \u201cper [&hellip;]\" \/>\n<meta property=\"og:url\" content=\"https:\/\/novaorg.cofb.net\/2015\/01\/23\/el-centre-catala-de-la-nutricio-de-linstitut-destudis-catalans-premia-la-farmaceutica-i-biologa-maria-isabel-covas\/\" \/>\n<meta property=\"og:site_name\" content=\"Col\u00b7legi de Farmac\u00e8utics de Barcelona\" \/>\n<meta property=\"article:publisher\" content=\"https:\/\/www.facebook.com\/farmaceuticsbcn\/\" \/>\n<meta property=\"article:published_time\" content=\"2015-01-23T11:55:57+00:00\" \/>\n<meta name=\"author\" content=\"wpAdminCofbOrg\" \/>\n<meta name=\"twitter:card\" content=\"summary_large_image\" \/>\n<meta name=\"twitter:creator\" content=\"@farmaceuticsbcn\" \/>\n<meta name=\"twitter:site\" content=\"@farmaceuticsbcn\" \/>\n<meta name=\"twitter:label1\" content=\"Escrit per\" \/>\n\t<meta name=\"twitter:data1\" content=\"wpAdminCofbOrg\" \/>\n\t<meta name=\"twitter:label2\" content=\"Temps estimat de lectura\" \/>\n\t<meta name=\"twitter:data2\" content=\"3 minuts\" \/>\n<script type=\"application\/ld+json\" class=\"yoast-schema-graph\">{\"@context\":\"https:\/\/schema.org\",\"@graph\":[{\"@type\":\"Article\",\"@id\":\"https:\/\/novaorg.cofb.net\/2015\/01\/23\/el-centre-catala-de-la-nutricio-de-linstitut-destudis-catalans-premia-la-farmaceutica-i-biologa-maria-isabel-covas\/#article\",\"isPartOf\":{\"@id\":\"https:\/\/novaorg.cofb.net\/2015\/01\/23\/el-centre-catala-de-la-nutricio-de-linstitut-destudis-catalans-premia-la-farmaceutica-i-biologa-maria-isabel-covas\/\"},\"author\":{\"name\":\"wpAdminCofbOrg\",\"@id\":\"https:\/\/www.cofb.org\/#\/schema\/person\/22ed7eea88da74b0fa4d3154ad87ffcb\"},\"headline\":\"El Centre Catal\u00e0 de la Nutrici\u00f3 de l\u2019Institut d\u2019Estudis Catalans premia la farmac\u00e8utica i bi\u00f2loga Maria Isabel Covas\",\"datePublished\":\"2015-01-23T11:55:57+00:00\",\"dateModified\":\"2015-01-23T11:55:57+00:00\",\"mainEntityOfPage\":{\"@id\":\"https:\/\/novaorg.cofb.net\/2015\/01\/23\/el-centre-catala-de-la-nutricio-de-linstitut-destudis-catalans-premia-la-farmaceutica-i-biologa-maria-isabel-covas\/\"},\"wordCount\":713,\"commentCount\":0,\"publisher\":{\"@id\":\"https:\/\/www.cofb.org\/#organization\"},\"image\":{\"@id\":\"https:\/\/novaorg.cofb.net\/2015\/01\/23\/el-centre-catala-de-la-nutricio-de-linstitut-destudis-catalans-premia-la-farmaceutica-i-biologa-maria-isabel-covas\/#primaryimage\"},\"thumbnailUrl\":\"\",\"keywords\":[\"Alimentaci\u00f3 i nutrici\u00f3\",\"Premis\"],\"articleSection\":[\"Not\u00edcies farm\u00e0cia\"],\"inLanguage\":\"ca\",\"potentialAction\":[{\"@type\":\"CommentAction\",\"name\":\"Comment\",\"target\":[\"https:\/\/novaorg.cofb.net\/2015\/01\/23\/el-centre-catala-de-la-nutricio-de-linstitut-destudis-catalans-premia-la-farmaceutica-i-biologa-maria-isabel-covas\/#respond\"]}]},{\"@type\":\"WebPage\",\"@id\":\"https:\/\/novaorg.cofb.net\/2015\/01\/23\/el-centre-catala-de-la-nutricio-de-linstitut-destudis-catalans-premia-la-farmaceutica-i-biologa-maria-isabel-covas\/\",\"url\":\"https:\/\/novaorg.cofb.net\/2015\/01\/23\/el-centre-catala-de-la-nutricio-de-linstitut-destudis-catalans-premia-la-farmaceutica-i-biologa-maria-isabel-covas\/\",\"name\":\"El Centre Catal\u00e0 de la Nutrici\u00f3 de l\u2019Institut d\u2019Estudis Catalans premia la farmac\u00e8utica i bi\u00f2loga Maria Isabel Covas - Col\u00b7legi de Farmac\u00e8utics de Barcelona\",\"isPartOf\":{\"@id\":\"https:\/\/www.cofb.org\/#website\"},\"primaryImageOfPage\":{\"@id\":\"https:\/\/novaorg.cofb.net\/2015\/01\/23\/el-centre-catala-de-la-nutricio-de-linstitut-destudis-catalans-premia-la-farmaceutica-i-biologa-maria-isabel-covas\/#primaryimage\"},\"image\":{\"@id\":\"https:\/\/novaorg.cofb.net\/2015\/01\/23\/el-centre-catala-de-la-nutricio-de-linstitut-destudis-catalans-premia-la-farmaceutica-i-biologa-maria-isabel-covas\/#primaryimage\"},\"thumbnailUrl\":\"\",\"datePublished\":\"2015-01-23T11:55:57+00:00\",\"dateModified\":\"2015-01-23T11:55:57+00:00\",\"breadcrumb\":{\"@id\":\"https:\/\/novaorg.cofb.net\/2015\/01\/23\/el-centre-catala-de-la-nutricio-de-linstitut-destudis-catalans-premia-la-farmaceutica-i-biologa-maria-isabel-covas\/#breadcrumb\"},\"inLanguage\":\"ca\",\"potentialAction\":[{\"@type\":\"ReadAction\",\"target\":[\"https:\/\/novaorg.cofb.net\/2015\/01\/23\/el-centre-catala-de-la-nutricio-de-linstitut-destudis-catalans-premia-la-farmaceutica-i-biologa-maria-isabel-covas\/\"]}]},{\"@type\":\"ImageObject\",\"inLanguage\":\"ca\",\"@id\":\"https:\/\/novaorg.cofb.net\/2015\/01\/23\/el-centre-catala-de-la-nutricio-de-linstitut-destudis-catalans-premia-la-farmaceutica-i-biologa-maria-isabel-covas\/#primaryimage\",\"url\":\"\",\"contentUrl\":\"\"},{\"@type\":\"BreadcrumbList\",\"@id\":\"https:\/\/novaorg.cofb.net\/2015\/01\/23\/el-centre-catala-de-la-nutricio-de-linstitut-destudis-catalans-premia-la-farmaceutica-i-biologa-maria-isabel-covas\/#breadcrumb\",\"itemListElement\":[{\"@type\":\"ListItem\",\"position\":1,\"name\":\"Inici\",\"item\":\"https:\/\/novaorg.cofb.net\/\"},{\"@type\":\"ListItem\",\"position\":2,\"name\":\"El Centre Catal\u00e0 de la Nutrici\u00f3 de l\u2019Institut d\u2019Estudis Catalans premia la farmac\u00e8utica i bi\u00f2loga Maria Isabel Covas\"}]},{\"@type\":\"WebSite\",\"@id\":\"https:\/\/www.cofb.org\/#website\",\"url\":\"https:\/\/www.cofb.org\/\",\"name\":\"Col\u00b7legi de Farmac\u00e8utics de Barcelona\",\"description\":\"\",\"publisher\":{\"@id\":\"https:\/\/www.cofb.org\/#organization\"},\"potentialAction\":[{\"@type\":\"SearchAction\",\"target\":{\"@type\":\"EntryPoint\",\"urlTemplate\":\"https:\/\/www.cofb.org\/?s={search_term_string}\"},\"query-input\":\"required name=search_term_string\"}],\"inLanguage\":\"ca\"},{\"@type\":\"Organization\",\"@id\":\"https:\/\/www.cofb.org\/#organization\",\"name\":\"Col\u00b7legi de Farmac\u00e8utics de Barcelona\",\"url\":\"https:\/\/www.cofb.org\/\",\"logo\":{\"@type\":\"ImageObject\",\"inLanguage\":\"ca\",\"@id\":\"https:\/\/www.cofb.org\/#\/schema\/logo\/image\/\",\"url\":\"https:\/\/www.cofb.org\/wp-content\/uploads\/2023\/11\/cropped-Logotip-COFB.png\",\"contentUrl\":\"https:\/\/www.cofb.org\/wp-content\/uploads\/2023\/11\/cropped-Logotip-COFB.png\",\"width\":500,\"height\":105,\"caption\":\"Col\u00b7legi de Farmac\u00e8utics de Barcelona\"},\"image\":{\"@id\":\"https:\/\/www.cofb.org\/#\/schema\/logo\/image\/\"},\"sameAs\":[\"https:\/\/www.facebook.com\/farmaceuticsbcn\/\",\"https:\/\/twitter.com\/farmaceuticsbcn\",\"https:\/\/www.instagram.com\/farmaceuticsbcn\/\",\"https:\/\/www.linkedin.com\/company\/farmaceuticsbcn\/\"]},{\"@type\":\"Person\",\"@id\":\"https:\/\/www.cofb.org\/#\/schema\/person\/22ed7eea88da74b0fa4d3154ad87ffcb\",\"name\":\"wpAdminCofbOrg\",\"image\":{\"@type\":\"ImageObject\",\"inLanguage\":\"ca\",\"@id\":\"https:\/\/www.cofb.org\/#\/schema\/person\/image\/\",\"url\":\"https:\/\/secure.gravatar.com\/avatar\/1721b20b3b8ca882c3b56ec6c978c594fff670e40c0718e9190eaeeb76aae7d8?s=96&d=mm&r=g\",\"contentUrl\":\"https:\/\/secure.gravatar.com\/avatar\/1721b20b3b8ca882c3b56ec6c978c594fff670e40c0718e9190eaeeb76aae7d8?s=96&d=mm&r=g\",\"caption\":\"wpAdminCofbOrg\"},\"sameAs\":[\"http:\/\/192.168.64.122\/wordpress\"],\"url\":\"https:\/\/www.cofb.org\/ca\/author\/wpadmincofborg\/\"}]}<\/script>\n<!-- \/ Yoast SEO plugin. -->","yoast_head_json":{"title":"El Centre Catal\u00e0 de la Nutrici\u00f3 de l\u2019Institut d\u2019Estudis Catalans premia la farmac\u00e8utica i bi\u00f2loga Maria Isabel Covas - Col\u00b7legi de Farmac\u00e8utics de Barcelona","robots":{"index":"index","follow":"follow","max-snippet":"max-snippet:-1","max-image-preview":"max-image-preview:large","max-video-preview":"max-video-preview:-1"},"canonical":"https:\/\/novaorg.cofb.net\/2015\/01\/23\/el-centre-catala-de-la-nutricio-de-linstitut-destudis-catalans-premia-la-farmaceutica-i-biologa-maria-isabel-covas\/","og_locale":"ca_ES","og_type":"article","og_title":"El Centre Catal\u00e0 de la Nutrici\u00f3 de l\u2019Institut d\u2019Estudis Catalans premia la farmac\u00e8utica i bi\u00f2loga Maria Isabel Covas - Col\u00b7legi de Farmac\u00e8utics de Barcelona","og_description":"La farmac\u00e8utica Maria Isabel Covas Planells ha rebut el V Premi Ramon Turr\u00f3 del Centre Catal\u00e0 de la Nutrici\u00f3 de l\u2019Institut d\u2019Estudis Catalans (CCNIEC) en reconeixement a una traject\u00f2ria d\u2019excel\u00b7l\u00e8ncia en el camp de la nutrici\u00f3. Covas, que tamb\u00e9 \u00e9s bi\u00f2loga i especialista en bioqu\u00edmica cl\u00ednica, ha estat reconeguda \u201cper [&hellip;]","og_url":"https:\/\/novaorg.cofb.net\/2015\/01\/23\/el-centre-catala-de-la-nutricio-de-linstitut-destudis-catalans-premia-la-farmaceutica-i-biologa-maria-isabel-covas\/","og_site_name":"Col\u00b7legi de Farmac\u00e8utics de Barcelona","article_publisher":"https:\/\/www.facebook.com\/farmaceuticsbcn\/","article_published_time":"2015-01-23T11:55:57+00:00","author":"wpAdminCofbOrg","twitter_card":"summary_large_image","twitter_creator":"@farmaceuticsbcn","twitter_site":"@farmaceuticsbcn","twitter_misc":{"Escrit per":"wpAdminCofbOrg","Temps estimat de lectura":"3 minuts"},"schema":{"@context":"https:\/\/schema.org","@graph":[{"@type":"Article","@id":"https:\/\/novaorg.cofb.net\/2015\/01\/23\/el-centre-catala-de-la-nutricio-de-linstitut-destudis-catalans-premia-la-farmaceutica-i-biologa-maria-isabel-covas\/#article","isPartOf":{"@id":"https:\/\/novaorg.cofb.net\/2015\/01\/23\/el-centre-catala-de-la-nutricio-de-linstitut-destudis-catalans-premia-la-farmaceutica-i-biologa-maria-isabel-covas\/"},"author":{"name":"wpAdminCofbOrg","@id":"https:\/\/www.cofb.org\/#\/schema\/person\/22ed7eea88da74b0fa4d3154ad87ffcb"},"headline":"El Centre Catal\u00e0 de la Nutrici\u00f3 de l\u2019Institut d\u2019Estudis Catalans premia la farmac\u00e8utica i bi\u00f2loga Maria Isabel Covas","datePublished":"2015-01-23T11:55:57+00:00","dateModified":"2015-01-23T11:55:57+00:00","mainEntityOfPage":{"@id":"https:\/\/novaorg.cofb.net\/2015\/01\/23\/el-centre-catala-de-la-nutricio-de-linstitut-destudis-catalans-premia-la-farmaceutica-i-biologa-maria-isabel-covas\/"},"wordCount":713,"commentCount":0,"publisher":{"@id":"https:\/\/www.cofb.org\/#organization"},"image":{"@id":"https:\/\/novaorg.cofb.net\/2015\/01\/23\/el-centre-catala-de-la-nutricio-de-linstitut-destudis-catalans-premia-la-farmaceutica-i-biologa-maria-isabel-covas\/#primaryimage"},"thumbnailUrl":"","keywords":["Alimentaci\u00f3 i nutrici\u00f3","Premis"],"articleSection":["Not\u00edcies farm\u00e0cia"],"inLanguage":"ca","potentialAction":[{"@type":"CommentAction","name":"Comment","target":["https:\/\/novaorg.cofb.net\/2015\/01\/23\/el-centre-catala-de-la-nutricio-de-linstitut-destudis-catalans-premia-la-farmaceutica-i-biologa-maria-isabel-covas\/#respond"]}]},{"@type":"WebPage","@id":"https:\/\/novaorg.cofb.net\/2015\/01\/23\/el-centre-catala-de-la-nutricio-de-linstitut-destudis-catalans-premia-la-farmaceutica-i-biologa-maria-isabel-covas\/","url":"https:\/\/novaorg.cofb.net\/2015\/01\/23\/el-centre-catala-de-la-nutricio-de-linstitut-destudis-catalans-premia-la-farmaceutica-i-biologa-maria-isabel-covas\/","name":"El Centre Catal\u00e0 de la Nutrici\u00f3 de l\u2019Institut d\u2019Estudis Catalans premia la farmac\u00e8utica i bi\u00f2loga Maria Isabel Covas - Col\u00b7legi de Farmac\u00e8utics de Barcelona","isPartOf":{"@id":"https:\/\/www.cofb.org\/#website"},"primaryImageOfPage":{"@id":"https:\/\/novaorg.cofb.net\/2015\/01\/23\/el-centre-catala-de-la-nutricio-de-linstitut-destudis-catalans-premia-la-farmaceutica-i-biologa-maria-isabel-covas\/#primaryimage"},"image":{"@id":"https:\/\/novaorg.cofb.net\/2015\/01\/23\/el-centre-catala-de-la-nutricio-de-linstitut-destudis-catalans-premia-la-farmaceutica-i-biologa-maria-isabel-covas\/#primaryimage"},"thumbnailUrl":"","datePublished":"2015-01-23T11:55:57+00:00","dateModified":"2015-01-23T11:55:57+00:00","breadcrumb":{"@id":"https:\/\/novaorg.cofb.net\/2015\/01\/23\/el-centre-catala-de-la-nutricio-de-linstitut-destudis-catalans-premia-la-farmaceutica-i-biologa-maria-isabel-covas\/#breadcrumb"},"inLanguage":"ca","potentialAction":[{"@type":"ReadAction","target":["https:\/\/novaorg.cofb.net\/2015\/01\/23\/el-centre-catala-de-la-nutricio-de-linstitut-destudis-catalans-premia-la-farmaceutica-i-biologa-maria-isabel-covas\/"]}]},{"@type":"ImageObject","inLanguage":"ca","@id":"https:\/\/novaorg.cofb.net\/2015\/01\/23\/el-centre-catala-de-la-nutricio-de-linstitut-destudis-catalans-premia-la-farmaceutica-i-biologa-maria-isabel-covas\/#primaryimage","url":"","contentUrl":""},{"@type":"BreadcrumbList","@id":"https:\/\/novaorg.cofb.net\/2015\/01\/23\/el-centre-catala-de-la-nutricio-de-linstitut-destudis-catalans-premia-la-farmaceutica-i-biologa-maria-isabel-covas\/#breadcrumb","itemListElement":[{"@type":"ListItem","position":1,"name":"Inici","item":"https:\/\/novaorg.cofb.net\/"},{"@type":"ListItem","position":2,"name":"El Centre Catal\u00e0 de la Nutrici\u00f3 de l\u2019Institut d\u2019Estudis Catalans premia la farmac\u00e8utica i bi\u00f2loga Maria Isabel Covas"}]},{"@type":"WebSite","@id":"https:\/\/www.cofb.org\/#website","url":"https:\/\/www.cofb.org\/","name":"Col\u00b7legi de Farmac\u00e8utics de Barcelona","description":"","publisher":{"@id":"https:\/\/www.cofb.org\/#organization"},"potentialAction":[{"@type":"SearchAction","target":{"@type":"EntryPoint","urlTemplate":"https:\/\/www.cofb.org\/?s={search_term_string}"},"query-input":"required name=search_term_string"}],"inLanguage":"ca"},{"@type":"Organization","@id":"https:\/\/www.cofb.org\/#organization","name":"Col\u00b7legi de Farmac\u00e8utics de Barcelona","url":"https:\/\/www.cofb.org\/","logo":{"@type":"ImageObject","inLanguage":"ca","@id":"https:\/\/www.cofb.org\/#\/schema\/logo\/image\/","url":"https:\/\/www.cofb.org\/wp-content\/uploads\/2023\/11\/cropped-Logotip-COFB.png","contentUrl":"https:\/\/www.cofb.org\/wp-content\/uploads\/2023\/11\/cropped-Logotip-COFB.png","width":500,"height":105,"caption":"Col\u00b7legi de Farmac\u00e8utics de Barcelona"},"image":{"@id":"https:\/\/www.cofb.org\/#\/schema\/logo\/image\/"},"sameAs":["https:\/\/www.facebook.com\/farmaceuticsbcn\/","https:\/\/twitter.com\/farmaceuticsbcn","https:\/\/www.instagram.com\/farmaceuticsbcn\/","https:\/\/www.linkedin.com\/company\/farmaceuticsbcn\/"]},{"@type":"Person","@id":"https:\/\/www.cofb.org\/#\/schema\/person\/22ed7eea88da74b0fa4d3154ad87ffcb","name":"wpAdminCofbOrg","image":{"@type":"ImageObject","inLanguage":"ca","@id":"https:\/\/www.cofb.org\/#\/schema\/person\/image\/","url":"https:\/\/secure.gravatar.com\/avatar\/1721b20b3b8ca882c3b56ec6c978c594fff670e40c0718e9190eaeeb76aae7d8?s=96&d=mm&r=g","contentUrl":"https:\/\/secure.gravatar.com\/avatar\/1721b20b3b8ca882c3b56ec6c978c594fff670e40c0718e9190eaeeb76aae7d8?s=96&d=mm&r=g","caption":"wpAdminCofbOrg"},"sameAs":["http:\/\/192.168.64.122\/wordpress"],"url":"https:\/\/www.cofb.org\/ca\/author\/wpadmincofborg\/"}]}},"uagb_featured_image_src":{"full":false,"thumbnail":false,"medium":false,"medium_large":false,"large":false,"1536x1536":false,"2048x2048":false,"trp-custom-language-flag":false},"uagb_author_info":{"display_name":"wpAdminCofbOrg","author_link":"https:\/\/www.cofb.org\/ca\/author\/wpadmincofborg\/"},"uagb_comment_info":0,"uagb_excerpt":"La farmac\u00e8utica Maria Isabel Covas Planells ha rebut el V Premi Ramon Turr\u00f3 del Centre Catal\u00e0 de la Nutrici\u00f3 de l\u2019Institut d\u2019Estudis Catalans (CCNIEC) en reconeixement a una traject\u00f2ria d\u2019excel\u00b7l\u00e8ncia en el camp de la nutrici\u00f3. Covas, que tamb\u00e9 \u00e9s bi\u00f2loga i especialista en bioqu\u00edmica cl\u00ednica, ha estat reconeguda \u201cper [&hellip;]","_links":{"self":[{"href":"https:\/\/www.cofb.org\/ca\/wp-json\/wp\/v2\/posts\/11391","targetHints":{"allow":["GET"]}}],"collection":[{"href":"https:\/\/www.cofb.org\/ca\/wp-json\/wp\/v2\/posts"}],"about":[{"href":"https:\/\/www.cofb.org\/ca\/wp-json\/wp\/v2\/types\/post"}],"author":[{"embeddable":true,"href":"https:\/\/www.cofb.org\/ca\/wp-json\/wp\/v2\/users\/1"}],"replies":[{"embeddable":true,"href":"https:\/\/www.cofb.org\/ca\/wp-json\/wp\/v2\/comments?post=11391"}],"version-history":[{"count":0,"href":"https:\/\/www.cofb.org\/ca\/wp-json\/wp\/v2\/posts\/11391\/revisions"}],"wp:featuredmedia":[{"embeddable":true,"href":"https:\/\/www.cofb.org\/ca\/wp-json\/"}],"wp:attachment":[{"href":"https:\/\/www.cofb.org\/ca\/wp-json\/wp\/v2\/media?parent=11391"}],"wp:term":[{"taxonomy":"category","embeddable":true,"href":"https:\/\/www.cofb.org\/ca\/wp-json\/wp\/v2\/categories?post=11391"},{"taxonomy":"post_tag","embeddable":true,"href":"https:\/\/www.cofb.org\/ca\/wp-json\/wp\/v2\/tags?post=11391"}],"curies":[{"name":"wp","href":"https:\/\/api.w.org\/{rel}","templated":true}]}}