{"id":10716,"date":"2014-12-18T14:54:40","date_gmt":"2014-12-18T13:54:40","guid":{"rendered":"http:\/\/blog.cofb.cat\/?p=10716"},"modified":"2014-12-18T14:54:40","modified_gmt":"2014-12-18T13:54:40","slug":"el-programa-de-deteccio-precoc-de-cancer-de-colon-i-recte-sesten-a-les-comarques-dosona-la-garrotxa-i-el-ripolles","status":"publish","type":"post","link":"https:\/\/www.cofb.org\/ca\/2014\/12\/18\/el-programa-de-deteccio-precoc-de-cancer-de-colon-i-recte-sesten-a-les-comarques-dosona-la-garrotxa-i-el-ripolles\/","title":{"rendered":"El Programa de Detecci\u00f3 Preco\u00e7 de C\u00e0ncer de C\u00f2lon i Recte s\u2019est\u00e9n a les comarques d&#8217;Osona, la Garrotxa i el Ripoll\u00e8s"},"content":{"rendered":"<figure id=\"attachment_10719\" aria-describedby=\"caption-attachment-10719\" style=\"width: 236px\" class=\"wp-caption alignleft\"><a href=\"http:\/\/blog.cofb.cat\/wp-content\/uploads\/2014\/12\/programa-deteccio-cancer-colon-farmacies.jpg\"><img fetchpriority=\"high\" decoding=\"async\" class=\" wp-image-10719   \" alt=\"Cartell del programa de detecci\u00f3 de c\u00e0ncer de c\u00f2lon a les farm\u00e0cies\" src=\"http:\/\/blog.cofb.cat\/wp-content\/uploads\/2014\/12\/programa-deteccio-cancer-colon-farmacies.jpg\" width=\"236\" height=\"334\" \/><\/a><figcaption id=\"caption-attachment-10719\" class=\"wp-caption-text\">Cartell del programa de detecci\u00f3 de c\u00e0ncer de c\u00f2lon a les farm\u00e0cies de Barcelona<\/figcaption><\/figure>\n<p>Al mes de gener es posar\u00e0 en marxa el Programa de Detecci\u00f3 Preco\u00e7 de C\u00e0ncer de C\u00f2lon i Recte (PDPCCR) a les comarques d\u2019Osona, la Garrotxa i el Ripoll\u00e8s, en el marc del seu desplegament progressiu a tota Catalunya.<\/p>\n<p>Aquest programa <strong>forma part del Pla de Salut de Catalunya 2011-2015<\/strong>, t\u00e9 l\u2019objectiu de potenciar la prevenci\u00f3 i est\u00e0 adre\u00e7at a la poblaci\u00f3 amb m\u00e9s risc de patir aquest tipus de tumors: tots els homes i dones que tinguin entre 50 i 69 anys durant l&#8217;any en curs.<\/p>\n<p>L\u2019organitzaci\u00f3 ha implicat als Col\u00b7legis de Farmac\u00e8utics de Girona i de Barcelona en la coordinaci\u00f3, l&#8217;atenci\u00f3 prim\u00e0ria, les unitats d&#8217;endosc\u00f2pies dels hospitals de Vic, Olot i Campdev\u00e0nol i l&#8217;Oficina T\u00e8cnica de Cribratge, gestionada per l&#8217;Institut d&#8217;Assist\u00e8ncia Sanit\u00e0ria (IAS) a les comarques de la Garrotxa i el Ripoll\u00e8s i pel Consorci Hospitalari de Vic a la comarca d\u2019Osona. El desplegament compta amb la col\u00b7laboraci\u00f3 dels Rotary Club de Vic-Osona, Olot-la Garrotxa i del Ripoll\u00e8s.<\/p>\n<p>El m\u00e8tode de cribratge es fa a partir d&#8217;una <b>an\u00e0lisi per detectar si hi ha restes de sang a la femta<\/b>. La participaci\u00f3 en el programa \u00e9s volunt\u00e0ria, amb una realitzaci\u00f3 biennal. La poblaci\u00f3 diana rebr\u00e0 una carta a casa seva on se&#8217;ls explicar\u00e0 el programa i se&#8217;ls informar\u00e0 de com participar-hi.<\/p>\n<p>Per dur a terme la implantaci\u00f3 del PDPCCR <b>ha estat molt important la implicaci\u00f3 de les farm\u00e0cies com a centres de salut informadors i facilitadors dels kits<\/b>. La proximitat i\u00a0 accessibilitat d\u2019aquests professionals sanitaris ha incrementat la participaci\u00f3 de la poblaci\u00f3 susceptible de fer-se la prova.<\/p>\n<div class=\"box shadow\">\u201cEl disseny d\u2019un model organitzatiu \u00e9s un dels punts cabdals en l\u2019\u00e8xit d\u2019un programa de cribratge. En aquest sentit, articles publicats a les revistes especialitzades destaquen la <b>contribuci\u00f3 positiva del farmac\u00e8utic comunitari en l\u2019augment de la participaci\u00f3 ciutadana<\/b> que ha superat amb escreix l\u2019objectiu. Participacions del 40% ja tenen un impacte molt positiu en la salut p\u00fablica, i en segona ronda en alguns districtes es supera el 50% i m\u00e9s. La contribuci\u00f3 del farmac\u00e8utic comunitari en la prevenci\u00f3 secund\u00e0ria del c\u00e0ncer \u00e9s la translaci\u00f3 de l\u2019enc\u00e0rrec impl\u00edcit en les l\u00ednies 3.4 i 2.2 del Pla de Salut a Catalunya, que fa refer\u00e8ncia \u00a0la implantaci\u00f3 decisiva i gradual de la cartera de serveis\u201d explica <strong>Rafa Guayta, director de Projectes i recerca del Consell de Col\u00b7legis de Farmac\u00e8utics de Catalunya<\/strong>.<\/div>\n<p>Les persones interessades s&#8217;hauran de dirigir a una farm\u00e0cia amb la carta que hagin rebut, on hi haur\u00e0 impr\u00e8s un codi d&#8217;identificaci\u00f3 personal. A la farm\u00e0cia li donaran un kit per dipositar la mostra de femta, i les instruccions de com conservar-la fins que la porti de nou a la farm\u00e0cia. Les farm\u00e0cies que participen en el Programa enviaran dos cops a la setmana les mostres al laboratori del PDPCCR. Si els resultats s\u00f3n negatius, els participants rebran una carta on se&#8217;ls informar\u00e0 d&#8217;aquest resultat. Si s\u00f3n positius, seran citats per a una visita a la unitat d&#8217;endosc\u00f2pies del centre respectiu, on se&#8217;ls informar\u00e0 del resultat i del proc\u00e9s a seguir a partir d&#8217;aleshores, que parteix de la realitzaci\u00f3 d\u2019una colonosc\u00f2pia diagn\u00f2stica.<\/p>\n<p>Els resultats de l\u2019efectivitat del programa es publiquen al web <span style=\"text-decoration: underline;\"><a href=\"http:\/\/www.prevenciocolonbcn.org\/\" target=\"_blank\" rel=\"noopener\">www.prevenciocolonbcn.org<\/a><\/span>, \u00a0que inclou les taxes de participaci\u00f3 i les incid\u00e8ncies de c\u00e0ncer i adenomes per districtes.<\/p>\n<p><b>Desplegament per comarques<\/b><\/p>\n<p>En total es convidar\u00e0 a participar a 56.554 homes i dones de les tres comarques d\u2019entre 50 i 69 anys: 13.456 de la Garrotxa, 6.809 del Ripoll\u00e8s i 36.289 d\u2019Osona. Un 6% dels participants al Programa solen tenir resultats positius que cal estudiar. <b>Totes les farm\u00e0cies de la zona s&#8217;han adherit al PDPCCR.<\/b><\/p>\n<p><b>El c\u00e0ncer de c\u00f2lon i recte<\/b><\/p>\n<p>A Catalunya cada any se\u2019n diagnostiquen m\u00e9s de 4.000 casos nous de c\u00e0ncer de c\u00f2lon i recte i <b>actualment ha esdevingut la segona causa de mort per c\u00e0ncer a Catalunya<\/b>, tant en homes com en dones, amb 1.900 defuncions a l\u2019any. Aix\u00ed doncs, la superviv\u00e8ncia als cinc anys se situa al voltant del 50%. La tend\u00e8ncia recent indica una clara estabilitzaci\u00f3 de la mortalitat en homes i un descens en dones.<\/p>\n<p>La majoria dels c\u00e0ncers de c\u00f2lon i recte es desenvolupen a partir de p\u00f2lips adenomatosos. Aix\u00f2 no obstant, la pres\u00e8ncia de p\u00f2lips \u00e9s freq\u00fcent a la poblaci\u00f3 i nom\u00e9s un petit percentatge progressa a c\u00e0ncer. El temps mitj\u00e0 necessari per a completar aquesta progressi\u00f3 \u00e9s llarg, probablement de 10 o m\u00e9s anys, fet que permet prevenir o detectar preco\u00e7ment el c\u00e0ncer de c\u00f2lon i recte i millorar-ne el pron\u00f2stic.<\/p>\n<p>Donat que <b>aquest c\u00e0ncer \u00e9s asimptom\u00e0tic fins que est\u00e0 molt avan\u00e7at, \u00e9s molt important la participaci\u00f3 en aquest tipus de programes de detecci\u00f3 preco\u00e7<\/b>. La prova de detecci\u00f3 de sang oculta en femta \u00e9s l\u2019\u00fanica que ha demostrat la seva efic\u00e0cia en assaigs controlats aleatoritzats.<\/p>\n<p><span style=\"color: #888888;\"><strong>Font: Departament de Salut<\/strong><\/span><br \/>\n<span style=\"text-decoration: underline;\"><a href=\"http:\/\/premsa.gencat.cat\/pres_fsvp\/AppJava\/notapremsavw\/detall.do?id=277539&amp;idioma=0&amp;departament=9&amp;canal=10\" target=\"_blank\" rel=\"noopener\">M\u00e9s informaci\u00f3: Nota de premsa del Departament de Salut<\/a><\/span><\/p>\n<p>Enlla\u00e7os d\u2019inter\u00e8s:<\/p>\n<ul>\n<li><span style=\"text-decoration: underline;\"><a href=\"http:\/\/www.farmaceuticonline.com\/ca\/farmacies\/serveis-addicionals\/659-cancer-colon\" target=\"_blank\" rel=\"noopener\">Farm\u00e0cies de Barcelona que participen en el Programa de detecci\u00f3 preco\u00e7 de c\u00e0ncer de c\u00f2lon i recte (via Farmaceuticonline)<\/a><\/span><\/li>\n<li><span style=\"text-decoration: underline;\"><a href=\"http:\/\/blog.cofb.cat\/les-farmacies-tornen-a-participar-al-programa-de-deteccio-precoc-de-cancer-de-colon\/\" target=\"_blank\" rel=\"noopener\">Les farm\u00e0cies tornen a participar al programa de detecci\u00f3 preco\u00e7 de c\u00e0ncer de c\u00f2lon<\/a><\/span><\/li>\n<\/ul>\n","protected":false},"excerpt":{"rendered":"<p>Al mes de gener es posar\u00e0 en marxa el Programa de Detecci\u00f3 Preco\u00e7 de C\u00e0ncer de C\u00f2lon i Recte (PDPCCR) a les comarques d\u2019Osona, la Garrotxa i el Ripoll\u00e8s, en el marc del seu desplegament progressiu a tota Catalunya. Aquest programa forma part del Pla de Salut de Catalunya 2011-2015, [&hellip;]<\/p>\n","protected":false},"author":1,"featured_media":10756,"comment_status":"open","ping_status":"open","sticky":false,"template":"","format":"standard","meta":{"_uag_custom_page_level_css":"","site-sidebar-layout":"default","site-content-layout":"","ast-site-content-layout":"default","site-content-style":"default","site-sidebar-style":"default","ast-global-header-display":"","ast-banner-title-visibility":"","ast-main-header-display":"","ast-hfb-above-header-display":"","ast-hfb-below-header-display":"","ast-hfb-mobile-header-display":"","site-post-title":"","ast-breadcrumbs-content":"","ast-featured-img":"disabled","footer-sml-layout":"","theme-transparent-header-meta":"","adv-header-id-meta":"","stick-header-meta":"","header-above-stick-meta":"","header-main-stick-meta":"","header-below-stick-meta":"","astra-migrate-meta-layouts":"default","ast-page-background-enabled":"default","ast-page-background-meta":{"desktop":{"background-color":"var(--ast-global-color-4)","background-image":"","background-repeat":"repeat","background-position":"center center","background-size":"auto","background-attachment":"scroll","background-type":"","background-media":"","overlay-type":"","overlay-color":"","overlay-opacity":"","overlay-gradient":""},"tablet":{"background-color":"","background-image":"","background-repeat":"repeat","background-position":"center center","background-size":"auto","background-attachment":"scroll","background-type":"","background-media":"","overlay-type":"","overlay-color":"","overlay-opacity":"","overlay-gradient":""},"mobile":{"background-color":"","background-image":"","background-repeat":"repeat","background-position":"center center","background-size":"auto","background-attachment":"scroll","background-type":"","background-media":"","overlay-type":"","overlay-color":"","overlay-opacity":"","overlay-gradient":""}},"ast-content-background-meta":{"desktop":{"background-color":"var(--ast-global-color-5)","background-image":"","background-repeat":"repeat","background-position":"center center","background-size":"auto","background-attachment":"scroll","background-type":"","background-media":"","overlay-type":"","overlay-color":"","overlay-opacity":"","overlay-gradient":""},"tablet":{"background-color":"var(--ast-global-color-5)","background-image":"","background-repeat":"repeat","background-position":"center center","background-size":"auto","background-attachment":"scroll","background-type":"","background-media":"","overlay-type":"","overlay-color":"","overlay-opacity":"","overlay-gradient":""},"mobile":{"background-color":"var(--ast-global-color-5)","background-image":"","background-repeat":"repeat","background-position":"center center","background-size":"auto","background-attachment":"scroll","background-type":"","background-media":"","overlay-type":"","overlay-color":"","overlay-opacity":"","overlay-gradient":""}},"footnotes":""},"categories":[32],"tags":[957,2176,2151,76],"class_list":["post-10716","post","type-post","status-publish","format-standard","has-post-thumbnail","hentry","category-noticies-farmacia","tag-cancer-de-colon","tag-cartera-de-serveis","tag-deteccio-precoc-malalties","tag-oficina-de-farmacia"],"yoast_head":"<!-- This site is optimized with the Yoast SEO plugin v22.4 - https:\/\/yoast.com\/wordpress\/plugins\/seo\/ -->\n<title>El Programa de Detecci\u00f3 Preco\u00e7 de C\u00e0ncer de C\u00f2lon i Recte s\u2019est\u00e9n a les comarques d&#039;Osona, la Garrotxa i el Ripoll\u00e8s - Col\u00b7legi de Farmac\u00e8utics de Barcelona<\/title>\n<meta name=\"robots\" content=\"index, follow, max-snippet:-1, max-image-preview:large, max-video-preview:-1\" \/>\n<link rel=\"canonical\" href=\"https:\/\/novaorg.cofb.net\/2014\/12\/18\/el-programa-de-deteccio-precoc-de-cancer-de-colon-i-recte-sesten-a-les-comarques-dosona-la-garrotxa-i-el-ripolles\/\" \/>\n<meta property=\"og:locale\" content=\"ca_ES\" \/>\n<meta property=\"og:type\" content=\"article\" \/>\n<meta property=\"og:title\" content=\"El Programa de Detecci\u00f3 Preco\u00e7 de C\u00e0ncer de C\u00f2lon i Recte s\u2019est\u00e9n a les comarques d&#039;Osona, la Garrotxa i el Ripoll\u00e8s - Col\u00b7legi de Farmac\u00e8utics de Barcelona\" \/>\n<meta property=\"og:description\" content=\"Al mes de gener es posar\u00e0 en marxa el Programa de Detecci\u00f3 Preco\u00e7 de C\u00e0ncer de C\u00f2lon i Recte (PDPCCR) a les comarques d\u2019Osona, la Garrotxa i el Ripoll\u00e8s, en el marc del seu desplegament progressiu a tota Catalunya. Aquest programa forma part del Pla de Salut de Catalunya 2011-2015, [&hellip;]\" \/>\n<meta property=\"og:url\" content=\"https:\/\/novaorg.cofb.net\/2014\/12\/18\/el-programa-de-deteccio-precoc-de-cancer-de-colon-i-recte-sesten-a-les-comarques-dosona-la-garrotxa-i-el-ripolles\/\" \/>\n<meta property=\"og:site_name\" content=\"Col\u00b7legi de Farmac\u00e8utics de Barcelona\" \/>\n<meta property=\"article:publisher\" content=\"https:\/\/www.facebook.com\/farmaceuticsbcn\/\" \/>\n<meta property=\"article:published_time\" content=\"2014-12-18T13:54:40+00:00\" \/>\n<meta name=\"author\" content=\"wpAdminCofbOrg\" \/>\n<meta name=\"twitter:card\" content=\"summary_large_image\" \/>\n<meta name=\"twitter:creator\" content=\"@farmaceuticsbcn\" \/>\n<meta name=\"twitter:site\" content=\"@farmaceuticsbcn\" \/>\n<meta name=\"twitter:label1\" content=\"Escrit per\" \/>\n\t<meta name=\"twitter:data1\" content=\"wpAdminCofbOrg\" \/>\n\t<meta name=\"twitter:label2\" content=\"Temps estimat de lectura\" \/>\n\t<meta name=\"twitter:data2\" content=\"5 minuts\" \/>\n<script type=\"application\/ld+json\" class=\"yoast-schema-graph\">{\"@context\":\"https:\/\/schema.org\",\"@graph\":[{\"@type\":\"Article\",\"@id\":\"https:\/\/novaorg.cofb.net\/2014\/12\/18\/el-programa-de-deteccio-precoc-de-cancer-de-colon-i-recte-sesten-a-les-comarques-dosona-la-garrotxa-i-el-ripolles\/#article\",\"isPartOf\":{\"@id\":\"https:\/\/novaorg.cofb.net\/2014\/12\/18\/el-programa-de-deteccio-precoc-de-cancer-de-colon-i-recte-sesten-a-les-comarques-dosona-la-garrotxa-i-el-ripolles\/\"},\"author\":{\"name\":\"wpAdminCofbOrg\",\"@id\":\"https:\/\/www.cofb.org\/#\/schema\/person\/22ed7eea88da74b0fa4d3154ad87ffcb\"},\"headline\":\"El Programa de Detecci\u00f3 Preco\u00e7 de C\u00e0ncer de C\u00f2lon i Recte s\u2019est\u00e9n a les comarques d&#8217;Osona, la Garrotxa i el Ripoll\u00e8s\",\"datePublished\":\"2014-12-18T13:54:40+00:00\",\"dateModified\":\"2014-12-18T13:54:40+00:00\",\"mainEntityOfPage\":{\"@id\":\"https:\/\/novaorg.cofb.net\/2014\/12\/18\/el-programa-de-deteccio-precoc-de-cancer-de-colon-i-recte-sesten-a-les-comarques-dosona-la-garrotxa-i-el-ripolles\/\"},\"wordCount\":986,\"commentCount\":0,\"publisher\":{\"@id\":\"https:\/\/www.cofb.org\/#organization\"},\"image\":{\"@id\":\"https:\/\/novaorg.cofb.net\/2014\/12\/18\/el-programa-de-deteccio-precoc-de-cancer-de-colon-i-recte-sesten-a-les-comarques-dosona-la-garrotxa-i-el-ripolles\/#primaryimage\"},\"thumbnailUrl\":\"\",\"keywords\":[\"c\u00e0ncer de c\u00f2lon\",\"cartera de serveis\",\"Detecci\u00f3 preco\u00e7 malalties\",\"Oficina de farm\u00e0cia\"],\"articleSection\":[\"Not\u00edcies farm\u00e0cia\"],\"inLanguage\":\"ca\",\"potentialAction\":[{\"@type\":\"CommentAction\",\"name\":\"Comment\",\"target\":[\"https:\/\/novaorg.cofb.net\/2014\/12\/18\/el-programa-de-deteccio-precoc-de-cancer-de-colon-i-recte-sesten-a-les-comarques-dosona-la-garrotxa-i-el-ripolles\/#respond\"]}]},{\"@type\":\"WebPage\",\"@id\":\"https:\/\/novaorg.cofb.net\/2014\/12\/18\/el-programa-de-deteccio-precoc-de-cancer-de-colon-i-recte-sesten-a-les-comarques-dosona-la-garrotxa-i-el-ripolles\/\",\"url\":\"https:\/\/novaorg.cofb.net\/2014\/12\/18\/el-programa-de-deteccio-precoc-de-cancer-de-colon-i-recte-sesten-a-les-comarques-dosona-la-garrotxa-i-el-ripolles\/\",\"name\":\"El Programa de Detecci\u00f3 Preco\u00e7 de C\u00e0ncer de C\u00f2lon i Recte s\u2019est\u00e9n a les comarques d'Osona, la Garrotxa i el Ripoll\u00e8s - Col\u00b7legi de Farmac\u00e8utics de Barcelona\",\"isPartOf\":{\"@id\":\"https:\/\/www.cofb.org\/#website\"},\"primaryImageOfPage\":{\"@id\":\"https:\/\/novaorg.cofb.net\/2014\/12\/18\/el-programa-de-deteccio-precoc-de-cancer-de-colon-i-recte-sesten-a-les-comarques-dosona-la-garrotxa-i-el-ripolles\/#primaryimage\"},\"image\":{\"@id\":\"https:\/\/novaorg.cofb.net\/2014\/12\/18\/el-programa-de-deteccio-precoc-de-cancer-de-colon-i-recte-sesten-a-les-comarques-dosona-la-garrotxa-i-el-ripolles\/#primaryimage\"},\"thumbnailUrl\":\"\",\"datePublished\":\"2014-12-18T13:54:40+00:00\",\"dateModified\":\"2014-12-18T13:54:40+00:00\",\"breadcrumb\":{\"@id\":\"https:\/\/novaorg.cofb.net\/2014\/12\/18\/el-programa-de-deteccio-precoc-de-cancer-de-colon-i-recte-sesten-a-les-comarques-dosona-la-garrotxa-i-el-ripolles\/#breadcrumb\"},\"inLanguage\":\"ca\",\"potentialAction\":[{\"@type\":\"ReadAction\",\"target\":[\"https:\/\/novaorg.cofb.net\/2014\/12\/18\/el-programa-de-deteccio-precoc-de-cancer-de-colon-i-recte-sesten-a-les-comarques-dosona-la-garrotxa-i-el-ripolles\/\"]}]},{\"@type\":\"ImageObject\",\"inLanguage\":\"ca\",\"@id\":\"https:\/\/novaorg.cofb.net\/2014\/12\/18\/el-programa-de-deteccio-precoc-de-cancer-de-colon-i-recte-sesten-a-les-comarques-dosona-la-garrotxa-i-el-ripolles\/#primaryimage\",\"url\":\"\",\"contentUrl\":\"\"},{\"@type\":\"BreadcrumbList\",\"@id\":\"https:\/\/novaorg.cofb.net\/2014\/12\/18\/el-programa-de-deteccio-precoc-de-cancer-de-colon-i-recte-sesten-a-les-comarques-dosona-la-garrotxa-i-el-ripolles\/#breadcrumb\",\"itemListElement\":[{\"@type\":\"ListItem\",\"position\":1,\"name\":\"Inici\",\"item\":\"https:\/\/novaorg.cofb.net\/\"},{\"@type\":\"ListItem\",\"position\":2,\"name\":\"El Programa de Detecci\u00f3 Preco\u00e7 de C\u00e0ncer de C\u00f2lon i Recte s\u2019est\u00e9n a les comarques d&#8217;Osona, la Garrotxa i el Ripoll\u00e8s\"}]},{\"@type\":\"WebSite\",\"@id\":\"https:\/\/www.cofb.org\/#website\",\"url\":\"https:\/\/www.cofb.org\/\",\"name\":\"Col\u00b7legi de Farmac\u00e8utics de Barcelona\",\"description\":\"\",\"publisher\":{\"@id\":\"https:\/\/www.cofb.org\/#organization\"},\"potentialAction\":[{\"@type\":\"SearchAction\",\"target\":{\"@type\":\"EntryPoint\",\"urlTemplate\":\"https:\/\/www.cofb.org\/?s={search_term_string}\"},\"query-input\":\"required name=search_term_string\"}],\"inLanguage\":\"ca\"},{\"@type\":\"Organization\",\"@id\":\"https:\/\/www.cofb.org\/#organization\",\"name\":\"Col\u00b7legi de Farmac\u00e8utics de Barcelona\",\"url\":\"https:\/\/www.cofb.org\/\",\"logo\":{\"@type\":\"ImageObject\",\"inLanguage\":\"ca\",\"@id\":\"https:\/\/www.cofb.org\/#\/schema\/logo\/image\/\",\"url\":\"https:\/\/www.cofb.org\/wp-content\/uploads\/2023\/11\/cropped-Logotip-COFB.png\",\"contentUrl\":\"https:\/\/www.cofb.org\/wp-content\/uploads\/2023\/11\/cropped-Logotip-COFB.png\",\"width\":500,\"height\":105,\"caption\":\"Col\u00b7legi de Farmac\u00e8utics de Barcelona\"},\"image\":{\"@id\":\"https:\/\/www.cofb.org\/#\/schema\/logo\/image\/\"},\"sameAs\":[\"https:\/\/www.facebook.com\/farmaceuticsbcn\/\",\"https:\/\/twitter.com\/farmaceuticsbcn\",\"https:\/\/www.instagram.com\/farmaceuticsbcn\/\",\"https:\/\/www.linkedin.com\/company\/farmaceuticsbcn\/\"]},{\"@type\":\"Person\",\"@id\":\"https:\/\/www.cofb.org\/#\/schema\/person\/22ed7eea88da74b0fa4d3154ad87ffcb\",\"name\":\"wpAdminCofbOrg\",\"image\":{\"@type\":\"ImageObject\",\"inLanguage\":\"ca\",\"@id\":\"https:\/\/www.cofb.org\/#\/schema\/person\/image\/\",\"url\":\"https:\/\/secure.gravatar.com\/avatar\/1721b20b3b8ca882c3b56ec6c978c594fff670e40c0718e9190eaeeb76aae7d8?s=96&d=mm&r=g\",\"contentUrl\":\"https:\/\/secure.gravatar.com\/avatar\/1721b20b3b8ca882c3b56ec6c978c594fff670e40c0718e9190eaeeb76aae7d8?s=96&d=mm&r=g\",\"caption\":\"wpAdminCofbOrg\"},\"sameAs\":[\"http:\/\/192.168.64.122\/wordpress\"],\"url\":\"https:\/\/www.cofb.org\/ca\/author\/wpadmincofborg\/\"}]}<\/script>\n<!-- \/ Yoast SEO plugin. -->","yoast_head_json":{"title":"El Programa de Detecci\u00f3 Preco\u00e7 de C\u00e0ncer de C\u00f2lon i Recte s\u2019est\u00e9n a les comarques d'Osona, la Garrotxa i el Ripoll\u00e8s - Col\u00b7legi de Farmac\u00e8utics de Barcelona","robots":{"index":"index","follow":"follow","max-snippet":"max-snippet:-1","max-image-preview":"max-image-preview:large","max-video-preview":"max-video-preview:-1"},"canonical":"https:\/\/novaorg.cofb.net\/2014\/12\/18\/el-programa-de-deteccio-precoc-de-cancer-de-colon-i-recte-sesten-a-les-comarques-dosona-la-garrotxa-i-el-ripolles\/","og_locale":"ca_ES","og_type":"article","og_title":"El Programa de Detecci\u00f3 Preco\u00e7 de C\u00e0ncer de C\u00f2lon i Recte s\u2019est\u00e9n a les comarques d'Osona, la Garrotxa i el Ripoll\u00e8s - Col\u00b7legi de Farmac\u00e8utics de Barcelona","og_description":"Al mes de gener es posar\u00e0 en marxa el Programa de Detecci\u00f3 Preco\u00e7 de C\u00e0ncer de C\u00f2lon i Recte (PDPCCR) a les comarques d\u2019Osona, la Garrotxa i el Ripoll\u00e8s, en el marc del seu desplegament progressiu a tota Catalunya. Aquest programa forma part del Pla de Salut de Catalunya 2011-2015, [&hellip;]","og_url":"https:\/\/novaorg.cofb.net\/2014\/12\/18\/el-programa-de-deteccio-precoc-de-cancer-de-colon-i-recte-sesten-a-les-comarques-dosona-la-garrotxa-i-el-ripolles\/","og_site_name":"Col\u00b7legi de Farmac\u00e8utics de Barcelona","article_publisher":"https:\/\/www.facebook.com\/farmaceuticsbcn\/","article_published_time":"2014-12-18T13:54:40+00:00","author":"wpAdminCofbOrg","twitter_card":"summary_large_image","twitter_creator":"@farmaceuticsbcn","twitter_site":"@farmaceuticsbcn","twitter_misc":{"Escrit per":"wpAdminCofbOrg","Temps estimat de lectura":"5 minuts"},"schema":{"@context":"https:\/\/schema.org","@graph":[{"@type":"Article","@id":"https:\/\/novaorg.cofb.net\/2014\/12\/18\/el-programa-de-deteccio-precoc-de-cancer-de-colon-i-recte-sesten-a-les-comarques-dosona-la-garrotxa-i-el-ripolles\/#article","isPartOf":{"@id":"https:\/\/novaorg.cofb.net\/2014\/12\/18\/el-programa-de-deteccio-precoc-de-cancer-de-colon-i-recte-sesten-a-les-comarques-dosona-la-garrotxa-i-el-ripolles\/"},"author":{"name":"wpAdminCofbOrg","@id":"https:\/\/www.cofb.org\/#\/schema\/person\/22ed7eea88da74b0fa4d3154ad87ffcb"},"headline":"El Programa de Detecci\u00f3 Preco\u00e7 de C\u00e0ncer de C\u00f2lon i Recte s\u2019est\u00e9n a les comarques d&#8217;Osona, la Garrotxa i el Ripoll\u00e8s","datePublished":"2014-12-18T13:54:40+00:00","dateModified":"2014-12-18T13:54:40+00:00","mainEntityOfPage":{"@id":"https:\/\/novaorg.cofb.net\/2014\/12\/18\/el-programa-de-deteccio-precoc-de-cancer-de-colon-i-recte-sesten-a-les-comarques-dosona-la-garrotxa-i-el-ripolles\/"},"wordCount":986,"commentCount":0,"publisher":{"@id":"https:\/\/www.cofb.org\/#organization"},"image":{"@id":"https:\/\/novaorg.cofb.net\/2014\/12\/18\/el-programa-de-deteccio-precoc-de-cancer-de-colon-i-recte-sesten-a-les-comarques-dosona-la-garrotxa-i-el-ripolles\/#primaryimage"},"thumbnailUrl":"","keywords":["c\u00e0ncer de c\u00f2lon","cartera de serveis","Detecci\u00f3 preco\u00e7 malalties","Oficina de farm\u00e0cia"],"articleSection":["Not\u00edcies farm\u00e0cia"],"inLanguage":"ca","potentialAction":[{"@type":"CommentAction","name":"Comment","target":["https:\/\/novaorg.cofb.net\/2014\/12\/18\/el-programa-de-deteccio-precoc-de-cancer-de-colon-i-recte-sesten-a-les-comarques-dosona-la-garrotxa-i-el-ripolles\/#respond"]}]},{"@type":"WebPage","@id":"https:\/\/novaorg.cofb.net\/2014\/12\/18\/el-programa-de-deteccio-precoc-de-cancer-de-colon-i-recte-sesten-a-les-comarques-dosona-la-garrotxa-i-el-ripolles\/","url":"https:\/\/novaorg.cofb.net\/2014\/12\/18\/el-programa-de-deteccio-precoc-de-cancer-de-colon-i-recte-sesten-a-les-comarques-dosona-la-garrotxa-i-el-ripolles\/","name":"El Programa de Detecci\u00f3 Preco\u00e7 de C\u00e0ncer de C\u00f2lon i Recte s\u2019est\u00e9n a les comarques d'Osona, la Garrotxa i el Ripoll\u00e8s - Col\u00b7legi de Farmac\u00e8utics de Barcelona","isPartOf":{"@id":"https:\/\/www.cofb.org\/#website"},"primaryImageOfPage":{"@id":"https:\/\/novaorg.cofb.net\/2014\/12\/18\/el-programa-de-deteccio-precoc-de-cancer-de-colon-i-recte-sesten-a-les-comarques-dosona-la-garrotxa-i-el-ripolles\/#primaryimage"},"image":{"@id":"https:\/\/novaorg.cofb.net\/2014\/12\/18\/el-programa-de-deteccio-precoc-de-cancer-de-colon-i-recte-sesten-a-les-comarques-dosona-la-garrotxa-i-el-ripolles\/#primaryimage"},"thumbnailUrl":"","datePublished":"2014-12-18T13:54:40+00:00","dateModified":"2014-12-18T13:54:40+00:00","breadcrumb":{"@id":"https:\/\/novaorg.cofb.net\/2014\/12\/18\/el-programa-de-deteccio-precoc-de-cancer-de-colon-i-recte-sesten-a-les-comarques-dosona-la-garrotxa-i-el-ripolles\/#breadcrumb"},"inLanguage":"ca","potentialAction":[{"@type":"ReadAction","target":["https:\/\/novaorg.cofb.net\/2014\/12\/18\/el-programa-de-deteccio-precoc-de-cancer-de-colon-i-recte-sesten-a-les-comarques-dosona-la-garrotxa-i-el-ripolles\/"]}]},{"@type":"ImageObject","inLanguage":"ca","@id":"https:\/\/novaorg.cofb.net\/2014\/12\/18\/el-programa-de-deteccio-precoc-de-cancer-de-colon-i-recte-sesten-a-les-comarques-dosona-la-garrotxa-i-el-ripolles\/#primaryimage","url":"","contentUrl":""},{"@type":"BreadcrumbList","@id":"https:\/\/novaorg.cofb.net\/2014\/12\/18\/el-programa-de-deteccio-precoc-de-cancer-de-colon-i-recte-sesten-a-les-comarques-dosona-la-garrotxa-i-el-ripolles\/#breadcrumb","itemListElement":[{"@type":"ListItem","position":1,"name":"Inici","item":"https:\/\/novaorg.cofb.net\/"},{"@type":"ListItem","position":2,"name":"El Programa de Detecci\u00f3 Preco\u00e7 de C\u00e0ncer de C\u00f2lon i Recte s\u2019est\u00e9n a les comarques d&#8217;Osona, la Garrotxa i el Ripoll\u00e8s"}]},{"@type":"WebSite","@id":"https:\/\/www.cofb.org\/#website","url":"https:\/\/www.cofb.org\/","name":"Col\u00b7legi de Farmac\u00e8utics de Barcelona","description":"","publisher":{"@id":"https:\/\/www.cofb.org\/#organization"},"potentialAction":[{"@type":"SearchAction","target":{"@type":"EntryPoint","urlTemplate":"https:\/\/www.cofb.org\/?s={search_term_string}"},"query-input":"required name=search_term_string"}],"inLanguage":"ca"},{"@type":"Organization","@id":"https:\/\/www.cofb.org\/#organization","name":"Col\u00b7legi de Farmac\u00e8utics de Barcelona","url":"https:\/\/www.cofb.org\/","logo":{"@type":"ImageObject","inLanguage":"ca","@id":"https:\/\/www.cofb.org\/#\/schema\/logo\/image\/","url":"https:\/\/www.cofb.org\/wp-content\/uploads\/2023\/11\/cropped-Logotip-COFB.png","contentUrl":"https:\/\/www.cofb.org\/wp-content\/uploads\/2023\/11\/cropped-Logotip-COFB.png","width":500,"height":105,"caption":"Col\u00b7legi de Farmac\u00e8utics de Barcelona"},"image":{"@id":"https:\/\/www.cofb.org\/#\/schema\/logo\/image\/"},"sameAs":["https:\/\/www.facebook.com\/farmaceuticsbcn\/","https:\/\/twitter.com\/farmaceuticsbcn","https:\/\/www.instagram.com\/farmaceuticsbcn\/","https:\/\/www.linkedin.com\/company\/farmaceuticsbcn\/"]},{"@type":"Person","@id":"https:\/\/www.cofb.org\/#\/schema\/person\/22ed7eea88da74b0fa4d3154ad87ffcb","name":"wpAdminCofbOrg","image":{"@type":"ImageObject","inLanguage":"ca","@id":"https:\/\/www.cofb.org\/#\/schema\/person\/image\/","url":"https:\/\/secure.gravatar.com\/avatar\/1721b20b3b8ca882c3b56ec6c978c594fff670e40c0718e9190eaeeb76aae7d8?s=96&d=mm&r=g","contentUrl":"https:\/\/secure.gravatar.com\/avatar\/1721b20b3b8ca882c3b56ec6c978c594fff670e40c0718e9190eaeeb76aae7d8?s=96&d=mm&r=g","caption":"wpAdminCofbOrg"},"sameAs":["http:\/\/192.168.64.122\/wordpress"],"url":"https:\/\/www.cofb.org\/ca\/author\/wpadmincofborg\/"}]}},"uagb_featured_image_src":{"full":false,"thumbnail":false,"medium":false,"medium_large":false,"large":false,"1536x1536":false,"2048x2048":false,"trp-custom-language-flag":false},"uagb_author_info":{"display_name":"wpAdminCofbOrg","author_link":"https:\/\/www.cofb.org\/ca\/author\/wpadmincofborg\/"},"uagb_comment_info":0,"uagb_excerpt":"Al mes de gener es posar\u00e0 en marxa el Programa de Detecci\u00f3 Preco\u00e7 de C\u00e0ncer de C\u00f2lon i Recte (PDPCCR) a les comarques d\u2019Osona, la Garrotxa i el Ripoll\u00e8s, en el marc del seu desplegament progressiu a tota Catalunya. Aquest programa forma part del Pla de Salut de Catalunya 2011-2015, [&hellip;]","_links":{"self":[{"href":"https:\/\/www.cofb.org\/ca\/wp-json\/wp\/v2\/posts\/10716","targetHints":{"allow":["GET"]}}],"collection":[{"href":"https:\/\/www.cofb.org\/ca\/wp-json\/wp\/v2\/posts"}],"about":[{"href":"https:\/\/www.cofb.org\/ca\/wp-json\/wp\/v2\/types\/post"}],"author":[{"embeddable":true,"href":"https:\/\/www.cofb.org\/ca\/wp-json\/wp\/v2\/users\/1"}],"replies":[{"embeddable":true,"href":"https:\/\/www.cofb.org\/ca\/wp-json\/wp\/v2\/comments?post=10716"}],"version-history":[{"count":0,"href":"https:\/\/www.cofb.org\/ca\/wp-json\/wp\/v2\/posts\/10716\/revisions"}],"wp:featuredmedia":[{"embeddable":true,"href":"https:\/\/www.cofb.org\/ca\/wp-json\/"}],"wp:attachment":[{"href":"https:\/\/www.cofb.org\/ca\/wp-json\/wp\/v2\/media?parent=10716"}],"wp:term":[{"taxonomy":"category","embeddable":true,"href":"https:\/\/www.cofb.org\/ca\/wp-json\/wp\/v2\/categories?post=10716"},{"taxonomy":"post_tag","embeddable":true,"href":"https:\/\/www.cofb.org\/ca\/wp-json\/wp\/v2\/tags?post=10716"}],"curies":[{"name":"wp","href":"https:\/\/api.w.org\/{rel}","templated":true}]}}