{"id":1032,"date":"2013-05-15T10:33:35","date_gmt":"2013-05-15T09:33:35","guid":{"rendered":"http:\/\/blog.cofb.cat\/?p=1032"},"modified":"2013-05-15T10:33:35","modified_gmt":"2013-05-15T09:33:35","slug":"el-farmaceutic-ha-de-demanar-el-dni-als-pacients-2","status":"publish","type":"post","link":"https:\/\/www.cofb.org\/ca\/2013\/05\/15\/el-farmaceutic-ha-de-demanar-el-dni-als-pacients-2\/","title":{"rendered":"El farmac\u00e8utic ha de demanar el DNI als pacients?"},"content":{"rendered":"<h4><span style=\"color: #888888;\"><strong>El Servei de Deontologia i el Centre d&#8217;Informaci\u00f3 del Medicament (CIM) del COFB responen<\/strong><\/span><\/h4>\n<p><img fetchpriority=\"high\" decoding=\"async\" class=\"alignleft  wp-image-1193\" alt=\"dni\" src=\"http:\/\/blog.cofb.cat\/wp-content\/uploads\/2013\/04\/dni.jpg\" width=\"300\" height=\"192\" \/>El farmac\u00e8utic ha de comprovar la <b>identitat de la persona que retira medicaments que contenen subst\u00e0ncies <\/b><b>estupefaents<\/b>\u00a0\u00a0<b>o psicotr\u00f2piques <\/b>d\u2019acord amb la normativa vigent.<\/p>\n<p>Per aquest motiu, <b>el farmac\u00e8utic<\/b> <b>ha de <\/b><b>demanar, a qui retira la medicaci\u00f3, el DNI o el document assimilat en cas que es tracti de ciutadans estrangers.\u00a0<\/b><\/p>\n<p><b>Pel que fa a les dades sobre el pacient que han de constar en una recepta m\u00e8dica<\/b>, d\u2019acord amb el <i>Reial Decret 1718\/2010 de recepta m\u00e8dica i ordres de dispensaci\u00f3,<\/i>\u00a0aquestes s\u00f3n: nom i dos cognoms, data de naixement del pacient<strong>, <\/strong>el DNI o NIE \u00a0en cas de receptes m\u00e8diques d\u2019assist\u00e8ncia sanit\u00e0ria privada, o el CIP en el cas de les d\u2019assist\u00e8ncia p\u00fablica. Aquestes dades les ha d\u2019anotar el metge prescriptor.<\/p>\n<p>Si es tracta de ciutadans estrangers, en cas d&#8217;assist\u00e8ncia privada haur\u00e0 de constar-hi el n\u00famero de passaport. Si parlem d\u2019assist\u00e8ncia p\u00fablica, haura d&#8217;apar\u00e8ixer el codi assignat a la targeta sanit\u00e0ria europea o el certificat provisional substitutori o el n\u00famero de passaport en el cas d\u2019estrangers de pa\u00efsos no comunitaris.<\/p>\n<div class=\"box shadow\"><strong><span style=\"color: #888888;\">El Servei de Deontologia del Col\u00b7legi vetlla perqu\u00e8 l&#8217;exercici professional del farmac\u00e8utic es desenvolupi d&#8217;acord amb les disposicions legals i les normes \u00e8tiques i deontol\u00f2giques. Ofereix assessorament al farmac\u00e8utic col\u00b7legiat i tamb\u00e9 rep consultes d&#8217;usuaris.<\/span><\/strong><br \/>\nContacte: Tel 93 244 07 10 \/ deontologia@cofb.cat <\/div>\n","protected":false},"excerpt":{"rendered":"<p>El Servei de Deontologia i el Centre d&#8217;Informaci\u00f3 del Medicament (CIM) del COFB responen El farmac\u00e8utic ha de comprovar la identitat de la persona que retira medicaments que contenen subst\u00e0ncies estupefaents\u00a0\u00a0o psicotr\u00f2piques d\u2019acord amb la normativa vigent. Per aquest motiu, el farmac\u00e8utic ha de demanar, a qui retira la medicaci\u00f3, [&hellip;]<\/p>\n","protected":false},"author":1,"featured_media":1193,"comment_status":"open","ping_status":"open","sticky":false,"template":"","format":"standard","meta":{"_uag_custom_page_level_css":"","site-sidebar-layout":"default","site-content-layout":"","ast-site-content-layout":"default","site-content-style":"default","site-sidebar-style":"default","ast-global-header-display":"","ast-banner-title-visibility":"","ast-main-header-display":"","ast-hfb-above-header-display":"","ast-hfb-below-header-display":"","ast-hfb-mobile-header-display":"","site-post-title":"","ast-breadcrumbs-content":"","ast-featured-img":"disabled","footer-sml-layout":"","theme-transparent-header-meta":"","adv-header-id-meta":"","stick-header-meta":"","header-above-stick-meta":"","header-main-stick-meta":"","header-below-stick-meta":"","astra-migrate-meta-layouts":"default","ast-page-background-enabled":"default","ast-page-background-meta":{"desktop":{"background-color":"var(--ast-global-color-4)","background-image":"","background-repeat":"repeat","background-position":"center center","background-size":"auto","background-attachment":"scroll","background-type":"","background-media":"","overlay-type":"","overlay-color":"","overlay-opacity":"","overlay-gradient":""},"tablet":{"background-color":"","background-image":"","background-repeat":"repeat","background-position":"center center","background-size":"auto","background-attachment":"scroll","background-type":"","background-media":"","overlay-type":"","overlay-color":"","overlay-opacity":"","overlay-gradient":""},"mobile":{"background-color":"","background-image":"","background-repeat":"repeat","background-position":"center center","background-size":"auto","background-attachment":"scroll","background-type":"","background-media":"","overlay-type":"","overlay-color":"","overlay-opacity":"","overlay-gradient":""}},"ast-content-background-meta":{"desktop":{"background-color":"var(--ast-global-color-5)","background-image":"","background-repeat":"repeat","background-position":"center center","background-size":"auto","background-attachment":"scroll","background-type":"","background-media":"","overlay-type":"","overlay-color":"","overlay-opacity":"","overlay-gradient":""},"tablet":{"background-color":"var(--ast-global-color-5)","background-image":"","background-repeat":"repeat","background-position":"center center","background-size":"auto","background-attachment":"scroll","background-type":"","background-media":"","overlay-type":"","overlay-color":"","overlay-opacity":"","overlay-gradient":""},"mobile":{"background-color":"var(--ast-global-color-5)","background-image":"","background-repeat":"repeat","background-position":"center center","background-size":"auto","background-attachment":"scroll","background-type":"","background-media":"","overlay-type":"","overlay-color":"","overlay-opacity":"","overlay-gradient":""}},"footnotes":""},"categories":[32],"tags":[600,2114],"class_list":["post-1032","post","type-post","status-publish","format-standard","has-post-thumbnail","hentry","category-noticies-farmacia","tag-centre-dinformacio-del-medicament","tag-deontologia"],"yoast_head":"<!-- This site is optimized with the Yoast SEO plugin v22.4 - https:\/\/yoast.com\/wordpress\/plugins\/seo\/ -->\n<title>El farmac\u00e8utic ha de demanar el DNI als pacients? - Col\u00b7legi de Farmac\u00e8utics de Barcelona<\/title>\n<meta name=\"robots\" content=\"index, follow, max-snippet:-1, max-image-preview:large, max-video-preview:-1\" \/>\n<link rel=\"canonical\" href=\"https:\/\/novaorg.cofb.net\/2013\/05\/15\/el-farmaceutic-ha-de-demanar-el-dni-als-pacients-2\/\" \/>\n<meta property=\"og:locale\" content=\"ca_ES\" \/>\n<meta property=\"og:type\" content=\"article\" \/>\n<meta property=\"og:title\" content=\"El farmac\u00e8utic ha de demanar el DNI als pacients? - Col\u00b7legi de Farmac\u00e8utics de Barcelona\" \/>\n<meta property=\"og:description\" content=\"El Servei de Deontologia i el Centre d&#8217;Informaci\u00f3 del Medicament (CIM) del COFB responen El farmac\u00e8utic ha de comprovar la identitat de la persona que retira medicaments que contenen subst\u00e0ncies estupefaents\u00a0\u00a0o psicotr\u00f2piques d\u2019acord amb la normativa vigent. Per aquest motiu, el farmac\u00e8utic ha de demanar, a qui retira la medicaci\u00f3, [&hellip;]\" \/>\n<meta property=\"og:url\" content=\"https:\/\/novaorg.cofb.net\/2013\/05\/15\/el-farmaceutic-ha-de-demanar-el-dni-als-pacients-2\/\" \/>\n<meta property=\"og:site_name\" content=\"Col\u00b7legi de Farmac\u00e8utics de Barcelona\" \/>\n<meta property=\"article:publisher\" content=\"https:\/\/www.facebook.com\/farmaceuticsbcn\/\" \/>\n<meta property=\"article:published_time\" content=\"2013-05-15T09:33:35+00:00\" \/>\n<meta name=\"author\" content=\"wpAdminCofbOrg\" \/>\n<meta name=\"twitter:card\" content=\"summary_large_image\" \/>\n<meta name=\"twitter:creator\" content=\"@farmaceuticsbcn\" \/>\n<meta name=\"twitter:site\" content=\"@farmaceuticsbcn\" \/>\n<meta name=\"twitter:label1\" content=\"Escrit per\" \/>\n\t<meta name=\"twitter:data1\" content=\"wpAdminCofbOrg\" \/>\n\t<meta name=\"twitter:label2\" content=\"Temps estimat de lectura\" \/>\n\t<meta name=\"twitter:data2\" content=\"1 minut\" \/>\n<script type=\"application\/ld+json\" class=\"yoast-schema-graph\">{\"@context\":\"https:\/\/schema.org\",\"@graph\":[{\"@type\":\"Article\",\"@id\":\"https:\/\/novaorg.cofb.net\/2013\/05\/15\/el-farmaceutic-ha-de-demanar-el-dni-als-pacients-2\/#article\",\"isPartOf\":{\"@id\":\"https:\/\/novaorg.cofb.net\/2013\/05\/15\/el-farmaceutic-ha-de-demanar-el-dni-als-pacients-2\/\"},\"author\":{\"name\":\"wpAdminCofbOrg\",\"@id\":\"https:\/\/www.cofb.org\/#\/schema\/person\/22ed7eea88da74b0fa4d3154ad87ffcb\"},\"headline\":\"El farmac\u00e8utic ha de demanar el DNI als pacients?\",\"datePublished\":\"2013-05-15T09:33:35+00:00\",\"dateModified\":\"2013-05-15T09:33:35+00:00\",\"mainEntityOfPage\":{\"@id\":\"https:\/\/novaorg.cofb.net\/2013\/05\/15\/el-farmaceutic-ha-de-demanar-el-dni-als-pacients-2\/\"},\"wordCount\":276,\"commentCount\":12,\"publisher\":{\"@id\":\"https:\/\/www.cofb.org\/#organization\"},\"image\":{\"@id\":\"https:\/\/novaorg.cofb.net\/2013\/05\/15\/el-farmaceutic-ha-de-demanar-el-dni-als-pacients-2\/#primaryimage\"},\"thumbnailUrl\":\"\",\"keywords\":[\"Centre d'Informaci\u00f3 del Medicament\",\"Deontologia\"],\"articleSection\":[\"Not\u00edcies farm\u00e0cia\"],\"inLanguage\":\"ca\",\"potentialAction\":[{\"@type\":\"CommentAction\",\"name\":\"Comment\",\"target\":[\"https:\/\/novaorg.cofb.net\/2013\/05\/15\/el-farmaceutic-ha-de-demanar-el-dni-als-pacients-2\/#respond\"]}]},{\"@type\":\"WebPage\",\"@id\":\"https:\/\/novaorg.cofb.net\/2013\/05\/15\/el-farmaceutic-ha-de-demanar-el-dni-als-pacients-2\/\",\"url\":\"https:\/\/novaorg.cofb.net\/2013\/05\/15\/el-farmaceutic-ha-de-demanar-el-dni-als-pacients-2\/\",\"name\":\"El farmac\u00e8utic ha de demanar el DNI als pacients? - Col\u00b7legi de Farmac\u00e8utics de Barcelona\",\"isPartOf\":{\"@id\":\"https:\/\/www.cofb.org\/#website\"},\"primaryImageOfPage\":{\"@id\":\"https:\/\/novaorg.cofb.net\/2013\/05\/15\/el-farmaceutic-ha-de-demanar-el-dni-als-pacients-2\/#primaryimage\"},\"image\":{\"@id\":\"https:\/\/novaorg.cofb.net\/2013\/05\/15\/el-farmaceutic-ha-de-demanar-el-dni-als-pacients-2\/#primaryimage\"},\"thumbnailUrl\":\"\",\"datePublished\":\"2013-05-15T09:33:35+00:00\",\"dateModified\":\"2013-05-15T09:33:35+00:00\",\"breadcrumb\":{\"@id\":\"https:\/\/novaorg.cofb.net\/2013\/05\/15\/el-farmaceutic-ha-de-demanar-el-dni-als-pacients-2\/#breadcrumb\"},\"inLanguage\":\"ca\",\"potentialAction\":[{\"@type\":\"ReadAction\",\"target\":[\"https:\/\/novaorg.cofb.net\/2013\/05\/15\/el-farmaceutic-ha-de-demanar-el-dni-als-pacients-2\/\"]}]},{\"@type\":\"ImageObject\",\"inLanguage\":\"ca\",\"@id\":\"https:\/\/novaorg.cofb.net\/2013\/05\/15\/el-farmaceutic-ha-de-demanar-el-dni-als-pacients-2\/#primaryimage\",\"url\":\"\",\"contentUrl\":\"\"},{\"@type\":\"BreadcrumbList\",\"@id\":\"https:\/\/novaorg.cofb.net\/2013\/05\/15\/el-farmaceutic-ha-de-demanar-el-dni-als-pacients-2\/#breadcrumb\",\"itemListElement\":[{\"@type\":\"ListItem\",\"position\":1,\"name\":\"Inici\",\"item\":\"https:\/\/novaorg.cofb.net\/\"},{\"@type\":\"ListItem\",\"position\":2,\"name\":\"El farmac\u00e8utic ha de demanar el DNI als pacients?\"}]},{\"@type\":\"WebSite\",\"@id\":\"https:\/\/www.cofb.org\/#website\",\"url\":\"https:\/\/www.cofb.org\/\",\"name\":\"Col\u00b7legi de Farmac\u00e8utics de Barcelona\",\"description\":\"\",\"publisher\":{\"@id\":\"https:\/\/www.cofb.org\/#organization\"},\"potentialAction\":[{\"@type\":\"SearchAction\",\"target\":{\"@type\":\"EntryPoint\",\"urlTemplate\":\"https:\/\/www.cofb.org\/?s={search_term_string}\"},\"query-input\":\"required name=search_term_string\"}],\"inLanguage\":\"ca\"},{\"@type\":\"Organization\",\"@id\":\"https:\/\/www.cofb.org\/#organization\",\"name\":\"Col\u00b7legi de Farmac\u00e8utics de Barcelona\",\"url\":\"https:\/\/www.cofb.org\/\",\"logo\":{\"@type\":\"ImageObject\",\"inLanguage\":\"ca\",\"@id\":\"https:\/\/www.cofb.org\/#\/schema\/logo\/image\/\",\"url\":\"https:\/\/www.cofb.org\/wp-content\/uploads\/2023\/11\/cropped-Logotip-COFB.png\",\"contentUrl\":\"https:\/\/www.cofb.org\/wp-content\/uploads\/2023\/11\/cropped-Logotip-COFB.png\",\"width\":500,\"height\":105,\"caption\":\"Col\u00b7legi de Farmac\u00e8utics de Barcelona\"},\"image\":{\"@id\":\"https:\/\/www.cofb.org\/#\/schema\/logo\/image\/\"},\"sameAs\":[\"https:\/\/www.facebook.com\/farmaceuticsbcn\/\",\"https:\/\/twitter.com\/farmaceuticsbcn\",\"https:\/\/www.instagram.com\/farmaceuticsbcn\/\",\"https:\/\/www.linkedin.com\/company\/farmaceuticsbcn\/\"]},{\"@type\":\"Person\",\"@id\":\"https:\/\/www.cofb.org\/#\/schema\/person\/22ed7eea88da74b0fa4d3154ad87ffcb\",\"name\":\"wpAdminCofbOrg\",\"image\":{\"@type\":\"ImageObject\",\"inLanguage\":\"ca\",\"@id\":\"https:\/\/www.cofb.org\/#\/schema\/person\/image\/\",\"url\":\"https:\/\/secure.gravatar.com\/avatar\/1721b20b3b8ca882c3b56ec6c978c594fff670e40c0718e9190eaeeb76aae7d8?s=96&d=mm&r=g\",\"contentUrl\":\"https:\/\/secure.gravatar.com\/avatar\/1721b20b3b8ca882c3b56ec6c978c594fff670e40c0718e9190eaeeb76aae7d8?s=96&d=mm&r=g\",\"caption\":\"wpAdminCofbOrg\"},\"sameAs\":[\"http:\/\/192.168.64.122\/wordpress\"],\"url\":\"https:\/\/www.cofb.org\/ca\/author\/wpadmincofborg\/\"}]}<\/script>\n<!-- \/ Yoast SEO plugin. -->","yoast_head_json":{"title":"El farmac\u00e8utic ha de demanar el DNI als pacients? - Col\u00b7legi de Farmac\u00e8utics de Barcelona","robots":{"index":"index","follow":"follow","max-snippet":"max-snippet:-1","max-image-preview":"max-image-preview:large","max-video-preview":"max-video-preview:-1"},"canonical":"https:\/\/novaorg.cofb.net\/2013\/05\/15\/el-farmaceutic-ha-de-demanar-el-dni-als-pacients-2\/","og_locale":"ca_ES","og_type":"article","og_title":"El farmac\u00e8utic ha de demanar el DNI als pacients? - Col\u00b7legi de Farmac\u00e8utics de Barcelona","og_description":"El Servei de Deontologia i el Centre d&#8217;Informaci\u00f3 del Medicament (CIM) del COFB responen El farmac\u00e8utic ha de comprovar la identitat de la persona que retira medicaments que contenen subst\u00e0ncies estupefaents\u00a0\u00a0o psicotr\u00f2piques d\u2019acord amb la normativa vigent. Per aquest motiu, el farmac\u00e8utic ha de demanar, a qui retira la medicaci\u00f3, [&hellip;]","og_url":"https:\/\/novaorg.cofb.net\/2013\/05\/15\/el-farmaceutic-ha-de-demanar-el-dni-als-pacients-2\/","og_site_name":"Col\u00b7legi de Farmac\u00e8utics de Barcelona","article_publisher":"https:\/\/www.facebook.com\/farmaceuticsbcn\/","article_published_time":"2013-05-15T09:33:35+00:00","author":"wpAdminCofbOrg","twitter_card":"summary_large_image","twitter_creator":"@farmaceuticsbcn","twitter_site":"@farmaceuticsbcn","twitter_misc":{"Escrit per":"wpAdminCofbOrg","Temps estimat de lectura":"1 minut"},"schema":{"@context":"https:\/\/schema.org","@graph":[{"@type":"Article","@id":"https:\/\/novaorg.cofb.net\/2013\/05\/15\/el-farmaceutic-ha-de-demanar-el-dni-als-pacients-2\/#article","isPartOf":{"@id":"https:\/\/novaorg.cofb.net\/2013\/05\/15\/el-farmaceutic-ha-de-demanar-el-dni-als-pacients-2\/"},"author":{"name":"wpAdminCofbOrg","@id":"https:\/\/www.cofb.org\/#\/schema\/person\/22ed7eea88da74b0fa4d3154ad87ffcb"},"headline":"El farmac\u00e8utic ha de demanar el DNI als pacients?","datePublished":"2013-05-15T09:33:35+00:00","dateModified":"2013-05-15T09:33:35+00:00","mainEntityOfPage":{"@id":"https:\/\/novaorg.cofb.net\/2013\/05\/15\/el-farmaceutic-ha-de-demanar-el-dni-als-pacients-2\/"},"wordCount":276,"commentCount":12,"publisher":{"@id":"https:\/\/www.cofb.org\/#organization"},"image":{"@id":"https:\/\/novaorg.cofb.net\/2013\/05\/15\/el-farmaceutic-ha-de-demanar-el-dni-als-pacients-2\/#primaryimage"},"thumbnailUrl":"","keywords":["Centre d'Informaci\u00f3 del Medicament","Deontologia"],"articleSection":["Not\u00edcies farm\u00e0cia"],"inLanguage":"ca","potentialAction":[{"@type":"CommentAction","name":"Comment","target":["https:\/\/novaorg.cofb.net\/2013\/05\/15\/el-farmaceutic-ha-de-demanar-el-dni-als-pacients-2\/#respond"]}]},{"@type":"WebPage","@id":"https:\/\/novaorg.cofb.net\/2013\/05\/15\/el-farmaceutic-ha-de-demanar-el-dni-als-pacients-2\/","url":"https:\/\/novaorg.cofb.net\/2013\/05\/15\/el-farmaceutic-ha-de-demanar-el-dni-als-pacients-2\/","name":"El farmac\u00e8utic ha de demanar el DNI als pacients? - Col\u00b7legi de Farmac\u00e8utics de Barcelona","isPartOf":{"@id":"https:\/\/www.cofb.org\/#website"},"primaryImageOfPage":{"@id":"https:\/\/novaorg.cofb.net\/2013\/05\/15\/el-farmaceutic-ha-de-demanar-el-dni-als-pacients-2\/#primaryimage"},"image":{"@id":"https:\/\/novaorg.cofb.net\/2013\/05\/15\/el-farmaceutic-ha-de-demanar-el-dni-als-pacients-2\/#primaryimage"},"thumbnailUrl":"","datePublished":"2013-05-15T09:33:35+00:00","dateModified":"2013-05-15T09:33:35+00:00","breadcrumb":{"@id":"https:\/\/novaorg.cofb.net\/2013\/05\/15\/el-farmaceutic-ha-de-demanar-el-dni-als-pacients-2\/#breadcrumb"},"inLanguage":"ca","potentialAction":[{"@type":"ReadAction","target":["https:\/\/novaorg.cofb.net\/2013\/05\/15\/el-farmaceutic-ha-de-demanar-el-dni-als-pacients-2\/"]}]},{"@type":"ImageObject","inLanguage":"ca","@id":"https:\/\/novaorg.cofb.net\/2013\/05\/15\/el-farmaceutic-ha-de-demanar-el-dni-als-pacients-2\/#primaryimage","url":"","contentUrl":""},{"@type":"BreadcrumbList","@id":"https:\/\/novaorg.cofb.net\/2013\/05\/15\/el-farmaceutic-ha-de-demanar-el-dni-als-pacients-2\/#breadcrumb","itemListElement":[{"@type":"ListItem","position":1,"name":"Inici","item":"https:\/\/novaorg.cofb.net\/"},{"@type":"ListItem","position":2,"name":"El farmac\u00e8utic ha de demanar el DNI als pacients?"}]},{"@type":"WebSite","@id":"https:\/\/www.cofb.org\/#website","url":"https:\/\/www.cofb.org\/","name":"Col\u00b7legi de Farmac\u00e8utics de Barcelona","description":"","publisher":{"@id":"https:\/\/www.cofb.org\/#organization"},"potentialAction":[{"@type":"SearchAction","target":{"@type":"EntryPoint","urlTemplate":"https:\/\/www.cofb.org\/?s={search_term_string}"},"query-input":"required name=search_term_string"}],"inLanguage":"ca"},{"@type":"Organization","@id":"https:\/\/www.cofb.org\/#organization","name":"Col\u00b7legi de Farmac\u00e8utics de Barcelona","url":"https:\/\/www.cofb.org\/","logo":{"@type":"ImageObject","inLanguage":"ca","@id":"https:\/\/www.cofb.org\/#\/schema\/logo\/image\/","url":"https:\/\/www.cofb.org\/wp-content\/uploads\/2023\/11\/cropped-Logotip-COFB.png","contentUrl":"https:\/\/www.cofb.org\/wp-content\/uploads\/2023\/11\/cropped-Logotip-COFB.png","width":500,"height":105,"caption":"Col\u00b7legi de Farmac\u00e8utics de Barcelona"},"image":{"@id":"https:\/\/www.cofb.org\/#\/schema\/logo\/image\/"},"sameAs":["https:\/\/www.facebook.com\/farmaceuticsbcn\/","https:\/\/twitter.com\/farmaceuticsbcn","https:\/\/www.instagram.com\/farmaceuticsbcn\/","https:\/\/www.linkedin.com\/company\/farmaceuticsbcn\/"]},{"@type":"Person","@id":"https:\/\/www.cofb.org\/#\/schema\/person\/22ed7eea88da74b0fa4d3154ad87ffcb","name":"wpAdminCofbOrg","image":{"@type":"ImageObject","inLanguage":"ca","@id":"https:\/\/www.cofb.org\/#\/schema\/person\/image\/","url":"https:\/\/secure.gravatar.com\/avatar\/1721b20b3b8ca882c3b56ec6c978c594fff670e40c0718e9190eaeeb76aae7d8?s=96&d=mm&r=g","contentUrl":"https:\/\/secure.gravatar.com\/avatar\/1721b20b3b8ca882c3b56ec6c978c594fff670e40c0718e9190eaeeb76aae7d8?s=96&d=mm&r=g","caption":"wpAdminCofbOrg"},"sameAs":["http:\/\/192.168.64.122\/wordpress"],"url":"https:\/\/www.cofb.org\/ca\/author\/wpadmincofborg\/"}]}},"uagb_featured_image_src":{"full":false,"thumbnail":false,"medium":false,"medium_large":false,"large":false,"1536x1536":false,"2048x2048":false,"trp-custom-language-flag":false},"uagb_author_info":{"display_name":"wpAdminCofbOrg","author_link":"https:\/\/www.cofb.org\/ca\/author\/wpadmincofborg\/"},"uagb_comment_info":15,"uagb_excerpt":"El Servei de Deontologia i el Centre d&#8217;Informaci\u00f3 del Medicament (CIM) del COFB responen El farmac\u00e8utic ha de comprovar la identitat de la persona que retira medicaments que contenen subst\u00e0ncies estupefaents\u00a0\u00a0o psicotr\u00f2piques d\u2019acord amb la normativa vigent. Per aquest motiu, el farmac\u00e8utic ha de demanar, a qui retira la medicaci\u00f3, [&hellip;]","_links":{"self":[{"href":"https:\/\/www.cofb.org\/ca\/wp-json\/wp\/v2\/posts\/1032","targetHints":{"allow":["GET"]}}],"collection":[{"href":"https:\/\/www.cofb.org\/ca\/wp-json\/wp\/v2\/posts"}],"about":[{"href":"https:\/\/www.cofb.org\/ca\/wp-json\/wp\/v2\/types\/post"}],"author":[{"embeddable":true,"href":"https:\/\/www.cofb.org\/ca\/wp-json\/wp\/v2\/users\/1"}],"replies":[{"embeddable":true,"href":"https:\/\/www.cofb.org\/ca\/wp-json\/wp\/v2\/comments?post=1032"}],"version-history":[{"count":0,"href":"https:\/\/www.cofb.org\/ca\/wp-json\/wp\/v2\/posts\/1032\/revisions"}],"wp:featuredmedia":[{"embeddable":true,"href":"https:\/\/www.cofb.org\/ca\/wp-json\/"}],"wp:attachment":[{"href":"https:\/\/www.cofb.org\/ca\/wp-json\/wp\/v2\/media?parent=1032"}],"wp:term":[{"taxonomy":"category","embeddable":true,"href":"https:\/\/www.cofb.org\/ca\/wp-json\/wp\/v2\/categories?post=1032"},{"taxonomy":"post_tag","embeddable":true,"href":"https:\/\/www.cofb.org\/ca\/wp-json\/wp\/v2\/tags?post=1032"}],"curies":[{"name":"wp","href":"https:\/\/api.w.org\/{rel}","templated":true}]}}